{"id":59049,"date":"2025-03-20T16:28:19","date_gmt":"2025-03-20T13:28:19","guid":{"rendered":"https:\/\/www.greenpeace.org\/finland\/?p=59049"},"modified":"2025-03-20T16:41:25","modified_gmt":"2025-03-20T13:41:25","slug":"greenpeacen-aktivistit-valtasivat-lavan-metsa-boardin-yhtiokokouksessa-luonnonmetsat-on-saatava-turvaan-nyt","status":"publish","type":"post","link":"https:\/\/www.greenpeace.org\/finland\/tiedotteet\/metsat\/greenpeacen-aktivistit-valtasivat-lavan-metsa-boardin-yhtiokokouksessa-luonnonmetsat-on-saatava-turvaan-nyt\/","title":{"rendered":"Greenpeacen aktivistit valtasivat lavan Mets\u00e4 Boardin yhti\u00f6kokouksessa: \u201cLuonnonmets\u00e4t on saatava turvaan nyt!\u201d"},"content":{"rendered":"\n<p><strong>Greenpeacen aktivistit ovat keskeytt\u00e4neet Mets\u00e4 Boardin yhti\u00f6kokouksen Finlandia-talolla useita kertoja. Aktivistit nousivat lavalle kesken toimitusjohtajan katsauksen ja vaativat yhti\u00f6lt\u00e4 selke\u00e4\u00e4 ja kattavaa linjausta, joka varmistaa, ettei sen tuotteisiin voi p\u00e4\u00e4ty\u00e4 luonnonmetsien puuta.<\/strong><\/p>\n\n<figure class=\"wp-block-image size-large\"><img loading=\"lazy\" decoding=\"async\" width=\"1024\" height=\"768\" src=\"https:\/\/www.greenpeace.org\/static\/planet4-finland-stateless\/2025\/03\/a4f33371-20250320agm-1024x768.jpg\" alt=\"\" class=\"wp-image-59057\" srcset=\"https:\/\/www.greenpeace.org\/static\/planet4-finland-stateless\/2025\/03\/a4f33371-20250320agm-1024x768.jpg 1024w, https:\/\/www.greenpeace.org\/static\/planet4-finland-stateless\/2025\/03\/a4f33371-20250320agm-300x225.jpg 300w, https:\/\/www.greenpeace.org\/static\/planet4-finland-stateless\/2025\/03\/a4f33371-20250320agm-768x576.jpg 768w, https:\/\/www.greenpeace.org\/static\/planet4-finland-stateless\/2025\/03\/a4f33371-20250320agm-1536x1152.jpg 1536w, https:\/\/www.greenpeace.org\/static\/planet4-finland-stateless\/2025\/03\/a4f33371-20250320agm-2048x1536.jpg 2048w, https:\/\/www.greenpeace.org\/static\/planet4-finland-stateless\/2025\/03\/a4f33371-20250320agm-1821x1366.jpg 1821w, https:\/\/www.greenpeace.org\/static\/planet4-finland-stateless\/2025\/03\/a4f33371-20250320agm-453x340.jpg 453w\" sizes=\"auto, (max-width: 1024px) 100vw, 1024px\" \/><figcaption class=\"wp-element-caption\">Greenpeace Nordenin aktivistit valtasivat lavan kesken Mets\u00e4 Boardin toimitusjohtajan katsauksen. Aktivistit vaativat yhti\u00f6t\u00e4 j\u00e4tt\u00e4m\u00e4\u00e4n luonnonmets\u00e4t rauhaan ja luovuttivat toimitusjohtaja Mika Joukiolle mets\u00e4yhti\u00f6iden vastuuta per\u00e4\u00e4nkuuluttavan vetoomuksen, joka sis\u00e4lsi 400 sivua allekirjoituksia.<\/figcaption><\/figure>\n\n<p>\u201cOlen t\u00e4\u00e4ll\u00e4 vaatimassa, ett\u00e4 Mets\u00e4 Board ja koko Mets\u00e4 Group -konserni j\u00e4tt\u00e4v\u00e4t vanhat mets\u00e4t ja luonnonmets\u00e4t rauhaan, sill\u00e4 Orpon hallituksen ep\u00e4onnistuneet mets\u00e4kriteerit eiv\u00e4t niit\u00e4 turvaa. Mets\u00e4teollisuus on suurin syy luontokatoon Suomessa. Mets\u00e4 Boardin on kannettava vastuunsa luonnosta ja luvattava, ettei sen tuotteisiin p\u00e4\u00e4dy puuta luonnonmetsist\u00e4\u201d, sanoo Greenpeace Nordenin aktivisti <strong>Ida Korhonen<\/strong>.<\/p>\n\n<p>Aktivistit keskeyttiv\u00e4t yhti\u00f6kokouksen toistuvasti soittamalla kaiuttimilla muun muassa linnunlaulua, sek\u00e4 n\u00e4ytt\u00e4m\u00e4ll\u00e4 banderolleja, joissa vaadittiin luonnonmetsien rauhaan j\u00e4tt\u00e4mist\u00e4. Lis\u00e4ksi aktivistit vaativat puheenvuoroissaan koko Mets\u00e4 Group -konsernilta uskottavaa, julkista sitoutumista luonnonmetsien s\u00e4\u00e4st\u00e4miseen.<\/p>\n\n<p>Orpon hallituksen t\u00e4n\u00e4\u00e4n p\u00e4\u00e4tt\u00e4m\u00e4t, tutkijoiden laajasti kritisoimat mets\u00e4kriteerit raajaavat suuren osan suojelun tarpeessa olevista vanhoista metsist\u00e4 suojelun ulkopuolelle. Hallituksen ep\u00e4onnistuneen suojelulinjauksen my\u00f6t\u00e4 vastuu luonnonmetsien s\u00e4\u00e4st\u00e4misest\u00e4 on yh\u00e4 voimakkaammin puun ostajilla eli mets\u00e4yhti\u00f6ill\u00e4. Nykyisell\u00e4\u00e4n niiden tuotteisiin voi p\u00e4\u00e4ty\u00e4 yh\u00e4 puuta suojelullisesti arvokkaista metsist\u00e4, joiden s\u00e4\u00e4styminen on luonnon monimuotoisuuden turvaamisen kannalta v\u00e4ltt\u00e4m\u00e4t\u00f6nt\u00e4.&nbsp;<\/p>\n\n<p>\u201cMets\u00e4yhti\u00f6ill\u00e4 on puheet kohdillaan, mutta ahtaalle ajettua mets\u00e4luontoa auttavat vain teot. Nyt, kun hakkuupaineet ovat korkealla, on entist\u00e4kin kiireellisemp\u00e4\u00e4 varmistaa, ett\u00e4 suojelullisesti arvokkaat mets\u00e4t s\u00e4\u00e4styv\u00e4t. Orpon hallituksen mets\u00e4kriteerit eiv\u00e4t sit\u00e4 tee, joten avainasemassa ovat mets\u00e4j\u00e4tit ja niiden omat puunhankintalinjaukset\u201d, sanoo Greenpeacen mets\u00e4asiantuntija <strong>Matti Liimatainen<\/strong>.&nbsp;&nbsp;<\/p>\n\n<p>Mets\u00e4 Group, johon Mets\u00e4 Board kuuluu, v\u00e4itt\u00e4\u00e4, ettei yhti\u00f6 hanki puuta vanhoista, luonnontilaisista tai muuten suojelunarvoisista metsist\u00e4. Silti Mets\u00e4 Group on j\u00e4\u00e4nyt kiinni hakkuusuunnitelmista, jotka kohdistuvat t\u00e4llaisiin metsiin <a href=\"https:\/\/www.greenpeace.org\/finland\/blogit\/metsat\/sallassa-hakataan-monisatavuotiaita-luonnonmetsia\/\">esimerkiksi Sallassa<\/a> [<a href=\"https:\/\/maps.greenpeace.org\/maps\/gpfi\/forest_crimes\/?id=2\">2<\/a>, <a href=\"https:\/\/maps.greenpeace.org\/maps\/gpfi\/forest_crimes\/?id=1\">3<\/a>, <a href=\"https:\/\/maps.greenpeace.org\/maps\/gpfi\/forest_crimes\/?id=8\">4<\/a>]. Tarve korjata yhti\u00f6n puunhankintakriteerej\u00e4 ja niiden toteutusta on siis ilmeinen.<\/p>\n\n<p>Greenpeacen aktivistit ovat osoittaneet t\u00e4n\u00e4\u00e4n mielt\u00e4\u00e4n my\u00f6s Finlandia-talon ulkopuolella ennen Mets\u00e4 Boardin yhti\u00f6kokouksen alkamista sek\u00e4 Stora Enson yhti\u00f6kokouspaikan edustalla Katajanokalla.&nbsp;<\/p>\n\n<p><strong>Lis\u00e4tiedot ja haastattelut:<\/strong><br><br><strong>Matti Liimatainen<\/strong> (paikalla Finlandia-talolla)<br>Mets\u00e4asiantuntija, Greenpeace<br>Puh. 0400 346 329<\/p>\n\n<p><strong>Sanni Lahtinen<\/strong> (paikalla Finlandia-talolla)<br>Tiedottaja, Greenpeace<br>Puh. 040 751 7957<br><br><a href=\"https:\/\/drive.google.com\/drive\/folders\/1HLgyRkk9CZkm-r6JDAbOc7p5JBLx_PqZ?usp=sharing\">Kuvia median k\u00e4ytt\u00f6\u00f6n p\u00e4ivittyy t\u00e4h\u00e4n Google Drive -kansioon.<\/a><br><\/p>\n\n<p><\/p>\n","protected":false},"excerpt":{"rendered":"<p>Greenpeacen aktivistit ovat keskeytt\u00e4neet Mets\u00e4 Boardin yhti\u00f6kokouksen Finlandia-talolla useita kertoja. Aktivistit nousivat lavalle kesken toimitusjohtajan katsauksen ja vaativat yhti\u00f6lt\u00e4 selke\u00e4\u00e4 ja kattavaa linjausta, joka varmistaa, ettei sen tuotteisiin voi p\u00e4\u00e4ty\u00e4&hellip;<\/p>\n","protected":false},"author":33,"featured_media":59057,"comment_status":"closed","ping_status":"closed","sticky":false,"template":"","format":"standard","meta":{"_improvement_type_select":"improve_an_existing","_thumb_yes_seoaic":false,"_frame_yes_seoaic":false,"seoaic_generate_description":"","seoaic_improve_instructions_prompt":"","seoaic_rollback_content_improvement":"","seoaic_idea_thumbnail_generator":"","thumbnail_generated":false,"thumbnail_generate_prompt":"","seoaic_article_description":"","ep_exclude_from_search":false,"seoaic_article_subtitles":[],"p4_og_title":"","p4_og_description":"","p4_og_image":"","p4_og_image_id":"","p4_seo_canonical_url":"","p4_campaign_name":"","p4_local_project":"","p4_basket_name":"","p4_department":"","footnotes":""},"categories":[3],"tags":[70,75,6],"p4-page-type":[14],"class_list":["post-59049","post","type-post","status-publish","format-standard","has-post-thumbnail","hentry","category-metsat","tag-luontokato","tag-metsateollisuus","tag-luonnonmetsa","p4-page-type-tiedotteet"],"_links":{"self":[{"href":"https:\/\/www.greenpeace.org\/finland\/wp-json\/wp\/v2\/posts\/59049","targetHints":{"allow":["GET"]}}],"collection":[{"href":"https:\/\/www.greenpeace.org\/finland\/wp-json\/wp\/v2\/posts"}],"about":[{"href":"https:\/\/www.greenpeace.org\/finland\/wp-json\/wp\/v2\/types\/post"}],"author":[{"embeddable":true,"href":"https:\/\/www.greenpeace.org\/finland\/wp-json\/wp\/v2\/users\/33"}],"replies":[{"embeddable":true,"href":"https:\/\/www.greenpeace.org\/finland\/wp-json\/wp\/v2\/comments?post=59049"}],"version-history":[{"count":3,"href":"https:\/\/www.greenpeace.org\/finland\/wp-json\/wp\/v2\/posts\/59049\/revisions"}],"predecessor-version":[{"id":59059,"href":"https:\/\/www.greenpeace.org\/finland\/wp-json\/wp\/v2\/posts\/59049\/revisions\/59059"}],"wp:featuredmedia":[{"embeddable":true,"href":"https:\/\/www.greenpeace.org\/finland\/wp-json\/wp\/v2\/media\/59057"}],"wp:attachment":[{"href":"https:\/\/www.greenpeace.org\/finland\/wp-json\/wp\/v2\/media?parent=59049"}],"wp:term":[{"taxonomy":"category","embeddable":true,"href":"https:\/\/www.greenpeace.org\/finland\/wp-json\/wp\/v2\/categories?post=59049"},{"taxonomy":"post_tag","embeddable":true,"href":"https:\/\/www.greenpeace.org\/finland\/wp-json\/wp\/v2\/tags?post=59049"},{"taxonomy":"p4-page-type","embeddable":true,"href":"https:\/\/www.greenpeace.org\/finland\/wp-json\/wp\/v2\/p4-page-type?post=59049"}],"curies":[{"name":"wp","href":"https:\/\/api.w.org\/{rel}","templated":true}]}}