{"id":59087,"date":"2025-03-28T11:10:48","date_gmt":"2025-03-28T08:10:48","guid":{"rendered":"https:\/\/www.greenpeace.org\/finland\/?p=59087"},"modified":"2025-03-28T16:29:26","modified_gmt":"2025-03-28T13:29:26","slug":"metsajatit-kuulivat-vaatimuksen-vastaukset-laihoja","status":"publish","type":"post","link":"https:\/\/www.greenpeace.org\/finland\/blogit\/metsat\/metsajatit-kuulivat-vaatimuksen-vastaukset-laihoja\/","title":{"rendered":"Mets\u00e4j\u00e4tit kuulivat vaatimuksen &#8211; vastaukset laihoja"},"content":{"rendered":"\n<p><em>Mets\u00e4yhti\u00f6iden vastuullisuuspuheista huolimatta luontokato ei ole pys\u00e4htynyt ja metsi\u00e4 on hakattu niin, ett\u00e4 ne ovat muuttuneet p\u00e4\u00e4st\u00f6l\u00e4hteeksi. Poliittisista p\u00e4\u00e4tt\u00e4jist\u00e4 ei ole apua. 20. maaliskuuta Petteri Orpon hallitus nuiji l\u00e4pi <a href=\"https:\/\/www.linkedin.com\/posts\/paloniemi_kansalliset-kriteerit-vanhoille-metsille-activity-7308827272113758209-j5m7\/?utm_source=social_share_send&amp;utm_medium=member_desktop_web&amp;rcm=ACoAAADKZcYB4_a_4PZoOkDfgJpomKIFY-w3Ny4\">p\u00e4\u00e4t\u00f6ksen, joka j\u00e4tt\u00e4\u00e4 runsaasti suojelun arvoisia vanhoja metsi\u00e4 suojelukriteerien ulkopuolelle<\/a>. P\u00e4\u00e4t\u00f6s sai tulikivenkatkuista kritiikki\u00e4 tutkijoilta jo lausuntokierroksella. Suomen ymp\u00e4rist\u00f6keskus Syke kuvasi eduskunnan kuulemisessa p\u00e4\u00e4t\u00f6st\u00e4 <\/em><a href=\"https:\/\/www.eduskunta.fi\/FI\/vaski\/JulkaisuMetatieto\/Documents\/EDK-2024-AK-33184.pdf\"><em>tieteellisen tiedon tahalliseksi v\u00e4\u00e4ristelyksi<\/em><\/a><em>.<\/em><\/p>\n\n<p>Mets\u00e4yhti\u00f6ilt\u00e4 tarvitaan nyt tekoja. Siksi veimme tukijoidemme allekirjoittaman mets\u00e4vetoomuksen kaikille kolmelle suurelle mets\u00e4yhti\u00f6ille, Mets\u00e4 Groupille Mets\u00e4 Boardin yhti\u00f6kokouksen yhteydess\u00e4 sek\u00e4 Stora Ensolle ja UPM:lle yhti\u00f6kokousten yhteydess\u00e4. Vetoomuksessa vaadittiin mets\u00e4yhti\u00f6it\u00e4 kantamaan vastuunsa. <a href=\"https:\/\/www.instagram.com\/reel\/DHbG7odNO9D\/\">Toimme \u00e4\u00e4nemme esiin my\u00f6s muilla n\u00e4kyvill\u00e4 ja kuuluvilla tavoilla<\/a>.<\/p>\n\n<figure class=\"wp-block-image size-large\"><img loading=\"lazy\" decoding=\"async\" width=\"1024\" height=\"768\" src=\"https:\/\/www.greenpeace.org\/static\/planet4-finland-stateless\/2025\/03\/a4f33371-20250320agm-1024x768.jpg\" alt=\"\" class=\"wp-image-59057\" srcset=\"https:\/\/www.greenpeace.org\/static\/planet4-finland-stateless\/2025\/03\/a4f33371-20250320agm-1024x768.jpg 1024w, https:\/\/www.greenpeace.org\/static\/planet4-finland-stateless\/2025\/03\/a4f33371-20250320agm-300x225.jpg 300w, https:\/\/www.greenpeace.org\/static\/planet4-finland-stateless\/2025\/03\/a4f33371-20250320agm-768x576.jpg 768w, https:\/\/www.greenpeace.org\/static\/planet4-finland-stateless\/2025\/03\/a4f33371-20250320agm-1536x1152.jpg 1536w, https:\/\/www.greenpeace.org\/static\/planet4-finland-stateless\/2025\/03\/a4f33371-20250320agm-2048x1536.jpg 2048w, https:\/\/www.greenpeace.org\/static\/planet4-finland-stateless\/2025\/03\/a4f33371-20250320agm-1821x1366.jpg 1821w, https:\/\/www.greenpeace.org\/static\/planet4-finland-stateless\/2025\/03\/a4f33371-20250320agm-453x340.jpg 453w\" sizes=\"auto, (max-width: 1024px) 100vw, 1024px\" \/><figcaption class=\"wp-element-caption\">Greenpeace Nordenin aktivistit valtasivat lavan kesken Mets\u00e4 Boardin toimitusjohtajan katsauksen. Aktivistit vaativat yhti\u00f6t\u00e4 j\u00e4tt\u00e4m\u00e4\u00e4n luonnonmets\u00e4t rauhaan ja luovuttivat toimitusjohtaja Mika Joukiolle mets\u00e4yhti\u00f6iden vastuuta per\u00e4\u00e4nkuuluttavan vetoomuksen, joka sis\u00e4lsi 400 sivua allekirjoituksia.<\/figcaption><\/figure>\n\n<p><strong>Mets\u00e4 Group my\u00f6nsi &#8211; Orpon kriteerit eiv\u00e4t ratkaise ongelmaa<\/strong><\/p>\n\n<p>Mets\u00e4 Boardin yhti\u00f6kokouksessa Greenpeacen aktivistit tekiv\u00e4t mielipiteens\u00e4 selv\u00e4ksi kuuluvasti keskeytt\u00e4m\u00e4ll\u00e4 kokouksen metsien \u00e4\u00e4nill\u00e4 &#8211; linnunlaululla ja moottorisahan \u00e4\u00e4nell\u00e4 &#8211; sek\u00e4 varoituksella luonnonmetsi\u00e4 uhkaavasta vaarasta. Aktivistit ottivat itse puheenvuoron nousemalla yhti\u00f6kokouksessa lavalle ja luovuttamalla vetoomuksen Mets\u00e4 Boardin toimitusjohtaja <strong>Mika Joukiolle<\/strong>.<br><br>Kokouksessa koko Mets\u00e4 Groupin p\u00e4\u00e4johtaja <strong>Ilkka H\u00e4m\u00e4l\u00e4<\/strong> joutui toteamaan, ettei valtioneuvoston p\u00e4\u00e4t\u00f6s vanhojen metsien kriteereist\u00e4 viel\u00e4 ratkaise lukossa olevaa tilannetta luonnontilaisten, luonnontilaisen kaltaisten ja vanhojen metsien suojelemiseksi. Edelleen yksitt\u00e4iset hakkuut j\u00e4\u00e4v\u00e4t kiistanalaisiksi. Vastuu luonnonmetsien ja vanhojen metsien s\u00e4ilymisest\u00e4 pysyy siis mets\u00e4yhti\u00f6ill\u00e4 suurina puun k\u00e4ytt\u00e4jin\u00e4.<\/p>\n\n<figure class=\"wp-block-image size-large\"><img loading=\"lazy\" decoding=\"async\" width=\"1024\" height=\"683\" src=\"https:\/\/www.greenpeace.org\/static\/planet4-finland-stateless\/2025\/03\/f3322f79-2025-stora-enso-pyry-kantonen002-1024x683.jpg\" alt=\"\" class=\"wp-image-59054\" srcset=\"https:\/\/www.greenpeace.org\/static\/planet4-finland-stateless\/2025\/03\/f3322f79-2025-stora-enso-pyry-kantonen002-1024x683.jpg 1024w, https:\/\/www.greenpeace.org\/static\/planet4-finland-stateless\/2025\/03\/f3322f79-2025-stora-enso-pyry-kantonen002-300x200.jpg 300w, https:\/\/www.greenpeace.org\/static\/planet4-finland-stateless\/2025\/03\/f3322f79-2025-stora-enso-pyry-kantonen002-768x512.jpg 768w, https:\/\/www.greenpeace.org\/static\/planet4-finland-stateless\/2025\/03\/f3322f79-2025-stora-enso-pyry-kantonen002-1536x1024.jpg 1536w, https:\/\/www.greenpeace.org\/static\/planet4-finland-stateless\/2025\/03\/f3322f79-2025-stora-enso-pyry-kantonen002-2048x1366.jpg 2048w, https:\/\/www.greenpeace.org\/static\/planet4-finland-stateless\/2025\/03\/f3322f79-2025-stora-enso-pyry-kantonen002-510x340.jpg 510w\" sizes=\"auto, (max-width: 1024px) 100vw, 1024px\" \/><figcaption class=\"wp-element-caption\">Pahvilaatikot sis\u00e4\u00e4nk\u00e4ynnin edess\u00e4 muistuttavat, ett\u00e4 Orpon hallituksen ep\u00e4onnistuneen suojelulinjauksen my\u00f6t\u00e4 todistusvastuu luonnonmetsien s\u00e4\u00e4st\u00e4misest\u00e4 on nyt mets\u00e4yhti\u00f6ill\u00e4. Ilman yhti\u00f6iden omia, uskottavia ja l\u00e4pin\u00e4kyvi\u00e4 linjauksia luonnonmetsien s\u00e4\u00e4st\u00e4misest\u00e4 suomalaisten tuotteiden yll\u00e4 leijuu nyt ep\u00e4ilys: \u201cSaattaa sis\u00e4lt\u00e4\u00e4 luonnonmets\u00e4\u00e4.\u201d<\/figcaption><\/figure>\n\n<p><strong>Stora Ensolta ei lupausta kuultu<\/strong><\/p>\n\n<p>Stora Enson toimitusjohtaja <strong>Hans Sohlstr\u00f6m<\/strong> vetosi lainmukaisuuteen ja yhti\u00f6n omiin toimiin luonnontilaisten, luonnontilaisen kaltaisten ja vanhojen metsien s\u00e4\u00e4st\u00e4miseksi. Yhti\u00f6n toimet eiv\u00e4t kuitenkaan ole pys\u00e4ytt\u00e4neet luontokatoa esimerkiksi sopimustoimittaja <a href=\"https:\/\/www.greenpeace.org\/finland\/metsat\/suomen-metsat\/metsateollisuuden-arkipaivaa\/\">Tornatorin metsiss\u00e4<\/a>. Greenpeace teki yhti\u00f6kokoukselle <a href=\"https:\/\/www.greenpeace.org\/static\/planet4-finland-stateless\/2025\/03\/c459229d-stora-enso-yhtiokokousaloite-2025-01-15.pdf\">aloitteen<\/a>, jonka mukaan yhti\u00f6n hallitus olisi velvoitettu yhdess\u00e4 tutkijoiden kanssa luomaan ekologisesti kest\u00e4v\u00e4t puunhankinnan kriteerit. Aloitetta ei otettu yhti\u00f6kokouksen asialistalle.<\/p>\n\n<p>Laillisuuteen vetoaminen on my\u00f6s ontuva selitys &#8211; varsinkin kun juuri yhti\u00f6kokousp\u00e4iv\u00e4n\u00e4 hallitus hyv\u00e4ksyi puhtaasti poliittiset vanhojen metsien kriteerit. Kehotimmekin toimitusjohtajaa k\u00e4ytt\u00e4m\u00e4\u00e4n p\u00e4\u00e4t\u00f6kseen turhautuneiden tutkijoiden apua kest\u00e4vien puunhankintakriteerien laatimiseksi. Stora Ensollekin viimeisten suomalaisten suojelemattomien luonnonmetsien ja vanhojen metsien suojeleminen on helppo askel kohti todellista kest\u00e4vyytt\u00e4 niin Suomessa kuin muualla maailmassa. Stora Enso on maailman suurimpia yksityisi\u00e4 mets\u00e4nomistajia, jolla on my\u00f6s Ruotsissa merkitt\u00e4v\u00e4 mets\u00e4omaisuus. Lupausta uusista toimista luonnonmetsien suojelemiseksi emme saaneet. Toimitusjohtaja vakuutti kuulleensa huolemme ja perehtyv\u00e4ns\u00e4 hallituksen kriteerip\u00e4\u00e4t\u00f6kseen.<\/p>\n\n<figure class=\"wp-block-image size-large\"><img loading=\"lazy\" decoding=\"async\" width=\"1024\" height=\"768\" src=\"https:\/\/www.greenpeace.org\/static\/planet4-finland-stateless\/2025\/03\/20250327-UPM-1024x768.jpg\" alt=\"\" class=\"wp-image-59086\" srcset=\"https:\/\/www.greenpeace.org\/static\/planet4-finland-stateless\/2025\/03\/20250327-UPM-1024x768.jpg 1024w, https:\/\/www.greenpeace.org\/static\/planet4-finland-stateless\/2025\/03\/20250327-UPM-300x225.jpg 300w, https:\/\/www.greenpeace.org\/static\/planet4-finland-stateless\/2025\/03\/20250327-UPM-768x576.jpg 768w, https:\/\/www.greenpeace.org\/static\/planet4-finland-stateless\/2025\/03\/20250327-UPM-1536x1152.jpg 1536w, https:\/\/www.greenpeace.org\/static\/planet4-finland-stateless\/2025\/03\/20250327-UPM-2048x1536.jpg 2048w, https:\/\/www.greenpeace.org\/static\/planet4-finland-stateless\/2025\/03\/20250327-UPM-1821x1366.jpg 1821w, https:\/\/www.greenpeace.org\/static\/planet4-finland-stateless\/2025\/03\/20250327-UPM-453x340.jpg 453w\" sizes=\"auto, (max-width: 1024px) 100vw, 1024px\" \/><figcaption class=\"wp-element-caption\">Greenpeacen ilmastoasiantuntija Kaisa Kosonen ja apulaismaajohtaja Juha Aromaa luovuttivat mets\u00e4vetoomuksen UPM:n toimitusjohtaja Massimo Reynaudolle.<\/figcaption><\/figure>\n\n<p><strong>UPM kuunteli, mutta\u2026<\/strong><br><br>UPM:n toimitusjohtaja <strong>Massimo Reynaudolle <\/strong>nostimme esiin vetoomuksen allekirjoituksen vaatimuksen luonnonmetsien suojelemisesta. Keskusteluyhteydest\u00e4 huolimatta UPM ei ole avannut puunhankintansa kriteerej\u00e4, jotta voisimme olla varmoja, ettei luonnonmetsien tai vanhojen metsien puuta p\u00e4\u00e4dy UPM:n tuotteisiin. Muistutimme my\u00f6s, ettei sertifiointi ole kaiken pelastava ratkaisu, sill\u00e4 my\u00f6s UPM on toistuvasti j\u00e4\u00e4nyt kiinni <a href=\"https:\/\/www.itahame.fi\/uutissuomalainen\/7995685\">sertifikaattirikkeist\u00e4<\/a>. Reynaudo lupasi olevansa valmis keskustelemaan lis\u00e4\u00e4 vetoomuksen&nbsp; allekirjoittaneiden nostamista vaatimuksista.<\/p>\n\n<p><strong>Painetta asiakkailta ja rahoittajilta<\/strong><\/p>\n\n<p>Suomen kolme suurta mets\u00e4yhti\u00f6t\u00e4 ovat paljon vartijoita. Siksi niiden pit\u00e4\u00e4 kantaa vastuunsa luonnonmetsien suojelemisesta. Sit\u00e4 vaativat my\u00f6s EU:n s\u00e4\u00e4d\u00f6kset ja biodiversiteettistrategia. 19. maaliskuuta julkistetun <a href=\"https:\/\/koneensaatio.fi\/uutiset\/raportti-metsayhtioilla-on-puutteelliset-valmiudet-toimia-eun-luontotavoitteiden-saavuttamiseksi\/\">Koneen s\u00e4\u00e4ti\u00f6n tilaaman selvityksen<\/a> mukaan yksik\u00e4\u00e4n kolmesta suuresta mets\u00e4yhti\u00f6st\u00e4 ei ollut puolitiet\u00e4 pidemm\u00e4ll\u00e4 valmistautumisessa EU:n s\u00e4\u00e4ntelyyn.<\/p>\n\n<p>Sivuhuomiona voi todeta, ett\u00e4 Eurobarometerin mukaan 74 prosenttia EU:n kansalaisista pit\u00e4\u00e4 EU:ta hy\u00f6dyllisen\u00e4 kotimaalleen. N\u00e4m\u00e4 ovat mets\u00e4teollisuuden asiakkaita. Mets\u00e4yhti\u00f6iden on hyv\u00e4 ymm\u00e4rt\u00e4\u00e4, ett\u00e4 heill\u00e4kin on vartijansa: asiakkaat ja rahoittajat.<\/p>\n","protected":false},"excerpt":{"rendered":"<p>Mets\u00e4yhti\u00f6iden vastuullisuuspuheista huolimatta luontokato ei ole pys\u00e4htynyt ja metsi\u00e4 on hakattu niin, ett\u00e4 ne ovat muuttuneet p\u00e4\u00e4st\u00f6l\u00e4hteeksi.<\/p>\n","protected":false},"author":25,"featured_media":59051,"comment_status":"closed","ping_status":"closed","sticky":false,"template":"","format":"standard","meta":{"_improvement_type_select":"improve_an_existing","_thumb_yes_seoaic":false,"_frame_yes_seoaic":false,"seoaic_generate_description":"","seoaic_improve_instructions_prompt":"","seoaic_rollback_content_improvement":"","seoaic_idea_thumbnail_generator":"","thumbnail_generated":false,"thumbnail_generate_prompt":"","seoaic_article_description":"","ep_exclude_from_search":false,"seoaic_article_subtitles":[],"p4_og_title":"","p4_og_description":"","p4_og_image":"","p4_og_image_id":"","p4_seo_canonical_url":"","p4_campaign_name":"","p4_local_project":"","p4_basket_name":"","p4_department":"","footnotes":""},"categories":[3],"tags":[6,70,75,71],"p4-page-type":[16],"class_list":["post-59087","post","type-post","status-publish","format-standard","has-post-thumbnail","hentry","category-metsat","tag-luonnonmetsa","tag-luontokato","tag-metsateollisuus","tag-suojellaanmetsat","p4-page-type-blogit"],"_links":{"self":[{"href":"https:\/\/www.greenpeace.org\/finland\/wp-json\/wp\/v2\/posts\/59087","targetHints":{"allow":["GET"]}}],"collection":[{"href":"https:\/\/www.greenpeace.org\/finland\/wp-json\/wp\/v2\/posts"}],"about":[{"href":"https:\/\/www.greenpeace.org\/finland\/wp-json\/wp\/v2\/types\/post"}],"author":[{"embeddable":true,"href":"https:\/\/www.greenpeace.org\/finland\/wp-json\/wp\/v2\/users\/25"}],"replies":[{"embeddable":true,"href":"https:\/\/www.greenpeace.org\/finland\/wp-json\/wp\/v2\/comments?post=59087"}],"version-history":[{"count":4,"href":"https:\/\/www.greenpeace.org\/finland\/wp-json\/wp\/v2\/posts\/59087\/revisions"}],"predecessor-version":[{"id":59091,"href":"https:\/\/www.greenpeace.org\/finland\/wp-json\/wp\/v2\/posts\/59087\/revisions\/59091"}],"wp:featuredmedia":[{"embeddable":true,"href":"https:\/\/www.greenpeace.org\/finland\/wp-json\/wp\/v2\/media\/59051"}],"wp:attachment":[{"href":"https:\/\/www.greenpeace.org\/finland\/wp-json\/wp\/v2\/media?parent=59087"}],"wp:term":[{"taxonomy":"category","embeddable":true,"href":"https:\/\/www.greenpeace.org\/finland\/wp-json\/wp\/v2\/categories?post=59087"},{"taxonomy":"post_tag","embeddable":true,"href":"https:\/\/www.greenpeace.org\/finland\/wp-json\/wp\/v2\/tags?post=59087"},{"taxonomy":"p4-page-type","embeddable":true,"href":"https:\/\/www.greenpeace.org\/finland\/wp-json\/wp\/v2\/p4-page-type?post=59087"}],"curies":[{"name":"wp","href":"https:\/\/api.w.org\/{rel}","templated":true}]}}