{"id":59217,"date":"2025-05-19T09:48:05","date_gmt":"2025-05-19T06:48:05","guid":{"rendered":"https:\/\/www.greenpeace.org\/finland\/?p=59217"},"modified":"2025-07-02T10:16:30","modified_gmt":"2025-07-02T07:16:30","slug":"mihin-panostimme-yhdessa-lahjoitusten-vaikutus-vuonna-2024","status":"publish","type":"post","link":"https:\/\/www.greenpeace.org\/finland\/blogit\/greenpeace\/mihin-panostimme-yhdessa-lahjoitusten-vaikutus-vuonna-2024\/","title":{"rendered":"Mihin panostimme yhdess\u00e4? Lahjoitusten vaikutus vuonna 2024"},"content":{"rendered":"\n<p><strong>Greenpeacea tukee Pohjoismaissa yli 100 000 ymp\u00e4rist\u00f6nsuojelijaa. Heid\u00e4n tukensa on vaikuttanut siihen, ett\u00e4 uskomattomat elinymp\u00e4rist\u00f6t ja lajit ymp\u00e4ri maailmaa ovat pelastuneet h\u00e4vitykselt\u00e4. Syd\u00e4mellinen kiitos kaikille teille, jotka suojelette rakasta planeettaamme.<\/strong><\/p>\n\n<figure class=\"wp-block-image size-large\"><img decoding=\"async\" src=\"https:\/\/www.greenpeace.org\/static\/planet4-sweden-stateless\/2025\/05\/91e4adde-gp0stznhb-1024x683.jpg\" alt=\"\" class=\"wp-image-63236\"\/><\/figure>\n\n<h2 class=\"wp-block-heading\">Mist\u00e4 Greenpeace saa rahoituksensa?<\/h2>\n\n<figure class=\"wp-block-image size-full\"><img loading=\"lazy\" decoding=\"async\" width=\"1024\" height=\"768\" src=\"https:\/\/www.greenpeace.org\/static\/planet4-finland-stateless\/2025\/05\/93ac2c43-greenpeace-nordic-income-diagram-2024.png\" alt=\"\" class=\"wp-image-59466\" srcset=\"https:\/\/www.greenpeace.org\/static\/planet4-finland-stateless\/2025\/05\/93ac2c43-greenpeace-nordic-income-diagram-2024.png 1024w, https:\/\/www.greenpeace.org\/static\/planet4-finland-stateless\/2025\/05\/93ac2c43-greenpeace-nordic-income-diagram-2024-300x225.png 300w, https:\/\/www.greenpeace.org\/static\/planet4-finland-stateless\/2025\/05\/93ac2c43-greenpeace-nordic-income-diagram-2024-768x576.png 768w, https:\/\/www.greenpeace.org\/static\/planet4-finland-stateless\/2025\/05\/93ac2c43-greenpeace-nordic-income-diagram-2024-453x340.png 453w\" sizes=\"auto, (max-width: 1024px) 100vw, 1024px\" \/><\/figure>\n\n<p>Valtaosa Greenpeacen tuloista tulee yksityishenkil\u00f6ilt\u00e4: vuonna 2024 yksityishenkil\u00f6iden lahjoitusten osuus oli 75 prosenttia. T\u00e4m\u00e4 on huomattavasti suurempi osuus kuin monilla muilla j\u00e4rjest\u00f6ill\u00e4, ja se korostaa yht\u00e4 asiaa: Greenpeace\u00e4 ei olisi olemassa ilman tavallisten, v\u00e4litt\u00e4vien ihmisten tukea. Voimme puolustaa luontoa vain, koska ihmiset eri puolilla maailmaa uskovat vihre\u00e4mp\u00e4\u00e4n ja oikeudenmukaisempaan tulevaisuuteen, ja p\u00e4\u00e4tt\u00e4v\u00e4t toimia sen puolesta.<\/p>\n\n<p>Emme ota vastaan tukea hallituksilta tai yrityksilt\u00e4, koska riippumattomuutemme on ratkaisevan t\u00e4rke\u00e4\u00e4. Vain ilman poliittisia ja taloudellisia sidoksia voimme tehokkaasti vaatia vastuuta p\u00e4\u00e4tt\u00e4jilt\u00e4 ja yrityksilt\u00e4.<\/p>\n\n<p>Yksi erityinen tukimuoto koskettaa meit\u00e4 syv\u00e4sti: yh\u00e4 useammat ihmiset p\u00e4\u00e4tt\u00e4v\u00e4t j\u00e4tt\u00e4\u00e4 osan perinn\u00f6st\u00e4\u00e4n luonnon ja ilmaston hyv\u00e4ksi. Vuonna 2024 perinn\u00f6n osuus tuloistamme oli 2 prosenttia. Testmenttilahjoitus on lahja tulevaisuudelle \u2013 ja suuri luottamuksen osoitus.<\/p>\n\n<h2 class=\"wp-block-heading\">Kuinka Greenpeace k\u00e4ytti rahoituksen?<\/h2>\n\n<figure class=\"wp-block-image size-full\"><img loading=\"lazy\" decoding=\"async\" width=\"1024\" height=\"768\" src=\"https:\/\/www.greenpeace.org\/static\/planet4-finland-stateless\/2025\/05\/c1fbd64e-greenpeace-nordic-expenditure-diagram-2024.png\" alt=\"\" class=\"wp-image-59465\" srcset=\"https:\/\/www.greenpeace.org\/static\/planet4-finland-stateless\/2025\/05\/c1fbd64e-greenpeace-nordic-expenditure-diagram-2024.png 1024w, https:\/\/www.greenpeace.org\/static\/planet4-finland-stateless\/2025\/05\/c1fbd64e-greenpeace-nordic-expenditure-diagram-2024-300x225.png 300w, https:\/\/www.greenpeace.org\/static\/planet4-finland-stateless\/2025\/05\/c1fbd64e-greenpeace-nordic-expenditure-diagram-2024-768x576.png 768w, https:\/\/www.greenpeace.org\/static\/planet4-finland-stateless\/2025\/05\/c1fbd64e-greenpeace-nordic-expenditure-diagram-2024-453x340.png 453w\" sizes=\"auto, (max-width: 1024px) 100vw, 1024px\" \/><\/figure>\n\n<p>Vuonna 2024 Greenpeace ty\u00f6skenteli kest\u00e4v\u00e4mm\u00e4n maatalouden, ikimetsien ja hauraiden meriekosysteemien puolesta. Teimme tutkimusta merell\u00e4 ja saimme aikaan massiivista julkista painostusta syv\u00e4nmeren kaivostoimintaa vastaan. Saavutimme my\u00f6s valtavan voiton oikeustaistelussa Norjan \u00f6ljy\u00e4 vastaan.<\/p>\n\n<p><strong>Alta voit lukea t\u00e4rkeimmist\u00e4 projekteista, joihin keskityimme ja k\u00e4ytimme rahaa vuonna 2024.<\/strong><\/p>\n\n<h3 class=\"wp-block-heading\">SUOJELIMME YHDESS\u00c4 ARKTISTA MERENPOHJAA \u2013 MERET 7 %<\/h3>\n\n<figure class=\"wp-block-image size-large is-style-default\"><img decoding=\"async\" src=\"https:\/\/www.greenpeace.org\/static\/planet4-sweden-stateless\/2024\/12\/cf81a2f7-gp0su1y0w-1024x683.jpg\" alt=\"\" class=\"wp-image-61912\"\/><\/figure>\n\n<p>Viime vuonna lahjoittajiemme tuki turvasi arktisen alueen valaiden elint\u00e4rke\u00e4n tutkimuksen. Niin tutkimustulokset kuin mielenosoituksetkin auttoivat painostamaan Norjan valtiota j\u00e4\u00e4dytt\u00e4m\u00e4\u00e4n suunnitelmansa aloittaa syv\u00e4nmeren kaivostoiminta. Norjan hallitus lupasi olla my\u00f6nt\u00e4m\u00e4tt\u00e4 kaivuulupia ennen seuraavia vaaleja. T\u00e4m\u00e4 on hyv\u00e4 uutinen meriymp\u00e4rist\u00f6n, valaiden ja muiden arktisen alueen ainutlaatuisten lajien kannalta. Jatkamme tietysti ty\u00f6t\u00e4 sen varmistamiseksi, ett\u00e4 kaivuusuunnitelmista luovutaan kokonaan.<\/p>\n\n<h3 class=\"wp-block-heading\">VAADIMME KEST\u00c4V\u00c4\u00c4 MAATALOUTTA \u2013 MAATALOUS 30 %<\/h3>\n\n<figure class=\"wp-block-image size-large\"><img decoding=\"async\" src=\"https:\/\/www.greenpeace.org\/static\/planet4-sweden-stateless\/2024\/09\/c769b7ba-betesratt_greenpeace_jana_eriksson_2024-1746-1024x683.jpg\" alt=\"\" class=\"wp-image-61116\"\/><\/figure>\n\n<p>Tanskassa toimme esiin maatalouden p\u00e4\u00e4st\u00f6jen tuhoisan vaikutuksen vesist\u00f6ihin, kun pidimme hautajaiset Vejlen vuonon vesist\u00f6lle. Tapaus her\u00e4tti median huomion ja sai poliitikot puuttumaan asiaan. Nyt p\u00e4\u00e4tt\u00e4j\u00e4t ovat tehneet suunnitelman el\u00e4m\u00e4n suojelemiseksi Tanskan j\u00e4rviss\u00e4, vuonoissa ja meriss\u00e4.<\/p>\n\n<p>Ruotsissa kartoitimme, mit\u00e4 kunnat tekev\u00e4t v\u00e4hent\u00e4\u00e4kseen kouluissa ja vanhustenhuollossa tarjottavan ruoan hiilijalanj\u00e4lke\u00e4. Valtion virastot kiinnostuivat t\u00e4st\u00e4 ainutlaatuisesta Tutkimuksesta.<\/p>\n\n<p>Suomessa kampanjoimme el\u00e4inper\u00e4isten tuotteiden puolittamisen puolesta kuntaruokailussa, kuten kouluissa. Pelk\u00e4st\u00e4\u00e4n v\u00e4hent\u00e4m\u00e4ll\u00e4 liharuokaa kunnat voisivat v\u00e4hent\u00e4\u00e4 p\u00e4\u00e4st\u00f6j\u00e4, parantaa ihmisten terveytt\u00e4 ja s\u00e4\u00e4st\u00e4\u00e4 jopa satojatuhansia euroja.<\/p>\n\n<h3 class=\"wp-block-heading\">PALJASTIMME ARVOKKAIDEN METSIEN TUHOUTUMISEN \u2013 METS\u00c4T 6%<\/h3>\n\n<figure class=\"wp-block-image\"><img decoding=\"async\" src=\"https:\/\/www.greenpeace.org\/static\/planet4-sweden-stateless\/2025\/05\/19a8f62a-gp0stt1qa.jpg\" alt=\"\" class=\"wp-image-63217\"\/><\/figure>\n\n<p>Paljastimme, ett\u00e4 arvokkaista vanhoista metsist\u00e4 per\u00e4isin olevaa puuta k\u00e4ytet\u00e4\u00e4n kertak\u00e4ytt\u00f6isiin paperituotteisiin ja pahvilaatikoihin. Greenpeace teki kentt\u00e4tutkimusta ja seurasi tukkien matkaa Ruotsin metsist\u00e4 aina Amazonin ja Zalandon kaltaisille tunnetuille tuotemerkeille asti. Julkaisimme sen j\u00e4lkeen tutkimustulokset sis\u00e4lt\u00e4v\u00e4n raportin, jonka jaoimme yrityksille kannustaaksemme heit\u00e4 muuttamaan k\u00e4yt\u00e4nt\u00f6j\u00e4\u00e4n. Ruotsissa, kuten Suomessakin, metsien tuhoaminen uhkaa luonnon monimuotoisuutta, ilmastoa sek\u00e4 saamelaisten, Euroopan ainoan tunnustetun alkuper\u00e4iskansan, oikeuksia.<\/p>\n\n<h3 class=\"wp-block-heading\">EDISTIMME ILMASTO-OIKEUDENMUKAISUUTTA \u2013 ILMASTO JA ENERGIA 4%<\/h3>\n\n<figure class=\"wp-block-image size-large\"><img decoding=\"async\" src=\"https:\/\/www.greenpeace.org\/static\/planet4-sweden-stateless\/2025\/05\/511e0dfd-gp0su1p43-1024x661.jpg\" alt=\"\" class=\"wp-image-63206\"\/><\/figure>\n\n<p>Ilmastokriisi tulee maailmalle kalliiksi, mutta kuka siit\u00e4 lopulta maksaa? Greenpeacen mielest\u00e4 vastuu on saastuttajilla. Kun \u00f6ljy-yhti\u00f6t vuonna 2024 ilmoittivat voitoistaan, j\u00e4rjestimme mielenosoituksen, jossa vertasimme rikkaita, hymyilevi\u00e4 toimitusjohtajia ja niit\u00e4 ihmisi\u00e4, jotka ovat menett\u00e4neet kaiken hirmumyrskyjen takia. Norjassa toimme Equinorin toimitusjohtajalle Brasilian tulvasta per\u00e4isin olevia rikkin\u00e4isi\u00e4 leluja. N\u00e4in \u00f6ljy-yhti\u00f6iden voittojen todellinen hinta tulee esiin.<\/p>\n\n<h3 class=\"wp-block-heading\">SAAVUTIMME VOITON NORJAN \u00d6LJY\u00c4 VASTAAN \u2013 \u00d6LJY JA KAASU 22%<\/h3>\n\n<figure class=\"wp-block-image\"><img decoding=\"async\" src=\"https:\/\/www.greenpeace.org\/static\/planet4-sweden-stateless\/2025\/05\/f04905f6-gp049id.jpg\" alt=\"\" class=\"wp-image-63219\"\/><\/figure>\n\n<p>Voitimme Norjan valtiota vastaan k\u00e4ydyn ilmasto-oikeudenk\u00e4ynnin: Oslon k\u00e4r\u00e4j\u00e4oikeus totesi kolme \u00f6ljykentt\u00e4\u00e4 laittomiksi, ja t\u00e4m\u00e4n my\u00f6t\u00e4 suuri m\u00e4\u00e4r\u00e4 \u00f6ljyntuotannosta aiheutuvaa hiilidioksidia j\u00e4\u00e4 maahan. Vaikka valtio valitti p\u00e4\u00e4t\u00f6ksest\u00e4, nyt huhtikuussa korkein oikeus p\u00e4\u00e4tti, ett\u00e4 \u00f6ljykent\u00e4t pysyv\u00e4t suljettuina kunnes valitusprosessi on loppuunk\u00e4sitelty. Taistelu jatkuu, mutta t\u00e4m\u00e4 t\u00e4rke\u00e4 osavoitto osoittaa, ett\u00e4 \u00f6ljyteollisuus ei ole lain yl\u00e4puolella!<\/p>\n\n<h3 class=\"wp-block-heading\">KOORDINOIMME MAAILMAA MUUTTAVIA HANKKEITA \u2013 HALLINTO 2 %<\/h3>\n\n<figure class=\"wp-block-image size-large\"><img decoding=\"async\" src=\"https:\/\/www.greenpeace.org\/static\/planet4-sweden-stateless\/2025\/05\/52f307ac-gp0su131f-1024x683.jpg\" alt=\"\" class=\"wp-image-63209\"\/><\/figure>\n\n<p>Greenpeacell\u00e4 on monia vapaaehtoisia ja aktivisteja sek\u00e4 maailmanlaajuisia, alueellisia, kansallisia ja paikallisia hankkeita. K\u00e4yt\u00e4mme pienen osan tuloistamme monien hankkeiden koordinointiin ja hyv\u00e4n hallinnon varmistamiseen.<\/p>\n\n<p><\/p>\n\n<h3 class=\"wp-block-heading\">AUTOIMME NUORIA TARTTUMAAN TOIMEEN \u2013 LIIKKEEN KASVATTAMINEN 9 %<\/h3>\n\n<figure class=\"wp-block-image\"><img decoding=\"async\" src=\"https:\/\/www.greenpeace.org\/static\/planet4-sweden-stateless\/2025\/05\/c25cf4e1-gp0su34m0.jpg\" alt=\"\" class=\"wp-image-63214\"\/><\/figure>\n\n<p>Ymp\u00e4rist\u00f6liike kasvaa ja vahvistuu. Greenpeace on kouluttanut tuhansia nuoria ymp\u00e4ri maailmaa rauhanomaiseen kansalaistottelemattomuuteen ja kampanjointiin.<\/p>\n\n<h3 class=\"wp-block-heading\">SAIMME LIS\u00c4\u00c4 IHMISI\u00c4 MUKAAN \u2013 VARAINHANKINTA JA VIESTINT\u00c4 20 %<\/h3>\n\n<figure class=\"wp-block-image size-full\"><img decoding=\"async\" src=\"https:\/\/www.greenpeace.org\/static\/planet4-sweden-stateless\/2023\/12\/a1a00def-rasmusstills_001-1024x726-1.jpg\" alt=\"\" class=\"wp-image-58660\"\/><\/figure>\n\n<p>Jokaista viestint\u00e4\u00e4n ja varainhankintaan sijoittamaamme euroa kohden saamme nelj\u00e4 euroa takaisin. Greenpeace panostaa tietoisuuden levitt\u00e4miseen ja lis\u00e4\u00e4miseen ilmasto- ja monimuotoisuuskysymyksiss\u00e4 sek\u00e4 pyrkii saamaan yh\u00e4 useammat ihmiset mukaan suojelemaan arvokasta planeettaamme.<\/p>\n","protected":false},"excerpt":{"rendered":"<p>Greenpeacea tukee Pohjoismaissa yli 100 000 ymp\u00e4rist\u00f6nsuojelijaa. Heid\u00e4n tukensa on vaikuttanut siihen, ett\u00e4 uskomattomat elinymp\u00e4rist\u00f6t ja lajit ymp\u00e4ri maailmaa ovat pelastuneet h\u00e4vitykselt\u00e4. Syd\u00e4mellinen kiitos kaikille teille, jotka suojelette rakasta planeettaamme.<\/p>\n","protected":false},"author":61,"featured_media":56259,"comment_status":"closed","ping_status":"closed","sticky":false,"template":"","format":"standard","meta":{"_improvement_type_select":"improve_an_existing","_thumb_yes_seoaic":false,"_frame_yes_seoaic":false,"seoaic_generate_description":"","seoaic_improve_instructions_prompt":"","seoaic_rollback_content_improvement":"","seoaic_idea_thumbnail_generator":"","thumbnail_generated":false,"thumbnail_generate_prompt":"","seoaic_article_description":"","ep_exclude_from_search":false,"seoaic_article_subtitles":[],"p4_og_title":"","p4_og_description":"","p4_og_image":"","p4_og_image_id":"","p4_seo_canonical_url":"","p4_campaign_name":"","p4_local_project":"","p4_basket_name":"","p4_department":"","footnotes":""},"categories":[31],"tags":[61,25,71,13,82,58],"p4-page-type":[16],"class_list":["post-59217","post","type-post","status-publish","format-standard","has-post-thumbnail","hentry","category-greenpeace","tag-fossiiliset","tag-suojellaanmeret","tag-suojellaanmetsat","tag-tietoameista","tag-voitto","tag-ilmastokriisinsyyt","p4-page-type-blogit"],"_links":{"self":[{"href":"https:\/\/www.greenpeace.org\/finland\/wp-json\/wp\/v2\/posts\/59217","targetHints":{"allow":["GET"]}}],"collection":[{"href":"https:\/\/www.greenpeace.org\/finland\/wp-json\/wp\/v2\/posts"}],"about":[{"href":"https:\/\/www.greenpeace.org\/finland\/wp-json\/wp\/v2\/types\/post"}],"author":[{"embeddable":true,"href":"https:\/\/www.greenpeace.org\/finland\/wp-json\/wp\/v2\/users\/61"}],"replies":[{"embeddable":true,"href":"https:\/\/www.greenpeace.org\/finland\/wp-json\/wp\/v2\/comments?post=59217"}],"version-history":[{"count":7,"href":"https:\/\/www.greenpeace.org\/finland\/wp-json\/wp\/v2\/posts\/59217\/revisions"}],"predecessor-version":[{"id":60122,"href":"https:\/\/www.greenpeace.org\/finland\/wp-json\/wp\/v2\/posts\/59217\/revisions\/60122"}],"wp:featuredmedia":[{"embeddable":true,"href":"https:\/\/www.greenpeace.org\/finland\/wp-json\/wp\/v2\/media\/56259"}],"wp:attachment":[{"href":"https:\/\/www.greenpeace.org\/finland\/wp-json\/wp\/v2\/media?parent=59217"}],"wp:term":[{"taxonomy":"category","embeddable":true,"href":"https:\/\/www.greenpeace.org\/finland\/wp-json\/wp\/v2\/categories?post=59217"},{"taxonomy":"post_tag","embeddable":true,"href":"https:\/\/www.greenpeace.org\/finland\/wp-json\/wp\/v2\/tags?post=59217"},{"taxonomy":"p4-page-type","embeddable":true,"href":"https:\/\/www.greenpeace.org\/finland\/wp-json\/wp\/v2\/p4-page-type?post=59217"}],"curies":[{"name":"wp","href":"https:\/\/api.w.org\/{rel}","templated":true}]}}