{"id":5938,"date":"2020-10-20T14:28:57","date_gmt":"2020-10-20T11:28:57","guid":{"rendered":"https:\/\/www.greenpeace.org\/finland\/?p=5938"},"modified":"2022-11-28T17:33:55","modified_gmt":"2022-11-28T14:33:55","slug":"kaksi-vuotta-ilmastomarssista-mika-muuttui","status":"publish","type":"post","link":"https:\/\/www.greenpeace.org\/finland\/blogit\/ilmastonmuutos\/kaksi-vuotta-ilmastomarssista-mika-muuttui\/","title":{"rendered":"Kaksi vuotta ilmastomarssista &#8211; mik\u00e4 muuttui?"},"content":{"rendered":"\n<p><em>&#8211; Se Greta ja sen faija on tulossa toimistolle aamup\u00e4iv\u00e4ll\u00e4 ennen marssia. Ehtisit s\u00e4 Kaisa tulla p\u00e4ivitt\u00e4m\u00e4\u00e4n Suomen ilmastopolitiikasta?<\/em><\/p>\n\n<p><em>&#8211; \u00c4\u00e4h.. Sori, en m\u00e4 kyll\u00e4 oikein ehtis. Voisit s\u00e4?<\/em><\/p>\n\n<p><strong>Olisin voinut tavata Greta Thunbergin<\/strong>, kaikessa rauhassa, ennen kuin h\u00e4nest\u00e4 tuli globaalin ilmastoliikkeen kasvot. En ehtinyt, sill\u00e4 minulla oli jotain t\u00e4rke\u00e4mp\u00e4\u00e4.<br><br>No, sin\u00e4ns\u00e4 se on ihan totta. Minulla oli 1- ja 3-vuotiaat lapset kotona ja omakin ilmastomarssipuhe viimeistelt\u00e4v\u00e4n\u00e4. Mutta silti.<\/p>\n\n<p><strong>Toinen huti itselle tuli jo aiemmin. <\/strong>Nimitt\u00e4in kun kollegani Olli joitakin kuukausia aiemmin kertoi, ett\u00e4 ymp\u00e4rist\u00f6- ja kehitysj\u00e4rjest\u00f6t sek\u00e4 Suoma S\u00e1mi Nuorat ( Suomen Saamelaisnuoret) olivat p\u00e4\u00e4tt\u00e4neet kutsua koolle ilmastomarssin, vastauksena IPCC:n 1,5\u00b0C raportin julkaisuun, oli oma reaktioni, ett\u00e4 \u00f6\u00f6\u00f6\u2026 mit\u00e4? Massamielenosoitus Suomessa, LOKAKUUSSA? Oletteko tosissanne?<br><br>Onneksi olivat. Sill\u00e4 siit\u00e4 tuli suurin Suomessa koskaan j\u00e4rjestetty ilmastomielenosoitus. Alku jollekin uudelle, mit\u00e4 Suomessa ei ennen ollut koettu.<br><\/p>\n\n<figure class=\"wp-block-image size-large  caption-style-medium caption-alignment-center\"><img loading=\"lazy\" decoding=\"async\" width=\"1024\" height=\"671\" src=\"https:\/\/www.greenpeace.org\/static\/planet4-finland-stateless\/2020\/10\/fe5f2929-ilmastomarssi-loka-2018_callagher-1024x671.jpg\" alt=\"\" class=\"wp-image-5939\" srcset=\"https:\/\/www.greenpeace.org\/static\/planet4-finland-stateless\/2020\/10\/fe5f2929-ilmastomarssi-loka-2018_callagher-1024x671.jpg 1024w, https:\/\/www.greenpeace.org\/static\/planet4-finland-stateless\/2020\/10\/fe5f2929-ilmastomarssi-loka-2018_callagher-300x197.jpg 300w, https:\/\/www.greenpeace.org\/static\/planet4-finland-stateless\/2020\/10\/fe5f2929-ilmastomarssi-loka-2018_callagher-768x503.jpg 768w, https:\/\/www.greenpeace.org\/static\/planet4-finland-stateless\/2020\/10\/fe5f2929-ilmastomarssi-loka-2018_callagher-1536x1006.jpg 1536w, https:\/\/www.greenpeace.org\/static\/planet4-finland-stateless\/2020\/10\/fe5f2929-ilmastomarssi-loka-2018_callagher-2048x1342.jpg 2048w, https:\/\/www.greenpeace.org\/static\/planet4-finland-stateless\/2020\/10\/fe5f2929-ilmastomarssi-loka-2018_callagher-510x334.jpg 510w\" sizes=\"auto, (max-width: 1024px) 100vw, 1024px\" \/><figcaption class=\"wp-element-caption\">Lokakuun 2018 ilmastomarssin ihmismerta Senaatintorilla. Kuva: Bryan Callaghan \/ Greenpeace.<\/figcaption><\/figure>\n\n<p><strong>Tiesin kyll\u00e4, ett\u00e4 IPCC-raportin julkaisu tulisi olemaan iso juttu<\/strong>. Olinhan seurannut raportin valmistumista alusta alkaen, Greenpeace Internationalin IPCC-vastaavana.<\/p>\n\n<p>Mutta ett\u00e4 se saisi suomalaiset liikkeelle isommin kuin koskaan aiemmin, p\u00e4\u00e4tt\u00e4v\u00e4isemmin kuin koskaan aiemmin ja nostaisi ilmastokriisin ratkaisut politiikan kovimpaan ytimeen &#8211; sit\u00e4 en osannut aavistaa. Saati sit\u00e4, kuinka tuolloin viel\u00e4 verrattain tuntematon Greta Thunberg saisi miljoonat nuoret ymp\u00e4ri maailman koululakkoilemaan kanssaan ja koskettaisi yli sukupolvien tavalla, joka tekisi ilmastokriisist\u00e4 henkil\u00f6kohtaisemman kuin aiemmin.<\/p>\n\n<figure class=\"wp-block-image size-large  caption-style-medium caption-alignment-center\"><img loading=\"lazy\" decoding=\"async\" width=\"1024\" height=\"683\" src=\"https:\/\/www.greenpeace.org\/static\/planet4-finland-stateless\/2020\/10\/cba45f84-102018_nytonpakko_ilmastomarssi_jonnesippola-30-1024x683.jpg\" alt=\"\" class=\"wp-image-5940\" srcset=\"https:\/\/www.greenpeace.org\/static\/planet4-finland-stateless\/2020\/10\/cba45f84-102018_nytonpakko_ilmastomarssi_jonnesippola-30-1024x683.jpg 1024w, https:\/\/www.greenpeace.org\/static\/planet4-finland-stateless\/2020\/10\/cba45f84-102018_nytonpakko_ilmastomarssi_jonnesippola-30-300x200.jpg 300w, https:\/\/www.greenpeace.org\/static\/planet4-finland-stateless\/2020\/10\/cba45f84-102018_nytonpakko_ilmastomarssi_jonnesippola-30-768x512.jpg 768w, https:\/\/www.greenpeace.org\/static\/planet4-finland-stateless\/2020\/10\/cba45f84-102018_nytonpakko_ilmastomarssi_jonnesippola-30-1536x1024.jpg 1536w, https:\/\/www.greenpeace.org\/static\/planet4-finland-stateless\/2020\/10\/cba45f84-102018_nytonpakko_ilmastomarssi_jonnesippola-30-2048x1366.jpg 2048w, https:\/\/www.greenpeace.org\/static\/planet4-finland-stateless\/2020\/10\/cba45f84-102018_nytonpakko_ilmastomarssi_jonnesippola-30-510x340.jpg 510w\" sizes=\"auto, (max-width: 1024px) 100vw, 1024px\" \/><figcaption class=\"wp-element-caption\">Greta Thunberg ja &#8221;Warm Our Hearts Not our Planet&#8221; -banderolli, jonka Greenpeace ripusti Kallion kirkon torniin hein\u00e4kuussa 2018 viestin\u00e4 Putinin ja Trumpin huippukokoukseen Helsingiss\u00e4. Kuva: Jonne Sippola \/ Greenpece<\/figcaption><\/figure>\n\n<p><strong>Lokakuun 2018 ilmastomarssi oli suurin koskaan <\/strong>Suomessa j\u00e4rjestetty ilmastomielenosoitus &#8211; tuohon menness\u00e4. Noin 12 000 marssijaa oli kuitenkin vasta alkua. My\u00f6hemmin tuli koululaisten massiivinen ilmastolakko, ilmastomarssi II ja taas valtava ilmastolakko.&nbsp;<\/p>\n\n<figure class=\"wp-block-image size-large  caption-style-medium caption-alignment-center\"><img loading=\"lazy\" decoding=\"async\" width=\"1024\" height=\"683\" src=\"https:\/\/www.greenpeace.org\/static\/planet4-finland-stateless\/2020\/10\/f58626e1-ilmastolakko26-1024x683.jpg\" alt=\"\" class=\"wp-image-5941\" srcset=\"https:\/\/www.greenpeace.org\/static\/planet4-finland-stateless\/2020\/10\/f58626e1-ilmastolakko26-1024x683.jpg 1024w, https:\/\/www.greenpeace.org\/static\/planet4-finland-stateless\/2020\/10\/f58626e1-ilmastolakko26-300x200.jpg 300w, https:\/\/www.greenpeace.org\/static\/planet4-finland-stateless\/2020\/10\/f58626e1-ilmastolakko26-768x512.jpg 768w, https:\/\/www.greenpeace.org\/static\/planet4-finland-stateless\/2020\/10\/f58626e1-ilmastolakko26-1536x1024.jpg 1536w, https:\/\/www.greenpeace.org\/static\/planet4-finland-stateless\/2020\/10\/f58626e1-ilmastolakko26-2048x1366.jpg 2048w, https:\/\/www.greenpeace.org\/static\/planet4-finland-stateless\/2020\/10\/f58626e1-ilmastolakko26-510x340.jpg 510w\" sizes=\"auto, (max-width: 1024px) 100vw, 1024px\" \/><figcaption class=\"wp-element-caption\">Nuorten ilmastolakku maaliskuussa 2019 sai liikkeelle tuhansia nuoria ymp\u00e4ri Suomen. Kuva: Greenpeace.<\/figcaption><\/figure>\n\n<p>Ilmastokriisi t\u00e4ytti vaalipaneelit, lehtien palstat ja kahvip\u00f6yt\u00e4keskustelut. Moni virkamies ja yrityksen edustaja kertoi, kuinka joutui ensimm\u00e4ist\u00e4 kertaa vastaamaan tekemisist\u00e4\u00e4n omille lapsilleen: mit\u00e4 oikeastaan teet ilmastokriisin sel\u00e4tt\u00e4miseksi? Teetk\u00f6 varmasti kaikkesi? Oletko osa ongelmaa vai ratkaisua?<\/p>\n\n<p><strong>Moni mietti ty\u00f6ns\u00e4, asumisensa ja opiskelunsa uudelleen<\/strong>, keskitty\u00e4kseen t\u00e4ysill\u00e4 ilmastokriisin sel\u00e4tt\u00e4miseen. Uusia j\u00e4rjest\u00f6j\u00e4 ja kampanjoita perustettiin.<br><br>Ilmastobarometri, tiedebarometri ja muut kyselyt osoittivat suomalaisten vankkaa tukea vahvoille ilmastotoimille. Eri puolilla yhteiskuntaa, monenlaisissa organisaatioissa her\u00e4si uutta uteliaisuutta ja rohkeutta tarkastella omaa roolia tuorein silmin. Voitaisiinko sittenkin tehd\u00e4 enemm\u00e4n? Paljon enemm\u00e4n? Paljon nopeammin? Mik\u00e4 meit\u00e4 est\u00e4\u00e4?<\/p>\n\n<p><strong>Kun IPCC:n raportti julkaistiin, silloinen ymp\u00e4rist\u00f6ministeri <\/strong><a href=\"https:\/\/yle.fi\/uutiset\/3-10445433\"><strong>vakuutteli<\/strong><\/a><strong>, ett\u00e4 Suomen tavoitteet olivat jo kohdillaan, eik\u00e4 kirist\u00e4misen varaa ollut<\/strong>. Suomalaiset eiv\u00e4t kuitenkaan tyytyneet t\u00e4h\u00e4n, vaan vaativat tavoitteet linjaan 1,5\u00b0C l\u00e4mpenemisrajan kanssa.&nbsp;<\/p>\n\n<p>Reilu puoli vuotta ja yhdet vaalit my\u00f6hemmin, Suomen hiilineutraaliustavoitetta oli aikaistettu per\u00e4ti vuosikymmenell\u00e4, yhdeksi maailman vahvimmista. Hiilineutraaliutta tavoitellaan nyt vuoteen 2035 menness\u00e4, kuten Suomen ilmastopaneeli hallitukselle suositti. Ja suomalaisten vahvalle enemmist\u00f6lle <a href=\"https:\/\/ek.fi\/ajankohtaista\/tiedotteet\/ek-hiilineutraalia-suomea-vuoteen-2035-mennessa-kannattaa-63-prosenttia-suomalaisista\/\">tavoite sopii<\/a>. Suomen tavoitteesta tuli kansainv\u00e4linen uutinen.<\/p>\n\n<figure class=\"wp-block-image size-large  caption-style-medium caption-alignment-center\"><img loading=\"lazy\" decoding=\"async\" width=\"620\" height=\"442\" src=\"https:\/\/www.greenpeace.org\/static\/planet4-finland-stateless\/2020\/10\/ed525f15-screenshot-2020-10-20-at-12.04.09.png\" alt=\"\" class=\"wp-image-5942\" srcset=\"https:\/\/www.greenpeace.org\/static\/planet4-finland-stateless\/2020\/10\/ed525f15-screenshot-2020-10-20-at-12.04.09.png 620w, https:\/\/www.greenpeace.org\/static\/planet4-finland-stateless\/2020\/10\/ed525f15-screenshot-2020-10-20-at-12.04.09-300x214.png 300w, https:\/\/www.greenpeace.org\/static\/planet4-finland-stateless\/2020\/10\/ed525f15-screenshot-2020-10-20-at-12.04.09-477x340.png 477w\" sizes=\"auto, (max-width: 620px) 100vw, 620px\" \/><figcaption class=\"wp-element-caption\">P\u00e4\u00e4ministeri Sanna Marin  kertomassa Suomen ilmastotavoitteesta t\u00e4ydelle salille New Yorkissa, Columbian huippuyliopistossa, kuvituksenaan kuva ilmastomarssilta. Kuva: Kuvakaappaus HS:n jutusta (HS 7.3.2020) https:\/\/www.hs.fi\/politiikka\/art-2000006431356.html<\/figcaption><\/figure>\n\n<h2 class=\"wp-block-heading\"><strong>Ent\u00e4 sitten? Miss\u00e4 itse teot?<\/strong><\/h2>\n\n<p>Hallitus on taivaltanut nyt l\u00e4hes puolitoista vuotta. Paljon on kyselty, miss\u00e4 teot viipyv\u00e4t.<\/p>\n\n<p><strong>\u201cIlmastohallituksen\u201d <a href=\"https:\/\/www.greenpeace.org\/finland\/blogit\/5149\/kulmuni-erosi-miten-kay-ilmastohallituksen\/\">ensimm\u00e4inen vuosi<\/a><\/strong> oli p\u00e4\u00e4ministerin eroineen ja ministerivaihdoksineen aikamoista turbulenssia, eik\u00e4 koronakriisi ainakaan helpottanut hallituksen ty\u00f6t\u00e4. Ilmastoa ei unohdettu, mutta isot teot olivat v\u00e4hiss\u00e4. Korona-elvytyst\u00e4 suunnattiin hyviin ilmastotoimiin, mutta my\u00f6s <a href=\"https:\/\/www.greenpeace.org\/finland\/tiedotteet\/5142\/ymparistojarjestot-vihrea-elvytys-lahti-ristiriitaisesti-liikkeelle\/\">ristiriitaisiin<\/a> toimiin.<\/p>\n\n<p>Syksyn energiaverouudistuksesta j\u00e4i samanlainen maku: fossiilitukia kyll\u00e4 karsittiin, mutta niit\u00e4 my\u00f6s j\u00e4i &#8211; r\u00e4ikeimp\u00e4n\u00e4 turpeelle. P\u00e4\u00e4st\u00f6kauppakompensaatio nykymuotoisena p\u00e4\u00e4tettiin onneksi lakkauttaa.<\/p>\n\n<p>Hallitus on <a href=\"https:\/\/valtioneuvosto.fi\/-\/10616\/ministeri-tytti-tuppurainen-kriisissa-tarvitaan-aktiivista-omistajuutta-hallitus-hyvaksyi-valtion-omistajapolitiikan-periaatepaatoksen\">halunnut<\/a> valtio-omisteiset yhti\u00f6t ilmasto- ja luontoratkaisujen etulinjaan. Samaan aikaan Suomella omistajana ei ollut poikkipuolista sanaa, kun valtionyhti\u00f6 Fortumin tyt\u00e4ryhti\u00f6 Uniper avasi uuden hiilivoimalan Saksaan ja hankaloittaa hiilen alasajoa Hollannissa korvausvaatimuksineen.&nbsp;<\/p>\n\n<p>Me j\u00e4rjest\u00f6t teimme itse harjoituksen siit\u00e4, milt\u00e4 n\u00e4ytt\u00e4isi, jos hallitus todella edellytt\u00e4isi, ett\u00e4 <a href=\"https:\/\/finnwatch.org\/fi\/tutkimukset\/764-millainen-olisi-puolentoista-asteen-finnair\">Finnair<\/a>, <a href=\"https:\/\/www.sll.fi\/2020\/09\/10\/milloin-vapo-paastaa-irti-turpeesta\/\">Vapo<\/a>, <a href=\"https:\/\/www.greenpeace.org\/finland\/blogit\/5797\/pelastuuko-maailma-tankkaamalla-nestemyta-hallituksen-omistajaohjauslinjaus-haastaa-myos-nesteen\/\">Neste<\/a>, <a href=\"https:\/\/hiilivapaasuomi.fi\/2020\/09\/08\/nain-fortum-saadaan-puolentoista-asteen-polulle\/#more-7427\">Fortum<\/a> ja <a href=\"https:\/\/www.sll.fi\/2020\/09\/11\/kemijoki-oy-ja-hanen-isantansa\/\">Kemijoki<\/a> ottavat omistajaohjauksen tosissaan. (Spoiler: aika erilaiselta kuin nyt)<\/p>\n\n<figure class=\"wp-block-image size-large  caption-style-medium caption-alignment-center\"><img loading=\"lazy\" decoding=\"async\" width=\"1024\" height=\"544\" src=\"https:\/\/www.greenpeace.org\/static\/planet4-finland-stateless\/2020\/10\/871913f3-102018_nytonpakko_ilmastomarssi_jonnesippola_puolueet-1024x544.jpg\" alt=\"\" class=\"wp-image-5943\" srcset=\"https:\/\/www.greenpeace.org\/static\/planet4-finland-stateless\/2020\/10\/871913f3-102018_nytonpakko_ilmastomarssi_jonnesippola_puolueet-1024x544.jpg 1024w, https:\/\/www.greenpeace.org\/static\/planet4-finland-stateless\/2020\/10\/871913f3-102018_nytonpakko_ilmastomarssi_jonnesippola_puolueet-300x159.jpg 300w, https:\/\/www.greenpeace.org\/static\/planet4-finland-stateless\/2020\/10\/871913f3-102018_nytonpakko_ilmastomarssi_jonnesippola_puolueet-768x408.jpg 768w, https:\/\/www.greenpeace.org\/static\/planet4-finland-stateless\/2020\/10\/871913f3-102018_nytonpakko_ilmastomarssi_jonnesippola_puolueet-1536x816.jpg 1536w, https:\/\/www.greenpeace.org\/static\/planet4-finland-stateless\/2020\/10\/871913f3-102018_nytonpakko_ilmastomarssi_jonnesippola_puolueet-510x271.jpg 510w, https:\/\/www.greenpeace.org\/static\/planet4-finland-stateless\/2020\/10\/871913f3-102018_nytonpakko_ilmastomarssi_jonnesippola_puolueet.jpg 1928w\" sizes=\"auto, (max-width: 1024px) 100vw, 1024px\" \/><figcaption class=\"wp-element-caption\">Puolueiden edustajat kirjoittamassa vastauksiaan lokakuun 2018 ilmastomarssin tarkkoihin kysymyksiin p\u00e4\u00e4st\u00f6v\u00e4hennysten aikatauluista ym. Kuva: Jonne Sippola \/ Greenpeace.<\/figcaption><\/figure>\n\n<h2 class=\"wp-block-heading\"><strong>Marssimmeko turhaan?<\/strong><\/h2>\n\n<p>Ilmastop\u00e4\u00e4t\u00f6ksi\u00e4 tehd\u00e4\u00e4n, mutta yh\u00e4 aivan liian hitaasti ja varovasti. Korona-toimet ovat avanneet silm\u00e4t meill\u00e4 ja muualla huomaamaan, miten radikaaleihin toimiin hallitukset kykenev\u00e4tk\u00e4\u00e4n, kun kriisi tunnistetaan kriisiksi. Vastaavaan mielenlaatuun on ilmasto- ja luontokriisien sel\u00e4tt\u00e4misess\u00e4 viel\u00e4 matkaa.<\/p>\n\n<p>Marssimmeko siis turhaan? Emme. Meid\u00e4n on marssittava viel\u00e4 paljon lis\u00e4\u00e4: Annettava joukkovoimamme n\u00e4ky\u00e4 kaduilla, suorina viestein\u00e4 p\u00e4\u00e4tt\u00e4jille, ty\u00f6paikoillamme, kouluissamme, kahvip\u00f6ydiss\u00e4mme ja omissa teoissamme. Toimia, kun planeetta olisi tulessa, sill\u00e4 se on. Kriisi pahenee parhaillaan kuta kuinkin pahimpien ennusteiden mukaan \u2013 samaan aikaan kun ilmastoratkaisut ovat realistisempia kuin koskaan.<\/p>\n\n<figure class=\"wp-block-image size-large  caption-style-medium caption-alignment-center\"><img loading=\"lazy\" decoding=\"async\" width=\"1024\" height=\"683\" src=\"https:\/\/www.greenpeace.org\/static\/planet4-finland-stateless\/2020\/10\/8c32a092-102018_nytonpakko_ilmastomarssi_jonnesippola-77-1024x683.jpg\" alt=\"\" class=\"wp-image-5948\" srcset=\"https:\/\/www.greenpeace.org\/static\/planet4-finland-stateless\/2020\/10\/8c32a092-102018_nytonpakko_ilmastomarssi_jonnesippola-77-1024x683.jpg 1024w, https:\/\/www.greenpeace.org\/static\/planet4-finland-stateless\/2020\/10\/8c32a092-102018_nytonpakko_ilmastomarssi_jonnesippola-77-300x200.jpg 300w, https:\/\/www.greenpeace.org\/static\/planet4-finland-stateless\/2020\/10\/8c32a092-102018_nytonpakko_ilmastomarssi_jonnesippola-77-768x512.jpg 768w, https:\/\/www.greenpeace.org\/static\/planet4-finland-stateless\/2020\/10\/8c32a092-102018_nytonpakko_ilmastomarssi_jonnesippola-77-1536x1024.jpg 1536w, https:\/\/www.greenpeace.org\/static\/planet4-finland-stateless\/2020\/10\/8c32a092-102018_nytonpakko_ilmastomarssi_jonnesippola-77-2048x1366.jpg 2048w, https:\/\/www.greenpeace.org\/static\/planet4-finland-stateless\/2020\/10\/8c32a092-102018_nytonpakko_ilmastomarssi_jonnesippola-77-510x340.jpg 510w\" sizes=\"auto, (max-width: 1024px) 100vw, 1024px\" \/><figcaption class=\"wp-element-caption\">Suomen saamelaisnuoret ry:n puheenjohtaja Petra Laitin puhe ei j\u00e4tt\u00e4nyt ket\u00e4\u00e4n kylm\u00e4ksi. Kuva: Jonne Sippola \/ Greenpeace<\/figcaption><\/figure>\n\n<p><strong>Ilmastotoimia on helppo kannattaa periaatteellisella tasolla<\/strong>, mutta kun aletaan kajota \u201ckansallisiin intresseihin\u201d, ty\u00f6paikkoihin ja elinkeinoihin, kulutustottumuksiin ja saavutettuihin etuihin, on eri \u00e4\u00e4ni kellossa.<\/p>\n\n<p><strong>Siksi onkin t\u00e4rke\u00e4\u00e4 muistuttaa yh\u00e4 uudelleen asioista, joista olemme olleet yht\u00e4 mielt\u00e4<\/strong>. Siit\u00e4, mink\u00e4 \u00e4\u00e4rell\u00e4 tulimme yhteen lokakuussa 2018 ja monta kertaa sen j\u00e4lkeen.<\/p>\n\n<figure class=\"wp-block-image size-large  caption-style-medium caption-alignment-center\"><img loading=\"lazy\" decoding=\"async\" width=\"1024\" height=\"680\" src=\"https:\/\/www.greenpeace.org\/static\/planet4-finland-stateless\/2020\/10\/fe7c3bc9-p1033003-1024x680.jpg\" alt=\"\" class=\"wp-image-5945\" srcset=\"https:\/\/www.greenpeace.org\/static\/planet4-finland-stateless\/2020\/10\/fe7c3bc9-p1033003-1024x680.jpg 1024w, https:\/\/www.greenpeace.org\/static\/planet4-finland-stateless\/2020\/10\/fe7c3bc9-p1033003-300x199.jpg 300w, https:\/\/www.greenpeace.org\/static\/planet4-finland-stateless\/2020\/10\/fe7c3bc9-p1033003-768x510.jpg 768w, https:\/\/www.greenpeace.org\/static\/planet4-finland-stateless\/2020\/10\/fe7c3bc9-p1033003-1536x1020.jpg 1536w, https:\/\/www.greenpeace.org\/static\/planet4-finland-stateless\/2020\/10\/fe7c3bc9-p1033003-2048x1359.jpg 2048w, https:\/\/www.greenpeace.org\/static\/planet4-finland-stateless\/2020\/10\/fe7c3bc9-p1033003-510x340.jpg 510w\" sizes=\"auto, (max-width: 1024px) 100vw, 1024px\" \/><figcaption class=\"wp-element-caption\">Nuoret ilmastolakkoilijat Tuomiokirkon portailla 2019. Kuva: Greenpeace<\/figcaption><\/figure>\n\n<p>Kun homma t\u00f6kkii, ei j\u00e4\u00e4d\u00e4 sutimaan, vaan puhutaan rehellisesti siit\u00e4, mik\u00e4 meit\u00e4 est\u00e4\u00e4 &#8211; vaikka se vaatisikin ep\u00e4miellytt\u00e4vien totuuksien kohtaamista. Ei v\u00e4h\u00e4tell\u00e4 toisten huolia, vaan kuullaan niit\u00e4, ratkotaan niit\u00e4.<br><br><strong>Korona-rajoitukset ovat vieneet mahdollisuudet suurten mielenosoitusten j\u00e4rjest\u00e4miseen<\/strong>, mutta tukea ja vaatimuksia ilmastotoimille voi osoittaa my\u00f6s muilla keinoin \u2013 ihan jo pelk\u00e4st\u00e4\u00e4n sill\u00e4, ett\u00e4 puhuu ja kirjoittaa asiasta.<strong><em> Tunteita kaihtamatta<\/em><\/strong>.<\/p>\n\n<p>Vaikuttavin kirjoitus, jonka itse olen lukenut pitk\u00e4\u00e4n aikaan, on t\u00e4m\u00e4 palkitun australialaisen IPCC-ilmastotutkija Jo\u00eblle Gergis\u2019n hyvin henkil\u00f6kohtainen essee: \u201c<a href=\"https:\/\/www.theguardian.com\/australia-news\/2020\/oct\/15\/the-great-unravelling-i-never-thought-id-live-to-see-the-horror-of-planetary-collapse\"><strong>The great unravelling: &#8217;I never thought I\u2019d live to see the horror of planetary collapse<\/strong><\/a>\u201d.<\/p>\n\n<h2 class=\"wp-block-heading\">P\u00e4\u00e4t\u00f6ksi\u00e4 edess\u00e4<\/h2>\n\n<p><strong>Hallituksella on viel\u00e4 mahdollisuus lunastaa lupauksiaan<\/strong> ilmastohallituksena, joka vastaa kansalaisten huoleen, mm.:<\/p>\n\n<ul class=\"wp-block-list\">\n<li>Mahdollistamalla fossiilivapaa liikenne ja varmistamalla Suomen liikennep\u00e4\u00e4st\u00f6jen puolittuminen vuosikymmeness\u00e4.<\/li>\n\n\n\n<li>Suuntaamalla EU:n elvytysrahat aidosti kest\u00e4viin ilmastoratkaisuihin.<\/li>\n\n\n\n<li>Sitomalla p\u00e4\u00e4st\u00f6- ja nielutavoitteet ilmastolakiin.<\/li>\n\n\n\n<li>Siirtym\u00e4ll\u00e4 <a href=\"https:\/\/www.sll.fi\/irtiturpeesta\/\">irti turpeesta<\/a>, lain voimalla; reilusti ja nopeasti<\/li>\n\n\n\n<li>Vaatimalla valtionyhti\u00f6ilt\u00e4 uuden omistajaohjausp\u00e4\u00e4t\u00f6ksen mukaisia toimia, sek\u00e4<\/li>\n\n\n\n<li>Avohakkuut historiaan -kansalaisaloitteen mukaisilla toimenpiteill\u00e4.<\/li>\n<\/ul>\n\n<p><strong>Korona-kriisi on muistuttanut, ett\u00e4 kriisin keskell\u00e4 p\u00e4\u00e4tt\u00e4jien teht\u00e4v\u00e4 on johtaa ja tehd\u00e4 p\u00e4\u00e4t\u00f6ksi\u00e4<\/strong>, eik\u00e4 j\u00e4\u00e4d\u00e4 odottamaan t\u00e4ydellist\u00e4 konsensusta.<br><br>Kev\u00e4\u00e4n kuntavaalit lis\u00e4\u00e4v\u00e4t osaltaan hallituksen paineita tehd\u00e4 uskottavia ilmastotekoja &#8211; ja meid\u00e4n kansalaisten mahdollisuuksia vaatia niit\u00e4 &#8211; my\u00f6s kuntap\u00e4\u00e4tt\u00e4jilt\u00e4. Siisp\u00e4 pidet\u00e4\u00e4n keskustelua yll\u00e4 ja lippua korkealla. Ja muistutetaan ilmastolupauksistaan my\u00f6s kaikkia niit\u00e4 yrityksi\u00e4 ja vaikutusvaltaisia eturyhmi\u00e4, jotka viel\u00e4 ilmastomarssien aikaan korostivat, miten t\u00e4rke\u00e4\u00e4 ilmastokriisin sel\u00e4tt\u00e4minen heillekin oli!<\/p>\n\n<p><br><strong>Oli etuoikeus saada puhua ilmastomarssissa kaksi vuotta sitten<\/strong> tuhansien ihmisten edess\u00e4. <a href=\"https:\/\/www.greenpeace.org\/finland\/blogit\/840\/nyt-on-pakko-suomen-nousta-ilmastonmuutosta-vastaan\/\">Tuolloin sanoin<\/a> n\u00e4in:<br><br><em>\u201cMuistakaa t\u00e4m\u00e4 p\u00e4iv\u00e4. N\u00e4m\u00e4 ihmiset. Me, jotka sen teimme. Sill\u00e4 nyt iso k\u00e4\u00e4nne tapahtuu.\u201d<\/em><\/p>\n\n<figure class=\"wp-block-image size-large  caption-style-medium caption-alignment-center\"><img loading=\"lazy\" decoding=\"async\" width=\"1024\" height=\"675\" src=\"https:\/\/www.greenpeace.org\/static\/planet4-finland-stateless\/2020\/10\/d0b43777-kaisapuhuu-1024x675.jpg\" alt=\"\" class=\"wp-image-5947\" srcset=\"https:\/\/www.greenpeace.org\/static\/planet4-finland-stateless\/2020\/10\/d0b43777-kaisapuhuu-1024x675.jpg 1024w, https:\/\/www.greenpeace.org\/static\/planet4-finland-stateless\/2020\/10\/d0b43777-kaisapuhuu-300x198.jpg 300w, https:\/\/www.greenpeace.org\/static\/planet4-finland-stateless\/2020\/10\/d0b43777-kaisapuhuu-768x506.jpg 768w, https:\/\/www.greenpeace.org\/static\/planet4-finland-stateless\/2020\/10\/d0b43777-kaisapuhuu-510x336.jpg 510w, https:\/\/www.greenpeace.org\/static\/planet4-finland-stateless\/2020\/10\/d0b43777-kaisapuhuu.jpg 1277w\" sizes=\"auto, (max-width: 1024px) 100vw, 1024px\" \/><figcaption class=\"wp-element-caption\">Oma puheenvuoroni ilmastomarssilla lokakuussa 2018. Kuva: Jonne Sippola \/ Greenpeace<\/figcaption><\/figure>\n\n<p><strong>Uskon tuohon yh\u00e4. Jokaiseen sanaan, <a href=\"https:\/\/www.greenpeace.org\/finland\/blogit\/840\/nyt-on-pakko-suomen-nousta-ilmastonmuutosta-vastaan\/\">mink\u00e4 sanoin<\/a><\/strong>. Vied\u00e4\u00e4n Suomen ilmastotavoitteet maaliin. N\u00e4ytet\u00e4\u00e4n maailmalle, ett\u00e4 meist\u00e4 todella tulee maailman ensimm\u00e4inen fossiilivapaa hyvinvointiyhteiskunta &#8211; sill\u00e4 <a href=\"https:\/\/www.stat.fi\/tup\/satavuotias-suomi\/suomi-maailman-karjessa.html\">me, jos joku<\/a>, voimme sen tehd\u00e4!<br><br>Haastan teit\u00e4 muitakin, kanssakulkijoita, juhlistamaan suomalaista ilmastoliikett\u00e4 t\u00e4n\u00e4\u00e4n ja l\u00e4hip\u00e4ivin\u00e4 jakamalla ilmastomarssin vuosip\u00e4iv\u00e4n her\u00e4tt\u00e4mi\u00e4 muistoja ja ajatuksia h\u00e4sht\u00e4gill\u00e4: \n<strong>#NytOnPakko<\/strong><br><br>Onwards! &lt;3<br><br>Kaisa Kosonen, ilmastovastaava, Greenpeace<\/p>\n\n<figure class=\"wp-block-embed is-type-video is-provider-facebook wp-block-embed-facebook\"><div class=\"wp-block-embed__wrapper\">\nhttps:\/\/www.facebook.com\/greenpeacesuomi\/videos\/880203075717399\n<\/div><\/figure>\n","protected":false},"excerpt":{"rendered":"<p>Olisin voinut tavata Greta Thunbergin, kaikessa rauhassa, ennen kuin h\u00e4nest\u00e4 tuli globaalin ilmastoliikkeen kasvot. En ehtinyt, sill\u00e4 minulla oli jotain t\u00e4rke\u00e4mp\u00e4\u00e4.<\/p>\n","protected":false},"author":40,"featured_media":5939,"comment_status":"closed","ping_status":"open","sticky":false,"template":"","format":"standard","meta":{"_improvement_type_select":"improve_an_existing","_thumb_yes_seoaic":false,"_frame_yes_seoaic":false,"seoaic_generate_description":"","seoaic_improve_instructions_prompt":"","seoaic_rollback_content_improvement":"","seoaic_idea_thumbnail_generator":"","thumbnail_generated":false,"thumbnail_generate_prompt":"","seoaic_article_description":"","ep_exclude_from_search":false,"seoaic_article_subtitles":[],"p4_og_title":"","p4_og_description":"","p4_og_image":"","p4_og_image_id":"","p4_seo_canonical_url":"","p4_campaign_name":"not set","p4_local_project":"not set","p4_basket_name":"not set","p4_department":"","footnotes":""},"categories":[1],"tags":[60,29],"p4-page-type":[16],"class_list":["post-5938","post","type-post","status-publish","format-standard","has-post-thumbnail","hentry","category-ilmastonmuutos","tag-ilmastopolitiikka","tag-vapaaehtoiset","p4-page-type-blogit"],"_links":{"self":[{"href":"https:\/\/www.greenpeace.org\/finland\/wp-json\/wp\/v2\/posts\/5938","targetHints":{"allow":["GET"]}}],"collection":[{"href":"https:\/\/www.greenpeace.org\/finland\/wp-json\/wp\/v2\/posts"}],"about":[{"href":"https:\/\/www.greenpeace.org\/finland\/wp-json\/wp\/v2\/types\/post"}],"author":[{"embeddable":true,"href":"https:\/\/www.greenpeace.org\/finland\/wp-json\/wp\/v2\/users\/40"}],"replies":[{"embeddable":true,"href":"https:\/\/www.greenpeace.org\/finland\/wp-json\/wp\/v2\/comments?post=5938"}],"version-history":[{"count":12,"href":"https:\/\/www.greenpeace.org\/finland\/wp-json\/wp\/v2\/posts\/5938\/revisions"}],"predecessor-version":[{"id":52627,"href":"https:\/\/www.greenpeace.org\/finland\/wp-json\/wp\/v2\/posts\/5938\/revisions\/52627"}],"wp:featuredmedia":[{"embeddable":true,"href":"https:\/\/www.greenpeace.org\/finland\/wp-json\/wp\/v2\/media\/5939"}],"wp:attachment":[{"href":"https:\/\/www.greenpeace.org\/finland\/wp-json\/wp\/v2\/media?parent=5938"}],"wp:term":[{"taxonomy":"category","embeddable":true,"href":"https:\/\/www.greenpeace.org\/finland\/wp-json\/wp\/v2\/categories?post=5938"},{"taxonomy":"post_tag","embeddable":true,"href":"https:\/\/www.greenpeace.org\/finland\/wp-json\/wp\/v2\/tags?post=5938"},{"taxonomy":"p4-page-type","embeddable":true,"href":"https:\/\/www.greenpeace.org\/finland\/wp-json\/wp\/v2\/p4-page-type?post=5938"}],"curies":[{"name":"wp","href":"https:\/\/api.w.org\/{rel}","templated":true}]}}