{"id":59468,"date":"2025-05-19T00:48:26","date_gmt":"2025-05-18T21:48:26","guid":{"rendered":"https:\/\/www.greenpeace.org\/finland\/?p=59468"},"modified":"2025-05-19T00:56:06","modified_gmt":"2025-05-18T21:56:06","slug":"finlandia-talon-seinalla-valtavat-orpon-ja-trumpin-naamat-harvojen-etu-asetetaan-luonnon-ja-kansalaisten-hyvinvoinnin-edelle","status":"publish","type":"post","link":"https:\/\/www.greenpeace.org\/finland\/tiedotteet\/greenpeace\/finlandia-talon-seinalla-valtavat-orpon-ja-trumpin-naamat-harvojen-etu-asetetaan-luonnon-ja-kansalaisten-hyvinvoinnin-edelle\/","title":{"rendered":"Finlandia-talon sein\u00e4ll\u00e4 valtavat Orpon ja Trumpin naamat &#8211; \u201cHarvojen etu asetetaan luonnon ja kansalaisten hyvinvoinnin edelle\u201d"},"content":{"rendered":"\n<p><strong>Greenpeacen aktivistit heijastivat sunnuntain ja maanantain v\u00e4lisen\u00e4 y\u00f6n\u00e4 Finlandia-talon sein\u00e4\u00e4n j\u00e4ttikokoiset Donald Trumpin, Elon Muskin ja Petteri Orpon p\u00e4\u00e4t. Projisointi kritisoi Trumpin hallinnon hy\u00f6kk\u00e4yst\u00e4 kansalaisyhteiskuntaa ja sananvapautta kohtaan sek\u00e4 Suomen hallituksen tiedevastaisuutta ja toimettomuutta luonnonsuojelun sek\u00e4 ilmastotekojen saralla.<\/strong>\u00a0<\/p>\n\n<p>\u201cN\u00e4emme maailmalla huolestuttavaa kehityst\u00e4, jossa demokratiaa, sananvapautta ja luontoa vastaan hy\u00f6k\u00e4t\u00e4\u00e4n ennenn\u00e4kem\u00e4tt\u00f6m\u00e4ll\u00e4 voimalla. Maailman rikkaimpiin kuuluvat yritysjohtajat ja Yhdysvaltojen hallinto romuttavat rakenteita, joka turvaavat ihmisoikeuksia ja luontoa. Samaan aikaan kotimaan p\u00e4\u00e4tt\u00e4jilt\u00e4 n\u00e4hd\u00e4\u00e4n petettyj\u00e4 ymp\u00e4rist\u00f6lupauksia ja t\u00e4ysin tutkimustiedon vastaista politiikkaa\u201d, Greenpeacen maajohtaja Touko Sipil\u00e4inen sanoo.<\/p>\n\n<p>Aktivistit projisoivat Finlandia-talon sein\u00e4\u00e4n Trumpin ja Muskin kuvien yhteydess\u00e4 viestej\u00e4 joissa luki \u201cDemokratia, sananvapaus ja luonto tuhotaan, jos emme puolusta niit\u00e4. Nyt v**** riitt\u00e4\u00e4. Ole aktivisti. Liity vastarintaan.\u201d\u00a0<\/p>\n<div data-hydrate=\"planet4-blocks\/gallery\" data-attributes=\"{&quot;attributes&quot;:{&quot;multiple_image&quot;:&quot;59472,59473,59471&quot;,&quot;image_data&quot;:[{&quot;url&quot;:&quot;https:\\\/\\\/www.greenpeace.org\\\/static\\\/planet4-finland-stateless\\\/2025\\\/05\\\/3cd73ec5-dsc_8078-scaled.jpg&quot;,&quot;focalPoint&quot;:{&quot;x&quot;:0.5,&quot;y&quot;:0.5},&quot;id&quot;:59472},{&quot;url&quot;:&quot;https:\\\/\\\/www.greenpeace.org\\\/static\\\/planet4-finland-stateless\\\/2025\\\/05\\\/83d2f1ae-dsc_8092-scaled.jpg&quot;,&quot;focalPoint&quot;:{&quot;x&quot;:0.5,&quot;y&quot;:0.5},&quot;id&quot;:59473},{&quot;url&quot;:&quot;https:\\\/\\\/www.greenpeace.org\\\/static\\\/planet4-finland-stateless\\\/2025\\\/05\\\/09fc4f84-dsc_8091-scaled.jpg&quot;,&quot;focalPoint&quot;:{&quot;x&quot;:0.5,&quot;y&quot;:0.5},&quot;id&quot;:59471}],&quot;gallery_block_style&quot;:0,&quot;gallery_block_title&quot;:&quot;&quot;,&quot;gallery_block_description&quot;:&quot;&quot;,&quot;gallery_block_focus_points&quot;:&quot;&quot;,&quot;images&quot;:[{&quot;image_src&quot;:&quot;https:\\\/\\\/www.greenpeace.org\\\/static\\\/planet4-finland-stateless\\\/2025\\\/05\\\/3cd73ec5-dsc_8078-scaled.jpg&quot;,&quot;image_srcset&quot;:&quot;https:\\\/\\\/www.greenpeace.org\\\/static\\\/planet4-finland-stateless\\\/2025\\\/05\\\/3cd73ec5-dsc_8078-scaled.jpg 2560w, https:\\\/\\\/www.greenpeace.org\\\/static\\\/planet4-finland-stateless\\\/2025\\\/05\\\/3cd73ec5-dsc_8078-300x200.jpg 300w, https:\\\/\\\/www.greenpeace.org\\\/static\\\/planet4-finland-stateless\\\/2025\\\/05\\\/3cd73ec5-dsc_8078-1024x681.jpg 1024w, https:\\\/\\\/www.greenpeace.org\\\/static\\\/planet4-finland-stateless\\\/2025\\\/05\\\/3cd73ec5-dsc_8078-768x511.jpg 768w, https:\\\/\\\/www.greenpeace.org\\\/static\\\/planet4-finland-stateless\\\/2025\\\/05\\\/3cd73ec5-dsc_8078-1536x1022.jpg 1536w, https:\\\/\\\/www.greenpeace.org\\\/static\\\/planet4-finland-stateless\\\/2025\\\/05\\\/3cd73ec5-dsc_8078-2048x1363.jpg 2048w, https:\\\/\\\/www.greenpeace.org\\\/static\\\/planet4-finland-stateless\\\/2025\\\/05\\\/3cd73ec5-dsc_8078-510x340.jpg 510w&quot;,&quot;image_sizes&quot;:false,&quot;alt_text&quot;:&quot;&quot;,&quot;caption&quot;:&quot;&quot;,&quot;focus_image&quot;:&quot;&quot;,&quot;credits&quot;:&quot;\\u00a9 Thomas Frankton \\\/ Greenpeace&quot;},{&quot;image_src&quot;:&quot;https:\\\/\\\/www.greenpeace.org\\\/static\\\/planet4-finland-stateless\\\/2025\\\/05\\\/83d2f1ae-dsc_8092-scaled.jpg&quot;,&quot;image_srcset&quot;:&quot;https:\\\/\\\/www.greenpeace.org\\\/static\\\/planet4-finland-stateless\\\/2025\\\/05\\\/83d2f1ae-dsc_8092-scaled.jpg 2560w, https:\\\/\\\/www.greenpeace.org\\\/static\\\/planet4-finland-stateless\\\/2025\\\/05\\\/83d2f1ae-dsc_8092-300x200.jpg 300w, https:\\\/\\\/www.greenpeace.org\\\/static\\\/planet4-finland-stateless\\\/2025\\\/05\\\/83d2f1ae-dsc_8092-1024x681.jpg 1024w, https:\\\/\\\/www.greenpeace.org\\\/static\\\/planet4-finland-stateless\\\/2025\\\/05\\\/83d2f1ae-dsc_8092-768x511.jpg 768w, https:\\\/\\\/www.greenpeace.org\\\/static\\\/planet4-finland-stateless\\\/2025\\\/05\\\/83d2f1ae-dsc_8092-1536x1022.jpg 1536w, https:\\\/\\\/www.greenpeace.org\\\/static\\\/planet4-finland-stateless\\\/2025\\\/05\\\/83d2f1ae-dsc_8092-2048x1363.jpg 2048w, https:\\\/\\\/www.greenpeace.org\\\/static\\\/planet4-finland-stateless\\\/2025\\\/05\\\/83d2f1ae-dsc_8092-510x340.jpg 510w&quot;,&quot;image_sizes&quot;:false,&quot;alt_text&quot;:&quot;&quot;,&quot;caption&quot;:&quot;&quot;,&quot;focus_image&quot;:&quot;&quot;,&quot;credits&quot;:&quot;\\u00a9 Thomas Frankton \\\/ Greenpeace&quot;},{&quot;image_src&quot;:&quot;https:\\\/\\\/www.greenpeace.org\\\/static\\\/planet4-finland-stateless\\\/2025\\\/05\\\/09fc4f84-dsc_8091-scaled.jpg&quot;,&quot;image_srcset&quot;:&quot;https:\\\/\\\/www.greenpeace.org\\\/static\\\/planet4-finland-stateless\\\/2025\\\/05\\\/09fc4f84-dsc_8091-scaled.jpg 2560w, https:\\\/\\\/www.greenpeace.org\\\/static\\\/planet4-finland-stateless\\\/2025\\\/05\\\/09fc4f84-dsc_8091-300x200.jpg 300w, https:\\\/\\\/www.greenpeace.org\\\/static\\\/planet4-finland-stateless\\\/2025\\\/05\\\/09fc4f84-dsc_8091-1024x681.jpg 1024w, https:\\\/\\\/www.greenpeace.org\\\/static\\\/planet4-finland-stateless\\\/2025\\\/05\\\/09fc4f84-dsc_8091-768x511.jpg 768w, https:\\\/\\\/www.greenpeace.org\\\/static\\\/planet4-finland-stateless\\\/2025\\\/05\\\/09fc4f84-dsc_8091-1536x1022.jpg 1536w, https:\\\/\\\/www.greenpeace.org\\\/static\\\/planet4-finland-stateless\\\/2025\\\/05\\\/09fc4f84-dsc_8091-2048x1363.jpg 2048w, https:\\\/\\\/www.greenpeace.org\\\/static\\\/planet4-finland-stateless\\\/2025\\\/05\\\/09fc4f84-dsc_8091-510x340.jpg 510w&quot;,&quot;image_sizes&quot;:false,&quot;alt_text&quot;:&quot;&quot;,&quot;caption&quot;:&quot;Projisoinnilla halutaan kiinnitt\\u00e4\\u00e4 huomiota yritysmaailman ja politiikan vallank\\u00e4ytt\\u00e4jien luontovihamielisiin ja kansalaisoikeuksia kaventaviin tekoihin. &quot;,&quot;focus_image&quot;:&quot;&quot;,&quot;credits&quot;:&quot;\\u00a9 Thomas Frankton \\\/ Greenpeace&quot;}]}}\"><section class=\"block carousel-wrap \"><\/section><\/div>\n<p>Petteri Orpon kuvan yhteydess\u00e4 oleva viesti kritisoi Orpon puheiden ja tekojen v\u00e4list\u00e4 ristiriitaa. Orpon hallitus hyv\u00e4ksyi maaliskuussa vanhojen metsien kansalliset suojelukriteerit, joita tiedeyhteis\u00f6 on laajalti pit\u00e4nyt puutteellisina ja jopa luontokadon torjunnan vastaisina. Hallitus on my\u00f6s j\u00e4tt\u00e4nyt tekem\u00e4tt\u00e4 p\u00e4\u00e4t\u00f6kset lis\u00e4toimista, joilla vastataan maank\u00e4ytt\u00f6sektorin hiilinielujen romahdukseen. Suomen ilmastolakiin kirjattu hiilineutraaliustavoite 2035 ei voi k\u00e4yt\u00e4nn\u00f6ss\u00e4 toteutua, mik\u00e4li hiilinieluja ei korjata.<\/p>\n\n<p>\u201cYmp\u00e4rist\u00f6liikett\u00e4 tarvitaan nyt enemm\u00e4n kuin koskaan, kun p\u00e4\u00e4tt\u00e4j\u00e4t sivuuttavat tutkitun tiedon ja kansalaisten vaatimukset. Petteri Orpo ei ole Donald Trump, mutta jatkuva tieteellisen tiedon ja ymp\u00e4rist\u00f6kriisien sivuuttaminen viev\u00e4t Suomeakin kohti yhteiskuntaa, jossa harvojen etu asetetaan luonnon ja kansalaisten hyvinvoinnin edelle. Miten voimme yhteiskuntana perustella valtavat leikkaukset, kun saastuttajille jaetaan samaan aikaan ymp\u00e4rist\u00f6lle haitallisia tukia satoja miljoonia?\u201d, Touko Sipil\u00e4inen kommentoi.<\/p>\n\n<p>Projisointi on osa Greenpeacen kansainv\u00e4list\u00e4 Time To Resist -kampanjaa, jossa halutaan kiinnitt\u00e4\u00e4 huomiota yritysmaailman ja politiikan vallank\u00e4ytt\u00e4jien luontovihamielisiin ja kansalaisoikeuksia kaventaviin tekoihin. Greenpeace<a href=\"https:\/\/www.greenpeace.org\/finland\/tiedotteet\/greenpeace\/oikeuden-paatos-yhdysvalloissa-greenpeacen-maksettava-660-miljoonan-dollarin-vahingonkorvaukset-oljy-yhtio-energy-transferille\/\"> tuomittiin maaliskuussa<\/a> Yhdysvalloissa mittaviin korvauksiin energiayhti\u00f6 Energy Transferille. Kyseess\u00e4 on niin sanottu strategiseen vaientamiseen pyrkiv\u00e4 oikeuskanne (SLAPP), jossa yritys pyrkii oikeusj\u00e4rjestelm\u00e4n kautta vaientamaan kriittiset \u00e4\u00e4net. Energy Transfer on vaatinut Greenpeacelta jopa satojen miljoonien korvauksia Dakota Access Pipeline -kaasuputkea vastustaneista mielenosoituksista, joita Greenpeace ei tosiasiassa ole j\u00e4rjest\u00e4nyt. <br><br>Energy Transferin toimitusjohtaja Kelcy Warren on tunnettu Donald Trumpin tukijana ja ilmastoliikkeen kova\u00e4\u00e4nisen\u00e4 vastustajana. Greenpeace on nostanut Euroopassa vastakanteen Energy Transferia vastaan EU:n SLAPP-oikeudenk\u00e4ynneilt\u00e4 suojaavan direktiivin pohjalta. Sen k\u00e4sittely alkaa hein\u00e4kuussa Amsterdamissa.<\/p>\n\n<p><strong>Lis\u00e4tiedot<\/strong><\/p>\n\n<p>Touko Sipil\u00e4inen, maajohtaja<br>touko.sipilainen@greenpeace.org<br>044 239 4404<\/p>\n\n<p>Juuso Janhunen, tiedottaja<br>juuso.janhunen@greenpeace.org<br>040 482 5541<\/p>\n","protected":false},"excerpt":{"rendered":"<p>Greenpeacen aktivistit heijastivat sunnuntain ja maanantain v\u00e4lisen\u00e4 y\u00f6n\u00e4 Finlandia-talon sein\u00e4\u00e4n j\u00e4ttikokoiset Donald Trumpin, Elon Muskin ja Petteri Orpon p\u00e4\u00e4t. Projisointi kritisoi Trumpin hallinnon hy\u00f6kk\u00e4yst\u00e4 kansalaisyhteiskuntaa ja sananvapautta kohtaan sek\u00e4 Suomen&hellip;<\/p>\n","protected":false},"author":33,"featured_media":59473,"comment_status":"closed","ping_status":"closed","sticky":false,"template":"","format":"standard","meta":{"_improvement_type_select":"improve_an_existing","_thumb_yes_seoaic":false,"_frame_yes_seoaic":false,"seoaic_generate_description":"","seoaic_improve_instructions_prompt":"","seoaic_rollback_content_improvement":"","seoaic_idea_thumbnail_generator":"","thumbnail_generated":false,"thumbnail_generate_prompt":"","seoaic_article_description":"","ep_exclude_from_search":false,"seoaic_article_subtitles":[],"p4_og_title":"","p4_og_description":"","p4_og_image":"","p4_og_image_id":"","p4_seo_canonical_url":"","p4_campaign_name":"","p4_local_project":"","p4_basket_name":"","p4_department":"","footnotes":""},"categories":[31],"tags":[38,58],"p4-page-type":[14],"class_list":["post-59468","post","type-post","status-publish","format-standard","has-post-thumbnail","hentry","category-greenpeace","tag-kansalaistottelemattomuus","tag-ilmastokriisinsyyt","p4-page-type-tiedotteet"],"_links":{"self":[{"href":"https:\/\/www.greenpeace.org\/finland\/wp-json\/wp\/v2\/posts\/59468","targetHints":{"allow":["GET"]}}],"collection":[{"href":"https:\/\/www.greenpeace.org\/finland\/wp-json\/wp\/v2\/posts"}],"about":[{"href":"https:\/\/www.greenpeace.org\/finland\/wp-json\/wp\/v2\/types\/post"}],"author":[{"embeddable":true,"href":"https:\/\/www.greenpeace.org\/finland\/wp-json\/wp\/v2\/users\/33"}],"replies":[{"embeddable":true,"href":"https:\/\/www.greenpeace.org\/finland\/wp-json\/wp\/v2\/comments?post=59468"}],"version-history":[{"count":3,"href":"https:\/\/www.greenpeace.org\/finland\/wp-json\/wp\/v2\/posts\/59468\/revisions"}],"predecessor-version":[{"id":60236,"href":"https:\/\/www.greenpeace.org\/finland\/wp-json\/wp\/v2\/posts\/59468\/revisions\/60236"}],"wp:featuredmedia":[{"embeddable":true,"href":"https:\/\/www.greenpeace.org\/finland\/wp-json\/wp\/v2\/media\/59473"}],"wp:attachment":[{"href":"https:\/\/www.greenpeace.org\/finland\/wp-json\/wp\/v2\/media?parent=59468"}],"wp:term":[{"taxonomy":"category","embeddable":true,"href":"https:\/\/www.greenpeace.org\/finland\/wp-json\/wp\/v2\/categories?post=59468"},{"taxonomy":"post_tag","embeddable":true,"href":"https:\/\/www.greenpeace.org\/finland\/wp-json\/wp\/v2\/tags?post=59468"},{"taxonomy":"p4-page-type","embeddable":true,"href":"https:\/\/www.greenpeace.org\/finland\/wp-json\/wp\/v2\/p4-page-type?post=59468"}],"curies":[{"name":"wp","href":"https:\/\/api.w.org\/{rel}","templated":true}]}}