{"id":59514,"date":"2025-05-28T13:56:47","date_gmt":"2025-05-28T10:56:47","guid":{"rendered":"https:\/\/www.greenpeace.org\/finland\/?p=59514"},"modified":"2025-06-02T10:59:49","modified_gmt":"2025-06-02T07:59:49","slug":"sietamatonta-aktivismia","status":"publish","type":"post","link":"https:\/\/www.greenpeace.org\/finland\/blogit\/greenpeace\/sietamatonta-aktivismia\/","title":{"rendered":"Keskustelutilaisuus ke 4.6.: Siet\u00e4m\u00e4t\u00f6nt\u00e4 aktivismia \u2013 millainen on terveen oikeusvaltion suhde kansalaistoimintaan?"},"content":{"rendered":"\n<p><br><\/p>\n\n<figure class=\"wp-block-image size-large\"><img loading=\"lazy\" decoding=\"async\" width=\"1024\" height=\"683\" src=\"https:\/\/www.greenpeace.org\/static\/planet4-finland-stateless\/2025\/05\/752e5f83-gp0stqt0p_pressmedia-2500px-1024x683.jpg\" alt=\"\" class=\"wp-image-59515\" srcset=\"https:\/\/www.greenpeace.org\/static\/planet4-finland-stateless\/2025\/05\/752e5f83-gp0stqt0p_pressmedia-2500px-1024x683.jpg 1024w, https:\/\/www.greenpeace.org\/static\/planet4-finland-stateless\/2025\/05\/752e5f83-gp0stqt0p_pressmedia-2500px-300x200.jpg 300w, https:\/\/www.greenpeace.org\/static\/planet4-finland-stateless\/2025\/05\/752e5f83-gp0stqt0p_pressmedia-2500px-768x512.jpg 768w, https:\/\/www.greenpeace.org\/static\/planet4-finland-stateless\/2025\/05\/752e5f83-gp0stqt0p_pressmedia-2500px-1536x1024.jpg 1536w, https:\/\/www.greenpeace.org\/static\/planet4-finland-stateless\/2025\/05\/752e5f83-gp0stqt0p_pressmedia-2500px-2048x1366.jpg 2048w, https:\/\/www.greenpeace.org\/static\/planet4-finland-stateless\/2025\/05\/752e5f83-gp0stqt0p_pressmedia-2500px-510x340.jpg 510w\" sizes=\"auto, (max-width: 1024px) 100vw, 1024px\" \/><\/figure>\n\n<p><strong>Mihin suuntaan kansalaistoiminnan rajat liikkuvat nyt Euroopassa ja meill\u00e4 Suomessa?&nbsp; Mill\u00e4 tavoin kansalaistoimintaa voi tukahduttaa, ja millaisin keinoin oikeusvaltiota voi puolustaa juuri nyt? <\/strong><br><br>Oikeusvaltion tulevaisuus ja kansalaisyhteiskunnan kapeneva toimintatila puhuttavat sek\u00e4 maailmalla ett\u00e4 Suomessa. <a href=\"https:\/\/www.greenpeace.org\/finland\/tiedotteet\/greenpeace\/oikeuden-paatos-yhdysvalloissa-greenpeacen-maksettava-660-miljoonan-dollarin-vahingonkorvaukset-oljy-yhtio-energy-transferille\/\">Yhdysvalloissa valamiehist\u00f6 m\u00e4\u00e4r\u00e4si hiljattain Greenpeacen maksamaan yli 660 miljoonan dollarin korvaukset \u00f6ljy-yhti\u00f6 Energy Transferille<\/a> osallisuudesta \u00f6ljyputken rakentamista vastustaneisiin mielenosoituksiin. Mist\u00e4 t\u00e4m\u00e4 kertoo? Voisiko jotain t\u00e4llaista tapahtua Euroopassa?<br><br>Tervetuloa mukaan kuulemaan asiantuntijoiden ajatuksia ja keskustelemaan!<\/p>\n\n<h2 class=\"wp-block-heading\"><strong>Siet\u00e4m\u00e4t\u00f6nt\u00e4 aktivismia \u2013 millainen on terveen oikeusvaltion suhde kansalaistoimintaan?<\/strong><\/h2>\n\n<p>Keskiviikkona 4.6.2025 klo 16:00 \u2013 17:30<br>Tekstin talon Permanto-sali, Lintulahdenkatu 3, Helsinki<br>Vapaa p\u00e4\u00e4sy! <br><br><strong>16.00\u201316.40 Alustukset<\/strong>:<\/p>\n\n<ul class=\"wp-block-list\">\n<li><strong>Annastiina Kallius<\/strong>, Helsingin yliopisto: <em>Aktivismin tila, caset Unkari ja Trumpin Yhdysvallat<\/em><\/li>\n\n\n\n<li><strong>Kati Nieminen<\/strong>, Helsingin yliopisto: <em>Aktivismi ja oikeuden Janus-kasvot<\/em><\/li>\n\n\n\n<li><strong>Tuuli Talvinko<\/strong>, Ymp\u00e4rist\u00f6litigaatios\u00e4\u00e4ti\u00f6: <em>Suomalainen aktivismi ja toteutunut oikeusk\u00e4yt\u00e4nt\u00f6<\/em><\/li>\n<\/ul>\n\n<p><strong>16.40\u201317.30 Paneelikeskustelu<\/strong>:<\/p>\n\n<ul class=\"wp-block-list\">\n<li>Panelisteina Annastiina Kallius, Kati Nieminen, Tuuli Talvinko, <strong>Pauli Rautiainen<\/strong> ja <strong>Sini Saarela<\/strong>.<\/li>\n\n\n\n<li>Moderaattorina Greenpeacen Suomen maajohtaja <strong>Touko Sipil\u00e4inen<\/strong>.<\/li>\n<\/ul>\n\n<h2 class=\"wp-block-heading\">Puhujat<\/h2>\n\n<ul class=\"wp-block-list\">\n<li><strong>Annastiina Kallius<\/strong> on Unkarin oikeusvaltiokehitykseen perehtynyt sosiaali- ja kulttuuriantropologian tutkijatohtori Helsingin yliopistossa. H\u00e4n on seurannut Unkarin alati kapenevaa yhteiskunnan tilaa jo vuosia, ja h\u00e4nen asiantuntijuutensa on erityisen kysytty\u00e4 nyt, kun Unkarin p\u00e4\u00e4ministeri Viktor Orb\u00e1n on Donald Trumpin edustaman politiikan p\u00e4\u00e4liittolainen Euroopassa, mik\u00e4 ravistelee Euroopan valtasuhteita.<br><\/li>\n\n\n\n<li><strong>Kati Nieminen<\/strong> on kansalaistottelemattomuuden moraalista oikeutusta tutkinut oikeussosiologian dosentti ja yliopistonlehtori Helsingin yliopistossa. <br><\/li>\n\n\n\n<li><strong>Tuuli Talvinko<\/strong> on Ymp\u00e4rist\u00f6litigaatios\u00e4\u00e4ti\u00f6n hallituksen puheenjohtaja, ja v\u00e4it\u00f6skirjatutkija eurooppalaisen oikeuden, identiteetin ja historian tutkimuksen huippuyksik\u00f6ss\u00e4 Helsingin yliopistossa. <br><\/li>\n\n\n\n<li><strong>Pauli Rautiainen<\/strong> on perus- ja ihmisoikeuksiin erikoistunut hallintotieteiden tohtori, joka ty\u00f6skentelee sosiaalioikeuden yliopistonlehtorina It\u00e4-Suomen yliopistossa. Rautiainen on tutkinut mm. totaalikielt\u00e4ytymist\u00e4 ja osallistunut julkiseen keskusteluun mielenosoitusoikeudesta.<br><\/li>\n\n\n\n<li><strong>Sini Saarela<\/strong> on aktivisti, joka oli vuonna 2013 Ven\u00e4j\u00e4ll\u00e4 pid\u00e4tettyn\u00e4 kaksi kuukautta osallistuttuaan Greenpeacen protestiin arktista \u00f6ljynporausta vastaan.<br><br><br><strong>Pyyd\u00e4mme ilmoittautumiset ennakkoon <a href=\"https:\/\/forms.gle\/56ZYAFBYCqSVSrXx9\">t\u00e4ll\u00e4 lomakkeella<\/a><\/strong>, jotta osaamme varata sopivan m\u00e4\u00e4r\u00e4n tarjoiluja. <br><br>L\u00e4mpim\u00e4sti tervetuloa!<\/li>\n<\/ul>\n","protected":false},"excerpt":{"rendered":"<p>Tervetuloa keskustelutilaisuuteen pohtimaan oikeusvaltion suhdetta kansalaistoimintaan. Mihin suuntaan kansalaistoiminnan rajat liikkuvat nyt Euroopassa ja meill\u00e4 Suomessa?\u00a0<\/p>\n","protected":false},"author":33,"featured_media":59515,"comment_status":"closed","ping_status":"closed","sticky":false,"template":"","format":"standard","meta":{"_improvement_type_select":"improve_an_existing","_thumb_yes_seoaic":false,"_frame_yes_seoaic":false,"seoaic_generate_description":"","seoaic_improve_instructions_prompt":"","seoaic_rollback_content_improvement":"","seoaic_idea_thumbnail_generator":"","thumbnail_generated":false,"thumbnail_generate_prompt":"","seoaic_article_description":"","ep_exclude_from_search":false,"seoaic_article_subtitles":[],"p4_og_title":"","p4_og_description":"","p4_og_image":"","p4_og_image_id":"","p4_seo_canonical_url":"","p4_campaign_name":"","p4_local_project":"","p4_basket_name":"","p4_department":"","footnotes":""},"categories":[31],"tags":[],"p4-page-type":[16],"class_list":["post-59514","post","type-post","status-publish","format-standard","has-post-thumbnail","hentry","category-greenpeace","p4-page-type-blogit"],"_links":{"self":[{"href":"https:\/\/www.greenpeace.org\/finland\/wp-json\/wp\/v2\/posts\/59514","targetHints":{"allow":["GET"]}}],"collection":[{"href":"https:\/\/www.greenpeace.org\/finland\/wp-json\/wp\/v2\/posts"}],"about":[{"href":"https:\/\/www.greenpeace.org\/finland\/wp-json\/wp\/v2\/types\/post"}],"author":[{"embeddable":true,"href":"https:\/\/www.greenpeace.org\/finland\/wp-json\/wp\/v2\/users\/33"}],"replies":[{"embeddable":true,"href":"https:\/\/www.greenpeace.org\/finland\/wp-json\/wp\/v2\/comments?post=59514"}],"version-history":[{"count":12,"href":"https:\/\/www.greenpeace.org\/finland\/wp-json\/wp\/v2\/posts\/59514\/revisions"}],"predecessor-version":[{"id":59543,"href":"https:\/\/www.greenpeace.org\/finland\/wp-json\/wp\/v2\/posts\/59514\/revisions\/59543"}],"wp:featuredmedia":[{"embeddable":true,"href":"https:\/\/www.greenpeace.org\/finland\/wp-json\/wp\/v2\/media\/59515"}],"wp:attachment":[{"href":"https:\/\/www.greenpeace.org\/finland\/wp-json\/wp\/v2\/media?parent=59514"}],"wp:term":[{"taxonomy":"category","embeddable":true,"href":"https:\/\/www.greenpeace.org\/finland\/wp-json\/wp\/v2\/categories?post=59514"},{"taxonomy":"post_tag","embeddable":true,"href":"https:\/\/www.greenpeace.org\/finland\/wp-json\/wp\/v2\/tags?post=59514"},{"taxonomy":"p4-page-type","embeddable":true,"href":"https:\/\/www.greenpeace.org\/finland\/wp-json\/wp\/v2\/p4-page-type?post=59514"}],"curies":[{"name":"wp","href":"https:\/\/api.w.org\/{rel}","templated":true}]}}