{"id":59752,"date":"2025-06-10T11:41:26","date_gmt":"2025-06-10T08:41:26","guid":{"rendered":"https:\/\/www.greenpeace.org\/finland\/?p=59752"},"modified":"2025-06-10T11:41:31","modified_gmt":"2025-06-10T08:41:31","slug":"metsahallitus-aloitti-luonnonmetsien-havittamisen-torkeilla-kesahakkuilla-storaenso-petti-vastuullisuuslupauksensa-ja-osti-puuta","status":"publish","type":"post","link":"https:\/\/www.greenpeace.org\/finland\/blogit\/metsat\/metsahallitus-aloitti-luonnonmetsien-havittamisen-torkeilla-kesahakkuilla-storaenso-petti-vastuullisuuslupauksensa-ja-osti-puuta\/","title":{"rendered":"Mets\u00e4hallitus aloitti luonnonmetsien h\u00e4vitt\u00e4misen t\u00f6rkeill\u00e4 kes\u00e4hakkuilla &#8211; StoraEnso petti vastuullisuuslupauksensa ja osti puuta"},"content":{"rendered":"\n<p>Valtion liikelaitos Mets\u00e4hallitus aloitti asiantuntijaty\u00f6ryhm\u00e4n kartoittamien luonnonmets\u00e4kohteiden hakkuut Kainuussa. Hakkuut n\u00e4ill\u00e4 kohteilla ovat olleet k\u00e4yt\u00e4nn\u00f6ss\u00e4 j\u00e4iss\u00e4 useiden vuosien ajan.<\/p>\n\n<figure class=\"wp-block-image size-large\"><img loading=\"lazy\" decoding=\"async\" width=\"1024\" height=\"768\" src=\"https:\/\/www.greenpeace.org\/static\/planet4-finland-stateless\/2025\/06\/3b559082-img20250607125356_pieni-1024x768.jpg\" alt=\"\" class=\"wp-image-59765\" srcset=\"https:\/\/www.greenpeace.org\/static\/planet4-finland-stateless\/2025\/06\/3b559082-img20250607125356_pieni-1024x768.jpg 1024w, https:\/\/www.greenpeace.org\/static\/planet4-finland-stateless\/2025\/06\/3b559082-img20250607125356_pieni-300x225.jpg 300w, https:\/\/www.greenpeace.org\/static\/planet4-finland-stateless\/2025\/06\/3b559082-img20250607125356_pieni-768x576.jpg 768w, https:\/\/www.greenpeace.org\/static\/planet4-finland-stateless\/2025\/06\/3b559082-img20250607125356_pieni-1536x1152.jpg 1536w, https:\/\/www.greenpeace.org\/static\/planet4-finland-stateless\/2025\/06\/3b559082-img20250607125356_pieni-1821x1366.jpg 1821w, https:\/\/www.greenpeace.org\/static\/planet4-finland-stateless\/2025\/06\/3b559082-img20250607125356_pieni-453x340.jpg 453w, https:\/\/www.greenpeace.org\/static\/planet4-finland-stateless\/2025\/06\/3b559082-img20250607125356_pieni.jpg 2000w\" sizes=\"auto, (max-width: 1024px) 100vw, 1024px\" \/><\/figure>\n\n<p>Suomussalmen Iso Kaupinvaaran etel\u00e4puolella pirstottiin hakkuilla 3.-5. kes\u00e4kuuta uhanalaisten lajien elinymp\u00e4rist\u00f6, monimuotoinen vanhojen metsien ja soiden muodostama kohde. Kohteelta tunnettiin runsas uhanalainen ja silm\u00e4ll\u00e4pidett\u00e4vien vanhojen metsien sammal- ja j\u00e4k\u00e4l\u00e4lajisto. Lintulajistoon kuuluivat alueellisesti uhanalainen kuukkeli ja pohjantikka.<\/p>\n\n<p>Korpia, avosoita, painanteita. Kuusikkoa ja m\u00e4nnikk\u00f6\u00e4. Palonj\u00e4lkisi\u00e4 aihkim\u00e4ntyj\u00e4 edellisist\u00e4 puusukupolvista ja palaneita kelonkappaleita kertomassa aiemmasta luonnollisesta luonnonmets\u00e4n kehityskulusta. Lahopuuta pystyss\u00e4 ja maassa. J\u00e4reit\u00e4 haapoja, t\u00e4rkeit\u00e4 liito-oravalle, joka mit\u00e4 todenn\u00e4k\u00f6isimmin k\u00e4ytti n\u00e4it\u00e4 metsi\u00e4 lis\u00e4\u00e4ntymis- ja kulkualueinaan l\u00e4hist\u00f6n suojelualueilta etel\u00e4\u00e4n Mustajoen varteen. Kohde t\u00e4ytti Luonnonmets\u00e4ty\u00f6ryhm\u00e4n k\u00e4ytt\u00e4m\u00e4t, Suomessa yleisesti eri yhteyksiss\u00e4 k\u00e4ytetyt suojelullisesti arvokkaiden metsien kriteerit; esimerkiksi vanhojen metsien suojeluohjelmaa varten aikanaan tehdyt m\u00e4\u00e4ritelm\u00e4t, Natura 2000- boreaalisen luonnonmets\u00e4n luontotyyppim\u00e4\u00e4ritelm\u00e4n, Metso-ohjelman kriteerit.. Jne.<\/p>\n\n<figure class=\"wp-block-image size-large\"><img loading=\"lazy\" decoding=\"async\" width=\"1024\" height=\"768\" src=\"https:\/\/www.greenpeace.org\/static\/planet4-finland-stateless\/2025\/06\/9bbedf72-img20250607132747_pieni-1024x768.jpg\" alt=\"\" class=\"wp-image-59778\" srcset=\"https:\/\/www.greenpeace.org\/static\/planet4-finland-stateless\/2025\/06\/9bbedf72-img20250607132747_pieni-1024x768.jpg 1024w, https:\/\/www.greenpeace.org\/static\/planet4-finland-stateless\/2025\/06\/9bbedf72-img20250607132747_pieni-300x225.jpg 300w, https:\/\/www.greenpeace.org\/static\/planet4-finland-stateless\/2025\/06\/9bbedf72-img20250607132747_pieni-768x576.jpg 768w, https:\/\/www.greenpeace.org\/static\/planet4-finland-stateless\/2025\/06\/9bbedf72-img20250607132747_pieni-1536x1152.jpg 1536w, https:\/\/www.greenpeace.org\/static\/planet4-finland-stateless\/2025\/06\/9bbedf72-img20250607132747_pieni-1821x1366.jpg 1821w, https:\/\/www.greenpeace.org\/static\/planet4-finland-stateless\/2025\/06\/9bbedf72-img20250607132747_pieni-453x340.jpg 453w, https:\/\/www.greenpeace.org\/static\/planet4-finland-stateless\/2025\/06\/9bbedf72-img20250607132747_pieni.jpg 2000w\" sizes=\"auto, (max-width: 1024px) 100vw, 1024px\" \/><\/figure>\n\n<p>Avo- ja harvennushakkuiden kohteeksi joutui my\u00f6s kosteita korpimetsi\u00e4, ja niit\u00e4 myll\u00e4ttiin t\u00f6rke\u00e4sti mets\u00e4koneiden ajourilla, kun kiireellisiss\u00e4 hakkuissa ei viitsitty tai ehditty kiert\u00e4\u00e4. Oli niin kiire toimittaa luonnonmets\u00e4puuta kest\u00e4v\u00e4sti toimivien mets\u00e4teollisuusyritysten tuotantolaitoksille.<\/p>\n\n<figure class=\"wp-block-image size-large\"><img loading=\"lazy\" decoding=\"async\" width=\"1024\" height=\"768\" src=\"https:\/\/www.greenpeace.org\/static\/planet4-finland-stateless\/2025\/06\/cae6389d-img20250607125349_pieni-1024x768.jpg\" alt=\"\" class=\"wp-image-59766\" srcset=\"https:\/\/www.greenpeace.org\/static\/planet4-finland-stateless\/2025\/06\/cae6389d-img20250607125349_pieni-1024x768.jpg 1024w, https:\/\/www.greenpeace.org\/static\/planet4-finland-stateless\/2025\/06\/cae6389d-img20250607125349_pieni-300x225.jpg 300w, https:\/\/www.greenpeace.org\/static\/planet4-finland-stateless\/2025\/06\/cae6389d-img20250607125349_pieni-768x576.jpg 768w, https:\/\/www.greenpeace.org\/static\/planet4-finland-stateless\/2025\/06\/cae6389d-img20250607125349_pieni-1536x1152.jpg 1536w, https:\/\/www.greenpeace.org\/static\/planet4-finland-stateless\/2025\/06\/cae6389d-img20250607125349_pieni-1821x1366.jpg 1821w, https:\/\/www.greenpeace.org\/static\/planet4-finland-stateless\/2025\/06\/cae6389d-img20250607125349_pieni-453x340.jpg 453w, https:\/\/www.greenpeace.org\/static\/planet4-finland-stateless\/2025\/06\/cae6389d-img20250607125349_pieni.jpg 2000w\" sizes=\"auto, (max-width: 1024px) 100vw, 1024px\" \/><\/figure>\n\n<p>Yksi Mets\u00e4hallituksen suurimmista puunostajista, <a href=\"https:\/\/www.storaenso.com\/en\/sustainability\/latest-updates-and-stories\/kannatamme-vastuullista-metsanhoitoa-ja-sidosryhmadialogia\" data-type=\"link\" data-id=\"https:\/\/www.storaenso.com\/en\/sustainability\/latest-updates-and-stories\/kannatamme-vastuullista-metsanhoitoa-ja-sidosryhmadialogia\">StoraEnso, linjasi vuonna 2017, ettei se ota vastaan puuta Mets\u00e4hallitukselta n\u00e4ist\u00e4 Kainuun kiistanalaisista vanhoista metsist\u00e4, ennen kuin tilanne on ratkaistu dialogin avulla ymp\u00e4rist\u00f6j\u00e4rjest\u00f6jen ja Mets\u00e4hallituksen kesken.<\/a> <\/p>\n\n<p>Ratkaistu. No, Kaupinvaaraa ei oltu ratkaistu. Niinkuin ei ole Kainuun kiistanalaisten kohteiden kokonaisuutta muutenkaan. Mets\u00e4hallitus teki mit\u00e4 tykk\u00e4si. 3.6. pidetyss\u00e4 neuvottelussa se ei suostunut muuttamaan valmiita suunnitelmiaan lainkaan, eik\u00e4 laitos ottanut mill\u00e4\u00e4n tavalla Suomen luonnonsuojeluliiton ja Greenpeacen n\u00e4kemyksi\u00e4 huomioon. Valmis hakkuusuunnitelma pantiin kiireellisen\u00e4 toimeen samantien, vaikka laitokselle kerrottiin ett\u00e4 hakkuualueilla on silm\u00e4ll\u00e4pidett\u00e4vi\u00e4 punaisen listan lajeja ja korpia. Laitokselle kerrattiin j\u00e4rjest\u00f6jen kantana, ett\u00e4 suurinta osaa alueelle suunnitelluista hakkuista ei voi ekologisesti kest\u00e4v\u00e4sti tehd\u00e4 \u2013 reunoilla oleville ei-luonnonmetsille todettiin hakkuun olevan OK. Mutta Mets\u00e4hallitukselle t\u00e4m\u00e4 j\u00e4rjest\u00f6jen esitt\u00e4m\u00e4 kompromissi ei riitt\u00e4nyt. <\/p>\n\n<p>Vuonna 1999 Mets\u00e4hallitus oli m\u00e4\u00e4ritellyt Kaupinvaaran alueen monimuotoisuuden lis\u00e4\u00e4misalueeksi osana <a href=\"https:\/\/julkaisut.metsa.fi\/julkaisu\/naljangan-alue-ekologinen-suunnitelma\/\" data-type=\"link\" data-id=\"https:\/\/julkaisut.metsa.fi\/julkaisu\/naljangan-alue-ekologinen-suunnitelma\/\">N\u00e4lj\u00e4ng\u00e4n alueelle laadittua alue-ekologista suunnitelmaa<\/a>. Sittemmin monimuotoisuuden lis\u00e4\u00e4misalue on lakkautettu, ja nyt siis tahallaan p\u00e4\u00e4tettiin v\u00e4hent\u00e4\u00e4 tiedetty\u00e4 monimuotoisuutta.<\/p>\n\n<p>Samassa alue-ekologisessa suunnitelmassa todettiin 1999, ett\u00e4 vanhojen metsien lajien elinymp\u00e4rist\u00f6jen m\u00e4\u00e4r\u00e4 alueella tulee hakkuiden seurauksena laskemaan alle kriittisten kynnysten. Erikseen osattiin suunnitelmassa pahoitella, ett\u00e4 alle 10 hehtaarin saarekkeissa lajien elinolot alkavat heikkenem\u00e4\u00e4n. Nyt, 26 vuotta my\u00f6hemmin Mets\u00e4hallitus sitten hakkasi Kaupinvaarassa viel\u00e4 j\u00e4ljell\u00e4 ollutta ollutta vanhaa mets\u00e4\u00e4 siten, ett\u00e4 vanhat mets\u00e4t v\u00e4hennettiin, pirstottiin ja eristettiin \u2013 juurikin alle 10 hehtaarin ja huomattavasti pienemmiksi l\u00e4nteiksi. Ei s\u00e4\u00e4stetty. Hakattiin.<\/p>\n\n<figure class=\"wp-block-image size-large\"><img loading=\"lazy\" decoding=\"async\" width=\"1024\" height=\"768\" src=\"https:\/\/www.greenpeace.org\/static\/planet4-finland-stateless\/2025\/06\/66f97440-img20250607133015_pieni-1024x768.jpg\" alt=\"\" class=\"wp-image-59767\" srcset=\"https:\/\/www.greenpeace.org\/static\/planet4-finland-stateless\/2025\/06\/66f97440-img20250607133015_pieni-1024x768.jpg 1024w, https:\/\/www.greenpeace.org\/static\/planet4-finland-stateless\/2025\/06\/66f97440-img20250607133015_pieni-300x225.jpg 300w, https:\/\/www.greenpeace.org\/static\/planet4-finland-stateless\/2025\/06\/66f97440-img20250607133015_pieni-768x576.jpg 768w, https:\/\/www.greenpeace.org\/static\/planet4-finland-stateless\/2025\/06\/66f97440-img20250607133015_pieni-1536x1152.jpg 1536w, https:\/\/www.greenpeace.org\/static\/planet4-finland-stateless\/2025\/06\/66f97440-img20250607133015_pieni-1821x1366.jpg 1821w, https:\/\/www.greenpeace.org\/static\/planet4-finland-stateless\/2025\/06\/66f97440-img20250607133015_pieni-453x340.jpg 453w, https:\/\/www.greenpeace.org\/static\/planet4-finland-stateless\/2025\/06\/66f97440-img20250607133015_pieni.jpg 2000w\" sizes=\"auto, (max-width: 1024px) 100vw, 1024px\" \/><\/figure>\n\n<p>Miten on mahdollista, ett\u00e4 valtion laitos toimii n\u00e4in r\u00e4ike\u00e4sti ekologista tutkimustietoa ja itse sanomaansa vastaan? Vai onko aivan sama kirjoitella \u201dekologisiin\u201d suunnitelmiin luontokadosta, ja sitten toimia juuri niin, ett\u00e4 aiheuttaakin sit\u00e4? <\/p>\n\n<p>Mutta miten StoraEnso vastuullisena puunostajana hyv\u00e4ksyy t\u00e4m\u00e4n t\u00f6rkeyden? Ett\u00e4 sen edellytt\u00e4m\u00e4 dialogi ei olekaan dialogia, vaan yksipuolista sanelua, ja ennenkaikkea, miksi StoraEnso on nyt alkanut ostamaan vuosikausia j\u00e4iss\u00e4 ollutta vanhojen, monimuotoisten ja uhanalaisten metsien puuta? Saman kysymyksen toki voi esitt\u00e4\u00e4 muillekin kest\u00e4vyytt\u00e4 mainostaville yrityksille, esim. Mets\u00e4Groupille, joka kertoo: <a href=\"https:\/\/www.metsagroup.com\/fi\/puunhankinta\/uutiset-ja-julkaisut\/tiedotteet\/2023\/metsa-groupin-vastuullinen-puunhankinta-kasvaa-kemin-biotuotetehtaan-myota\/\">&#8221;Emme hanki tehtaalle puuta vanhoista, suojelunarvoisista metsist\u00e4.&#8221;<\/a> Hankkiiko Kaupinvaarasta &#8211; yhti\u00f6 vaikenee kysytt\u00e4ess\u00e4.<\/p>\n\n<p><em>Matti Liimatainen<\/em><br>Mets\u00e4vastaava<\/p>\n\n<p>Ps. Kaupinvaaran luonnonmets\u00e4n kiirehakkuut tehtiin lintujen pesim\u00e4aikaan. Vanhojen metsien EU-direktiivilaji pohjantikka ja alueellisesti uhanalainen kuukkeli olivat Kaupinvaarassa havaittuja lajeja. <a href=\"https:\/\/yle.fi\/a\/74-20166105\">Silti Mets\u00e4hallituksen aluejohtaja <em>Kalle Eerik\u00e4inen<\/em> v\u00e4itti YLE:n jutussa, ett\u00e4 hakkuu ja sen toimeenpano oli \u201dpoikkeuksellisen huolellisesti suunniteltu.\u201d<\/a> Hieno suoritus! Poikkeuksellisen huolellisesti p\u00e4\u00e4tettiin h\u00e4vitt\u00e4\u00e4 ja heikent\u00e4\u00e4 uhanalaisten ja vanhojen metsien lajien elinymp\u00e4rist\u00f6j\u00e4, ja viel\u00e4 pesim\u00e4aikaan.<\/p>\n\n<p><\/p>\n","protected":false},"excerpt":{"rendered":"<p>Valtion liikelaitos Mets\u00e4hallitus aloitti asiantuntijaty\u00f6ryhm\u00e4n kartoittamien luonnonmets\u00e4kohteiden hakkuut Kainuussa. Hakkuut n\u00e4ill\u00e4 kohteilla ovat olleet k\u00e4yt\u00e4nn\u00f6ss\u00e4 j\u00e4iss\u00e4 useiden vuosien ajan.<\/p>\n","protected":false},"author":36,"featured_media":59755,"comment_status":"closed","ping_status":"closed","sticky":false,"template":"","format":"standard","meta":{"_improvement_type_select":"improve_an_existing","_thumb_yes_seoaic":false,"_frame_yes_seoaic":false,"seoaic_generate_description":"","seoaic_improve_instructions_prompt":"","seoaic_rollback_content_improvement":"","seoaic_idea_thumbnail_generator":"","thumbnail_generated":false,"thumbnail_generate_prompt":"","seoaic_article_description":"","ep_exclude_from_search":false,"seoaic_article_subtitles":[],"p4_og_title":"","p4_og_description":"","p4_og_image":"","p4_og_image_id":"","p4_seo_canonical_url":"","p4_campaign_name":"","p4_local_project":"","p4_basket_name":"","p4_department":"","footnotes":""},"categories":[3],"tags":[6,70,75,78],"p4-page-type":[16],"class_list":["post-59752","post","type-post","status-publish","format-standard","has-post-thumbnail","hentry","category-metsat","tag-luonnonmetsa","tag-luontokato","tag-metsateollisuus","tag-monimuotoisuus","p4-page-type-blogit"],"_links":{"self":[{"href":"https:\/\/www.greenpeace.org\/finland\/wp-json\/wp\/v2\/posts\/59752","targetHints":{"allow":["GET"]}}],"collection":[{"href":"https:\/\/www.greenpeace.org\/finland\/wp-json\/wp\/v2\/posts"}],"about":[{"href":"https:\/\/www.greenpeace.org\/finland\/wp-json\/wp\/v2\/types\/post"}],"author":[{"embeddable":true,"href":"https:\/\/www.greenpeace.org\/finland\/wp-json\/wp\/v2\/users\/36"}],"replies":[{"embeddable":true,"href":"https:\/\/www.greenpeace.org\/finland\/wp-json\/wp\/v2\/comments?post=59752"}],"version-history":[{"count":8,"href":"https:\/\/www.greenpeace.org\/finland\/wp-json\/wp\/v2\/posts\/59752\/revisions"}],"predecessor-version":[{"id":59779,"href":"https:\/\/www.greenpeace.org\/finland\/wp-json\/wp\/v2\/posts\/59752\/revisions\/59779"}],"wp:featuredmedia":[{"embeddable":true,"href":"https:\/\/www.greenpeace.org\/finland\/wp-json\/wp\/v2\/media\/59755"}],"wp:attachment":[{"href":"https:\/\/www.greenpeace.org\/finland\/wp-json\/wp\/v2\/media?parent=59752"}],"wp:term":[{"taxonomy":"category","embeddable":true,"href":"https:\/\/www.greenpeace.org\/finland\/wp-json\/wp\/v2\/categories?post=59752"},{"taxonomy":"post_tag","embeddable":true,"href":"https:\/\/www.greenpeace.org\/finland\/wp-json\/wp\/v2\/tags?post=59752"},{"taxonomy":"p4-page-type","embeddable":true,"href":"https:\/\/www.greenpeace.org\/finland\/wp-json\/wp\/v2\/p4-page-type?post=59752"}],"curies":[{"name":"wp","href":"https:\/\/api.w.org\/{rel}","templated":true}]}}