{"id":59781,"date":"2025-06-10T12:28:49","date_gmt":"2025-06-10T09:28:49","guid":{"rendered":"https:\/\/www.greenpeace.org\/finland\/?p=59781"},"modified":"2025-06-10T12:36:40","modified_gmt":"2025-06-10T09:36:40","slug":"nousu-festivaalin-ohjelma-nyt-julki","status":"publish","type":"post","link":"https:\/\/www.greenpeace.org\/finland\/blogit\/greenpeace\/nousu-festivaalin-ohjelma-nyt-julki\/","title":{"rendered":"Nousu -festivaalin ohjelma nyt julki \u2013 mukana aktivismia Ven\u00e4j\u00e4lt\u00e4, kuntavaalien \u00e4\u00e4niharava Alma Tuuva, somevaikuttajia, hyperpop-artisti Knife Girl ja paljon muuta"},"content":{"rendered":"\n<p>Ensimm\u00e4ist\u00e4 kertaa t\u00e4n\u00e4 vuonna j\u00e4rjestett\u00e4v\u00e4 <a href=\"https:\/\/www.greenpeace.org\/finland\/nousu-festivaali\/\">Nousu-festivaali<\/a> tuo Helsingin \u00c4\u00e4niwalliin lauantaina 14.6. aktivismin, vaikuttamisen ja yhteiskunnallisen muutoksen tekij\u00f6it\u00e4. Yleis\u00f6lle ilmaisen tapahtuman p\u00e4iv\u00e4ohjelmassa on mm. Ven\u00e4l\u00e4isen aktivistin <strong>Filipp Shchelkanovin<\/strong> kokemuksia maan hallinnon koventuneista otteista, kunnallisvaaleissa \u00e4\u00e4nisaaliillaan kohauttaneen <strong>Alma Tuuvan<\/strong> meemiworkshop ja kansalaisvaikuttamisen eri muotoja ymp\u00e4rist\u00f6oikeudenk\u00e4ynneist\u00e4 podcasteihin. <\/p>\n\n<p>Iltaohjelmassa n\u00e4hd\u00e4\u00e4n mm. Hyperpop-artisti <strong>Knife Girli<\/strong>, lofi-dancepoppari <strong>Ty Roxy<\/strong> ja <strong>London Zoo<\/strong>-kollektiivin DJ:t. Koko ohjelmiston voi katsoa <a href=\"https:\/\/nousufestivaali.fi\/\">festivaalin ohjelmasivuilta<\/a>.<\/p>\n\n<p>Shchelkanovin ja Tuuvan lis\u00e4ksi Nousun p\u00e4iv\u00e4ohjelmassa n\u00e4hd\u00e4\u00e4n mm. ex-ymp\u00e4rist\u00f6ministeri <strong>Emma Kari<\/strong>, vastuullisuusvaikuttaja <strong>Niklas Kaskeala<\/strong>, somevaikuttaja <strong>Jenni Rotonen<\/strong> ja Greenpeacen maajohtaja <strong>Touko Sipil\u00e4inen<\/strong>, jotka keskustelevat yritysaktivismista. Kokeneet aktivistit <strong>Sini Harkki<\/strong>, <strong>Saila Kivel\u00e4<\/strong> ja <strong>Suvi Auvinen<\/strong> keskustelevat suoran toiminnan saavutuksista. Lis\u00e4ksi ohjelmassa on someajan aktivismin kommentaattori <strong>Veikka Lahtisen<\/strong> podcast-ty\u00f6paja, sek\u00e4 Ymp\u00e4rist\u00f6litigaatios\u00e4\u00e4ti\u00f6n esitys oikeudenk\u00e4ynneist\u00e4 vaikutuskanavana. Median ja aktivismin suhteesta keskustelevat toimittajat <strong>Lotta N\u00e4rhi<\/strong> (Long Play)&nbsp; ja <strong>Jaakko Parkkinen<\/strong> (Uusi Juttu), sek\u00e4 Journalistin p\u00e4\u00e4toimittaja <strong>Marja Honkonen<\/strong>.<\/p>\n\n<p>Festivaalin iltaohjelmassa \u00c4\u00e4niwallissa esiintyv\u00e4t kriitikoiden ylist\u00e4m\u00e4, omintakeisella hyperpopillaan miljoonastriimeihin ylt\u00e4nyt <strong>Knife Girl<\/strong> ja lofi-dancepopillaan hurmaava <strong>Ty Roxy<\/strong>, sek\u00e4 UK-ravemusiikista tunnetun, ulkoilmabileiss\u00e4 ja klubeilla yleis\u00f6n villinneen London Zoo -kollektiivin DJ:t <strong>Niffi D<\/strong>, <strong>Mary Young<\/strong> ja <strong>Volpe<\/strong>, sek\u00e4 r\u00e4pp\u00e4ri <strong>XT<\/strong> eli Ex Tuuttiz. IDA Helsingin DJ:den eklektinen biisivalikoima viihdytt\u00e4\u00e4 festivaaliyleis\u00f6\u00e4 p\u00e4iv\u00e4ll\u00e4 \u00c4\u00e4niwallin terassilla ja illalla tapahtuman Activist Hub-lavalla.<\/p>\n\n<p>\u201cTuoreita ajatuksia, yhteyksi\u00e4 ja erityisesti toimintaa tarvitaan nyt, kun demokratian vastaiset voimat ja luontoa uhkaavat kriisit kiihtyv\u00e4t. Huolestuttavan maailmantilanteen keskell\u00e4 ihmisille pit\u00e4\u00e4 my\u00f6s tarjota keinoja osallistua ja vaikuttaa. Siksi halusimme tehd\u00e4 kaikille avoimet, toimimaan innostavat juhlat, jotka ovat my\u00f6s omalla tavallaan uutta kansalaisaktivismia\u201d, kertoo festivaalian j\u00e4rjest\u00e4v\u00e4n Greenpeacen maajohtaja&nbsp;<strong>Touko Sipil\u00e4inen<\/strong>.<\/p>\n\n<p>Festivaalin ovet aukeavat yleis\u00f6lle klo 14, ja tapahtuma jatkuu aina aamuy\u00f6h\u00f6n asti. Festivaalin p\u00e4iv\u00e4ohjelma on avoin kaiken ik\u00e4isille, mutta iltaohjelmaan on 18-vuoden ik\u00e4raja. Nousu on yleis\u00f6lle ilmainen. P\u00e4iv\u00e4ll\u00e4 \u00c4\u00e4niwallin pihalla on my\u00f6s puuhanurkka lapsille, joten tapahtumaan voi osallistua my\u00f6s lasten kanssa. Nousu-festivaalin j\u00e4rjest\u00e4\u00e4 Greenpeace.<br><br><strong>Lis\u00e4tiedot<\/strong><br><br>Touko Sipil\u00e4inen, Greenpeace Suomen maajohtaja<br>touko.sipilainen@greenpeace.org<br>044 239 4404<br><br>Juuso Janhunen, tiedottaja<br>juuso.janhunen@greenpeace.org<br>040 482 5541<\/p>\n","protected":false},"excerpt":{"rendered":"<p>Ensimm\u00e4ist\u00e4 kertaa t\u00e4n\u00e4 vuonna j\u00e4rjestett\u00e4v\u00e4 Nousu-festivaali tuo Helsingin \u00c4\u00e4niwalliin lauantaina 14.6. aktivismin, vaikuttamisen ja yhteiskunnallisen muutoksen tekij\u00f6it\u00e4. Tapahtuma on yleis\u00f6lle ilmainen.<\/p>\n","protected":false},"author":33,"featured_media":59726,"comment_status":"closed","ping_status":"closed","sticky":false,"template":"","format":"standard","meta":{"_improvement_type_select":"improve_an_existing","_thumb_yes_seoaic":false,"_frame_yes_seoaic":false,"seoaic_generate_description":"","seoaic_improve_instructions_prompt":"","seoaic_rollback_content_improvement":"","seoaic_idea_thumbnail_generator":"","thumbnail_generated":false,"thumbnail_generate_prompt":"","seoaic_article_description":"","ep_exclude_from_search":false,"seoaic_article_subtitles":[],"p4_og_title":"","p4_og_description":"","p4_og_image":"","p4_og_image_id":"","p4_seo_canonical_url":"","p4_campaign_name":"","p4_local_project":"","p4_basket_name":"","p4_department":"","footnotes":""},"categories":[31],"tags":[38,81],"p4-page-type":[16],"class_list":["post-59781","post","type-post","status-publish","format-standard","has-post-thumbnail","hentry","category-greenpeace","tag-kansalaistottelemattomuus","tag-osallistu","p4-page-type-blogit"],"_links":{"self":[{"href":"https:\/\/www.greenpeace.org\/finland\/wp-json\/wp\/v2\/posts\/59781","targetHints":{"allow":["GET"]}}],"collection":[{"href":"https:\/\/www.greenpeace.org\/finland\/wp-json\/wp\/v2\/posts"}],"about":[{"href":"https:\/\/www.greenpeace.org\/finland\/wp-json\/wp\/v2\/types\/post"}],"author":[{"embeddable":true,"href":"https:\/\/www.greenpeace.org\/finland\/wp-json\/wp\/v2\/users\/33"}],"replies":[{"embeddable":true,"href":"https:\/\/www.greenpeace.org\/finland\/wp-json\/wp\/v2\/comments?post=59781"}],"version-history":[{"count":3,"href":"https:\/\/www.greenpeace.org\/finland\/wp-json\/wp\/v2\/posts\/59781\/revisions"}],"predecessor-version":[{"id":59785,"href":"https:\/\/www.greenpeace.org\/finland\/wp-json\/wp\/v2\/posts\/59781\/revisions\/59785"}],"wp:featuredmedia":[{"embeddable":true,"href":"https:\/\/www.greenpeace.org\/finland\/wp-json\/wp\/v2\/media\/59726"}],"wp:attachment":[{"href":"https:\/\/www.greenpeace.org\/finland\/wp-json\/wp\/v2\/media?parent=59781"}],"wp:term":[{"taxonomy":"category","embeddable":true,"href":"https:\/\/www.greenpeace.org\/finland\/wp-json\/wp\/v2\/categories?post=59781"},{"taxonomy":"post_tag","embeddable":true,"href":"https:\/\/www.greenpeace.org\/finland\/wp-json\/wp\/v2\/tags?post=59781"},{"taxonomy":"p4-page-type","embeddable":true,"href":"https:\/\/www.greenpeace.org\/finland\/wp-json\/wp\/v2\/p4-page-type?post=59781"}],"curies":[{"name":"wp","href":"https:\/\/api.w.org\/{rel}","templated":true}]}}