{"id":60215,"date":"2025-07-09T16:06:36","date_gmt":"2025-07-09T13:06:36","guid":{"rendered":"https:\/\/www.greenpeace.org\/finland\/?p=60215"},"modified":"2025-07-09T16:54:04","modified_gmt":"2025-07-09T13:54:04","slug":"pommit-upottivat-greenpeacen-lippulaivan-40-vuotta-sitten-hyokkaykset-aktivismia-vastaan-jatkuvat-yha","status":"publish","type":"post","link":"https:\/\/www.greenpeace.org\/finland\/tiedotteet\/greenpeace\/pommit-upottivat-greenpeacen-lippulaivan-40-vuotta-sitten-hyokkaykset-aktivismia-vastaan-jatkuvat-yha\/","title":{"rendered":"Pommit upottivat Greenpeacen lippulaivan 40 vuotta sitten \u2013 Hy\u00f6kk\u00e4ykset aktivismia vastaan jatkuvat yh\u00e4"},"content":{"rendered":"\n<figure class=\"wp-block-image\"><img loading=\"lazy\" decoding=\"async\" width=\"1200\" height=\"787\" src=\"https:\/\/www.greenpeace.org\/static\/planet4-finland-stateless\/2025\/07\/4446f8cd-gp01ers.jpg\" title=\"Aftermath of Shipwreck after the Rainbow Warrior Bombing in NZ. \u00a9 Greenpeace \/ John Miller\" alt=\"Aftermath of Shipwreck after the Rainbow Warrior Bombing in NZ. \u00a9 Greenpeace \/ John Miller\" class=\"wp-image-60217\" srcset=\"https:\/\/www.greenpeace.org\/static\/planet4-finland-stateless\/2025\/07\/4446f8cd-gp01ers.jpg 1200w, https:\/\/www.greenpeace.org\/static\/planet4-finland-stateless\/2025\/07\/4446f8cd-gp01ers-300x197.jpg 300w, https:\/\/www.greenpeace.org\/static\/planet4-finland-stateless\/2025\/07\/4446f8cd-gp01ers-1024x672.jpg 1024w, https:\/\/www.greenpeace.org\/static\/planet4-finland-stateless\/2025\/07\/4446f8cd-gp01ers-768x504.jpg 768w, https:\/\/www.greenpeace.org\/static\/planet4-finland-stateless\/2025\/07\/4446f8cd-gp01ers-510x334.jpg 510w\" sizes=\"auto, (max-width: 1200px) 100vw, 1200px\" \/><figcaption class=\"wp-element-caption\">Pommitettu Rainbow Warrior Aucklandin satamassa Uudessa-Seelannissa hein\u00e4kuussa 1985.<br><div class=\"credit icon-left\"> \u00a9 Greenpeace \/ John Miller<\/div><\/figcaption><\/figure>\n\n<p><em><strong>Nelj\u00e4kymment\u00e4 vuotta sitten Ranskan tiedustelupalvelu upotti Greenpeacen aluksen Aucklandin satamassa tappaen valokuvaaja Fernando Pereiran. Pommi-isku her\u00e4tti maailmanlaajuisen raivon ja vahvisti ymp\u00e4rist\u00f6liikett\u00e4. Taistelu oikeudenmukaisuuden ja luonnon puolesta jatkuu edelleen.<\/strong><\/em><\/p>\n\n<p>Greenpeacen lippulaiva, <strong>Rainbow Warrior<\/strong>, valmistautuu parhaillaan surulliseen muistop\u00e4iv\u00e4\u00e4n Aucklandissa, Uudessa-Seelannissa. Suomessa harva kuitenkaan tiet\u00e4\u00e4, mit\u00e4 samaisessa satamassa tapahtui 40 vuotta aiemmin.<\/p>\n\n<p>Hein\u00e4kuun 10. p\u00e4iv\u00e4 vuonna 1985 Greenpeace ja silloinen Rainbow Warrior valmisteli l\u00e4ht\u00f6\u00e4 Mururoan atollille Tyynellemerelle aikeenaan vastustaa Ranskan alueella suorittamia ydinkokeita. Ydinkokeita vastustava kampanja oli tuolloin Greenpeacen toiminnan ydint\u00e4. Kuukautta aiemmin <a href=\"https:\/\/www.greenpeace.org\/aotearoa\/story\/from-rongelap-to-mejatto-rainbow-warrior-helped-move-nuclear-refugees\/\">j\u00e4rjest\u00f6 oli auttanut Marshallinsaarten Rongelapin yhteis\u00f6\u00e4 muuttamaan pois kotisaareltaan Mejatton saarelle<\/a>, ydinlaskeuman haitallisten vaikutusten ulottumattomiin.<\/p>\n\n<p>Mutta Rainbow Warrior ei en\u00e4\u00e4 koskaan purjehtinut Aucklandista.<\/p>\n\n<p>Ranskan tiedustelupalvelu upotti aluksen satamaan.<\/p>\n\n<p>Pommi-iskussa kuoli aluksen henkil\u00f6st\u00f6\u00f6n kuulunut portugalilainen valokuvaaja ja is\u00e4, 35-vuotias <strong>Fernando Pereira<\/strong>. Laiva tuhoutui k\u00e4ytt\u00f6kelvottomaksi.<\/p>\n\n<p>Rainbow Warriorin pommitus oli tarkoituksellinen yritys vaientaa Tyynenmeren alueen ydinkoevastainen liike ja aktivismi. V\u00e4kivalta rauhanomaista protestointia vastaan her\u00e4tti raivoa ymp\u00e4ri maailman ja tukahtumisen sijaan ymp\u00e4rist\u00f6liike kasvoi entisest\u00e4\u00e4n. Syntyi iskulause \u201c<em>You Can\u2019t Sink a Rainbow<\/em>\u201d \u2013 sateenkaarta ei voi upottaa. Lauseesta tuli toivon ja toiminnan symboli.<\/p>\n\n<p>Aluksi Ranskan hallitus kiisti kaiken, mutta joutui lopulta my\u00f6nt\u00e4m\u00e4\u00e4n pommituksen olleen valtion suunnittelema, hyv\u00e4ksym\u00e4 ja huolellisesti toteuttama.<\/p>\n\n<p>Greenpeace jatkoi ydinkokeiden vastaista kampanjaansa kunnes vuonna 1996 Ranskan ydinkokeet vihdoin loppuivat<\/p>\n\n<p>&nbsp;\u201cT\u00e4m\u00e4 vuosip\u00e4iv\u00e4 ei ole juhlan, vaan muistamisen hetki. Muistamme Fernando Pereiraa, Rainbow Warriorin henkil\u00f6st\u00f6\u00e4 ja silloista teht\u00e4v\u00e4\u00e4\u201d, t\u00e4hdent\u00e4\u00e4 Greenpeace Internationalin p\u00e4\u00e4sihteeri <strong>Mads Christensen<\/strong>.<\/p>\n\n<p>\u201cRanskan valtio yritti nelj\u00e4kymment\u00e4 vuotta sitten pelotella rauhanomaisia aktivisteja pommeilla. Kyse ei ollut vain laivan upottamisesta \u2013 vaan koko liikkeen, aktivismin ja toivon \u00e4\u00e4nen hiljent\u00e4misest\u00e4. Mutta he ep\u00e4onnistuivat. He vain puhalsivat lis\u00e4\u00e4 tuulta purjeisiin\u201d, Cristensen jatkaa.<\/p>\n\n<figure class=\"wp-block-image\"><img loading=\"lazy\" decoding=\"async\" width=\"1200\" height=\"675\" src=\"https:\/\/www.greenpeace.org\/static\/planet4-finland-stateless\/2025\/07\/bcf2e357-gp0su562r.jpg\" title=\"Dive on Rainbow Warrior Wreck in Matauri Bay, New Zealand. \u00a9 Josh Chapman \/ Greenpeace\" alt=\"Dive on Rainbow Warrior Wreck in Matauri Bay, New Zealand. \u00a9 Josh Chapman \/ Greenpeace\" class=\"wp-image-60216\" srcset=\"https:\/\/www.greenpeace.org\/static\/planet4-finland-stateless\/2025\/07\/bcf2e357-gp0su562r.jpg 1200w, https:\/\/www.greenpeace.org\/static\/planet4-finland-stateless\/2025\/07\/bcf2e357-gp0su562r-300x169.jpg 300w, https:\/\/www.greenpeace.org\/static\/planet4-finland-stateless\/2025\/07\/bcf2e357-gp0su562r-1024x576.jpg 1024w, https:\/\/www.greenpeace.org\/static\/planet4-finland-stateless\/2025\/07\/bcf2e357-gp0su562r-768x432.jpg 768w, https:\/\/www.greenpeace.org\/static\/planet4-finland-stateless\/2025\/07\/bcf2e357-gp0su562r-510x287.jpg 510w\" sizes=\"auto, (max-width: 1200px) 100vw, 1200px\" \/><figcaption class=\"wp-element-caption\">Alkuper\u00e4inen Rainbow Warrior sai viimeisen leposijansa Matauri Bayssa, Uuden-Seelannin Cavalli-saarilla. Upotettu laiva on nyky\u00e4\u00e4n merieli\u00f6st\u00f6lt\u00e4\u00e4n rikas riutta ja suojelualue, joka houkuttelee paikalle my\u00f6s sukeltajia.<br><div class=\"credit icon-left\"> \u00a9 Josh Chapman \/ Greenpeace<\/div><\/figcaption><\/figure>\n\n<h4 class=\"wp-block-heading\">Aktivismi yh\u00e4 uhattuna<\/h4>\n\n<p>Nelj\u00e4 vuosikymment\u00e4 pommi-iskun j\u00e4lkeen samat syyt, jotka veiv\u00e4t Rainbow Warriorin Tyynellemerelle, ovat yh\u00e4 ratkaisematta\u201d, Christensen muistuttaa.<\/p>\n\n<p>\u201cKiihtyv\u00e4 sodan uhka, ilmastokriisi sek\u00e4 luontokato osoittavat, ett\u00e4 tarvitsemme aktivismia nyt enemm\u00e4n kuin koskaan.\u201d<\/p>\n\n<p>Moni yhti\u00f6 yritt\u00e4\u00e4 t\u00e4ll\u00e4 hetkell\u00e4 hiljent\u00e4\u00e4 Greenpeacea eri puolilla maailmaa niin kutsutuilla SLAPP-kanteilla (<em>Strategic Lawsuit Against Public Participation<\/em>): Energy Transfer Yhdysvalloissa, ENI Italiassa, TotalEnergies Ranskassa, Shell Britanniassa, Fonterra Uudessa-Seelannissa ja JBS Brasiliassa.<\/p>\n\n<p>Ymp\u00e4rist\u00f6j\u00e4rjest\u00f6 taistelee vastaan my\u00f6s oikeusteitse. Viime viikolla <a href=\"https:\/\/www.greenpeace.org\/finland\/tiedotteet\/greenpeace\/uusi-eu-direktiivi-ensimmaista-kertaa-koetuksella-greenpeace-kohtaa-fossiilijatin-tanaan-oikeudessa-alankomaissa\/\">Greenpeace International aloitti oikeusjutun Energy Transfer -yhti\u00f6t\u00e4 vastaan<\/a> vaatien korvauksia toistuvista ja perusteettomista syyt\u00f6ksist\u00e4 vedoten EU:n anti-SLAPP-direktiiviin. Uuden direktiivin tarkoitus on suojella sananvapautta ja kansalaisyhteiskunnan toimintaa, kuten toimittajia ja kansalaisj\u00e4rjest\u00f6j\u00e4.<\/p>\n\n<p>\u201dSateenkaarta ei voi upottaa eik\u00e4 toivoa vaientaa. Usko siihen, ett\u00e4 muutos parempaan on mahdollinen \u2013 ja ett\u00e4 yhdess\u00e4 voimme tehd\u00e4 sen todeksi\u201d, Christensen toteaa lopuksi.<\/p>\n\n<figure class=\"wp-block-image\"><img loading=\"lazy\" decoding=\"async\" width=\"1200\" height=\"800\" src=\"https:\/\/www.greenpeace.org\/static\/planet4-finland-stateless\/2025\/07\/2c66663c-gp0su65vf.jpg\" title=\"You Can&#039;t Sink a Rainbow - Action in Aucland, New Zealand. \u00a9 Paul Hilton \/ Greenpeace\" alt=\"You Can't Sink a Rainbow - Action in Aucland, New Zealand. \u00a9 Paul Hilton \/ Greenpeace\" class=\"wp-image-60218\" srcset=\"https:\/\/www.greenpeace.org\/static\/planet4-finland-stateless\/2025\/07\/2c66663c-gp0su65vf.jpg 1200w, https:\/\/www.greenpeace.org\/static\/planet4-finland-stateless\/2025\/07\/2c66663c-gp0su65vf-300x200.jpg 300w, https:\/\/www.greenpeace.org\/static\/planet4-finland-stateless\/2025\/07\/2c66663c-gp0su65vf-1024x683.jpg 1024w, https:\/\/www.greenpeace.org\/static\/planet4-finland-stateless\/2025\/07\/2c66663c-gp0su65vf-768x512.jpg 768w, https:\/\/www.greenpeace.org\/static\/planet4-finland-stateless\/2025\/07\/2c66663c-gp0su65vf-510x340.jpg 510w\" sizes=\"auto, (max-width: 1200px) 100vw, 1200px\" \/><figcaption class=\"wp-element-caption\">Rainbow Warrior vuosip\u00e4iv\u00e4n valaistuksessa Aucklandin satamassa Uudessa-Seelannissa. Greenpeacen ty\u00f6ntekij\u00e4t ja vapaaehtoiset pitelev\u00e4t kirjaimia, jotka muodostavat ikonisen lauseen &#8221;You Can&#8217;t Sink a Rainbow&#8221;.<br><div class=\"credit icon-left\"> \u00a9 Paul Hilton \/ Greenpeace<\/div><\/figcaption><\/figure>\n\n<p>Historiallisia kuvia ja videoita median k\u00e4ytt\u00f6\u00f6n <a href=\"https:\/\/media.greenpeace.org\/Share\/8f55341bgb3l1j3ln4417rv5g45mikdf\">t\u00e4\u00e4ll\u00e4<\/a>. Kuvia Rainbow Warriorista valaistuna vuosip\u00e4iv\u00e4n kunniaksi <a href=\"https:\/\/media.greenpeace.org\/Detail\/27MZIFJR1ME1B\">t\u00e4\u00e4ll\u00e4<\/a>.<\/p>\n\n<p>Lue lis\u00e4\u00e4 40 vuoden takaisista tapahtumista <a href=\"https:\/\/www.greenpeace.org\/aotearoa\/about\/our-history\/bombing-of-the-rainbow-warrior\/the-bombing-of-the-rainbow-warrior-fact-file\/\">t\u00e4\u00e4lt\u00e4<\/a>.<\/p>\n\n<p><\/p>\n\n<p>Lis\u00e4tietoja:<\/p>\n\n<p>Oona Poranen, Ilmasto- ja energia-asiantuntija<br><a href=\"mailto:oona.poranen@greenpeace.org\">oona.poranen@greenpeace.org<\/a>, 044 734 7837<\/p>\n\n<p>Simon Black, Greenpeace International&nbsp;<br><a href=\"mailto:simon.black@greenpeace.org\">sblack@greenpeace.org<\/a>, +61 420 488 219,<\/p>\n\n<p>Greenpeace International Press Desk<br><a href=\"mailto:pressdesk.int@greenpeace.org\">pressdesk.int@greenpeace.org<\/a>, +31 (0) 20 718 2470 (24 h)<\/p>\n\n<p><\/p>\n","protected":false},"excerpt":{"rendered":"<p>Nelj\u00e4kymment\u00e4 vuotta sitten Ranskan tiedustelupalvelu upotti Greenpeacen aluksen Aucklandin satamassa tappaen valokuvaaja Fernando Pereiran. Pommi-isku her\u00e4tti maailmanlaajuisen raivon ja vahvisti ymp\u00e4rist\u00f6liikett\u00e4.<\/p>\n","protected":false},"author":33,"featured_media":60217,"comment_status":"closed","ping_status":"closed","sticky":false,"template":"","format":"standard","meta":{"_improvement_type_select":"improve_an_existing","_thumb_yes_seoaic":false,"_frame_yes_seoaic":false,"seoaic_generate_description":"","seoaic_improve_instructions_prompt":"","seoaic_rollback_content_improvement":"","seoaic_idea_thumbnail_generator":"","thumbnail_generated":false,"thumbnail_generate_prompt":"","seoaic_article_description":"","ep_exclude_from_search":false,"seoaic_article_subtitles":[],"p4_og_title":"","p4_og_description":"","p4_og_image":"","p4_og_image_id":"","p4_seo_canonical_url":"","p4_campaign_name":"","p4_local_project":"","p4_basket_name":"","p4_department":"","footnotes":""},"categories":[31],"tags":[62,38],"p4-page-type":[14],"class_list":["post-60215","post","type-post","status-publish","format-standard","has-post-thumbnail","hentry","category-greenpeace","tag-greenpeacenlaivat","tag-kansalaistottelemattomuus","p4-page-type-tiedotteet"],"_links":{"self":[{"href":"https:\/\/www.greenpeace.org\/finland\/wp-json\/wp\/v2\/posts\/60215","targetHints":{"allow":["GET"]}}],"collection":[{"href":"https:\/\/www.greenpeace.org\/finland\/wp-json\/wp\/v2\/posts"}],"about":[{"href":"https:\/\/www.greenpeace.org\/finland\/wp-json\/wp\/v2\/types\/post"}],"author":[{"embeddable":true,"href":"https:\/\/www.greenpeace.org\/finland\/wp-json\/wp\/v2\/users\/33"}],"replies":[{"embeddable":true,"href":"https:\/\/www.greenpeace.org\/finland\/wp-json\/wp\/v2\/comments?post=60215"}],"version-history":[{"count":4,"href":"https:\/\/www.greenpeace.org\/finland\/wp-json\/wp\/v2\/posts\/60215\/revisions"}],"predecessor-version":[{"id":60222,"href":"https:\/\/www.greenpeace.org\/finland\/wp-json\/wp\/v2\/posts\/60215\/revisions\/60222"}],"wp:featuredmedia":[{"embeddable":true,"href":"https:\/\/www.greenpeace.org\/finland\/wp-json\/wp\/v2\/media\/60217"}],"wp:attachment":[{"href":"https:\/\/www.greenpeace.org\/finland\/wp-json\/wp\/v2\/media?parent=60215"}],"wp:term":[{"taxonomy":"category","embeddable":true,"href":"https:\/\/www.greenpeace.org\/finland\/wp-json\/wp\/v2\/categories?post=60215"},{"taxonomy":"post_tag","embeddable":true,"href":"https:\/\/www.greenpeace.org\/finland\/wp-json\/wp\/v2\/tags?post=60215"},{"taxonomy":"p4-page-type","embeddable":true,"href":"https:\/\/www.greenpeace.org\/finland\/wp-json\/wp\/v2\/p4-page-type?post=60215"}],"curies":[{"name":"wp","href":"https:\/\/api.w.org\/{rel}","templated":true}]}}