{"id":6044,"date":"2020-11-04T11:47:38","date_gmt":"2020-11-04T08:47:38","guid":{"rendered":"https:\/\/www.greenpeace.org\/finland\/?p=6044"},"modified":"2023-04-11T16:07:27","modified_gmt":"2023-04-11T13:07:27","slug":"ilmastokriisi-saapui-norjan-korkeimpaan-oikeuteen-tulossa-merkittava-ennakkotapaus","status":"publish","type":"post","link":"https:\/\/www.greenpeace.org\/finland\/tiedotteet\/meret\/ilmastokriisi-saapui-norjan-korkeimpaan-oikeuteen-tulossa-merkittava-ennakkotapaus\/","title":{"rendered":"Ilmastokriisi saapui Norjan korkeimpaan oikeuteen \u2013 tulossa merkitt\u00e4v\u00e4 ennakkotapaus"},"content":{"rendered":"\n<figure class=\"wp-block-image size-large  caption-style-medium caption-alignment-center\"><img loading=\"lazy\" decoding=\"async\" width=\"1024\" height=\"683\" src=\"https:\/\/www.greenpeace.org\/static\/planet4-finland-stateless\/2020\/11\/fdba4143-gp0stqznc_medium_res-1024x683.jpg\" alt=\"\" class=\"wp-image-6045\" srcset=\"https:\/\/www.greenpeace.org\/static\/planet4-finland-stateless\/2020\/11\/fdba4143-gp0stqznc_medium_res-1024x683.jpg 1024w, https:\/\/www.greenpeace.org\/static\/planet4-finland-stateless\/2020\/11\/fdba4143-gp0stqznc_medium_res-300x200.jpg 300w, https:\/\/www.greenpeace.org\/static\/planet4-finland-stateless\/2020\/11\/fdba4143-gp0stqznc_medium_res-768x512.jpg 768w, https:\/\/www.greenpeace.org\/static\/planet4-finland-stateless\/2020\/11\/fdba4143-gp0stqznc_medium_res-510x340.jpg 510w, https:\/\/www.greenpeace.org\/static\/planet4-finland-stateless\/2020\/11\/fdba4143-gp0stqznc_medium_res.jpg 1200w\" sizes=\"auto, (max-width: 1024px) 100vw, 1024px\" \/><figcaption class=\"wp-element-caption\"><em>Mielenosoitus Norjan valtion ja Statoilin harjoittamaa arktista \u00f6ljynporausta vastaan vuonna 2017. Kajakeissa Hanna Jauhiainen Suomesta, Miriam Friedrich It\u00e4vallasta, Andreas Widlund Ruotsista sek\u00e4 Dalia Kellou It\u00e4vallasta. <\/em><br><em>Kuva: Nick Cobbing \/ Greenpeace.<\/em><\/figcaption><\/figure>\n\n<p><em>Oslo, Norja, 4. marraskuuta 2020. <\/em><\/p>\n\n<p><em>Nuoret ilmastoaktivistit sek\u00e4 ymp\u00e4rist\u00f6j\u00e4rjest\u00f6t kohtaavat viimein Norjan hallituksen korkeimmassa oikeudessa arktisen \u00f6ljynporauksen vuoksi. Oikeustapauksen my\u00f6t\u00e4 uusi \u00f6ljynporaus arktisella alueella voitaisiin kielt\u00e4\u00e4. Tapaus luo merkitt\u00e4v\u00e4n ennakkotapauksen vastaaville ilmasto-oikeudenk\u00e4ynneille kaikkialla maailmassa.<\/em><\/p>\n\n<p>&#8221;Emme voi hyv\u00e4ksy\u00e4 arktisen alueen avaamista \u00f6ljynporaukselle keskell\u00e4 ilmastokriisi\u00e4. Toivomme ja uskomme, ett\u00e4 korkein oikeus pit\u00e4\u00e4 ilmastokriisi\u00e4 globaalina ongelmana ja tunnustaa Norjan merkitt\u00e4v\u00e4n vaikutuksen kriisin kiihdytt\u00e4misess\u00e4. Norjan valtio on saatettava vastuuseen ja arktisen alueen \u00f6ljylisenssit on peruttava\u201d, sanoo Greenpeacen Norjan maajohtaja <strong>Frode Pleym<\/strong>.<\/p>\n\n<p>Greenpeace Nordic sek\u00e4 Norjan Nuoret Maan yst\u00e4v\u00e4t veiv\u00e4t Norjan valtion oikeuteen vuonna 2016, kun Norja my\u00f6nsi \u00f6ljynporauslupia luonnoltaan haavoittuvaisille arktisille vesille. J\u00e4rjest\u00f6jen mukaan uudet \u00f6ljynporausluvat rikkovat Norjan perustuslakia, joka takaa oikeuden turvalliseen ja terveeseen ymp\u00e4rist\u00f6\u00f6n, ja velvoittaa valtiota turvaamaan saman oikeuden my\u00f6s tuleville sukupolville.<\/p>\n\n<p>Viime viikolla, eli vain viikko ennen korkeimman oikeuden kuulemisen alkua, Norjaa ravisteli poliittinen skandaali. Ilmasto-oikeudenk\u00e4yntiin liittyvist\u00e4 asiakirjoista k\u00e4vi ilmi, ett\u00e4 <a href=\"https:\/\/www.newsinenglish.no\/2020\/10\/27\/arctic-oil-losses-report-withheld\/\">Norjan hallitus on piilotellut parlamentilta tietoa \u00f6ljynporaukseen liittyvist\u00e4 valtavista taloudellisista riskeist\u00e4<\/a>. Uuden paljastuksen mukaan Norjan hallitus tiesi jo vuonna 2012, ett\u00e4 \u00f6ljynetsint\u00e4 saattaa olla kannattamatonta. Tieto pidettiin kuitenkin salassa sek\u00e4 veronmaksajilta ett\u00e4 parlamentilta, joten parlamentin p\u00e4\u00e4t\u00f6s avata uusia \u00f6ljykentti\u00e4 ei ole perustunut uusimpaan tietoon.<\/p>\n\n<p>Hovioikeuden p\u00e4\u00e4t\u00f6s ilmasto-oikeudenk\u00e4ynnist\u00e4 saatiin t\u00e4m\u00e4n vuoden tammikuussa. Vaikka p\u00e4\u00e4t\u00f6s puolsi Norjan valtiota, siihen liittyi merkitt\u00e4vi\u00e4 voittoja ymp\u00e4rist\u00f6j\u00e4rjest\u00f6ille. Hovioikeuden mukaan perustuslaki takaa oikeuden terveeseen elinymp\u00e4rist\u00f6\u00f6n ja Norjan valtion velvollisuuksiin kuuluu vastuu p\u00e4\u00e4st\u00f6ist\u00e4, jotka syntyv\u00e4t norjalaisen \u00f6ljyn polttamisesta my\u00f6s ulkomailla.<\/p>\n\n<p>Norjan ulkomaanviennin ilmastop\u00e4\u00e4st\u00f6t ovat maailman seitsem\u00e4nneksi suurimmat, ja maalla on t\u00e4ll\u00e4 hetkell\u00e4 enemm\u00e4n aktiivisia \u00f6ljykentti\u00e4 kuin koskaan. T\u00e4m\u00e4 on suuressa ristiriidassa maan muutoin vihre\u00e4n imagon kanssa.<\/p>\n\n<p>\u201cOn ilmiselv\u00e4\u00e4, ett\u00e4 Norjan velvollisuus on olla tuottamatta enemp\u00e4\u00e4 \u00f6ljy\u00e4 tai kaasua kuin maapallo kest\u00e4\u00e4. \u00d6ljyn ja kaasun jatkuva etsint\u00e4 tuhoaa tulevien sukupolvien mahdollisuudet el\u00e4\u00e4 terveess\u00e4 elinymp\u00e4rist\u00f6ss\u00e4\u201d, sanoo <strong>Therese Hugstmyr Woie<\/strong>, Norjan Nuorten Maan yst\u00e4vien johtaja.<\/p>\n\n<p>Oikeuden p\u00e4\u00e4t\u00f6ksen odotetaan valmistuvan joko joulukuussa 2020 tai tammikuussa 2021. P\u00e4\u00e4t\u00f6ksen tarkka p\u00e4iv\u00e4m\u00e4\u00e4r\u00e4 tullaan luultavasti ilmoittamaan korkeimman oikeuden kuulemisen viimeisen\u00e4 p\u00e4iv\u00e4n\u00e4, eli 12. marraskuuta.<\/p>\n\n<h4 class=\"wp-block-heading\"><strong>Lis\u00e4tietoa ja kuvia:<\/strong><\/h4>\n\n<ul class=\"wp-block-list\">\n<li><a href=\"https:\/\/drive.google.com\/file\/d\/1ZNlvpIO6l9X_Azxd4NcMjkQMRKqiWYbM\/view\">Taustatietoa medialle (englanniksi)<\/a><\/li>\n\n\n\n<li><a href=\"http:\/\/www.xn--klimasksml-95a8t.no\/en\/2019\/10\/31\/legal-documents-in-english\/\">Lakiasiakirjat<\/a><\/li>\n\n\n\n<li><a href=\"https:\/\/media.greenpeace.org\/collection\/27MDHU4H0RP\">Kuvat median k\u00e4ytt\u00f6\u00f6n<\/a><\/li>\n<\/ul>\n\n<h4 class=\"wp-block-heading\"><strong>Taustatietoa:<\/strong><\/h4>\n\n<ul class=\"wp-block-list\">\n<li>Kyseess\u00e4 on ensimm\u00e4inen \u00f6ljyn- ja kaasunporausta k\u00e4sittelev\u00e4 oikeustapaus, joka perustuu Pariisin ilmastosopimukseen.<\/li>\n\n\n\n<li>Tapausta k\u00e4sitell\u00e4\u00e4n korkeimmassa oikeudessa seitsem\u00e4n p\u00e4iv\u00e4n ajan, 4. marraskuuta l\u00e4htien 12. marraskuuta asti. Koronatilanteen vuoksi k\u00e4sittely tapahtuu p\u00e4\u00e4asiassa digitaalisesti. Kuulemisia voi seurata livel\u00e4hetyksen kautta <a href=\"http:\/\/act.gp\/in_court\">t\u00e4\u00e4lt\u00e4<\/a>.&nbsp;<\/li>\n\n\n\n<li>J\u00e4rjest\u00f6t veiv\u00e4t Norjan hallituksen oikeuteen, sill\u00e4 hallitus my\u00f6nsi 13 yritykselle \u00f6ljyluvat arktisille vesille.<\/li>\n\n\n\n<li>\u00d6ljy-yhti\u00f6t, joille luvat my\u00f6nnettiin, ovat: Equinor (entinen Statoil, Norja), Capricorn, Tullow and Centrica (Iso-Britannia), Chevron ja ConocoPhillips (Yhdysvallat), DEA (Saksa), Aker BP (Norja), Idemitsu (Japani), Lukoil (Ven\u00e4j\u00e4), Lundin Petroleum (Ruotsi), OMV (It\u00e4valta), PGNiG (Norja\/Puola).&nbsp;<\/li>\n\n\n\n<li>Oikeustapauksen aloittamisen j\u00e4lkeen Chevron ja Tullow Oil Norge ovat myyneet osuutensa \u00f6ljyluvista. Centrica Resources ja Bayerngaz Norge yhdistyiv\u00e4t Spirit Energyksi.<\/li>\n<\/ul>\n\n<h4 class=\"wp-block-heading\"><strong>Yhteystiedot:<\/strong><\/h4>\n\n<p>Laura Meller, Arktis- ja meriasiantuntija<br>laura.meller@greenpeace.org<br>040 180 3322<\/p>\n\n<p>Frode Pleym, Greenpeace Nordenin maajohtaja Norjassa<br>frode.pleym@greenpeace.org<br>+47 973 073 78<\/p>\n\n<p>Daniel Bengtsson, Greenpeace Nordenin viestint\u00e4johtaja<br>daniel.bengtsson@greenpeace.org<br>+ 46 70 300 95 10<\/p>\n\n<p>Mari Vaara, tiedottaja<br>mari.vaara@greenpeace.org<br>040 751 7957<\/p>\n","protected":false},"excerpt":{"rendered":"<p>Nuoret ilmastoaktivistit sek\u00e4 ymp\u00e4rist\u00f6j\u00e4rjest\u00f6t kohtaavat viimein Norjan hallituksen korkeimmassa oikeudessa arktisen \u00f6ljynporauksen vuoksi. Oikeustapauksen my\u00f6t\u00e4 uusi \u00f6ljynporaus arktisella alueella voitaisiin kielt\u00e4\u00e4. Tapaus luo merkitt\u00e4v\u00e4n ennakkotapauksen vastaaville ilmasto-oikeudenk\u00e4ynneille kaikkialla maailmassa.<\/p>\n","protected":false},"author":43,"featured_media":6045,"comment_status":"closed","ping_status":"open","sticky":false,"template":"","format":"standard","meta":{"_improvement_type_select":"improve_an_existing","_thumb_yes_seoaic":false,"_frame_yes_seoaic":false,"seoaic_generate_description":"","seoaic_improve_instructions_prompt":"","seoaic_rollback_content_improvement":"","seoaic_idea_thumbnail_generator":"","thumbnail_generated":false,"thumbnail_generate_prompt":"","seoaic_article_description":"","ep_exclude_from_search":false,"seoaic_article_subtitles":[],"p4_og_title":"","p4_og_description":"","p4_og_image":"","p4_og_image_id":"","p4_seo_canonical_url":"","p4_campaign_name":"not set","p4_local_project":"not set","p4_basket_name":"not set","p4_department":"","footnotes":""},"categories":[4],"tags":[25,61,73],"p4-page-type":[14],"class_list":["post-6044","post","type-post","status-publish","format-standard","has-post-thumbnail","hentry","category-meret","tag-suojellaanmeret","tag-fossiiliset","tag-maailmanmeret","p4-page-type-tiedotteet"],"_links":{"self":[{"href":"https:\/\/www.greenpeace.org\/finland\/wp-json\/wp\/v2\/posts\/6044","targetHints":{"allow":["GET"]}}],"collection":[{"href":"https:\/\/www.greenpeace.org\/finland\/wp-json\/wp\/v2\/posts"}],"about":[{"href":"https:\/\/www.greenpeace.org\/finland\/wp-json\/wp\/v2\/types\/post"}],"author":[{"embeddable":true,"href":"https:\/\/www.greenpeace.org\/finland\/wp-json\/wp\/v2\/users\/43"}],"replies":[{"embeddable":true,"href":"https:\/\/www.greenpeace.org\/finland\/wp-json\/wp\/v2\/comments?post=6044"}],"version-history":[{"count":8,"href":"https:\/\/www.greenpeace.org\/finland\/wp-json\/wp\/v2\/posts\/6044\/revisions"}],"predecessor-version":[{"id":53806,"href":"https:\/\/www.greenpeace.org\/finland\/wp-json\/wp\/v2\/posts\/6044\/revisions\/53806"}],"wp:featuredmedia":[{"embeddable":true,"href":"https:\/\/www.greenpeace.org\/finland\/wp-json\/wp\/v2\/media\/6045"}],"wp:attachment":[{"href":"https:\/\/www.greenpeace.org\/finland\/wp-json\/wp\/v2\/media?parent=6044"}],"wp:term":[{"taxonomy":"category","embeddable":true,"href":"https:\/\/www.greenpeace.org\/finland\/wp-json\/wp\/v2\/categories?post=6044"},{"taxonomy":"post_tag","embeddable":true,"href":"https:\/\/www.greenpeace.org\/finland\/wp-json\/wp\/v2\/tags?post=6044"},{"taxonomy":"p4-page-type","embeddable":true,"href":"https:\/\/www.greenpeace.org\/finland\/wp-json\/wp\/v2\/p4-page-type?post=6044"}],"curies":[{"name":"wp","href":"https:\/\/api.w.org\/{rel}","templated":true}]}}