{"id":60931,"date":"2025-12-03T07:47:00","date_gmt":"2025-12-03T04:47:00","guid":{"rendered":"https:\/\/www.greenpeace.org\/finland\/?p=60931"},"modified":"2025-12-04T17:53:32","modified_gmt":"2025-12-04T14:53:32","slug":"nama-viisi-edistysaskelta-saavutimme-metsiensuojelussa-vuonna-2025","status":"publish","type":"post","link":"https:\/\/www.greenpeace.org\/finland\/blogit\/metsat\/nama-viisi-edistysaskelta-saavutimme-metsiensuojelussa-vuonna-2025\/","title":{"rendered":"N\u00e4m\u00e4 viisi edistysaskelta saavutimme metsiensuojelussa vuonna 2025"},"content":{"rendered":"\n<p>Teimme j\u00e4lleen valtavasti t\u00f6it\u00e4 Suomen mets\u00e4luonnon puolesta yhdess\u00e4 vapaaehtoisten kanssa vuoden 2025 aikana. T\u00e4ss\u00e4 viisi saavutettua edistysaskelta ja lopussa my\u00f6s jouluinen toive \ud83c\udf84\u2728<\/p>\n\n<figure class=\"wp-block-image size-large\"><img loading=\"lazy\" decoding=\"async\" width=\"1024\" height=\"736\" src=\"https:\/\/www.greenpeace.org\/static\/planet4-finland-stateless\/2025\/11\/7b51cc21-sanni-seppo-karttimonjoki-pieni-1024x736.jpg\" alt=\"\" class=\"wp-image-60932\" srcset=\"https:\/\/www.greenpeace.org\/static\/planet4-finland-stateless\/2025\/11\/7b51cc21-sanni-seppo-karttimonjoki-pieni-1024x736.jpg 1024w, https:\/\/www.greenpeace.org\/static\/planet4-finland-stateless\/2025\/11\/7b51cc21-sanni-seppo-karttimonjoki-pieni-300x216.jpg 300w, https:\/\/www.greenpeace.org\/static\/planet4-finland-stateless\/2025\/11\/7b51cc21-sanni-seppo-karttimonjoki-pieni-768x552.jpg 768w, https:\/\/www.greenpeace.org\/static\/planet4-finland-stateless\/2025\/11\/7b51cc21-sanni-seppo-karttimonjoki-pieni-1536x1103.jpg 1536w, https:\/\/www.greenpeace.org\/static\/planet4-finland-stateless\/2025\/11\/7b51cc21-sanni-seppo-karttimonjoki-pieni-473x340.jpg 473w, https:\/\/www.greenpeace.org\/static\/planet4-finland-stateless\/2025\/11\/7b51cc21-sanni-seppo-karttimonjoki-pieni.jpg 1708w\" sizes=\"auto, (max-width: 1024px) 100vw, 1024px\" \/><figcaption class=\"wp-element-caption\"><em>Karttimonjoen luonnonmets\u00e4\u00e4 uhkaavat valtion hakkuut. Mets\u00e4 saatiin pidetty\u00e4 turvassa hakkuilta t\u00e4n\u00e4kin vuonna. Kuva: Sanni Seppo.<\/em><\/figcaption><\/figure>\n\n<h2 class=\"wp-block-heading\">1. Korvaamattomia luonnonmetsi\u00e4 s\u00e4\u00e4styi hakkuilta valtionmailla<\/h2>\n\n<p>Joskus luonnonmetsi\u00e4 saa pelastettua neuvottelup\u00f6yd\u00e4ss\u00e4. T\u00e4n\u00e4 vuonna jatkoimme neuvotteluja Mets\u00e4hallituksen kanssa, ja onnistuimme pelastamaan hakkuilta hienoja luonnonmetsi\u00e4 ja muita suojelullisesti arvokkaita metsi\u00e4 eri puolilla Suomea.<\/p>\n\n<p>Neuvottelujen pohjina ovat ymp\u00e4rist\u00f6j\u00e4rjest\u00f6jen aiempina vuosina tekem\u00e4t erilaiset suojeluesitykset. Metsist\u00e4 vaihdetaan luonto- ja muuta tietoa, ja Mets\u00e4hallitus tapauskohtaisesti peruu, siirt\u00e4\u00e4, muuttaa hakkuusuunnitelmia tai toteuttaa kohteelle suunnittelemansa hakkuut.<\/p>\n\n<p>T\u00e4n\u00e4 vuonna neuvottelut johtivat useiden hakkuusuunnitelmien perumiseen tai siirt\u00e4miseen jatkoselvityksiin, mutta moni luonnonmets\u00e4 joutui my\u00f6s hakkuulistalle. Emme voi hyv\u00e4ksy\u00e4 luonnonmetsien hakkuita, joten vahdimme hakkuutuomion saaneita metsi\u00e4 yhdess\u00e4 mets\u00e4vahtien kanssa. <a href=\"https:\/\/lahjoita.greenpeace.org\/joulu\">Voit osallistua t\u00e4rke\u00e4\u00e4n suojeluty\u00f6h\u00f6n tekem\u00e4ll\u00e4 joululahjoituksen t\u00e4\u00e4ll\u00e4<\/a>.<\/p>\n\n<figure class=\"wp-block-image size-large\"><img loading=\"lazy\" decoding=\"async\" width=\"1024\" height=\"768\" src=\"https:\/\/www.greenpeace.org\/static\/planet4-finland-stateless\/2025\/11\/7f47267f-image-1024x768.jpeg\" alt=\"\" class=\"wp-image-60933\" srcset=\"https:\/\/www.greenpeace.org\/static\/planet4-finland-stateless\/2025\/11\/7f47267f-image-1024x768.jpeg 1024w, https:\/\/www.greenpeace.org\/static\/planet4-finland-stateless\/2025\/11\/7f47267f-image-300x225.jpeg 300w, https:\/\/www.greenpeace.org\/static\/planet4-finland-stateless\/2025\/11\/7f47267f-image-768x576.jpeg 768w, https:\/\/www.greenpeace.org\/static\/planet4-finland-stateless\/2025\/11\/7f47267f-image-1536x1152.jpeg 1536w, https:\/\/www.greenpeace.org\/static\/planet4-finland-stateless\/2025\/11\/7f47267f-image-453x340.jpeg 453w, https:\/\/www.greenpeace.org\/static\/planet4-finland-stateless\/2025\/11\/7f47267f-image.jpeg 1600w\" sizes=\"auto, (max-width: 1024px) 100vw, 1024px\" \/><figcaption class=\"wp-element-caption\"><em>Avohakkuilta pelastettua luonnonmets\u00e4\u00e4 Ruoveden ja Yl\u00f6j\u00e4rven rajalla, Kotaj\u00e4rvenkankaan l\u00e4nsipuolella. Neuvottelujen tuloksena Mets\u00e4hallitus p\u00e4\u00e4tti j\u00e4tt\u00e4\u00e4 kuvan mets\u00e4n pois hakkuusuunnitelmistaan. Kuva: Matti Liimatainen<\/em> \/ Greenpeace.<\/figcaption><\/figure>\n\n<h2 class=\"wp-block-heading\">2. Metsi\u00e4 puolustava liike kasvoi ja yli 100 mets\u00e4vahtia alkoi valvoa luonnonmetsi\u00e4<\/h2>\n\n<p>Mit\u00e4 enemm\u00e4n meit\u00e4 on, sit\u00e4 paremmin saamme hakkuut estetty\u00e4! T\u00e4n\u00e4 vuonna aloitimme tehovalvonnan niiss\u00e4 valtion luonnonmetsiss\u00e4, jotka Mets\u00e4hallitus on p\u00e4\u00e4tt\u00e4nyt hakata metsien poikkeuksellisista luontoarvoista huolimatta.<\/p>\n\n<p>Valvomme metsi\u00e4 yli sadan vapaaehtoisen mets\u00e4vahdin kanssa. Mets\u00e4vahdit tarkkailevat hakkuuilmoituksia ja tarvittaessa j\u00e4ljitt\u00e4v\u00e4t kaadettuja puita. T\u00e4n\u00e4 vuonna valtion mailla ehdittiin kaataa yksi luonnonmets\u00e4, jonka puut mets\u00e4vahdit onnistuivat j\u00e4ljitt\u00e4m\u00e4\u00e4n UPM:n sellutehtaalle.&nbsp;<\/p>\n\n<p>Mets\u00e4liike koulutti my\u00f6s t\u00e4n\u00e4 vuonna kymmeni\u00e4 mets\u00e4vahteja mukaan toimintaan.<\/p>\n\n<figure class=\"wp-block-image size-full\"><img loading=\"lazy\" decoding=\"async\" width=\"900\" height=\"600\" src=\"https:\/\/www.greenpeace.org\/static\/planet4-finland-stateless\/2025\/11\/e1166ddf-elina_ilves_pieni.jpg\" alt=\"\" class=\"wp-image-60934\" srcset=\"https:\/\/www.greenpeace.org\/static\/planet4-finland-stateless\/2025\/11\/e1166ddf-elina_ilves_pieni.jpg 900w, https:\/\/www.greenpeace.org\/static\/planet4-finland-stateless\/2025\/11\/e1166ddf-elina_ilves_pieni-300x200.jpg 300w, https:\/\/www.greenpeace.org\/static\/planet4-finland-stateless\/2025\/11\/e1166ddf-elina_ilves_pieni-768x512.jpg 768w, https:\/\/www.greenpeace.org\/static\/planet4-finland-stateless\/2025\/11\/e1166ddf-elina_ilves_pieni-510x340.jpg 510w\" sizes=\"auto, (max-width: 900px) 100vw, 900px\" \/><figcaption class=\"wp-element-caption\"><em>Mets\u00e4vahti Elina Ilves vahtii hakkuu-uhan alla olevia luonnonmetsi\u00e4 Keski-Suomessa. Kuva: Iida Liimatainen \/ Greenpeace.<\/em><\/figcaption><\/figure>\n\n<h2 class=\"wp-block-heading\">3. Jatkoimme mets\u00e4yhti\u00f6iden ja mets\u00e4sertifioinnin valvontaa \u2013 metsi\u00e4 pelastui<\/h2>\n\n<p>Jatkoimme FSC-mets\u00e4sertifioinnin toteutuksen valvontaa suurten mets\u00e4yhti\u00f6iden mailla. Vuoden alussa saimme positiivisen vastauksen tekem\u00e4\u00e4mme valitukseen UPM:n hakkuista H\u00e4meenlinnassa: yhti\u00f6 sai vakavan poikkeaman eli varoituksen sertifioinnin valvojalta suometsien avohakkuusta. T\u00e4ll\u00e4 on jatkossa merkityst\u00e4 monen muun suomets\u00e4n s\u00e4ilymiseen. Tornator Oyj:n tekemist\u00e4 vastaavista suometsien hakkuista seurasi yhti\u00f6lle toukokuussa ns. liev\u00e4 poikkeama. Moni muu Tornatorin hakkaama kohde odottaa edelleen p\u00e4\u00e4t\u00f6st\u00e4 valituksistamme.&nbsp;<\/p>\n\n<p>Luonnonmetsien ja muuten suojelullisesti arvokkaiden metsien hakkuusuunnitelmia nostimme esiin 15 UPM:n mailta eri puolilta Suomea. N\u00e4m\u00e4 hakkuut meniv\u00e4t j\u00e4ihin eli pelastuivat, osa pysyv\u00e4sti, osa toistaiseksi jatkoselvittelyjen ajaksi.<\/p>\n\n<figure class=\"wp-block-image size-large\"><img loading=\"lazy\" decoding=\"async\" width=\"1024\" height=\"576\" src=\"https:\/\/www.greenpeace.org\/static\/planet4-finland-stateless\/2025\/11\/655e01f7-image-1024x576.jpeg\" alt=\"\" class=\"wp-image-60935\" srcset=\"https:\/\/www.greenpeace.org\/static\/planet4-finland-stateless\/2025\/11\/655e01f7-image-1024x576.jpeg 1024w, https:\/\/www.greenpeace.org\/static\/planet4-finland-stateless\/2025\/11\/655e01f7-image-300x169.jpeg 300w, https:\/\/www.greenpeace.org\/static\/planet4-finland-stateless\/2025\/11\/655e01f7-image-768x432.jpeg 768w, https:\/\/www.greenpeace.org\/static\/planet4-finland-stateless\/2025\/11\/655e01f7-image-1536x864.jpeg 1536w, https:\/\/www.greenpeace.org\/static\/planet4-finland-stateless\/2025\/11\/655e01f7-image-510x287.jpeg 510w, https:\/\/www.greenpeace.org\/static\/planet4-finland-stateless\/2025\/11\/655e01f7-image.jpeg 1600w\" sizes=\"auto, (max-width: 1024px) 100vw, 1024px\" \/><figcaption class=\"wp-element-caption\"><em>Paltamon Miesj\u00e4rven 120-vuotiaat kuusikot j\u00e4iv\u00e4t lopulta rauhaan UPM:n hakkuilta. Kohde on monen uhanalaisen lajin elinymp\u00e4rist\u00f6. Ymp\u00e4rist\u00f6j\u00e4rjest\u00f6t taistelivat alueen puolesta useita vuosia. Kuva: Mets\u00e4liike.<\/em><\/figcaption><\/figure>\n\n<h2 class=\"wp-block-heading\">4. Pys\u00e4ytimme hakkuusuunnitelmat Kemij\u00e4rvell\u00e4<\/h2>\n\n<p>Kemij\u00e4rvell\u00e4 on upeita vanhoja luonnonmetsi\u00e4, joissa on runsaasti lahopuuta ja uhanalaisia lajeja. N\u00e4it\u00e4 jopa 194-vuotiaita mets\u00e4kohteita meinattiin avohakata t\u00e4n\u00e4 syksyn\u00e4 usella eri alueella.<\/p>\n\n<p>Suomen luonnonsuojeluliiton kartoittajien mukaan metsien hakkaaminen olisi ollut selke\u00e4 sertifikaattirikkomus. Ne kuuluvat Mets\u00e4 Groupin FSC-ryhm\u00e4sertifikaattiin, ja mets\u00e4t omistava Kemij\u00e4rven yhteismets\u00e4 ehti hakata yhteen luonnonmets\u00e4\u00e4n jo hakkuita valmistelevat tielinjan ja k\u00e4\u00e4nt\u00f6paikan. Hakkuusuunnitelmat meniv\u00e4t j\u00e4ihin tuotuamme tapauksen julki.<\/p>\n\n<figure class=\"wp-block-image size-large\"><img loading=\"lazy\" decoding=\"async\" width=\"1024\" height=\"529\" src=\"https:\/\/www.greenpeace.org\/static\/planet4-finland-stateless\/2025\/10\/6e78f9f7-kemijarvi_honkakappaleenoja5-1024x529.jpg\" alt=\"\" class=\"wp-image-60790\" srcset=\"https:\/\/www.greenpeace.org\/static\/planet4-finland-stateless\/2025\/10\/6e78f9f7-kemijarvi_honkakappaleenoja5-1024x529.jpg 1024w, https:\/\/www.greenpeace.org\/static\/planet4-finland-stateless\/2025\/10\/6e78f9f7-kemijarvi_honkakappaleenoja5-300x155.jpg 300w, https:\/\/www.greenpeace.org\/static\/planet4-finland-stateless\/2025\/10\/6e78f9f7-kemijarvi_honkakappaleenoja5-768x397.jpg 768w, https:\/\/www.greenpeace.org\/static\/planet4-finland-stateless\/2025\/10\/6e78f9f7-kemijarvi_honkakappaleenoja5-1536x793.jpg 1536w, https:\/\/www.greenpeace.org\/static\/planet4-finland-stateless\/2025\/10\/6e78f9f7-kemijarvi_honkakappaleenoja5-2048x1057.jpg 2048w, https:\/\/www.greenpeace.org\/static\/planet4-finland-stateless\/2025\/10\/6e78f9f7-kemijarvi_honkakappaleenoja5-510x263.jpg 510w\" sizes=\"auto, (max-width: 1024px) 100vw, 1024px\" \/><figcaption class=\"wp-element-caption\"><em>Tulevia avohakkuita ehdittiin valmistelemaan hakkaamalla Kemij\u00e4rven Honkakappaleenojan luonnonmets\u00e4\u00e4n tielinja ja k\u00e4\u00e4nt\u00f6paikka. Nyt hakkuut ovat j\u00e4iss\u00e4. Kuva: Greenpeace.<\/em><\/figcaption><\/figure>\n\n<h2 class=\"wp-block-heading\">5. Loimme yh\u00e4 enemm\u00e4n painetta mets\u00e4yhti\u00f6iden suuntaan<\/h2>\n\n<p>Mets\u00e4yhti\u00f6t puhuvat julkisuudessa kauniisti toiminnastaan, mutta kulissien takaa paljastuu j\u00e4rjestelm\u00e4llist\u00e4 arvokkaimpien luonnonmetsien turmelemista. Tapausten tuominen julkisuuteen on t\u00e4rke\u00e4\u00e4, jotta yhti\u00f6t tuntevat painetta parantaa toimintaansa.<\/p>\n\n<p>K\u00e4r\u00e4ytimme UPM:n luonnonmets\u00e4n keitt\u00e4misest\u00e4 selluksi, Stora Enson puun ostamisesta samoilta luonnonmets\u00e4hakkuilta ja Mets\u00e4 Groupin monta sataa vuotiaan luonnonmets\u00e4n hakkuista Sallassa.<\/p>\n\n<p>Olimme paikalla kaikkien mets\u00e4yhti\u00f6iden kev\u00e4isiss\u00e4 yhti\u00f6kokouksissa muistuttamassa siit\u00e4, ett\u00e4 suojelullisesti arvokkaat mets\u00e4t on saatava turvaan. Syksyll\u00e4 palkitsimme UPM:n vuoden 2025 t\u00f6rkyhakkuista.<\/p>\n\n<figure class=\"wp-block-image size-large\"><img loading=\"lazy\" decoding=\"async\" width=\"1024\" height=\"683\" src=\"https:\/\/www.greenpeace.org\/static\/planet4-finland-stateless\/2025\/08\/b6588390-torkyhakkuu_2025-6-1024x683.jpg\" alt=\"\" class=\"wp-image-60485\" srcset=\"https:\/\/www.greenpeace.org\/static\/planet4-finland-stateless\/2025\/08\/b6588390-torkyhakkuu_2025-6-1024x683.jpg 1024w, https:\/\/www.greenpeace.org\/static\/planet4-finland-stateless\/2025\/08\/b6588390-torkyhakkuu_2025-6-300x200.jpg 300w, https:\/\/www.greenpeace.org\/static\/planet4-finland-stateless\/2025\/08\/b6588390-torkyhakkuu_2025-6-768x512.jpg 768w, https:\/\/www.greenpeace.org\/static\/planet4-finland-stateless\/2025\/08\/b6588390-torkyhakkuu_2025-6-1536x1024.jpg 1536w, https:\/\/www.greenpeace.org\/static\/planet4-finland-stateless\/2025\/08\/b6588390-torkyhakkuu_2025-6-2048x1366.jpg 2048w, https:\/\/www.greenpeace.org\/static\/planet4-finland-stateless\/2025\/08\/b6588390-torkyhakkuu_2025-6-510x340.jpg 510w\" sizes=\"auto, (max-width: 1024px) 100vw, 1024px\" \/><figcaption class=\"wp-element-caption\"><em>Greenpeacen aktivistit luovuttivat UPM:lle T\u00f6rkyhakkuu 2025 -tunnustuksen ja vaativat, ett\u00e4 yhti\u00f6 lopettaa puun ostamisen luonnonmetsist\u00e4. Kuva: Sami Sorasalmi \/ Greenpeace.<\/em><\/figcaption><\/figure>\n\n<h2 class=\"wp-block-heading\">Aktivismi on kaikista tehokkain keino suojella metsi\u00e4<\/h2>\n\n<p>Suomessa on suojeltu jo satoja tuhansia hehtaareja mets\u00e4\u00e4 aktivismin keinoin. Se on tarkoittanut:<\/p>\n\n<ul class=\"wp-block-list\">\n<li>paineen luomista p\u00e4\u00e4tt\u00e4jien ja yritysten suuntaan<\/li>\n\n\n\n<li>yksitt\u00e4isten metsien ja suurten suojelukokonaisuuksien puolesta neuvottelemista<\/li>\n\n\n\n<li>liittolaisuuksien luomista metsien suojelun puolesta kamppailevien ihmisten kanssa<\/li>\n\n\n\n<li>monimuotoisuudeltaan rikkaiden metsien kartoittamista<\/li>\n\n\n\n<li>arvokkaiden metsien hakkuiden est\u00e4mist\u00e4 suoralla toiminnalla.<\/li>\n<\/ul>\n\n<p>Kaikki keinot metsien suojeluksi ovat t\u00e4rkeit\u00e4! Metsi\u00e4 voi suojella julkisilla mutta liian v\u00e4h\u00e4isill\u00e4 Metso-rahoilla tai yksityisell\u00e4 rahalla. Aktivistien taktiikat ovat kuitenkin osoittautuneet \u00e4\u00e4rimm\u00e4isen tehokkaiksi: niiden avulla saadaan suojeltua suuria alueita ja painostettua yhti\u00f6it\u00e4 ja poliittisia p\u00e4\u00e4tt\u00e4ji\u00e4 laajoihin suojeluratkaisuihin. Siksi jatkamme ty\u00f6t\u00e4mme metsien suojelun lis\u00e4\u00e4miseksi aktivismin keinoin!&nbsp;<\/p>\n\n<p>Greenpeacen suojelu- ja vaikuttamisty\u00f6 ei olisi mahdollista ilman tukijoitamme. Jotta takaamme aidon puolueettomuuden ja sitoutumattomuuden ty\u00f6ss\u00e4mme, emme periaatesyist\u00e4 ota vastaan valtiontukea tai lahjoituksia yrityksilt\u00e4. Siksi sinun tukesi on \u00e4\u00e4rimm\u00e4isen t\u00e4rke\u00e4. <\/p>\n\n<p><strong>T\u00e4n\u00e4 jouluna sin\u00e4kin voit olla osa muutosta ja <a href=\"https:\/\/lahjoita.greenpeace.org\/joulu\">muistaa l\u00e4heist\u00e4si Greenpeacen joulukorteilla<\/a>. Lahjoitukset k\u00e4ytet\u00e4\u00e4n Greenpeacen ty\u00f6h\u00f6n ja meid\u00e4n kaikkien yhteisen tulevaisuuden hyv\u00e4ksi.<\/strong><\/p>\n\t\t\t<section\n\t\t\tclass=\"boxout  \"\n\t\t\t\n\t\t>\n\t\t\t<a\n\t\t\t\tdata-ga-category=\"Take Action Boxout\"\n\t\t\t\tdata-ga-action=\"Image\"\n\t\t\t\tdata-ga-label=\"n\/a\"\n\t\t\t\tclass=\"cover-card-overlay\"\n\t\t\t\thref=\"https:\/\/lahjoita.greenpeace.org\/joulu\" \n\t\t\t><\/a>\n\t\t\t\t\t\t\t<img\n\t\t\t\t\t\tsrc=\"https:\/\/www.greenpeace.org\/static\/planet4-finland-stateless\/2025\/11\/54753fac-greenpeace-xmas-header-fi-1024x1024.jpg\"\n\t\t\t\t\t\tsrcset=\"https:\/\/www.greenpeace.org\/static\/planet4-finland-stateless\/2025\/11\/54753fac-greenpeace-xmas-header-fi-300x300.jpg 300w, https:\/\/www.greenpeace.org\/static\/planet4-finland-stateless\/2025\/11\/54753fac-greenpeace-xmas-header-fi-1024x1024.jpg 1024w, https:\/\/www.greenpeace.org\/static\/planet4-finland-stateless\/2025\/11\/54753fac-greenpeace-xmas-header-fi-150x150.jpg 150w, https:\/\/www.greenpeace.org\/static\/planet4-finland-stateless\/2025\/11\/54753fac-greenpeace-xmas-header-fi-768x768.jpg 768w, https:\/\/www.greenpeace.org\/static\/planet4-finland-stateless\/2025\/11\/54753fac-greenpeace-xmas-header-fi-1536x1536.jpg 1536w, https:\/\/www.greenpeace.org\/static\/planet4-finland-stateless\/2025\/11\/54753fac-greenpeace-xmas-header-fi-1366x1366.jpg 1366w, https:\/\/www.greenpeace.org\/static\/planet4-finland-stateless\/2025\/11\/54753fac-greenpeace-xmas-header-fi-340x340.jpg 340w, https:\/\/www.greenpeace.org\/static\/planet4-finland-stateless\/2025\/11\/54753fac-greenpeace-xmas-header-fi.jpg 1920w\"\n\t\t\t\t\t\tsizes=\"(min-width: 1000px) 358px, (min-width: 780px) 313px, 88px\"\n\t\t\t\t\t\talt=\"\" title=\"\"\n\t\t\t\t\/>\n            \t\t\t<div class=\"boxout-content\">\n\t\t\t\t\t\t\t\t\t<a\n\t\t\t\t\t\tclass=\"boxout-heading medium\"\n\t\t\t\t\t\tdata-ga-category=\"Take Action Boxout\"\n\t\t\t\t\t\tdata-ga-action=\"Title\"\n\t\t\t\t\t\tdata-ga-label=\"n\/a\"\n\t\t\t\t\t\thref=\"https:\/\/lahjoita.greenpeace.org\/joulu\"\n\t\t\t\t\t\t\n\t\t\t\t\t>\n\t\t\t\t\t\tToimi jouluna luonnon puolesta\n\t\t\t\t\t<\/a>\n\t\t\t\t\t\t\t\t\t\t\t\t\t<p class=\"boxout-excerpt\">Tee lahjoitus ja valitse joulukortit.<\/p>\n\t\t\t\t                                    <a\n                        class=\"btn btn-primary\"\n                        data-ga-category=\"Take Action Boxout\"\n                        data-ga-action=\"Call to Action\"\n                        data-ga-label=\"n\/a\"\n                        href=\"https:\/\/lahjoita.greenpeace.org\/joulu\"\n                        \n                    >\n                        LAHJOITA\n                    <\/a>\n                \t\t\t<\/div>\n\t\t\t\t\t<\/section>\n\t\n<figure class=\"wp-block-image size-large\"><img loading=\"lazy\" decoding=\"async\" width=\"1024\" height=\"818\" src=\"https:\/\/www.greenpeace.org\/static\/planet4-finland-stateless\/2023\/08\/40c51386-forest-oulujarvi-kaarresalo-2023-0916-1024x818.jpg\" title=\"Greenpeacen aktivisteja on kiivennyt puihin ja mennyt veteen Ouluj\u00e4rvell\u00e4.\" alt=\"Greenpeacen aktivisteja on kiivennyt puihin ja mennyt veteen Ouluj\u00e4rvell\u00e4.\" class=\"wp-image-55141\"\/><figcaption class=\"wp-element-caption\"><em>Ouluj\u00e4rven Kaarresalon ja Kuostonsaaret mets\u00e4t pelastettiin valtion hakkuilta aktivismin keinoin. Kuva: Anton Verho \/ Greenpeace.<\/em><\/figcaption><\/figure>\n","protected":false},"excerpt":{"rendered":"<p>Teimme j\u00e4lleen valtavasti t\u00f6it\u00e4 Suomen mets\u00e4luonnon puolesta yhdess\u00e4 vapaaehtoisten kanssa vuoden 2025 aikana. T\u00e4ss\u00e4 viisi saavutettua edistysaskelta.<\/p>\n","protected":false},"author":33,"featured_media":60932,"comment_status":"closed","ping_status":"closed","sticky":false,"template":"","format":"standard","meta":{"_improvement_type_select":"improve_an_existing","_thumb_yes_seoaic":false,"_frame_yes_seoaic":false,"seoaic_generate_description":"","seoaic_improve_instructions_prompt":"","seoaic_rollback_content_improvement":"","seoaic_idea_thumbnail_generator":"","thumbnail_generated":false,"thumbnail_generate_prompt":"","seoaic_article_description":"","ep_exclude_from_search":false,"seoaic_article_subtitles":[],"p4_og_title":"","p4_og_description":"","p4_og_image":"","p4_og_image_id":"","p4_seo_canonical_url":"","p4_campaign_name":"","p4_local_project":"","p4_basket_name":"","p4_department":"","footnotes":""},"categories":[3],"tags":[6,70,71,75,82],"p4-page-type":[16],"class_list":["post-60931","post","type-post","status-publish","format-standard","has-post-thumbnail","hentry","category-metsat","tag-luonnonmetsa","tag-luontokato","tag-suojellaanmetsat","tag-metsateollisuus","tag-voitto","p4-page-type-blogit"],"_links":{"self":[{"href":"https:\/\/www.greenpeace.org\/finland\/wp-json\/wp\/v2\/posts\/60931","targetHints":{"allow":["GET"]}}],"collection":[{"href":"https:\/\/www.greenpeace.org\/finland\/wp-json\/wp\/v2\/posts"}],"about":[{"href":"https:\/\/www.greenpeace.org\/finland\/wp-json\/wp\/v2\/types\/post"}],"author":[{"embeddable":true,"href":"https:\/\/www.greenpeace.org\/finland\/wp-json\/wp\/v2\/users\/33"}],"replies":[{"embeddable":true,"href":"https:\/\/www.greenpeace.org\/finland\/wp-json\/wp\/v2\/comments?post=60931"}],"version-history":[{"count":7,"href":"https:\/\/www.greenpeace.org\/finland\/wp-json\/wp\/v2\/posts\/60931\/revisions"}],"predecessor-version":[{"id":60987,"href":"https:\/\/www.greenpeace.org\/finland\/wp-json\/wp\/v2\/posts\/60931\/revisions\/60987"}],"wp:featuredmedia":[{"embeddable":true,"href":"https:\/\/www.greenpeace.org\/finland\/wp-json\/wp\/v2\/media\/60932"}],"wp:attachment":[{"href":"https:\/\/www.greenpeace.org\/finland\/wp-json\/wp\/v2\/media?parent=60931"}],"wp:term":[{"taxonomy":"category","embeddable":true,"href":"https:\/\/www.greenpeace.org\/finland\/wp-json\/wp\/v2\/categories?post=60931"},{"taxonomy":"post_tag","embeddable":true,"href":"https:\/\/www.greenpeace.org\/finland\/wp-json\/wp\/v2\/tags?post=60931"},{"taxonomy":"p4-page-type","embeddable":true,"href":"https:\/\/www.greenpeace.org\/finland\/wp-json\/wp\/v2\/p4-page-type?post=60931"}],"curies":[{"name":"wp","href":"https:\/\/api.w.org\/{rel}","templated":true}]}}