{"id":6178,"date":"2020-12-04T13:34:44","date_gmt":"2020-12-04T10:34:44","guid":{"rendered":"https:\/\/www.greenpeace.org\/finland\/?p=6178"},"modified":"2024-06-03T12:43:32","modified_gmt":"2024-06-03T09:43:32","slug":"voitto-tanska-lopettaa-uusien-oljyn-ja-kaasunporauslupien-myontamisen-pohjanmerella","status":"publish","type":"post","link":"https:\/\/www.greenpeace.org\/finland\/blogit\/energia\/voitto-tanska-lopettaa-uusien-oljyn-ja-kaasunporauslupien-myontamisen-pohjanmerella\/","title":{"rendered":"Voitto: Tanska lopettaa uusien \u00f6ljyn- ja kaasunporauslupien my\u00f6nt\u00e4misen Pohjanmerell\u00e4"},"content":{"rendered":"\n<figure class=\"wp-block-image size-large  caption-style-medium caption-alignment-center\"><img loading=\"lazy\" decoding=\"async\" width=\"6720\" height=\"4480\" src=\"https:\/\/www.greenpeace.org\/static\/planet4-finland-stateless\/43587989-gp0stuq30_high_res.jpg\" alt=\"Nelj\u00e4 aktivistia meress\u00e4 \u00f6ljynporauslautan edess\u00e4. Aktivisteilla on banderolleja, joissa lukee mm. &quot;Fossils or our future?&quot;.\" class=\"wp-image-6179\"\/><figcaption class=\"wp-element-caption\"><em>Nelj\u00e4 Greenpeacen aktivistia tanskalaisen Dan Bravo -\u00f6ljynporauslautan edess\u00e4 t\u00e4m\u00e4n vuoden elokuussa. Aktivistit vaativat, ett\u00e4 Tanska lopettaa \u00f6ljyn- ja kaasunporauslupien my\u00f6nt\u00e4misen. Kuva: Andrew McConnell \/ Greenpeace.<\/em><\/figcaption><\/figure>\n\n<p>Tanskan parlamentti on juuri ilmoittanut, ett\u00e4 se lopettaa uusien \u00f6ljyn- ja kaasunporauslupien my\u00f6nt\u00e4misen hallinnoimillaan alueilla Pohjanmerell\u00e4. Tanska on EU:n suurimpia \u00f6ljyntuottajamaita, joten p\u00e4\u00e4t\u00f6s on merkitt\u00e4v\u00e4 askel kohti fossiilisten alasajoa.&nbsp;<\/p>\n\n<p>P\u00e4\u00e4t\u00f6ksess\u00e4 huomioidaan my\u00f6s ty\u00f6ntekij\u00f6iden oikeudet takaamalla heille reilu siirtym\u00e4 uusiin teht\u00e4viin.<\/p>\n\n<p>\u201cT\u00e4m\u00e4 on valtava voitto ilmastoliikkeelle ja kaikille ihmisille, jotka ovat vuosien ajan tehneet t\u00f6it\u00e4 ilmastokriisin hillitsemisen eteen. Tanska on pieni maa, mutta se voi n\u00e4ytt\u00e4\u00e4 esimerkki\u00e4\u201d, sanoo <strong>Helene Hagel<\/strong>, Greenpeacen ilmasto- ja ymp\u00e4rist\u00f6politiikan asiantuntija.<\/p>\n\n<p>Greenpeace on kampanjoinut pitk\u00e4\u00e4n \u00f6ljyn- ja kaasunporauksen lopettamiseksi Pohjanmerell\u00e4. Viime elokuussa Greenpeacen alus Rainbow Warrior sek\u00e4 nelj\u00e4 aktivistia osoittivat mielt\u00e4 tanskalaisella Dan Bravo -\u00f6ljynporauslautalla. Aktivistit vaativat, ett\u00e4 Tanska lopettaa \u00f6ljyn- ja kaasunporauslupien my\u00f6nt\u00e4misen.<\/p>\n\n<h3 class=\"wp-block-heading\">Kuvia Greenpeacen mielenosoituksesta viime elokuulta:<\/h3>\n<div data-hydrate=\"planet4-blocks\/gallery\" data-attributes=\"{&quot;attributes&quot;:{&quot;multiple_image&quot;:&quot;6185,6184,6188,6189,6192&quot;,&quot;image_data&quot;:[{&quot;url&quot;:&quot;https:\\\/\\\/www.greenpeace.org\\\/static\\\/planet4-finland-stateless\\\/edf9cf7d-gp0stuq2y_medium_res.jpg&quot;,&quot;focalPoint&quot;:{&quot;x&quot;:0.5,&quot;y&quot;:0.5},&quot;id&quot;:6185},{&quot;url&quot;:&quot;https:\\\/\\\/www.greenpeace.org\\\/static\\\/planet4-finland-stateless\\\/2779990c-gp0stuq61_medium_res.jpg&quot;,&quot;focalPoint&quot;:{&quot;x&quot;:0.5,&quot;y&quot;:0.5},&quot;id&quot;:6184},{&quot;url&quot;:&quot;https:\\\/\\\/www.greenpeace.org\\\/static\\\/planet4-finland-stateless\\\/63190383-gp0stuqe3_medium_res.jpg&quot;,&quot;focalPoint&quot;:{&quot;x&quot;:0.5,&quot;y&quot;:0.5},&quot;id&quot;:6188},{&quot;url&quot;:&quot;https:\\\/\\\/www.greenpeace.org\\\/static\\\/planet4-finland-stateless\\\/d882f601-gp0stuqe7_medium_res.jpg&quot;,&quot;focalPoint&quot;:{&quot;x&quot;:0.5,&quot;y&quot;:0.5},&quot;id&quot;:6189},{&quot;url&quot;:&quot;https:\\\/\\\/www.greenpeace.org\\\/static\\\/planet4-finland-stateless\\\/31e25672-gp0stupwg_medium_res.jpg&quot;,&quot;focalPoint&quot;:{&quot;x&quot;:0.5,&quot;y&quot;:0.5},&quot;id&quot;:6192}],&quot;gallery_block_style&quot;:0,&quot;gallery_block_title&quot;:&quot;&quot;,&quot;gallery_block_description&quot;:&quot;&quot;,&quot;gallery_block_focus_points&quot;:&quot;&quot;,&quot;images&quot;:[{&quot;image_src&quot;:&quot;https:\\\/\\\/www.greenpeace.org\\\/static\\\/planet4-finland-stateless\\\/edf9cf7d-gp0stuq2y_medium_res.jpg&quot;,&quot;image_srcset&quot;:false,&quot;image_sizes&quot;:false,&quot;alt_text&quot;:&quot;&quot;,&quot;caption&quot;:&quot;Tanskalainen aktivisti Esben sek\\u00e4 saksalainen aktivisti Fabian matkalla Dan Bravo -\\u00f6ljynporauslautalle. Kuva: Andrew McConnell \\\/ Greenpeace.&quot;,&quot;focus_image&quot;:&quot;&quot;,&quot;credits&quot;:&quot;&quot;},{&quot;image_src&quot;:&quot;https:\\\/\\\/www.greenpeace.org\\\/static\\\/planet4-finland-stateless\\\/2779990c-gp0stuq61_medium_res.jpg&quot;,&quot;image_srcset&quot;:false,&quot;image_sizes&quot;:false,&quot;alt_text&quot;:&quot;&quot;,&quot;caption&quot;:&quot;Tanskalainen aktivisti Ida Marie kiipe\\u00e4m\\u00e4ss\\u00e4 Dan Bravo -\\u00f6ljynporauslautalle. Kuva: Andrew McConnell \\\/ Greenpeace.&quot;,&quot;focus_image&quot;:&quot;&quot;,&quot;credits&quot;:&quot;&quot;},{&quot;image_src&quot;:&quot;https:\\\/\\\/www.greenpeace.org\\\/static\\\/planet4-finland-stateless\\\/63190383-gp0stuqe3_medium_res.jpg&quot;,&quot;image_srcset&quot;:false,&quot;image_sizes&quot;:false,&quot;alt_text&quot;:&quot;&quot;,&quot;caption&quot;:&quot;Aktivistit levitt\\u00e4v\\u00e4t banderollin Dan Bravo -\\u00f6ljynporauslautan kannelle. Kuva: Andrew McConnell \\\/ Greenpeace.&quot;,&quot;focus_image&quot;:&quot;&quot;,&quot;credits&quot;:&quot;&quot;},{&quot;image_src&quot;:&quot;https:\\\/\\\/www.greenpeace.org\\\/static\\\/planet4-finland-stateless\\\/d882f601-gp0stuqe7_medium_res.jpg&quot;,&quot;image_srcset&quot;:false,&quot;image_sizes&quot;:false,&quot;alt_text&quot;:&quot;&quot;,&quot;caption&quot;:&quot;Tanskalaisen taiteilija HuskMitNavnin tekem\\u00e4 banderolli Dan Bravon kannella. Kuva: Andrew McConnell \\\/ Greenpeace.&quot;,&quot;focus_image&quot;:&quot;&quot;,&quot;credits&quot;:&quot;&quot;},{&quot;image_src&quot;:&quot;https:\\\/\\\/www.greenpeace.org\\\/static\\\/planet4-finland-stateless\\\/31e25672-gp0stupwg_medium_res.jpg&quot;,&quot;image_srcset&quot;:false,&quot;image_sizes&quot;:false,&quot;alt_text&quot;:&quot;&quot;,&quot;caption&quot;:&quot;Tanskalainen aktivisti Ida Marie. Kuva: Andrew McConnell \\\/ Greenpeace.&quot;,&quot;focus_image&quot;:&quot;&quot;,&quot;credits&quot;:&quot;&quot;}]}}\"><section class=\"block carousel-wrap \"><div class=\"carousel slide\"><div class=\"carousel-inner\" role=\"listbox\"><\/div><\/div><\/section><\/div>\n<p>Uuden p\u00e4\u00e4t\u00f6ksen mukaan nykyinen \u00f6ljyntuotanto ajetaan alas vuonna 2050. T\u00e4ss\u00e4 on varaa parantaa.<\/p>\n\n<p>\u201cHallituksen ja poliittisten puolueiden on nyt otettava seuraava askel ja suunniteltava nykyisen \u00f6ljyntuotannon lopettaminen Pohjanmerell\u00e4 vuoteen 2040 menness\u00e4&#8221;, <strong>Helene Hagel<\/strong> sanoo.<\/p>\n\n<p>Tanskan p\u00e4\u00e4t\u00f6s kasvattaa paineita muita Pohjanmeren rannikkovaltioita kohtaan &#8211; erityisesti Iso-Britanniaa, joka is\u00e4nn\u00f6i YK:n ilmastokokousta ensi vuonna sek\u00e4 Norjaa, miss\u00e4 maan korkein oikeus pohtii parhaillaan uusien \u00f6ljynporauslupien my\u00f6nt\u00e4misen laillisuutta Arktisilla merialueilla.<\/p>\n","protected":false},"excerpt":{"rendered":"<p>Tanskan parlamentti on juuri ilmoittanut, ett\u00e4 se lopettaa uusien \u00f6ljyn- ja kaasunporauslupien my\u00f6nt\u00e4misen hallinnoimillaan alueilla Pohjanmerell\u00e4. Tanska on EU:n suurimpia \u00f6ljyntuottajamaita, joten p\u00e4\u00e4t\u00f6s on merkitt\u00e4v\u00e4 askel kohti fossiilisten alasajoa. <\/p>\n","protected":false},"author":43,"featured_media":6207,"comment_status":"closed","ping_status":"open","sticky":false,"template":"","format":"standard","meta":{"_improvement_type_select":"improve_an_existing","_thumb_yes_seoaic":false,"_frame_yes_seoaic":false,"seoaic_generate_description":"","seoaic_improve_instructions_prompt":"","seoaic_rollback_content_improvement":"","seoaic_idea_thumbnail_generator":"","thumbnail_generated":false,"thumbnail_generate_prompt":"","seoaic_article_description":"","ep_exclude_from_search":false,"seoaic_article_subtitles":[],"p4_og_title":"","p4_og_description":"","p4_og_image":"","p4_og_image_id":"","p4_seo_canonical_url":"","p4_campaign_name":"not set","p4_local_project":"not set","p4_basket_name":"not set","p4_department":"","footnotes":""},"categories":[57],"tags":[25,29,38,61,82],"p4-page-type":[16],"class_list":["post-6178","post","type-post","status-publish","format-standard","has-post-thumbnail","hentry","category-energia","tag-suojellaanmeret","tag-vapaaehtoiset","tag-kansalaistottelemattomuus","tag-fossiiliset","tag-voitto","p4-page-type-blogit"],"_links":{"self":[{"href":"https:\/\/www.greenpeace.org\/finland\/wp-json\/wp\/v2\/posts\/6178","targetHints":{"allow":["GET"]}}],"collection":[{"href":"https:\/\/www.greenpeace.org\/finland\/wp-json\/wp\/v2\/posts"}],"about":[{"href":"https:\/\/www.greenpeace.org\/finland\/wp-json\/wp\/v2\/types\/post"}],"author":[{"embeddable":true,"href":"https:\/\/www.greenpeace.org\/finland\/wp-json\/wp\/v2\/users\/43"}],"replies":[{"embeddable":true,"href":"https:\/\/www.greenpeace.org\/finland\/wp-json\/wp\/v2\/comments?post=6178"}],"version-history":[{"count":13,"href":"https:\/\/www.greenpeace.org\/finland\/wp-json\/wp\/v2\/posts\/6178\/revisions"}],"predecessor-version":[{"id":54263,"href":"https:\/\/www.greenpeace.org\/finland\/wp-json\/wp\/v2\/posts\/6178\/revisions\/54263"}],"wp:featuredmedia":[{"embeddable":true,"href":"https:\/\/www.greenpeace.org\/finland\/wp-json\/wp\/v2\/media\/6207"}],"wp:attachment":[{"href":"https:\/\/www.greenpeace.org\/finland\/wp-json\/wp\/v2\/media?parent=6178"}],"wp:term":[{"taxonomy":"category","embeddable":true,"href":"https:\/\/www.greenpeace.org\/finland\/wp-json\/wp\/v2\/categories?post=6178"},{"taxonomy":"post_tag","embeddable":true,"href":"https:\/\/www.greenpeace.org\/finland\/wp-json\/wp\/v2\/tags?post=6178"},{"taxonomy":"p4-page-type","embeddable":true,"href":"https:\/\/www.greenpeace.org\/finland\/wp-json\/wp\/v2\/p4-page-type?post=6178"}],"curies":[{"name":"wp","href":"https:\/\/api.w.org\/{rel}","templated":true}]}}