{"id":63262,"date":"2026-09-03T14:39:10","date_gmt":"2026-09-03T11:39:10","guid":{"rendered":"https:\/\/www.greenpeace.org\/finland\/?p=63262"},"modified":"2026-09-03T14:43:53","modified_gmt":"2026-09-03T11:43:53","slug":"pelastetaan-viiankiaapa-tule-mielenosoitukseen-lauantaina-26-9","status":"publish","type":"post","link":"https:\/\/www.greenpeace.org\/finland\/blogit\/metsat\/pelastetaan-viiankiaapa-tule-mielenosoitukseen-lauantaina-26-9\/","title":{"rendered":"Pelastetaan Viiankiaapa \u2013 Tule mielenosoitukseen lauantaina 26.9."},"content":{"rendered":"\n<figure class=\"wp-block-image size-large\"><img loading=\"lazy\" decoding=\"async\" width=\"1024\" height=\"576\" title=\"Pelastetaan Viiankiaapa!\" src=\"https:\/\/www.greenpeace.org\/static\/planet4-finland-stateless\/2026\/09\/dc4df190-viiankiaapa-sanni-bandis-1280x720-1-1024x576.jpg\" alt=\"Toimi nyt: pelastetaan Viiankiaapa.\" class=\"wp-image-63195\" srcset=\"https:\/\/www.greenpeace.org\/static\/planet4-finland-stateless\/2026\/09\/dc4df190-viiankiaapa-sanni-bandis-1280x720-1-1024x576.jpg 1024w, https:\/\/www.greenpeace.org\/static\/planet4-finland-stateless\/2026\/09\/dc4df190-viiankiaapa-sanni-bandis-1280x720-1-300x169.jpg 300w, https:\/\/www.greenpeace.org\/static\/planet4-finland-stateless\/2026\/09\/dc4df190-viiankiaapa-sanni-bandis-1280x720-1-768x432.jpg 768w, https:\/\/www.greenpeace.org\/static\/planet4-finland-stateless\/2026\/09\/dc4df190-viiankiaapa-sanni-bandis-1280x720-1-510x287.jpg 510w, https:\/\/www.greenpeace.org\/static\/planet4-finland-stateless\/2026\/09\/dc4df190-viiankiaapa-sanni-bandis-1280x720-1.jpg 1280w\" sizes=\"auto, (max-width: 1024px) 100vw, 1024px\" \/><figcaption class=\"wp-element-caption\"><em>Yhdess\u00e4 voimme pelastaa arvokkaan aapasuon ja pit\u00e4\u00e4 huolen siit\u00e4, ettei luonnonsuojelulakejamme murenneta kaivosteollisuuden ahneuden takia. Kuva: \u00a9 Greenpeace<\/em> <\/figcaption><\/figure>\n\n<h2 class=\"wp-block-heading\"><strong>\ud83d\uddd3\ufe0f\u00a0 SAVE THE DATE: lauantai 26.9.2026 \u270a<\/strong><\/h2>\n\n<p class=\"wp-block-paragraph\">Viiankiaavan tilanne on monella tapaa hyvin merkitt\u00e4v\u00e4 suomalaisen luonnonsuojelun kannalta.&nbsp;<strong>Siksi j\u00e4rjest\u00e4mme lauantaina 26.9. ymp\u00e4ri Suomen mielenosoituksia Viiankiaavan puolesta.<\/strong>&nbsp;Mukana&nbsp;koalitiossa ovat my\u00f6s BirdLife, Suomen luonnonsuojeluliitto, Suomen luonnonsuojeluliiton Lapin piiri, WWF, Kaivoskriittinen kansanliike sek\u00e4 Luontoliitto.<\/p>\n\n<p class=\"wp-block-paragraph\">T\u00e4ll\u00e4 hetkell\u00e4 varmistuneita tapahtumakaupunkeja ovat&nbsp;<strong>Helsinki<\/strong>,&nbsp;<strong>Joensuu<\/strong>,&nbsp;<strong>Oulu<\/strong>,&nbsp;<strong>Rovaniemi<\/strong>&nbsp;ja&nbsp;<strong>Turku<\/strong>. Saat tulevina p\u00e4ivin\u00e4 tarkempaa lis\u00e4tietoa eri kaupunkien tapahtumista seuraamalla Greenpeacen some-kanavia sek\u00e4 s\u00e4hk\u00f6postiasi.<\/p>\n\n<p class=\"wp-block-paragraph\">P\u00e4ivit\u00e4mme t\u00e4lle sivulle lis\u00e4tietoa tapahtumien tarkemmista ajankohdista, marssien reiteist\u00e4, esiintyjist\u00e4 ynn\u00e4 muusta. Lis\u00e4tietoa saat my\u00f6s seuraamalla Greenpeacen some-kanavia.<\/p>\n\n<p class=\"wp-block-paragraph\"><strong>Yhdess\u00e4 Viiankiaavan ja Suomen luonnon puolesta: n\u00e4hd\u00e4\u00e4n miekkarissa!<\/strong><\/p>\n\n<p class=\"wp-block-paragraph\">PS. Vetoamme my\u00f6s suoraan kansanedustajiin ja hallitukseen, ettei Viiankiaavan suojelua pureta. <a href=\"https:\/\/www.greenpeace.org\/finland\/toimi\/pelastetaan-viiankiaapa\/\">Allekirjoita avoin kirje Viiankiaavan puolesta<\/a>!<\/p>\n","protected":false},"excerpt":{"rendered":"<p>Mielenosoitukset Viiankiaavan puolesta lauantaina 26.9. eri puolella Suomea. Katso tarkemmat, p\u00e4ivittyv\u00e4t tiedot ja tule mukaan!<\/p>\n","protected":false},"author":33,"featured_media":63195,"comment_status":"closed","ping_status":"closed","sticky":false,"template":"","format":"standard","meta":{"_acf_changed":false,"ep_exclude_from_search":false,"p4_og_title":"Pelastetaan Viiankiaapa \u2013 Mielenosoitus 26.9.2026","p4_og_description":"Mielenosoitukset Viiankiaavan puolesta lauantaina 26.9. eri puolella Suomea. Katso tarkemmat, p\u00e4ivittyv\u00e4t tiedot ja tule mukaan!","p4_og_image":"","p4_og_image_id":"","p4_seo_canonical_url":"","p4_campaign_name":"","p4_local_project":"","p4_basket_name":"","p4_department":"","footnotes":""},"categories":[3],"tags":[107,70],"p4-page-type":[16],"class_list":["post-63262","post","type-post","status-publish","format-standard","has-post-thumbnail","hentry","category-metsat","tag-kaivokset","tag-luontokato","p4-page-type-blogit"],"acf":[],"_links":{"self":[{"href":"https:\/\/www.greenpeace.org\/finland\/wp-json\/wp\/v2\/posts\/63262","targetHints":{"allow":["GET"]}}],"collection":[{"href":"https:\/\/www.greenpeace.org\/finland\/wp-json\/wp\/v2\/posts"}],"about":[{"href":"https:\/\/www.greenpeace.org\/finland\/wp-json\/wp\/v2\/types\/post"}],"author":[{"embeddable":true,"href":"https:\/\/www.greenpeace.org\/finland\/wp-json\/wp\/v2\/users\/33"}],"replies":[{"embeddable":true,"href":"https:\/\/www.greenpeace.org\/finland\/wp-json\/wp\/v2\/comments?post=63262"}],"version-history":[{"count":5,"href":"https:\/\/www.greenpeace.org\/finland\/wp-json\/wp\/v2\/posts\/63262\/revisions"}],"predecessor-version":[{"id":63270,"href":"https:\/\/www.greenpeace.org\/finland\/wp-json\/wp\/v2\/posts\/63262\/revisions\/63270"}],"wp:featuredmedia":[{"embeddable":true,"href":"https:\/\/www.greenpeace.org\/finland\/wp-json\/wp\/v2\/media\/63195"}],"wp:attachment":[{"href":"https:\/\/www.greenpeace.org\/finland\/wp-json\/wp\/v2\/media?parent=63262"}],"wp:term":[{"taxonomy":"category","embeddable":true,"href":"https:\/\/www.greenpeace.org\/finland\/wp-json\/wp\/v2\/categories?post=63262"},{"taxonomy":"post_tag","embeddable":true,"href":"https:\/\/www.greenpeace.org\/finland\/wp-json\/wp\/v2\/tags?post=63262"},{"taxonomy":"p4-page-type","embeddable":true,"href":"https:\/\/www.greenpeace.org\/finland\/wp-json\/wp\/v2\/p4-page-type?post=63262"}],"curies":[{"name":"wp","href":"https:\/\/api.w.org\/{rel}","templated":true}]}}