{"id":6790,"date":"2021-03-31T09:00:00","date_gmt":"2021-03-31T06:00:00","guid":{"rendered":"https:\/\/www.greenpeace.org\/finland\/?p=6790"},"modified":"2023-04-28T14:03:19","modified_gmt":"2023-04-28T11:03:19","slug":"matka-intian-valtamerella","status":"publish","type":"post","link":"https:\/\/www.greenpeace.org\/finland\/blogit\/meret\/matka-intian-valtamerella\/","title":{"rendered":"Matka Intian valtamerell\u00e4"},"content":{"rendered":"\n<p>Maaliskuussa 2021 laivamme Arctic Sunrise aloitti matkan Intian valtamerell\u00e4. Matka on jatkoa vuoden 2020 matkalle Arktiselta Antarktikselle. Intian valtamerelt\u00e4 l\u00f6ytyy ihmeellist\u00e4 el\u00e4m\u00e4\u00e4, jota tutkimustiimimme seuraa ja analysoi:<\/p>\n\n<ul class=\"wp-block-list\">\n<li>Teemme tutkimusta, jonka avulla vakuutamme p\u00e4\u00e4tt\u00e4j\u00e4t vahvan mertensuojelusopimuksen kiireellisyydest\u00e4.<\/li>\n\n\n\n<li>Paljastamme ja pyrimme pys\u00e4ytt\u00e4m\u00e4\u00e4n teollisen kalastuksen tuhoisimmat k\u00e4yt\u00e4nn\u00f6t.<\/li>\n\n\n\n<li>Varmistamme, ett\u00e4 meret saavat maailman huomion.<\/li>\n<\/ul>\n\n<figure class=\"wp-block-image size-large\"><img loading=\"lazy\" decoding=\"async\" width=\"1024\" height=\"788\" src=\"https:\/\/www.greenpeace.org\/static\/planet4-finland-stateless\/2021\/03\/558e9dd2-pto_intian_valtameri_kartta-1024x788.jpg\" alt=\"Karttakuva Intian valtamerelt\u00e4, jossa n\u00e4kyy Greenpeacen Intian valtameren tutkimusmatka 2021.\" class=\"wp-image-6791\" srcset=\"https:\/\/www.greenpeace.org\/static\/planet4-finland-stateless\/2021\/03\/558e9dd2-pto_intian_valtameri_kartta-1024x788.jpg 1024w, https:\/\/www.greenpeace.org\/static\/planet4-finland-stateless\/2021\/03\/558e9dd2-pto_intian_valtameri_kartta-300x231.jpg 300w, https:\/\/www.greenpeace.org\/static\/planet4-finland-stateless\/2021\/03\/558e9dd2-pto_intian_valtameri_kartta-768x591.jpg 768w, https:\/\/www.greenpeace.org\/static\/planet4-finland-stateless\/2021\/03\/558e9dd2-pto_intian_valtameri_kartta-1536x1182.jpg 1536w, https:\/\/www.greenpeace.org\/static\/planet4-finland-stateless\/2021\/03\/558e9dd2-pto_intian_valtameri_kartta-2048x1575.jpg 2048w, https:\/\/www.greenpeace.org\/static\/planet4-finland-stateless\/2021\/03\/558e9dd2-pto_intian_valtameri_kartta-1776x1366.jpg 1776w, https:\/\/www.greenpeace.org\/static\/planet4-finland-stateless\/2021\/03\/558e9dd2-pto_intian_valtameri_kartta-442x340.jpg 442w\" sizes=\"auto, (max-width: 1024px) 100vw, 1024px\" \/><\/figure>\n\n<p>Matkalta voimme n\u00e4ytt\u00e4\u00e4 maailmalle, miksi vahva mertensuojelusopimus on ratkaisevan t\u00e4rke\u00e4. Vesien alla piilottelevat ainutlaatuiset ja vain v\u00e4h\u00e4n tutkitut ihmeet ovat yksi esimerkki el\u00e4m\u00e4st\u00e4, jota merten suojelu voi auttaa. N\u00e4en mieless\u00e4ni leikkis\u00e4t delfiinit ja uljaat hait takertuneina tehokalastuksen verkkoihin. Kuulen kuinka ne kutsuvat apua &#8211; merten tuho ei voi en\u00e4\u00e4 jatkua.<br>Intian valtamerell\u00e4 on nopeasti k\u00e4ynyt ilmi, ett\u00e4 merenalainen el\u00e4m\u00e4 on ahdingossa. Pyrimme n\u00e4ytt\u00e4m\u00e4\u00e4n maailmalle, mik\u00e4 on vaakalaudalla ja miksi tarvitsemme pikaisesti vahvaa mertensuojelusopimusta. Maailman meret ansaitsevat tehokkaan suojelun.<\/p>\n\n<h2 class=\"wp-block-heading\">MERTENSUOJELUALUEET AVUKSI H\u00c4T\u00c4\u00c4N<\/h2>\n\n<figure class=\"wp-block-image size-large\"><img loading=\"lazy\" decoding=\"async\" width=\"833\" height=\"833\" src=\"https:\/\/www.greenpeace.org\/static\/planet4-finland-stateless\/2021\/03\/55b9957b-meren-uhkakuvat.jpg\" alt=\"Symboleja ja niiden selityksi\u00e4: Ilmastokriisi, syv\u00e4nmeren kaivuu, liikakalastus ja saasteet.\" class=\"wp-image-6796\" srcset=\"https:\/\/www.greenpeace.org\/static\/planet4-finland-stateless\/2021\/03\/55b9957b-meren-uhkakuvat.jpg 833w, https:\/\/www.greenpeace.org\/static\/planet4-finland-stateless\/2021\/03\/55b9957b-meren-uhkakuvat-300x300.jpg 300w, https:\/\/www.greenpeace.org\/static\/planet4-finland-stateless\/2021\/03\/55b9957b-meren-uhkakuvat-150x150.jpg 150w, https:\/\/www.greenpeace.org\/static\/planet4-finland-stateless\/2021\/03\/55b9957b-meren-uhkakuvat-768x768.jpg 768w, https:\/\/www.greenpeace.org\/static\/planet4-finland-stateless\/2021\/03\/55b9957b-meren-uhkakuvat-340x340.jpg 340w\" sizes=\"auto, (max-width: 833px) 100vw, 833px\" \/><\/figure>\n\n<p>Kun suljen silm\u00e4ni, n\u00e4en mieless\u00e4ni sinisen ulapan, kuulen meren aaltojen pauhun, haistan suolan tuoksun. Meret ovat enemm\u00e4n kuin mit\u00e4 voimme n\u00e4hd\u00e4, kuulla tai haistaa: ne ovat t\u00e4ynn\u00e4 ihmeellist\u00e4 ja ainutlaatuista el\u00e4m\u00e4\u00e4, jonka kirjoa olemme vasta alkaneet ymm\u00e4rt\u00e4\u00e4.<\/p>\n\n<p>T\u00e4m\u00e4 el\u00e4m\u00e4 on katoamassa huimaa vauhtia. YK:ssa k\u00e4yd\u00e4\u00e4n ratkaisevat neuvottelut maailmanlaajuisesta mertensuojelusopimuksesta t\u00e4n\u00e4 vuonna. Jotta voimme turvata merten tulevaisuuden, sopimuksen on mahdollistettava vahvasti suojeltujen mertensuojelualueiden perustaminen ja luotava mekanismit suojelun valvomiseksi.<\/p>\n\n<p>Tutkijoiden mukaan v\u00e4hint\u00e4\u00e4n 30 % maailman merist\u00e4 on suojeltava vuoteen 2030 menness\u00e4, jotta merten herkk\u00e4 el\u00e4m\u00e4 voivat elpy\u00e4.<\/p>\n\n<h2 class=\"wp-block-heading\">MAAILMAN MERTEN TILANNE: VAIN 2% SUOJELTU<\/h2>\n\n<p>Olemme historiallisen mahdollisuuden edess\u00e4. Vuonna 2021 maailman valtiot p\u00e4\u00e4tt\u00e4v\u00e4t mertensuojelusopimuksesta. P\u00e4\u00e4t\u00f6s piti tehd\u00e4 viime vuonna, mutta sopimusneuvottelut siirtyiv\u00e4t. Meille on viel\u00e4 yksi mahdollisuus vakuuttaa maailma vahvan mertensuojelusopimuksen t\u00e4rkeydest\u00e4.<\/p>\n\n<p>Mertensuojelualueet:<\/p>\n\n<ul class=\"wp-block-list\">\n<li>rauhoitetaan teolliselta toiminnalta<\/li>\n\n\n\n<li>antavat merten el\u00e4m\u00e4lle mahdollisuuden elpy\u00e4<\/li>\n\n\n\n<li>takaavat hyvinvoivat meret, jotka kest\u00e4v\u00e4t paremmin ilmastokriisin tuomat muutokset<\/li>\n\n\n\n<li>mahdollistavat elinvoimaiset ja rikkaat meret,<a href=\"https:\/\/www.greenpeace.org\/finland\/blogit\/3059\/hiilinielu-merella-5-merten-ilmastosankaria\/\"> jotka sitovat <\/a><a href=\"https:\/\/www.greenpeace.org\/finland\/blogit\/3059\/hiilinielu-merella-5-merten-ilmastosankaria\/\" target=\"_blank\" rel=\"noreferrer noopener\">hiilidioksidia<\/a><\/li>\n<\/ul>\n\n<p><a href=\"https:\/\/www.greenpeace.org\/finland\/tiedotteet\/2872\/ilmastokriisi-on-merten-kriisi\/\" target=\"_blank\" rel=\"noreferrer noopener\">Ilmastokriisi on my\u00f6s merten kriisi.<\/a> Vahvasti suojellut ja valvotut merialueet auttavat v\u00e4ltt\u00e4m\u00e4\u00e4n ilmastonmuutoksen pahimmat vaikutukset \u2013 ne turvaavat koko maapallon hyvinvoinnin.<\/p>\n\n<figure class=\"wp-block-image size-large\"><img decoding=\"async\" src=\"https:\/\/www.greenpeace.org\/static\/planet4-finland-stateless\/2021\/03\/e22bfee1-gp0stq7ro-1024x658.jpg\" title=\"Coral Bleaching in the Maldives. \u00a9 Uli Kunz \/ Greenpeace\" alt=\"Kuollutta korallia<div class=\"credit icon-left\"> \u00a9 Uli Kunz \/ Greenpeace<\/div> Intian valtamerell\u00e4.&#8221; class=&#8221;wp-image-6792&#8243;\/><figcaption class=\"wp-element-caption\">Kuollutta korallia<div class=\"credit icon-left\"> \u00a9 Uli Kunz \/ Greenpeace<\/div><\/figcaption><\/figure>\n\n<p><\/p>\n\n<h2 class=\"wp-block-heading\">VIIMEISET SAAVUTUKSET:<\/h2>\n\n<p>Vuonna 2018 vain kolme valtiota tuki 30&#215;30-suojelutavoitetta. Nyt sen takana on jo yli 60 valtiota.<\/p>\n\n<h2 class=\"wp-block-heading\">SEURAAVAKSI:<\/h2>\n\n<p>Vakuutamme&nbsp;loput&nbsp;vastaan&nbsp;hangoittelevat&nbsp;valtiot&nbsp;ja&nbsp;est\u00e4mme&nbsp;kalastusvaltioiden&nbsp;ja&nbsp;teollisuuden&nbsp;pyrkimykset&nbsp;saada&nbsp;kalastuksen&nbsp;s\u00e4\u00e4ntely&nbsp;pois&nbsp;sopimuksesta.&nbsp;<strong>Loppukiri&nbsp;on&nbsp;alkanut.<\/strong><\/p>\n\n<h2 class=\"wp-block-heading\">MERTENSUOJELUALUEET TOIMIVAT<\/h2>\n\n<h3>MONTEREY BAY<\/h3>\n\n<figure class=\"wp-block-image size-medium\"><img loading=\"lazy\" decoding=\"async\" width=\"188\" height=\"300\" src=\"https:\/\/www.greenpeace.org\/static\/planet4-finland-stateless\/2021\/03\/b4cf0909-gp018uj_high_res-188x300.jpg\" alt=\"Merisaukko.\" class=\"wp-image-6793\" srcset=\"https:\/\/www.greenpeace.org\/static\/planet4-finland-stateless\/2021\/03\/b4cf0909-gp018uj_high_res-188x300.jpg 188w, https:\/\/www.greenpeace.org\/static\/planet4-finland-stateless\/2021\/03\/b4cf0909-gp018uj_high_res-641x1024.jpg 641w, https:\/\/www.greenpeace.org\/static\/planet4-finland-stateless\/2021\/03\/b4cf0909-gp018uj_high_res-768x1227.jpg 768w, https:\/\/www.greenpeace.org\/static\/planet4-finland-stateless\/2021\/03\/b4cf0909-gp018uj_high_res-962x1536.jpg 962w, https:\/\/www.greenpeace.org\/static\/planet4-finland-stateless\/2021\/03\/b4cf0909-gp018uj_high_res-1282x2048.jpg 1282w, https:\/\/www.greenpeace.org\/static\/planet4-finland-stateless\/2021\/03\/b4cf0909-gp018uj_high_res-855x1366.jpg 855w, https:\/\/www.greenpeace.org\/static\/planet4-finland-stateless\/2021\/03\/b4cf0909-gp018uj_high_res-213x340.jpg 213w, https:\/\/www.greenpeace.org\/static\/planet4-finland-stateless\/2021\/03\/b4cf0909-gp018uj_high_res-scaled.jpg 1603w\" sizes=\"auto, (max-width: 188px) 100vw, 188px\" \/><\/figure>\n\n<p>Merten el\u00e4m\u00e4 oli liikakalastettu sukupuuton partaalle ennen kuin alue suojeltiin. Nyt el\u00e4m\u00e4 on elpynyt, ja Monterey Bay on koti merileijonille, pelikaaneille ja saukoille.<\/p>\n\n<h3>CABO PULMO<\/h3>\n\n<figure class=\"wp-block-image size-medium\"><img loading=\"lazy\" decoding=\"async\" width=\"300\" height=\"212\" src=\"https:\/\/www.greenpeace.org\/static\/planet4-finland-stateless\/2021\/03\/c4a2debc-gp018ov_high_res-300x212.jpg\" alt=\"Valas meren pinnan tuntumassa.\" class=\"wp-image-6794\" srcset=\"https:\/\/www.greenpeace.org\/static\/planet4-finland-stateless\/2021\/03\/c4a2debc-gp018ov_high_res-300x212.jpg 300w, https:\/\/www.greenpeace.org\/static\/planet4-finland-stateless\/2021\/03\/c4a2debc-gp018ov_high_res-1024x724.jpg 1024w, https:\/\/www.greenpeace.org\/static\/planet4-finland-stateless\/2021\/03\/c4a2debc-gp018ov_high_res-768x543.jpg 768w, https:\/\/www.greenpeace.org\/static\/planet4-finland-stateless\/2021\/03\/c4a2debc-gp018ov_high_res-1536x1085.jpg 1536w, https:\/\/www.greenpeace.org\/static\/planet4-finland-stateless\/2021\/03\/c4a2debc-gp018ov_high_res-2048x1447.jpg 2048w, https:\/\/www.greenpeace.org\/static\/planet4-finland-stateless\/2021\/03\/c4a2debc-gp018ov_high_res-1933x1366.jpg 1933w, https:\/\/www.greenpeace.org\/static\/planet4-finland-stateless\/2021\/03\/c4a2debc-gp018ov_high_res-481x340.jpg 481w\" sizes=\"auto, (max-width: 300px) 100vw, 300px\" \/><\/figure>\n\n<p>Cabo Pulmon kansallispuistossa asuu moni merenel\u00e4v\u00e4, ja siell\u00e4 vierailevat valaat, kilpikonnat, paholaisrausku. 15 vuotta sitten alue k\u00e4rsi liikakalastuksesta ja massaturismista. Nyt kalakannat ovat kasvaneet yli 400 prosenttia.<\/p>\n\n<h3>FLORIDA KEYS<\/h3>\n\n<figure class=\"wp-block-image size-medium\"><img loading=\"lazy\" decoding=\"async\" width=\"300\" height=\"196\" src=\"https:\/\/www.greenpeace.org\/static\/planet4-finland-stateless\/2020\/01\/2cabea9a-gp0stoe1z_pressmedia-300x196.jpg\" alt=\"Kilpikonna korallin yl\u00e4puolella.\" class=\"wp-image-3274\" srcset=\"https:\/\/www.greenpeace.org\/static\/planet4-finland-stateless\/2020\/01\/2cabea9a-gp0stoe1z_pressmedia-300x196.jpg 300w, https:\/\/www.greenpeace.org\/static\/planet4-finland-stateless\/2020\/01\/2cabea9a-gp0stoe1z_pressmedia-1024x670.jpg 1024w, https:\/\/www.greenpeace.org\/static\/planet4-finland-stateless\/2020\/01\/2cabea9a-gp0stoe1z_pressmedia-768x503.jpg 768w, https:\/\/www.greenpeace.org\/static\/planet4-finland-stateless\/2020\/01\/2cabea9a-gp0stoe1z_pressmedia-1536x1005.jpg 1536w, https:\/\/www.greenpeace.org\/static\/planet4-finland-stateless\/2020\/01\/2cabea9a-gp0stoe1z_pressmedia-2048x1340.jpg 2048w, https:\/\/www.greenpeace.org\/static\/planet4-finland-stateless\/2020\/01\/2cabea9a-gp0stoe1z_pressmedia-510x334.jpg 510w\" sizes=\"auto, (max-width: 300px) 100vw, 300px\" \/><\/figure>\n\n<p>Tehokalastuksella oli haitallinen vaikutus Florida Keysiin. Suojelalueen el\u00e4m\u00e4 on elpynyt ja monet lajit kuten manaatit, amerikankrokotiilit ja<a href=\"https:\/\/www.greenpeace.org\/finland\/blogit\/3812\/kilpikonnat-tarvitsevat-suojelua\/\" target=\"_blank\" rel=\"noreferrer noopener\"> merikilpikonnat ovat palanneet.<\/a><\/p>\n\n<h2 class=\"wp-block-heading\">INTIAN VALTAMERI TARVITSEE MY\u00d6S SUOJELUA<\/h2>\n\n<p>Tutkimusmatka&nbsp;Intian&nbsp;valtamerelle&nbsp;on&nbsp;paljastanut&nbsp;h\u00e4t\u00e4tilan.&nbsp;Maailmanlaajuisesti&nbsp;jopa&nbsp;100&nbsp;miljoonaa&nbsp;haita&nbsp;j\u00e4\u00e4&nbsp;vuosittain&nbsp;tehokalastuksen&nbsp;sivusaaliiksi.&nbsp;Osalta&nbsp;niist\u00e4&nbsp;leikataan&nbsp;ev\u00e4&nbsp;ja&nbsp;ne&nbsp;heitet\u00e4\u00e4n&nbsp;takaisin&nbsp;mereen.&nbsp;<a href=\"https:\/\/www.greenpeace.org\/finland\/blogit\/6579\/hait-kolme-tarkeaa-faktaa-haikaloista\/\" target=\"_blank\" rel=\"noreferrer noopener\">Pedot,&nbsp;kuten&nbsp;hait,&nbsp;ovat&nbsp;t\u00e4rke\u00e4&nbsp;osa&nbsp;merten&nbsp;ravintoketjua. <\/a>Ne&nbsp;tasapainottavat&nbsp;merten&nbsp;el\u00e4m\u00e4\u00e4&nbsp;pit\u00e4m\u00e4ll\u00e4&nbsp;huolen,&nbsp;ettei&nbsp;muita&nbsp;kaloja&nbsp;ole&nbsp;liikaa.&nbsp;<\/p>\n\n<p>Saya&nbsp;de&nbsp;Malha&nbsp;Bankilla&nbsp;l\u00e4ntisell\u00e4&nbsp;Intian&nbsp;valtamerell\u00e4&nbsp;on&nbsp;maailman&nbsp;suurin&nbsp;meriruohoniitty,&nbsp;joka&nbsp;toimii&nbsp;hiilinieluna.&nbsp;Pikkusinivalaiden&nbsp;tiedet\u00e4\u00e4n&nbsp;lis\u00e4\u00e4ntyv\u00e4n&nbsp;alueella.&nbsp;Alue&nbsp;on&nbsp;v\u00e4h\u00e4n&nbsp;tutkittu,&nbsp;mutta&nbsp;tied\u00e4mme&nbsp;jo,&nbsp;ett\u00e4&nbsp;se&nbsp;on&nbsp;ainutlaatuinen.&nbsp;Vahva&nbsp;mertensuojelusopimus&nbsp;auttaisi&nbsp;suojelemaan&nbsp;t\u00e4llaisia&nbsp;arvokkaita&nbsp;alueita.<\/p>\n\n<h2 class=\"wp-block-heading\">MIT\u00c4 VOIT TEHD\u00c4 MERTEN SUOJELEMISEKSI?<\/h2>\n\n<p>\u00c4l\u00e4 anna merten el\u00e4m\u00e4n haihtua olemattomiin. Meret ovat elinehto maapallon kaikkien otusten \u2013 niin ihmisten kuin delfiinien \u2013 hyvinvoinnille.<\/p>\n\n<ul class=\"wp-block-list\">\n<li><a rel=\"noreferrer noopener\" href=\"https:\/\/www.greenpeace.org\/finland\/toimi\/suojellaan-maailman-meria\/allekirjoita-vetoomus\/\" target=\"_blank\">Allekirjoita mertensuojeluvetoomus<\/a><br><\/li>\n\n\n\n<li><a rel=\"noreferrer noopener\" href=\"https:\/\/lahjoita.greenpeace.org\/d\/tee-kertalahjoitus-meret\" target=\"_blank\">Lahjoita ja suojele meri\u00e4.<\/a><br><\/li>\n\n\n\n<li>Lue tutkimusartikkeli<a href=\"https:\/\/storage.googleapis.com\/planet4-international-stateless\/2019\/11\/018c3eae-30x30-ocean-climate-report-greenpeace-2019.pdf\" target=\"_blank\" rel=\"noreferrer noopener\"> In Hot Water: The Climate Crisis and the Urgent Need for Ocean Protection<\/a><\/li>\n<\/ul>\n\n<figure class=\"wp-block-embed is-type-wp-embed is-provider-greenpeace-suomi wp-block-embed-greenpeace-suomi\"><div class=\"wp-block-embed__wrapper\">\n<blockquote class=\"wp-embedded-content\" data-secret=\"om64ALG7li\"><a href=\"https:\/\/www.greenpeace.org\/finland\/tiedotteet\/meret\/pingviinien-maara-vahentynyt-dramaattisesti\/\">Pingviinien m\u00e4\u00e4r\u00e4 v\u00e4hentynyt dramaattisesti<\/a><\/blockquote><iframe loading=\"lazy\" class=\"wp-embedded-content\" sandbox=\"allow-scripts\" security=\"restricted\" style=\"position: absolute; clip: rect(1px, 1px, 1px, 1px);\" title=\"&#8221;Pingviinien m\u00e4\u00e4r\u00e4 v\u00e4hentynyt dramaattisesti&#8221; &#8212; Greenpeace Suomi\" src=\"https:\/\/www.greenpeace.org\/finland\/tiedotteet\/meret\/pingviinien-maara-vahentynyt-dramaattisesti\/embed\/#?secret=weO6X4fqta#?secret=om64ALG7li\" data-secret=\"om64ALG7li\" width=\"500\" height=\"282\" frameborder=\"0\" marginwidth=\"0\" marginheight=\"0\" scrolling=\"no\"><\/iframe>\n<\/div><\/figure>\n\n<figure class=\"wp-block-embed is-type-wp-embed is-provider-greenpeace-suomi wp-block-embed-greenpeace-suomi\"><div class=\"wp-block-embed__wrapper\">\n<blockquote class=\"wp-embedded-content\" data-secret=\"ayCnDbjPPx\"><a href=\"https:\/\/www.greenpeace.org\/finland\/tiedotteet\/meret\/arktinen-merijaa-on-tana-vuonna-historiallisen-pieni-greenpeacen-laiva-ja-tutkijat-paikan-paalla\/\">Arktinen merij\u00e4\u00e4 on t\u00e4n\u00e4 vuonna historiallisen pieni: Greenpeacen laiva ja tutkijat paikan p\u00e4\u00e4ll\u00e4<\/a><\/blockquote><iframe loading=\"lazy\" class=\"wp-embedded-content\" sandbox=\"allow-scripts\" security=\"restricted\" style=\"position: absolute; clip: rect(1px, 1px, 1px, 1px);\" title=\"&#8221;Arktinen merij\u00e4\u00e4 on t\u00e4n\u00e4 vuonna historiallisen pieni: Greenpeacen laiva ja tutkijat paikan p\u00e4\u00e4ll\u00e4&#8221; &#8212; Greenpeace Suomi\" src=\"https:\/\/www.greenpeace.org\/finland\/tiedotteet\/meret\/arktinen-merijaa-on-tana-vuonna-historiallisen-pieni-greenpeacen-laiva-ja-tutkijat-paikan-paalla\/embed\/#?secret=xOQoV0H3w5#?secret=ayCnDbjPPx\" data-secret=\"ayCnDbjPPx\" width=\"500\" height=\"282\" frameborder=\"0\" marginwidth=\"0\" marginheight=\"0\" scrolling=\"no\"><\/iframe>\n<\/div><\/figure>\n\t\t\t<section\n\t\t\tclass=\"boxout post-1864 \"\n\t\t\t\n\t\t>\n\t\t\t<a\n\t\t\t\tdata-ga-category=\"Take Action Boxout\"\n\t\t\t\tdata-ga-action=\"Image\"\n\t\t\t\tdata-ga-label=\"n\/a\"\n\t\t\t\tclass=\"cover-card-overlay\"\n\t\t\t\thref=\"https:\/\/www.greenpeace.org\/finland\/toimi\/suojellaan-maailman-meria\/\" \n\t\t\t><\/a>\n\t\t\t\t\t\t\t<img\n\t\t\t\t\t\tsrc=\"https:\/\/www.greenpeace.org\/static\/planet4-finland-stateless\/2022\/06\/d1813a37-gp0stoe38_web_size.jpg\"\n\t\t\t\t\t\tsrcset=\"https:\/\/www.greenpeace.org\/static\/planet4-finland-stateless\/2022\/06\/d1813a37-gp0stoe38_web_size-300x200.jpg 300w, https:\/\/www.greenpeace.org\/static\/planet4-finland-stateless\/2022\/06\/d1813a37-gp0stoe38_web_size-768x512.jpg 768w, https:\/\/www.greenpeace.org\/static\/planet4-finland-stateless\/2022\/06\/d1813a37-gp0stoe38_web_size-510x340.jpg 510w, https:\/\/www.greenpeace.org\/static\/planet4-finland-stateless\/2022\/06\/d1813a37-gp0stoe38_web_size.jpg 800w\"\n\t\t\t\t\t\tsizes=\"(min-width: 1000px) 358px, (min-width: 780px) 313px, 88px\"\n\t\t\t\t\t\talt=\"Karettikilpikonna\" title=\"Karettikilpikonna\"\n\t\t\t\t\/>\n            \t\t\t<div class=\"boxout-content\">\n\t\t\t\t\t\t\t\t\t<a\n\t\t\t\t\t\tclass=\"boxout-heading medium\"\n\t\t\t\t\t\tdata-ga-category=\"Take Action Boxout\"\n\t\t\t\t\t\tdata-ga-action=\"Title\"\n\t\t\t\t\t\tdata-ga-label=\"n\/a\"\n\t\t\t\t\t\thref=\"https:\/\/www.greenpeace.org\/finland\/toimi\/suojellaan-maailman-meria\/\"\n\t\t\t\t\t\t\n\t\t\t\t\t>\n\t\t\t\t\t\tSuojellaan maailman meri\u00e4\n\t\t\t\t\t<\/a>\n\t\t\t\t\t\t\t\t\t\t\t\t\t<p class=\"boxout-excerpt\">Merten ihmeellinen maailma tarvitsee apuamme. Pidet\u00e4\u00e4n yhdess\u00e4 huolta, ett\u00e4 merten el\u00e4m\u00e4 saa ansaitsemansa suojelun.<\/p>\n\t\t\t\t                                    <a\n                        class=\"btn btn-primary\"\n                        data-ga-category=\"Take Action Boxout\"\n                        data-ga-action=\"Call to Action\"\n                        data-ga-label=\"n\/a\"\n                        href=\"https:\/\/www.greenpeace.org\/finland\/toimi\/suojellaan-maailman-meria\/\"\n                        \n                    >\n                        Tule mukaan\n                    <\/a>\n                \t\t\t<\/div>\n\t\t\t\t\t<\/section>\n\t","protected":false},"excerpt":{"rendered":"<p>Matka Intian valtamerell\u00e4 alkoi maaliskuussa 2021. Matkalta voimme n\u00e4ytt\u00e4\u00e4 maailmalle, miksi vahva mertensuojelusopimus on ratkaisevan t\u00e4rke\u00e4. Lue lis\u00e4\u00e4.<\/p>\n","protected":false},"author":26,"featured_media":6791,"comment_status":"closed","ping_status":"open","sticky":false,"template":"","format":"standard","meta":{"_improvement_type_select":"improve_an_existing","_thumb_yes_seoaic":false,"_frame_yes_seoaic":false,"seoaic_generate_description":"","seoaic_improve_instructions_prompt":"","seoaic_rollback_content_improvement":"","seoaic_idea_thumbnail_generator":"","thumbnail_generated":false,"thumbnail_generate_prompt":"","seoaic_article_description":"","ep_exclude_from_search":false,"seoaic_article_subtitles":[],"p4_og_title":"","p4_og_description":"","p4_og_image":"","p4_og_image_id":"","p4_seo_canonical_url":"","p4_campaign_name":"not set","p4_local_project":"not set","p4_basket_name":"not set","p4_department":"","footnotes":""},"categories":[4],"tags":[62,73,25,74],"p4-page-type":[16],"class_list":["post-6790","post","type-post","status-publish","format-standard","has-post-thumbnail","hentry","category-meret","tag-greenpeacenlaivat","tag-maailmanmeret","tag-suojellaanmeret","tag-teollinenkalastus","p4-page-type-blogit"],"_links":{"self":[{"href":"https:\/\/www.greenpeace.org\/finland\/wp-json\/wp\/v2\/posts\/6790","targetHints":{"allow":["GET"]}}],"collection":[{"href":"https:\/\/www.greenpeace.org\/finland\/wp-json\/wp\/v2\/posts"}],"about":[{"href":"https:\/\/www.greenpeace.org\/finland\/wp-json\/wp\/v2\/types\/post"}],"author":[{"embeddable":true,"href":"https:\/\/www.greenpeace.org\/finland\/wp-json\/wp\/v2\/users\/26"}],"replies":[{"embeddable":true,"href":"https:\/\/www.greenpeace.org\/finland\/wp-json\/wp\/v2\/comments?post=6790"}],"version-history":[{"count":9,"href":"https:\/\/www.greenpeace.org\/finland\/wp-json\/wp\/v2\/posts\/6790\/revisions"}],"predecessor-version":[{"id":54237,"href":"https:\/\/www.greenpeace.org\/finland\/wp-json\/wp\/v2\/posts\/6790\/revisions\/54237"}],"wp:featuredmedia":[{"embeddable":true,"href":"https:\/\/www.greenpeace.org\/finland\/wp-json\/wp\/v2\/media\/6791"}],"wp:attachment":[{"href":"https:\/\/www.greenpeace.org\/finland\/wp-json\/wp\/v2\/media?parent=6790"}],"wp:term":[{"taxonomy":"category","embeddable":true,"href":"https:\/\/www.greenpeace.org\/finland\/wp-json\/wp\/v2\/categories?post=6790"},{"taxonomy":"post_tag","embeddable":true,"href":"https:\/\/www.greenpeace.org\/finland\/wp-json\/wp\/v2\/tags?post=6790"},{"taxonomy":"p4-page-type","embeddable":true,"href":"https:\/\/www.greenpeace.org\/finland\/wp-json\/wp\/v2\/p4-page-type?post=6790"}],"curies":[{"name":"wp","href":"https:\/\/api.w.org\/{rel}","templated":true}]}}