{"id":6994,"date":"2021-04-30T12:13:34","date_gmt":"2021-04-30T09:13:34","guid":{"rendered":"https:\/\/www.greenpeace.org\/finland\/?p=6994"},"modified":"2024-09-02T10:48:23","modified_gmt":"2024-09-02T07:48:23","slug":"ilmastokriisi-ja-luontokato-ratkaistaan-kunnissa-sinunkin-aanellasi","status":"publish","type":"post","link":"https:\/\/www.greenpeace.org\/finland\/blogit\/ilmastonmuutos\/ilmastokriisi-ja-luontokato-ratkaistaan-kunnissa-sinunkin-aanellasi\/","title":{"rendered":"Ilmastokriisi ja luontokato ratkaistaan kunnissa &#8211; sinunkin \u00e4\u00e4nell\u00e4si?"},"content":{"rendered":"\n<p>Kuntavaalit l\u00e4hestyv\u00e4t. Kes\u00e4kuussa p\u00e4\u00e4t\u00e4mme kaikki yhdess\u00e4, johdetaanko omaa kuntaamme seuraavat nelj\u00e4 vuotta ilmasto- ja monimuotoisuus edell\u00e4, ja tehd\u00e4\u00e4nk\u00f6 p\u00e4\u00e4t\u00f6ksi\u00e4 muutoksen pelossa vai toivo ja parempi tulevaisuus mieless\u00e4.<\/p>\n\n<p>Oman kunnan p\u00e4\u00e4tt\u00e4jiin kannattaa tietysti vaikuttaa my\u00f6s jo n\u00e4in ennen vaaleja. Koronaturvallinen vaikuttaminen onnistuu parhaiten osallistumalla somekeskusteluun, tarttumalla puhelimeen tai kirjoittamalla mielipidekirjoitus paikallislehteen, jota tiet\u00e4\u00e4 ehdokkaiden ja \u00e4\u00e4nest\u00e4jien lukevan.<\/p>\n\n<p>Vaikuttamisen avuksi olemme kirjoittaneet ohjeistukset <a href=\"https:\/\/www.greenpeace.org\/static\/planet4-finland-stateless\/2021\/04\/e18ed983-miten-soitan-poliitikoille-ohjeet-3.pdf\" data-type=\"URL\" data-id=\"https:\/\/www.greenpeace.org\/static\/planet4-finland-stateless\/2021\/04\/e18ed983-miten-soitan-poliitikoille-ohjeet-3.pdf\">ehdokkaille soittamiseen<\/a> ja mielipidekirjoituksen <a href=\"https:\/\/www.greenpeace.org\/static\/planet4-finland-stateless\/2021\/04\/9b59728b-mielipidekirjoituksen-kirjoittaminen-2.pdf\" data-type=\"URL\" data-id=\"https:\/\/www.greenpeace.org\/static\/planet4-finland-stateless\/2021\/04\/9b59728b-mielipidekirjoituksen-kirjoittaminen-2.pdf\">kirjoittamiseen<\/a>, sek\u00e4 listanneet <a href=\"https:\/\/www.greenpeace.org\/static\/planet4-finland-stateless\/2021\/04\/4ac83735-kysymyksia\u0308-kuntavaaliehdokkaille-1.pdf\" data-type=\"URL\" data-id=\"https:\/\/www.greenpeace.org\/static\/planet4-finland-stateless\/2021\/04\/4ac83735-kysymyksia\u0308-kuntavaaliehdokkaille-1.pdf\">t\u00e4rkeimm\u00e4t kysymykset<\/a> kuntasi ehdokkaiden jututtamiseen ilmasto-, ymp\u00e4rist\u00f6- ja monimuotoisuusteemoista.<\/p>\n\n<p>Somekeskustelussa kannattaa k\u00e4ytt\u00e4\u00e4 hyv\u00e4ksi <a href=\"https:\/\/www.greenpeace.org\/finland\/tiedotteet\/6511\/ilmastokriisi-ja-luontokato-ratkaistaan-kunnissa-lue-jarjestojen-ohjeet-kuntavaaleihin\/\">kansalaisj\u00e4rjest\u00f6jen<\/a> julkaisemia <a href=\"https:\/\/www.greenpeace.org\/static\/planet4-finland-stateless\/2021\/02\/b4b663e0-kansalaisjarjestojen-ilmastoviestit-kuntavaaleihin-2021.pdf\">kuntavaaliteesej\u00e4<\/a> ilmastokriisin ja luontokadon ratkaisemiseksi tulevissa kuntavaaleissa. Lis\u00e4ksi voit tutustua eri j\u00e4rjest\u00f6jen kannanottoihin eri teemoista kuntavaaleihin liittyen. Lue esimerkiksi ilmasto- ja energiakampanjoitsijamme Olli Tiaisen blogi <a href=\"https:\/\/www.greenpeace.org\/finland\/blogit\/6550\/fossiilittoman-liikenteen-tiekartta-ei-vie-perille\/\">fossiilittomasta liikenteest\u00e4<\/a>.<\/p>\n\n<p>Kirjoitus- ja soittelusessioita voi j\u00e4rjest\u00e4\u00e4 my\u00f6s yhdess\u00e4 et\u00e4n\u00e4 tai ilmojen l\u00e4mmetess\u00e4 vaikkapa ulkona (tietenkin koronasuosituksia noudattaen).<\/p>\n\n<p>Kuntavaalit ovat ilmastovaalit ja kuudessa Suomen kunnassa my\u00f6s pormestarivaalit. Greenpeacen paikallisryhm\u00e4t j\u00e4rjest\u00e4v\u00e4t toukokuussa Luonto-Liiton ilmastotoimintaryhm\u00e4n ja Natur och Milj\u00f6n kanssa pormestaritentit n\u00e4ist\u00e4 kolmessa: Turussa, Helsingiss\u00e4 ja Tampereella.<\/p>\n\n<p>Pormestariehdokkaita tentataan&nbsp; ilmasto- ja monimuotoisuuskysymyksist\u00e4. Mit\u00e4 suunnitelmia ehdokkailla on julkisen liikenteen, kuntien energiaratkaisujen ja kaupunkisuunnittelun sarallla? Mit\u00e4 mielt\u00e4 he ovat liha- ja maitotuotteiden korvaamisesta kasviper\u00e4isill\u00e4 tuotteilla ja ymp\u00e4rist\u00f6kriteereist\u00e4 kunnan hankinnoissa?<\/p>\n\n<p><strong>Tentattavina Turussa 3.5. ovat pormestariehdokkaat<\/strong> Elina Rantanen (vihre\u00e4t), Aki Lind\u00e9n (SDP), Mirka Muukkonen (vasemmistoliitto), Mikael Miikkola (perussuomalaiset), Terhi V\u00f6rlund-Wallenius (RKP) ja Jarmo Laivoranta (keskusta). Kokoomuksen ehdokas Minna Arvea sijaistaa puolueen kuntavaaliehdokas Janika Takatalo. Tapahtuman juontaa Greenpeacen entinen maajohtaja, ilmastostrategiakonsultti Sini Harkki.<br><br><a href=\"http:\/\/www.facebook.com\/events\/1274469586282476\" data-type=\"URL\" data-id=\"www.facebook.com\/events\/1274469586282476\">Turun tapahtuma facebookissa<\/a>.<\/p>\n\n<p><strong>Helsingiss\u00e4 21.5. mukana ovat pormestariehdokkaat<\/strong> Juhana Vartiainen (kokoomus), Anni Sinnem\u00e4ki (vihre\u00e4t), Nasima Razmyar (SDP) ja Paavo Arhim\u00e4ki (vasemmistoliitto). Tapahtuman juontaa toimittaja ja tietokirjailija Hanna Nikkanen.<br><br><a href=\"http:\/\/www.facebook.com\/events\/286815553078250\" data-type=\"URL\" data-id=\"www.facebook.com\/events\/286815553078250\">Helsingin tentti facebookissa<\/a>.<\/p>\n\n<p><strong>Tampereella 25.5. tentattavina ovat pormestariehdokkaa<\/strong>t Lauri Lyly (SDP), Kalervo Kummola (kokoomus), Jaakko Stenh\u00e4ll (vihre\u00e4t) ja Minna Minkkinen (vasemmistoliitto). Tapahtuman juontaa esseisti ja kriitikko Silvia Hosseini.<br><br><a href=\"http:\/\/www.facebook.com\/events\/976351043109090\" data-type=\"URL\" data-id=\"www.facebook.com\/events\/976351043109090\">Tampereen tentti facebookissa<\/a>.<\/p>\n\n<p>Tentit j\u00e4rjestet\u00e4\u00e4n FB Live -tapahtumina ja tullaan tulkkaamaan ruotsiksi ja englanniksi.<\/p>\n\n<p>Rakennetaan yhdess\u00e4 hiilineutraali ja monimuotoinen Suomi!<\/p>\n\n<p><strong>Varpu Sairinen<\/strong><br>Greenpeacen vapaaehtoiskoordinaattori<\/p>\n","protected":false},"excerpt":{"rendered":"<p>Kuntavaalit l\u00e4hestyv\u00e4t. Kes\u00e4kuussa p\u00e4\u00e4t\u00e4mme kaikki yhdess\u00e4, johdetaanko omaa kuntaamme seuraavat nelj\u00e4 vuotta ilmasto- ja monimuotoisuus edell\u00e4. Katso t\u00e4st\u00e4 vinkit oman kuntasi ehdokkaiden kantoihin vaikuttamiseen.<\/p>\n","protected":false},"author":30,"featured_media":7003,"comment_status":"closed","ping_status":"open","sticky":false,"template":"","format":"standard","meta":{"_improvement_type_select":"improve_an_existing","_thumb_yes_seoaic":false,"_frame_yes_seoaic":false,"seoaic_generate_description":"","seoaic_improve_instructions_prompt":"","seoaic_rollback_content_improvement":"","seoaic_idea_thumbnail_generator":"","thumbnail_generated":false,"thumbnail_generate_prompt":"","seoaic_article_description":"","ep_exclude_from_search":false,"seoaic_article_subtitles":[],"p4_og_title":"","p4_og_description":"","p4_og_image":"","p4_og_image_id":"","p4_seo_canonical_url":"","p4_campaign_name":"not set","p4_local_project":"not set","p4_basket_name":"not set","p4_department":"","footnotes":""},"categories":[1],"tags":[29,60,70],"p4-page-type":[16],"class_list":["post-6994","post","type-post","status-publish","format-standard","has-post-thumbnail","hentry","category-ilmastonmuutos","tag-vapaaehtoiset","tag-ilmastopolitiikka","tag-luontokato","p4-page-type-blogit"],"_links":{"self":[{"href":"https:\/\/www.greenpeace.org\/finland\/wp-json\/wp\/v2\/posts\/6994","targetHints":{"allow":["GET"]}}],"collection":[{"href":"https:\/\/www.greenpeace.org\/finland\/wp-json\/wp\/v2\/posts"}],"about":[{"href":"https:\/\/www.greenpeace.org\/finland\/wp-json\/wp\/v2\/types\/post"}],"author":[{"embeddable":true,"href":"https:\/\/www.greenpeace.org\/finland\/wp-json\/wp\/v2\/users\/30"}],"replies":[{"embeddable":true,"href":"https:\/\/www.greenpeace.org\/finland\/wp-json\/wp\/v2\/comments?post=6994"}],"version-history":[{"count":5,"href":"https:\/\/www.greenpeace.org\/finland\/wp-json\/wp\/v2\/posts\/6994\/revisions"}],"predecessor-version":[{"id":7002,"href":"https:\/\/www.greenpeace.org\/finland\/wp-json\/wp\/v2\/posts\/6994\/revisions\/7002"}],"wp:featuredmedia":[{"embeddable":true,"href":"https:\/\/www.greenpeace.org\/finland\/wp-json\/wp\/v2\/media\/7003"}],"wp:attachment":[{"href":"https:\/\/www.greenpeace.org\/finland\/wp-json\/wp\/v2\/media?parent=6994"}],"wp:term":[{"taxonomy":"category","embeddable":true,"href":"https:\/\/www.greenpeace.org\/finland\/wp-json\/wp\/v2\/categories?post=6994"},{"taxonomy":"post_tag","embeddable":true,"href":"https:\/\/www.greenpeace.org\/finland\/wp-json\/wp\/v2\/tags?post=6994"},{"taxonomy":"p4-page-type","embeddable":true,"href":"https:\/\/www.greenpeace.org\/finland\/wp-json\/wp\/v2\/p4-page-type?post=6994"}],"curies":[{"name":"wp","href":"https:\/\/api.w.org\/{rel}","templated":true}]}}