{"id":7066,"date":"2021-05-21T12:45:23","date_gmt":"2021-05-21T09:45:23","guid":{"rendered":"https:\/\/www.greenpeace.org\/finland\/?p=7066"},"modified":"2024-09-04T11:09:18","modified_gmt":"2024-09-04T08:09:18","slug":"toivoa-ilmasto-ja-luontokriisien-keskella-ilmastolukupiiri-kampanja-huipentuu-kevatjuhlaan","status":"publish","type":"post","link":"https:\/\/www.greenpeace.org\/finland\/tiedotteet\/ilmastonmuutos\/toivoa-ilmasto-ja-luontokriisien-keskella-ilmastolukupiiri-kampanja-huipentuu-kevatjuhlaan\/","title":{"rendered":"Toivoa ilmasto- ja luontokriisien keskell\u00e4? \u2013 Ilmastolukupiiri-kampanja huipentuu kev\u00e4tjuhlaan"},"content":{"rendered":"\n<p>Mit\u00e4 on hyv\u00e4 ja merkityksellinen el\u00e4m\u00e4 ilmastokriisin aikana? Valtakunnallinen Ilmastolukupiiri-kampanja huipentuu tulevana tiistaina kev\u00e4tjuhlaan, jossa ajankohtainen ilmastotieto kohtaa toivoa her\u00e4ttelev\u00e4t keskustelut. Voit katsoa tapahtuman Zoomin v\u00e4lityksell\u00e4 25.5. kello 18-20.<\/p>\n\n<figure class=\"wp-block-image size-large\"><img loading=\"lazy\" decoding=\"async\" width=\"1024\" height=\"832\" src=\"https:\/\/www.greenpeace.org\/static\/planet4-finland-stateless\/f27f0676-lukupiirit-1024x832.png\" alt=\"\" class=\"wp-image-6358\"\/><\/figure>\n\n<p>Kev\u00e4\u00e4n 2021 aikana eri puolilla Suomea on j\u00e4rjestetty yli 90 ilmastolukupiiri\u00e4, joissa on kokoonnuttu lukemaan, kohtaamaan ja keskustelemaan siit\u00e4, mit\u00e4 ilmastonmuutos tarkoittaa ja miten sen keskell\u00e4 el\u00e4mme. Ilmastolukupiirien p\u00e4\u00e4t\u00f6stilaisuudessa p\u00e4\u00e4sev\u00e4t \u00e4\u00e4neen ilmastotoiminnan konkarit, aihetta taiteen ja yhteis\u00f6jen kautta l\u00e4hestyneet asiantuntijat sek\u00e4 ilmastolukupiirien vet\u00e4j\u00e4t. Kev\u00e4tjuhlan vieraina ovat europarlamentaarikko, Marttaliiton hallituksen puheenjohtaja <strong>Sirpa Pietik\u00e4inen<\/strong>, ilmastoasiantuntija <strong>Lauri Myllyvirta<\/strong>, kirjailija <strong>Laura Gustafsson<\/strong>, dosentti <strong>Arto O. Salonen<\/strong> ja Taideyliopiston Kuvataideakatemian dekaani <strong>Hanna Johansson<\/strong> sek\u00e4 Kirjastolehden p\u00e4\u00e4toimittaja <strong>Ville Vaarne<\/strong>.<\/p>\n\n<p>Tapahtuman kantavana teemana on kirjallisuuden ja yhteis\u00f6jen, kuten kirjastojen ja lukupiirien merkitys ilmastoahdistuksen muuttamisessa toiminnaksi. Yksi kev\u00e4\u00e4n lukupiirien keskeisist\u00e4 havainnoista oli, ett\u00e4 tarve toivoa luoville kirjoille ja toiminnalle on suuri.<br><br>\u201cIlmastolukupiirien suosio l\u00f6i meid\u00e4t \u00e4llik\u00e4ll\u00e4. Tavoitteemme ylittyiv\u00e4t moninkertaisesti ja palaute on ollut valtavan hyv\u00e4\u00e4. Sadat ihmiset kohtasivat ja huomasivat, ett\u00e4 tarvitaan tarinoita siit\u00e4, miten me yhdess\u00e4 rakennamme parempaa\u201d, sanoo <strong>Katariina Ervasti<\/strong>, Vantaan kaupunginkirjaston verkostop\u00e4\u00e4llikk\u00f6.<br><br>Ilmastolukupiiri on p\u00e4\u00e4kaupunkiseudun Helmet-kirjastojen, Greenpeacen, Marttaliiton, Lukukeskuksen ja Mannerheimin Lastensuojeluliiton Uudenmaan piirin sek\u00e4 Suomen kirjastoseuran kampanja, joka toteutettiin yhteisty\u00f6ss\u00e4 kirjastojen kanssa ymp\u00e4ri Suomen. Seuraavaksi j\u00e4rjest\u00e4j\u00e4t haastavat Suomen kirjastot ja niiden lukijat kokoamaan toivon kirjahylly\u00e4, jonka teokset antavat avaimia ilmastokriisin kohtaamiseen ja vaihtoehtoja dystopioille.<br><br>\u201cToivon kirjahyllyst\u00e4 jokainen voi poimia teoksia, joiden avulla hahmottaa osaansa ilmasto- ja luontokriisin kanssa el\u00e4misess\u00e4. Voi ehk\u00e4 my\u00f6s l\u00f6yt\u00e4\u00e4 tapoja, joilla tehd\u00e4 yksin tai yhdess\u00e4 oman mittakaavansa ilmastekoja\u201d, sanoo It\u00e4keskuksen tietokirjalukupiirin vet\u00e4j\u00e4 ja pitk\u00e4n linjan kirjastolainen <strong>Tuula Haavisto<\/strong>.<\/p>\n\n<p>Katso ilmastolukupiirien kev\u00e4tjuhla 25.5. klo 18 t\u00e4\u00e4lt\u00e4: <a href=\"https:\/\/tiny.cc\/ilmastolukupiirijuhla\">https:\/\/tiny.cc\/ilmastolukupiirijuhla<\/a> Tapahtuman juontaa erikoiskirjastovirkailija <strong>Henriika Tulivirta<\/strong>. Lis\u00e4tietoa Ilmastolukupiiri-kampanjasta l\u00f6ytyy sivulta www.ilmastolukupiiri.fi<br><\/p>\n\n<p>Lis\u00e4tiedot:&nbsp;<\/p>\n\n<p>Katariina Ervasti, verkostop\u00e4\u00e4llikk\u00f6, Vantaan kaupunginkirjasto, puhelin 050 314 6258<br>Kaisa Kosonen, ilmasto- ja energia-asiantuntija, Greenpeace Norden, puhelin 050 368 8488<\/p>\n","protected":false},"excerpt":{"rendered":"<p>Mit\u00e4 on hyv\u00e4 ja merkityksellinen el\u00e4m\u00e4 ilmastokriisin aikana? Valtakunnallinen Ilmastolukupiiri-kampanja huipentuu tulevana tiistaina kev\u00e4tjuhlaan, jossa ajankohtainen ilmastotieto kohtaa toivoa her\u00e4ttelev\u00e4t keskustelut. Voit katsoa tapahtuman zoomin v\u00e4lityksell\u00e4 25.5. klo 18-20.<\/p>\n","protected":false},"author":40,"featured_media":6358,"comment_status":"closed","ping_status":"open","sticky":false,"template":"","format":"standard","meta":{"_improvement_type_select":"improve_an_existing","_thumb_yes_seoaic":false,"_frame_yes_seoaic":false,"seoaic_generate_description":"","seoaic_improve_instructions_prompt":"","seoaic_rollback_content_improvement":"","seoaic_idea_thumbnail_generator":"","thumbnail_generated":false,"thumbnail_generate_prompt":"","seoaic_article_description":"","ep_exclude_from_search":false,"seoaic_article_subtitles":[],"p4_og_title":"","p4_og_description":"","p4_og_image":"","p4_og_image_id":"","p4_seo_canonical_url":"","p4_campaign_name":"not set","p4_local_project":"not set","p4_basket_name":"not set","p4_department":"","footnotes":""},"categories":[1],"tags":[59,81,63],"p4-page-type":[14],"class_list":["post-7066","post","type-post","status-publish","format-standard","has-post-thumbnail","hentry","category-ilmastonmuutos","tag-ilmastokriisinvaikutukset","tag-osallistu","tag-uusiutuvat","p4-page-type-tiedotteet"],"_links":{"self":[{"href":"https:\/\/www.greenpeace.org\/finland\/wp-json\/wp\/v2\/posts\/7066","targetHints":{"allow":["GET"]}}],"collection":[{"href":"https:\/\/www.greenpeace.org\/finland\/wp-json\/wp\/v2\/posts"}],"about":[{"href":"https:\/\/www.greenpeace.org\/finland\/wp-json\/wp\/v2\/types\/post"}],"author":[{"embeddable":true,"href":"https:\/\/www.greenpeace.org\/finland\/wp-json\/wp\/v2\/users\/40"}],"replies":[{"embeddable":true,"href":"https:\/\/www.greenpeace.org\/finland\/wp-json\/wp\/v2\/comments?post=7066"}],"version-history":[{"count":1,"href":"https:\/\/www.greenpeace.org\/finland\/wp-json\/wp\/v2\/posts\/7066\/revisions"}],"predecessor-version":[{"id":7067,"href":"https:\/\/www.greenpeace.org\/finland\/wp-json\/wp\/v2\/posts\/7066\/revisions\/7067"}],"wp:featuredmedia":[{"embeddable":true,"href":"https:\/\/www.greenpeace.org\/finland\/wp-json\/wp\/v2\/media\/6358"}],"wp:attachment":[{"href":"https:\/\/www.greenpeace.org\/finland\/wp-json\/wp\/v2\/media?parent=7066"}],"wp:term":[{"taxonomy":"category","embeddable":true,"href":"https:\/\/www.greenpeace.org\/finland\/wp-json\/wp\/v2\/categories?post=7066"},{"taxonomy":"post_tag","embeddable":true,"href":"https:\/\/www.greenpeace.org\/finland\/wp-json\/wp\/v2\/tags?post=7066"},{"taxonomy":"p4-page-type","embeddable":true,"href":"https:\/\/www.greenpeace.org\/finland\/wp-json\/wp\/v2\/p4-page-type?post=7066"}],"curies":[{"name":"wp","href":"https:\/\/api.w.org\/{rel}","templated":true}]}}