{"id":7198,"date":"2021-05-27T10:09:27","date_gmt":"2021-05-27T07:09:27","guid":{"rendered":"https:\/\/www.greenpeace.org\/finland\/?p=7198"},"modified":"2023-04-28T13:46:46","modified_gmt":"2023-04-28T10:46:46","slug":"vapaaehtoiset-metsakartoittajat-aloittavat-tyonsa-viimeiset-luonnonmetsat-suojeltava","status":"publish","type":"post","link":"https:\/\/www.greenpeace.org\/finland\/tiedotteet\/metsat\/vapaaehtoiset-metsakartoittajat-aloittavat-tyonsa-viimeiset-luonnonmetsat-suojeltava\/","title":{"rendered":"Vapaaehtoiset mets\u00e4kartoittajat aloittavat ty\u00f6ns\u00e4 &#8211; viimeiset luonnonmets\u00e4t suojeltava"},"content":{"rendered":"\n<p><em>Vapaaehtoiset mets\u00e4kartoittajat aloittavat luonnonmetsien kartoituksen kes\u00e4kauden. Samaan aikaan Greenpeace julkistaa <a href=\"https:\/\/www.greenpeace.org\/finland\/toimi\/suomen-metsat\/metsavetoomus\/\">vetoomuksen<\/a>, jossa vaaditaan p\u00e4\u00e4ministeri Sanna Marinilta poliittisia p\u00e4\u00e4t\u00f6ksi\u00e4 viimeisten Suomen luonnonmetsien suojelemiseksi.<\/em><\/p>\n\n<figure class=\"wp-block-image size-large\"><img loading=\"lazy\" decoding=\"async\" width=\"1024\" height=\"683\" src=\"https:\/\/www.greenpeace.org\/static\/planet4-finland-stateless\/2021\/04\/dd346a75-inari_04-1024x683.jpg\" alt=\"Luminen kuusenoksa, joka on t\u00e4ynn\u00e4 naavaa.\" class=\"wp-image-6857\" srcset=\"https:\/\/www.greenpeace.org\/static\/planet4-finland-stateless\/2021\/04\/dd346a75-inari_04-1024x683.jpg 1024w, https:\/\/www.greenpeace.org\/static\/planet4-finland-stateless\/2021\/04\/dd346a75-inari_04-300x200.jpg 300w, https:\/\/www.greenpeace.org\/static\/planet4-finland-stateless\/2021\/04\/dd346a75-inari_04-768x512.jpg 768w, https:\/\/www.greenpeace.org\/static\/planet4-finland-stateless\/2021\/04\/dd346a75-inari_04-1536x1024.jpg 1536w, https:\/\/www.greenpeace.org\/static\/planet4-finland-stateless\/2021\/04\/dd346a75-inari_04-2048x1366.jpg 2048w, https:\/\/www.greenpeace.org\/static\/planet4-finland-stateless\/2021\/04\/dd346a75-inari_04-510x340.jpg 510w\" sizes=\"auto, (max-width: 1024px) 100vw, 1024px\" \/><figcaption class=\"wp-element-caption\">Paadarskaidi, Inari. \u00a9 Greenpeace\/Snellman<\/figcaption><\/figure>\n\n<p>\u201dMetsiemme lajeista yli 800 on jo uhanalaisia ja kaksi kolmasosaa metsiemme luontotyypeist\u00e4 on luokiteltu uhanalaisiksi. Mets\u00e4luontomme elonkirjo voidaan s\u00e4ilytt\u00e4\u00e4 vain, mik\u00e4li j\u00e4ljell\u00e4 olevat luonnonmets\u00e4t suojellaan\u201d, sanoo <strong>Ari Aalto<\/strong>, Luonnonmets\u00e4ty\u00f6ryhm\u00e4n koordinaattori.<\/p>\n\n<p>Suomessa on j\u00e4ljell\u00e4 luonnonmetsi\u00e4, joita ei ole viel\u00e4 suojeltu. Niist\u00e4 <a href=\"https:\/\/metsat.greenpeace.fi\/pages\/55metsaa\">55 esimerkkikohdetta<\/a> valtionmailla on jo esitetty vuonna 2020 ilmestyneess\u00e4 raportissa. Vuosina 2019 ja 2020 tehtiin systemaattisia lajisto- ja luontoarvokartoituksia valtion metsiss\u00e4 Hangosta Inariin. Nyt toiminta jatkuu Koneen S\u00e4\u00e4ti\u00f6n rahoittaman asiantuntijaryhm\u00e4n hankkeessa, jota my\u00f6s ymp\u00e4rist\u00f6j\u00e4rjest\u00f6t tukevat. Tulokset esitet\u00e4\u00e4n julkisesti karttoihin merkittyn\u00e4 kev\u00e4\u00e4ll\u00e4 2022.<\/p>\n\n<p>\u201cNyt tarvitaan kartoituksen lis\u00e4ksi poliittisia p\u00e4\u00e4t\u00f6ksi\u00e4. P\u00e4\u00e4ministeri Sanna Marinin on ohjattava hallitus suojelemaan viimeiset luonnonmets\u00e4mme. Siihen velvoittavat my\u00f6s YK:n biodiversiteettisopimus ja Euroopan unionin biodiversiteettistrategia. Ennen kaikkea siihen velvoittaa Suomen luonto &#8211; luontokato pys\u00e4htyy riitt\u00e4v\u00e4ll\u00e4 suojelulla\u201d, sanoo Greenpeace Nordenin apulaismaajohtaja <strong>Juha Aromaa<\/strong>.<\/p>\n\n<p>Greenpeace vaatii, ett\u00e4 luonnonmetsien suojelu valtion metsiss\u00e4 on turvattava suojeluohjelmalla ja Mets\u00e4hallituksen omistajaohjauksella, ja yksityismetsien suojelurahoitus on moninkertaistettava. Vetoomus p\u00e4\u00e4ministeri Sanna Marinille avataan t\u00e4n\u00e4\u00e4n 27. toukokuuta ja se luovutetaan lokakuussa ennen YK:n biodiversiteettisopimuksen osapuolikokousta.<\/p>\n\n<p>\u201cMy\u00f6s ihmiset tarvitsevat rauhoitettuja metsi\u00e4 ja maisemia. Niit\u00e4 tarvitaan virkist\u00e4ytymiseen, retkeilyyn, matkailuun, sienestykseen, marjastukseen ja Lapissa poronhoitoon. Jokainen luonnonmets\u00e4 on oma el\u00e4m\u00e4\u00e4 sykkiv\u00e4 maailmansa. Ne on s\u00e4ilytett\u00e4v\u00e4 tuleville sukupolville\u201d, Ari Aalto sanoo.<\/p>\n\n<p>Luonnonmets\u00e4ty\u00f6ryhm\u00e4 on Koneen S\u00e4\u00e4ti\u00f6n rahoittama ty\u00f6ryhm\u00e4, joka kartoittaa Suomen valtion omistamia arvokkaita, mutta suojelemattomia mets\u00e4alueita. Hankkeen avuksi on ilmoittautunut my\u00f6s valtion arvometsien hakkuista huolestuneita vapaaehtoisia. Greenpeacen vapaaehtoiset tukevat Luonnonmets\u00e4ty\u00f6ryhm\u00e4n ty\u00f6t\u00e4 maastossa ty\u00f6ryhm\u00e4n koulutettujen kartoittajien johdolla. Ensimm\u00e4iset Greenpeacen vapaaehtoiset aloittavat Inarissa kes\u00e4kauden kartoituksen 31. toukokuuta alkavalla viikolla.&nbsp;<\/p>\n\n<p><a href=\"https:\/\/www.greenpeace.org\/finland\/toimi\/suomen-metsat\/metsavetoomus\/\">Vetoomus p\u00e4\u00e4ministeri Sanna Marinille: Suojellaan Suomen viimeiset luonnonmets\u00e4t<\/a>&nbsp;<\/p>\n\n<p>Lis\u00e4tietoja:<\/p>\n\n<p>Juha Aromaa, apulaismaajohtaja Suomessa, Greenpeace Norden, puhelin 050 369 6202<br>Ari Aalto, koordinaattori, Luonnonmets\u00e4ty\u00f6ryhm\u00e4, puhelin 045 132 0828<br>Jarmo Pyykk\u00f6, kartoittaja, Luonnonmets\u00e4ty\u00f6ryhm\u00e4, puhelin 040 833 7609 (paikalla Inarissa)<\/p>\n","protected":false},"excerpt":{"rendered":"<p>Vapaaehtoiset mets\u00e4kartoittajat aloittavat luonnonmetsien kartoituksen kes\u00e4kauden. Samaan aikaan Greenpeace julkistaa vetoomuksen, jossa vaaditaan p\u00e4\u00e4ministeri Sanna Marinilta poliittisia p\u00e4\u00e4t\u00f6ksi\u00e4 viimeisten Suomen luonnonmetsien suojelemiseksi.<\/p>\n","protected":false},"author":25,"featured_media":6857,"comment_status":"closed","ping_status":"open","sticky":false,"template":"","format":"standard","meta":{"_improvement_type_select":"improve_an_existing","_thumb_yes_seoaic":false,"_frame_yes_seoaic":false,"seoaic_generate_description":"","seoaic_improve_instructions_prompt":"","seoaic_rollback_content_improvement":"","seoaic_idea_thumbnail_generator":"","thumbnail_generated":false,"thumbnail_generate_prompt":"","seoaic_article_description":"","ep_exclude_from_search":false,"seoaic_article_subtitles":[],"p4_og_title":"","p4_og_description":"","p4_og_image":"","p4_og_image_id":"","p4_seo_canonical_url":"","p4_campaign_name":"not set","p4_local_project":"not set","p4_basket_name":"not set","p4_department":"","footnotes":""},"categories":[3],"tags":[29,6,71],"p4-page-type":[14],"class_list":["post-7198","post","type-post","status-publish","format-standard","has-post-thumbnail","hentry","category-metsat","tag-vapaaehtoiset","tag-luonnonmetsa","tag-suojellaanmetsat","p4-page-type-tiedotteet"],"_links":{"self":[{"href":"https:\/\/www.greenpeace.org\/finland\/wp-json\/wp\/v2\/posts\/7198","targetHints":{"allow":["GET"]}}],"collection":[{"href":"https:\/\/www.greenpeace.org\/finland\/wp-json\/wp\/v2\/posts"}],"about":[{"href":"https:\/\/www.greenpeace.org\/finland\/wp-json\/wp\/v2\/types\/post"}],"author":[{"embeddable":true,"href":"https:\/\/www.greenpeace.org\/finland\/wp-json\/wp\/v2\/users\/25"}],"replies":[{"embeddable":true,"href":"https:\/\/www.greenpeace.org\/finland\/wp-json\/wp\/v2\/comments?post=7198"}],"version-history":[{"count":3,"href":"https:\/\/www.greenpeace.org\/finland\/wp-json\/wp\/v2\/posts\/7198\/revisions"}],"predecessor-version":[{"id":54220,"href":"https:\/\/www.greenpeace.org\/finland\/wp-json\/wp\/v2\/posts\/7198\/revisions\/54220"}],"wp:featuredmedia":[{"embeddable":true,"href":"https:\/\/www.greenpeace.org\/finland\/wp-json\/wp\/v2\/media\/6857"}],"wp:attachment":[{"href":"https:\/\/www.greenpeace.org\/finland\/wp-json\/wp\/v2\/media?parent=7198"}],"wp:term":[{"taxonomy":"category","embeddable":true,"href":"https:\/\/www.greenpeace.org\/finland\/wp-json\/wp\/v2\/categories?post=7198"},{"taxonomy":"post_tag","embeddable":true,"href":"https:\/\/www.greenpeace.org\/finland\/wp-json\/wp\/v2\/tags?post=7198"},{"taxonomy":"p4-page-type","embeddable":true,"href":"https:\/\/www.greenpeace.org\/finland\/wp-json\/wp\/v2\/p4-page-type?post=7198"}],"curies":[{"name":"wp","href":"https:\/\/api.w.org\/{rel}","templated":true}]}}