{"id":7434,"date":"2021-07-16T12:56:31","date_gmt":"2021-07-16T09:56:31","guid":{"rendered":"https:\/\/www.greenpeace.org\/finland\/?p=7434"},"modified":"2023-04-28T13:03:54","modified_gmt":"2023-04-28T10:03:54","slug":"mita-eu-esittaa-metsiin-liittyen-kysymyksia-ja-vastauksia","status":"publish","type":"post","link":"https:\/\/www.greenpeace.org\/finland\/blogit\/metsat\/mita-eu-esittaa-metsiin-liittyen-kysymyksia-ja-vastauksia\/","title":{"rendered":"Mit\u00e4 EU esitt\u00e4\u00e4 metsiin liittyen? Kysymyksi\u00e4 ja vastauksia"},"content":{"rendered":"\n<figure class=\"wp-block-image size-large\"><img loading=\"lazy\" decoding=\"async\" width=\"1024\" height=\"768\" src=\"https:\/\/www.greenpeace.org\/static\/planet4-finland-stateless\/2021\/07\/11a3bff3-drone-hakkuu-kainuu-kevattijarvi-makro-metsahallitus-video001161020-1024x768.jpg\" alt=\"Laaja hakkuuaukio Suomussalmen Kev\u00e4ttij\u00e4rvell\u00e4. Aukiolla on vain muutamia siemenpuita pystyss\u00e4.\" class=\"wp-image-7435\" srcset=\"https:\/\/www.greenpeace.org\/static\/planet4-finland-stateless\/2021\/07\/11a3bff3-drone-hakkuu-kainuu-kevattijarvi-makro-metsahallitus-video001161020-1024x768.jpg 1024w, https:\/\/www.greenpeace.org\/static\/planet4-finland-stateless\/2021\/07\/11a3bff3-drone-hakkuu-kainuu-kevattijarvi-makro-metsahallitus-video001161020-300x225.jpg 300w, https:\/\/www.greenpeace.org\/static\/planet4-finland-stateless\/2021\/07\/11a3bff3-drone-hakkuu-kainuu-kevattijarvi-makro-metsahallitus-video001161020-768x576.jpg 768w, https:\/\/www.greenpeace.org\/static\/planet4-finland-stateless\/2021\/07\/11a3bff3-drone-hakkuu-kainuu-kevattijarvi-makro-metsahallitus-video001161020-1536x1152.jpg 1536w, https:\/\/www.greenpeace.org\/static\/planet4-finland-stateless\/2021\/07\/11a3bff3-drone-hakkuu-kainuu-kevattijarvi-makro-metsahallitus-video001161020-2048x1536.jpg 2048w, https:\/\/www.greenpeace.org\/static\/planet4-finland-stateless\/2021\/07\/11a3bff3-drone-hakkuu-kainuu-kevattijarvi-makro-metsahallitus-video001161020-1821x1366.jpg 1821w, https:\/\/www.greenpeace.org\/static\/planet4-finland-stateless\/2021\/07\/11a3bff3-drone-hakkuu-kainuu-kevattijarvi-makro-metsahallitus-video001161020-453x340.jpg 453w\" sizes=\"auto, (max-width: 1024px) 100vw, 1024px\" \/><figcaption class=\"wp-element-caption\">Mets\u00e4hallituksen avohakkuut Vienan reitill\u00e4 Suomussalmen Kev\u00e4ttij\u00e4rvell\u00e4, kes\u00e4ll\u00e4 2020. Kuva: Greenpeace.<\/figcaption><\/figure>\n\n<p><em>Viime aikoina keskustelu Suomen metsien tilanteesta ja niit\u00e4 koskevista EU-p\u00e4\u00e4t\u00f6ksist\u00e4 on k\u00e4ynyt kuumana. Euroopan komissio julkisti t\u00e4ll\u00e4 viikolla useampia linjauksia, jotka vaikuttavat Suomenkin metsiin. Asiat eiv\u00e4t kuitenkaan ole niin monimutkaisia kuin voisi luulla \u2013 t\u00e4ss\u00e4 vastaukset yleisimpiin kysymyksiin.<\/em><\/p>\n\n<h3 class=\"wp-block-heading\"><strong>Ymm\u00e4rret\u00e4\u00e4nk\u00f6 EU:ssa mit\u00e4\u00e4n Suomen metsist\u00e4? Eih\u00e4n EU voi p\u00e4\u00e4tt\u00e4\u00e4, mit\u00e4 suomalaiset metsill\u00e4\u00e4n tekev\u00e4t.<\/strong><\/h3>\n\n<p>Mets\u00e4talouden edunvalvojat pelottelevat, ett\u00e4 EU alkaa m\u00e4\u00e4ritell\u00e4 mets\u00e4politiikkaa Suomen etua vastaan. Pienemm\u00e4lle huomiolle j\u00e4\u00e4, ettei EU-komission linjassa ole mit\u00e4\u00e4n uutta tai yll\u00e4tt\u00e4v\u00e4\u00e4: ilmasto- ja monimuotoisuustavoitteet ovat yhtenev\u00e4isi\u00e4 Suomen omien asiantuntijapaneelien viestien kanssa. Jos suomalainen mets\u00e4teollisuus on niin kest\u00e4v\u00e4\u00e4 kuin se v\u00e4itt\u00e4\u00e4 olevansa, sill\u00e4 ei pit\u00e4isi olla mink\u00e4\u00e4nlaista ongelmaa EU-komission esitt\u00e4mien toimien kanssa.&nbsp;<\/p>\n\n<p>Ilmasto- ja luonton\u00e4k\u00f6kulmasta tavoitteet ovat askel oikeaan suuntaan, mutta valitettavasti nek\u00e4\u00e4n eiv\u00e4t riit\u00e4 ilmastokriisin ja luontokadon hillitsemiseksi. Vauhtia pit\u00e4\u00e4 lis\u00e4t\u00e4 entisest\u00e4\u00e4n.<\/p>\n\n<h3 class=\"wp-block-heading\"><strong><strong>K\u00e4sitt\u00e4\u00e4kseni Suomen mets\u00e4asiat ovat hyv\u00e4ss\u00e4 hoidossa verrattuna muihin maihin. Miksi EU vaatii Suomea tekem\u00e4\u00e4n viel\u00e4 enemm\u00e4n?<\/strong><\/strong><\/h3>\n\n<p>Suomen mets\u00e4luonnon tila ei ole hyv\u00e4. Suomen metsien luontotyypit ja lajit ovat vakavasti uhanalaistuneet. Vanhojen metsien rippeit\u00e4 avohakataan yh\u00e4, ja avohakkuisiin perustuva mets\u00e4talousmalli k\u00f6yhdytt\u00e4\u00e4 luontoa. Mets\u00e4teollisuus on Suomessakin <a href=\"https:\/\/punainenkirja.laji.fi\/\">suurin luontokadon ja uhanalaisuuden aiheuttaja<\/a>.<\/p>\n\n<p>Suomessa on paljon asiantuntemusta mets\u00e4luontoon liittyen, mutta valitettavasti se ei ole n\u00e4kynyt metsi\u00e4 koskevassa p\u00e4\u00e4t\u00f6ksenteossa eik\u00e4 mets\u00e4teollisuuden k\u00e4yt\u00e4nn\u00f6iss\u00e4. Omaa osaamista hy\u00f6dynnet\u00e4\u00e4n Suomessa siis valikoiden: mets\u00e4teollisuuden viestit otetaan totuuksina, kun taas kotimaisten ilmasto- ja luontotutkijoiden osaaminen ei Suomen mets\u00e4kannoissa juuri n\u00e4y.<\/p>\n\n<p>Tarve aidosti kest\u00e4v\u00e4lle mets\u00e4taloudelle ei tule EU:sta, vaan sen sanelevat ilmastokriisi ja luontokato. N\u00e4m\u00e4 kriisit eiv\u00e4t tunne rajoja, ja monimuotoisuuden s\u00e4ilytt\u00e4misen kannalta tarvittavia mets\u00e4toimia tarvitaan sek\u00e4 EU:n ett\u00e4 kansallisella tasolla. N\u00e4iden toimien m\u00e4\u00e4ritteleminen yhteisty\u00f6ss\u00e4 EU:n tasolla ei pit\u00e4isi olla Suomelle kuin mahdollisuus.<\/p>\n\n<h3 class=\"wp-block-heading\"><strong>Vaatiiko EU, ett\u00e4 Suomi luopuu avohakkuista? Ent\u00e4 puun energiak\u00e4yt\u00f6st\u00e4?<\/strong><\/h3>\n\n<p>Ei. EU:n uudessa mets\u00e4strategiassa, joka on osa t\u00e4ll\u00e4 viikolla julkaistua <a href=\"https:\/\/www.greenpeace.org\/finland\/tiedotteet\/7446\/eun-ilmastopaketti-nayttaa-tahdin-muille-isoille-paastajille-siksi-siita-on-taottava-vahva-suomen-on-saatava-jalka-ylos-jarrupolkimelta-sanoo-greenpeacen-ilmastoasiantun\/\">ilmastotoimenpidepakettia<\/a>, ehdotetaan varovaisuutta avohakkuiden kanssa ja suositellaan jatkuvan kasvatuksen menetelmi\u00e4. Jo pelkk\u00e4 avohakkuiden mainitseminen her\u00e4tti valtavasti kritiikki\u00e4 Suomessa, jossa mets\u00e4teollisuus on saanut sanella vuosikymmeni\u00e4 metsien k\u00e4yt\u00f6st\u00e4.&nbsp;<\/p>\n\n<p>T\u00e4m\u00e4n \u00e4l\u00e4m\u00f6l\u00f6n seurauksena komission sanamuodot ovatkin hieman pehmentyneet, mutta tosiasiat eiv\u00e4t siit\u00e4 muuksi muutu. Jos haluamme oikeasti est\u00e4\u00e4 monimuotoisuuden h\u00e4vi\u00e4misen Suomesta, avohakkuiden v\u00e4ltt\u00e4minen on itsest\u00e4\u00e4nselv\u00e4\u00e4. Suomen ja mets\u00e4teollisuuden pit\u00e4isi tajuta ottaa se l\u00e4ht\u00f6kohdaksi ilman EU:n kehotuksiakin.<\/p>\n\n<p>Puun energiak\u00e4ytt\u00f6\u00f6nkin puututaan komission suuressa ilmastopaketissa toistaiseksi vain l\u00f6ys\u00e4sti. Sadat <a href=\"https:\/\/news.mongabay.com\/2021\/02\/500-experts-call-on-worlds-nations-to-not-burn-forests-to-make-energy\/\">tutkijat ovat jo vuosia<\/a>, ja viel\u00e4 <a href=\"https:\/\/exceptionaltrees.files.wordpress.com\/2021\/07\/assessment-of-forest-industry-response-to-eu-forest-strategy-post-2020.-all-signatures.pdf\">viime viikollakin<\/a>, vedonneet EU-p\u00e4\u00e4tt\u00e4jiin ett\u00e4 puun energiak\u00e4ytt\u00f6\u00f6n t\u00e4ytyy puuttua: t\u00e4ll\u00e4 hetkell\u00e4 noin viidennes energiaksi poltettavasta puusta EU:ssa on runkopuuta.<\/p>\n\n<p>Valitettavasti keskiviikkona 14. hein\u00e4kuuta julkaistu ehdotus uusiutuvan energian direktiiviksi tarjoaa vain marginaalisia parannuksia nykyiseen tilanteeseen: luonnonmets\u00e4t rajattaisiin ulos biomassan poltosta (ehk\u00e4 hyv\u00e4 uutinen <a href=\"https:\/\/www.greenpeace.org\/finland\/blogit\/6859\/ikimetsa-palaa-inarissa-mutta-miksi\/\">Inarin ikimetsille<\/a>, m\u00e4\u00e4ritelmist\u00e4 riippuen) ja julkinen tuki kantojen ja sahatavaraksi kelpaavan puun polttamiseksi pit\u00e4isi lopettaa. Suurinta osaa mets\u00e4st\u00e4 suoraan poltettavaksi haettavasta puusta saisi kuitenkin edelleen tukea&nbsp; ja ylip\u00e4\u00e4ns\u00e4 liki kaiken laskea uusiutuvan energian tavoitteiden piiriin.<\/p>\n\n<h3 class=\"wp-block-heading\"><strong>Keskittyyk\u00f6 EU vain ymp\u00e4rist\u00f6n\u00e4k\u00f6kulmaan? Metsien suhteen pit\u00e4\u00e4 huomioida my\u00f6s taloudellinen ja sosiaalinen kest\u00e4vyys.<\/strong><\/h3>\n\n<p>EU:n valmistelemassa mets\u00e4strategiassa otetaan aiempaa tasapainoisemmin huomioon my\u00f6s ilmasto- ja luontotavoitteet. Aiemmin strategia on kirjoitettu selv\u00e4sti mets\u00e4talouden n\u00e4k\u00f6kulmia painottaen. On aika ymm\u00e4rt\u00e4\u00e4, ett\u00e4 mets\u00e4taloudenkin t\u00e4ytyy perustua ekologiselle kest\u00e4vyydelle. Ja juuri ekologisen kest\u00e4vyyden kohdalla metsien suurimmat uhat ovat hakkuiden lis\u00e4\u00e4ntyminen, hiilinielujen pieneneminen ja monimuotoisuuden heikkeneminen.<\/p>\n\n<p>Ilmasto- ja luonnonsuojelutavoitteet huomioiva mets\u00e4strategia on askel oikeaan suuntaan, yhdess\u00e4 uusien my\u00f6s metsi\u00e4 koskevien ilmastotavoitteiden kanssa, mutta j\u00e4iv\u00e4t viel\u00e4 kovin varovaisiksi Suomen ja muiden mets\u00e4ministereiden, sek\u00e4 mets\u00e4alan vastaanhangoittelun takia.<\/p>\n\n<h3 class=\"wp-block-heading\"><strong>Mit\u00e4 eroa on talousmets\u00e4ll\u00e4 ja luonnonmets\u00e4ll\u00e4? Mit\u00e4 EU niist\u00e4 sanoo?<\/strong><\/h3>\n\n<p>Talousmets\u00e4 on hakkuiden ja maanmuokkauksen vuoksi lajistoltaan yksipuolistunut mets\u00e4, joka on varattu mets\u00e4talouden harjoittamiseen. EU on puuttumassa talousmetsien k\u00e4ytt\u00f6\u00f6n uudessa mets\u00e4strategiassa, joka pyrkii my\u00f6s hillitsem\u00e4\u00e4n ilmastokriisi\u00e4 ja luontokatoa. My\u00f6s mets\u00e4talouden tulisi perustua ekologiseen kest\u00e4vyyteen.<\/p>\n\n<p>Luonnonmetsill\u00e4 tarkoitetaan monimuotoisia iki- ja aarniometsi\u00e4, joita ei ole teollisesti hakattu tai joissa hakkuut ovat olleet v\u00e4h\u00e4isi\u00e4. EU:n uusi biodiversiteettistrategia, johon my\u00f6s Suomi on sitoutunut, vaatii kartoittamaan ja <a href=\"https:\/\/www.greenpeace.org\/finland\/metsavetoomus-b\/\">suojelemaan viimeiset luonnonmets\u00e4t<\/a>. N\u00e4it\u00e4 metsi\u00e4 on kuitenkin valitettavasti j\u00e4ljell\u00e4 niin v\u00e4h\u00e4n niin Suomessa kuin muuallakin Euroopassa, ett\u00e4 suojelua ja ennallistamista tarvitaan muissakin metsiss\u00e4.&nbsp;<\/p>\n\n<p>Metsien suojelu on tehokkain keino est\u00e4\u00e4 monimuotoisuuden heikkeneminen.<\/p>\n\n<p>Talousmetsien kohdalla EU:n uusi mets\u00e4strategia l\u00e4hinn\u00e4 esitt\u00e4\u00e4 kest\u00e4v\u00e4n mets\u00e4talouden m\u00e4\u00e4ritelmien ja mittareiden tarkentamista ja yhten\u00e4ist\u00e4mist\u00e4.T\u00e4m\u00e4 olisikin paikallaan, jotta mets\u00e4teollisuuden ja ministereiden kest\u00e4vyyslupausten tarkistamiseksi saadaan yhten\u00e4isempi tietopohja.<\/p>\n\n<h3 class=\"wp-block-heading\"><strong>Mit\u00e4 voin itse tehd\u00e4 Suomen metsien eteen?<\/strong><\/h3>\n\n<ul class=\"wp-block-list\">\n<li>pyyd\u00e4 kansanedustajaltasi ja europarlamentaarikoltasi riitt\u00e4vi\u00e4 tekoja ilmaston ja luontokadon hillitsemiseksi niin Suomessa kuin EU:ssa<\/li>\n\n\n\n<li>tule mukaan vaatimaan lis\u00e4\u00e4 suojelua: <a href=\"https:\/\/www.greenpeace.org\/finland\/toimi\/suomen-metsat\/metsavetoomus\/\">allekirjoita vetoomus<\/a> ja vaadi p\u00e4\u00e4ministeri <strong>Sanna Marinilta<\/strong> vahvoja poliittisia tekoja Suomen viimeisten luonnonmetsien suojelemiseksi<\/li>\n\n\n\n<li>levit\u00e4 tietoa yst\u00e4villesi sek\u00e4 omissa kanavissasi<\/li>\n\n\n\n<li>kokoa perheesi ja yst\u00e4v\u00e4si ja pist\u00e4 sopivassa paikassa pystyyn oma mets\u00e4mielenosoitus<\/li>\n\n\n\n<li>tue ty\u00f6t\u00e4 ilmastonmuutoksen ja luontokadon hillitsemiseksi <a href=\"https:\/\/lahjoita.greenpeace.org\/d\/liity-kuukausilahjoittajaksi-ilmasto\">liittym\u00e4ll\u00e4 kuukausilahjoittajaksi<\/a><\/li>\n<\/ul>\n\n<h2 class=\"wp-block-heading\"><strong>N\u00e4m\u00e4 kolme uutta EU-p\u00e4\u00e4t\u00f6st\u00e4 liittyv\u00e4t Suomen metsiin<\/strong>:<\/h2>\n\n<p>EU:ssa k\u00e4sitell\u00e4\u00e4n paraikaa kolmea eri linjausta, jotka liittyv\u00e4t Suomen metsiin. N\u00e4ist\u00e4 komissio teki esityksens\u00e4 t\u00e4ll\u00e4 viikolla. <a href=\"https:\/\/www.greenpeace.org\/finland\/tiedotteet\/7446\/eun-ilmastopaketti-nayttaa-tahdin-muille-isoille-paastajille-siksi-siita-on-taottava-vahva-suomen-on-saatava-jalka-ylos-jarrupolkimelta-sanoo-greenpeacen-ilmastoasiantun\/\">Keskiviikkona julkaistiin EU:n suuri ilmastopaketti<\/a>, ja t\u00e4n\u00e4\u00e4n perjantaina komissio julkaisi <a href=\"https:\/\/ec.europa.eu\/info\/sites\/default\/files\/communication-new-eu-forest-strategy-2030_with-annex_en.pdf\">mets\u00e4strategian<\/a>.&nbsp;<\/p>\n\n<p>Seuraavaksi meid\u00e4n t\u00e4ytyy varmistaa, ett\u00e4 p\u00e4\u00e4tt\u00e4j\u00e4t tekev\u00e4t esityksist\u00e4 viel\u00e4 vahvempia ja viev\u00e4t ne k\u00e4yt\u00e4nt\u00f6\u00f6n. My\u00f6s sin\u00e4 voit auttaa paineen luomisessa p\u00e4\u00e4tt\u00e4jien suuntaan: vaaditaan yhdess\u00e4, ett\u00e4 Suomi edist\u00e4\u00e4 riitt\u00e4vi\u00e4 toimia ilmasto- ja luontokadon hillitsemiseksi EU:ssa ja Suomessa.<\/p>\n\n<h3 class=\"wp-block-heading\">1. <strong>Fit for 55 -ilmastopaketti (LULUCF-asetus): Metsien hiilinieluja on kasvatettava \u2013 tosin ei Suomessa<\/strong><\/h3>\n\n<p>Osana keskiviikkona julkaistua ilmastopakettia saatiin esitys uudeksi LULUCF-asetukseksi, joka s\u00e4\u00e4telee maank\u00e4yt\u00f6n ja mets\u00e4talouden ilmastop\u00e4\u00e4st\u00f6j\u00e4, ja asettaisi hiilinieluille ensimm\u00e4ist\u00e4 kertaa lis\u00e4ystavoitteen. Uuden tavoitteen on tarkoitus suojella ja kasvattaa t\u00e4rkeit\u00e4 hiilivarastoja ja -nieluja, kuten metsi\u00e4 ja turvemaita. Hiilinieluna toimiva mets\u00e4 sitoo enemm\u00e4n hiilt\u00e4 kuin siit\u00e4 vapautuu ilmakeh\u00e4\u00e4n.<\/p>\n\n<p>Metsien hiilinielut ovat EU:ssa heikentym\u00e4ss\u00e4 kovaa tahtia, kun hakkuum\u00e4\u00e4r\u00e4t ovat kasvaneet. Nyt esitetty koko EU-aluetta koskeva 310 miljoonan hiilidioksiditonnin (Mt) vuosittainen nielutavoite vuoteen 2030 menness\u00e4 k\u00e4\u00e4nt\u00e4isi trendin laskevasta kasvuun, mutta j\u00e4\u00e4 kauas potentiaalista, joka t\u00e4lt\u00e4 sektorilta l\u00f6ytyy. Sit\u00e4 onkin parannettava. Nielujen kasvattaminen ei saa tarkoittaa muiden sektoreiden p\u00e4\u00e4st\u00f6v\u00e4hennyksien kompensointia, etenk\u00e4\u00e4n maatalouden p\u00e4\u00e4st\u00f6j\u00e4, niin kuin komission on nyt esitt\u00e4m\u00e4ss\u00e4.&nbsp;<\/p>\n\n<p>Suomelle esitetty 17,8 Mt nielutavoite vuodelle 2030 on tavattoman l\u00f6ys\u00e4, eik\u00e4 edes edellytt\u00e4isi nielujen kasvattamista. Viime vuonna Suomen mets\u00e4t ja maank\u00e4ytt\u00f6 sitoi vain noin 23 Mt CO2.<\/p>\n\n<h3 class=\"wp-block-heading\"><strong>2. <strong>Fit for 55 -ilmastopaketti (uusiutuvan energian direktiivi): Marginaalisia parannuksia bioenergiakriteereihin<\/strong><\/strong><\/h3>\n\n<p>Keskiviikkona 14.7. julkaistuun EU:n ilmastopakettiin kuuluu my\u00f6s esitys uusiutuvan energian direktiivin p\u00e4ivitt\u00e4miseksi. Uusiutuvan energian direktiivi m\u00e4\u00e4ritt\u00e4\u00e4 tavoitteen uusiutuvan energian m\u00e4\u00e4r\u00e4lle EU:ssa vuonna 2030. Lis\u00e4ksi siin\u00e4 m\u00e4\u00e4ritell\u00e4\u00e4n, mink\u00e4lainen puuaines ja biomassa luetaan tavoitteen piiriin.<\/p>\n\n<p>Valitettavasti uusi direktiivi j\u00e4i kuitenkin riitt\u00e4m\u00e4tt\u00f6m\u00e4ksi etenkin puun energiank\u00e4yt\u00f6n rajoituksien kannalta. Uusiutuvan energian direktiiviin bioenergiakriteereihin esitet\u00e4\u00e4n vain marginaalisia parannuksia, kuten esimerkiksi luonnonmetsien rajaamista pois biomassan tuotannosta ja kantojen tai tukkipuun polton rajaamista uusiutuvan energian tukien ulkopuolelle. Edelleen kuitenkin l\u00e4hes kaiken puun, mit\u00e4 mets\u00e4st\u00e4 l\u00f6ytyy &#8211; my\u00f6s ne kannot ja tukkipuun &#8211; saa polttaa uusiutuvana energiana ja laskea uusiutuvan energian tavoitteisiin. Tavoitteista pit\u00e4isi rajata ulos edes runkopuu, kannot ja lahopuu.&nbsp;<\/p>\n\n<p>Suomessa esimerkiksi <a href=\"https:\/\/www.greenpeace.org\/finland\/blogit\/6859\/ikimetsa-palaa-inarissa-mutta-miksi\/\">Inarissa on poltettu satoja vuosia vanhaa ikimets\u00e4\u00e4<\/a> paikallisen l\u00e4mp\u00f6voimalan kattilassa. Tapaus on j\u00e4rkytt\u00e4v\u00e4 esimerkki siit\u00e4, miten l\u00f6ys\u00e4t bioenergian kest\u00e4vyyskriteerit nykyisell\u00e4\u00e4n ovat, ja kuinka tutkijoiden suosituksia ei kuunnella. T\u00e4llaisen puun polttaminen uusiutuvana energiana saattaa valitettavasti olla jatkossakin mahdollista, ellei uusiin kriteereihin tehd\u00e4 viel\u00e4 selkeit\u00e4 tiukennuksia ja tarkennuksia. Sadat tutkijat ovat jo vuosia <a href=\"https:\/\/news.mongabay.com\/2021\/02\/500-experts-call-on-worlds-nations-to-not-burn-forests-to-make-energy\/\">vaatineet<\/a> EU:lta, ett\u00e4 suoraan mets\u00e4st\u00e4 haettu puu rajataan pois uusiutuvan energian kannustimista. Ainoastaan teollisuuden sivuvirroista saatavat hakkuut\u00e4hteet voisivat toimia tietyill\u00e4 reunaehdoilla bioenergiana.<\/p>\n\n<h3 class=\"wp-block-heading\"><strong>3. <strong>EU:n mets\u00e4strategia: Enemm\u00e4n mets\u00e4toimia ilmaston- ja luonnonsuojeluun<\/strong><\/strong><\/h3>\n\n<p>Perjantaina 16.7. julkaistiin EU:n uusi mets\u00e4strategia, joka sekin on osa EU:n Green Deal -ohjelmaa. Kyseess\u00e4 on ensimm\u00e4inen mets\u00e4strategia, jota ei ole kirjoitettu painottaen l\u00e4hinn\u00e4 mets\u00e4talouden n\u00e4k\u00f6kulmaa. Uusi strategia korostaa metsien roolia my\u00f6s luontokadon ja ilmastokriisin torjumisessa. Komission strategia ehdottaa mm. \u201ckest\u00e4v\u00e4n mets\u00e4talouden\u201d selke\u00e4mp\u00e4\u00e4 m\u00e4\u00e4rittely\u00e4 ja mittaamista, varovaisuutta avohakkuiden suhteen ja mets\u00e4n jatkuvan kasvatuksen lis\u00e4\u00e4mist\u00e4.<\/p>\n\n<p>Strategia on her\u00e4tt\u00e4nyt Suomessa valtavasti keskustelua. Mets\u00e4teollisuus on kimpaantunut siit\u00e4, ett\u00e4 stragegian mukaan talousmetsi\u00e4kin pit\u00e4isi hoitaa niin, ettei luonnon monimuotoisuus k\u00e4rsi. Jo pelkk\u00e4 avohakkuiden maininta on her\u00e4tt\u00e4nyt kritiikki\u00e4. Suomalaiset ministerit, p\u00e4\u00e4ministeri <strong>Sanna Marin<\/strong> ja maa- ja mets\u00e4talousministeri <strong>Jari Lepp\u00e4<\/strong> etunen\u00e4ss\u00e4, ovat lobanneet EU:ssa aiemmin vuodetun mets\u00e4strategian luontotavoitteita vastaan.&nbsp;<\/p>\n\n<p>Samaan aikaan suomalaiset haluaisivat juuri sit\u00e4, mink\u00e4 komissiokin tunnistaa: v\u00e4hemm\u00e4n avohakkuita. Suomen kuvalehden <a href=\"https:\/\/suomenkuvalehti.fi\/jutut\/kotimaa\/skn-kysely-paljastaa-suomalaisten-metsaasenteet-suojelu-kasvattaa-suosiotaan-tayskaannos-tapahtunut-sukupolven-aikana\/?show_modal=modal-login&amp;shared=1158023-552a43ec-4\">kyselyss\u00e4<\/a> puolet kansalaisista suhtautui kielteisesti avohakkuisiin, reilu nelj\u00e4nnes neutraalisti ja vain viidennes my\u00f6nteisesti. UPM:n selvityksess\u00e4 tulos oli viel\u00e4 tuomitsevampi: kaksi kolmesta suhtautuu varauksellisesti tai kielteisesti.<\/p>\n\n<p>Suomen hallitusohjelmassa on sitouduttu pys\u00e4ytt\u00e4m\u00e4\u00e4n luonnon monimuotoisuuden heikkeneminen. On k\u00e4sitt\u00e4m\u00e4t\u00f6nt\u00e4, ett\u00e4 ministerimme ovat tehneet kaikkensa kampittaakseen EU-yhteisty\u00f6t\u00e4 metsien osalta t\u00e4sm\u00e4lleen saman tavoitteen saavuttamiseksi. Onneksi komissio on kuunnellut my\u00f6s asiantuntijoita, kansalaisia ja monien maiden ymp\u00e4rist\u00f6ministereit\u00e4 ja monet t\u00e4rke\u00e4t toimenpiteet metsien suojelun edist\u00e4miseksi ovat yh\u00e4 strategiassa mukana. Tosin Suomen ja er\u00e4iden muiden maiden lobbauksen takia nuo toimenpiteet ovat heiver\u00f6isemm\u00e4t kuin muuten olisivat.<\/p>\n\n<h3 class=\"wp-block-heading\"><strong>Jo aiemmin p\u00e4\u00e4tetty EU:n biodiversiteettistrategia: Metsien suojelua lis\u00e4tt\u00e4v\u00e4<\/strong><\/h3>\n\n<p>Nyt julkaistujen esitysten lis\u00e4ksi komissio on jo aiemmin laatinut EU:lle luonnon monimuotoisuutta suojelevan ja vahvistavan biodiversiteettistrategian, joka on jo k\u00e4sitelty sek\u00e4 j\u00e4senmaissa ett\u00e4 parlamentissa ja etenee nyt toteutukseen kansallisella tasolla.&nbsp;<\/p>\n\n<p>T\u00e4rke\u00e4 osa strategiaa on <strong>tavoite suojella tiukasti Euroopan viimeiset vanhat ja ikimets\u00e4t vuoteen 2030 menness\u00e4<\/strong>. My\u00f6s Suomi on siis sitoutunut suojelemaan viimeiset luonnonmets\u00e4ns\u00e4 ja pys\u00e4ytt\u00e4m\u00e4\u00e4n monimuotoisuuden heikkenemisen. Voit lukea lis\u00e4\u00e4 strategian tavoitteista <a href=\"https:\/\/www.greenpeace.org\/finland\/blogit\/5966\/luonnon-monimuotoisuuden-suojelu-ja-ilmastoteot-kulkevat-kasi-kadessa-emme-voi-ratkaista-yhta-ilman-toista\/\">blogistamme<\/a>.<\/p>\n\n<p>Greenpeace edist\u00e4\u00e4 paraikaa suojelutavoitteen toteutumista tukemalla vapaaehtoisty\u00f6ll\u00e4 Koneen s\u00e4\u00e4ti\u00f6n rahoittamaa <a href=\"https:\/\/twitter.com\/LTyoryhma\">Luonnonmets\u00e4ty\u00f6ryhm\u00e4n<\/a> hanketta. Siin\u00e4 kartoitetaan viimeisi\u00e4 luonnonmetsi\u00e4 valtion mailla ja esitet\u00e4\u00e4n niit\u00e4 lopulta suojeltaviksi. My\u00f6s sin\u00e4 voit auttaa metsien suojelussa allekirjoittamalla p\u00e4\u00e4ministeri Sanna Marinille suunnatun <a href=\"https:\/\/www.greenpeace.org\/finland\/toimi\/suomen-metsat\/metsavetoomus\/\">vetoomuksen<\/a> viimeisten luonnonmetsien suojelemiseksi.<\/p>\n\n<p>Meid\u00e4n tulee luoda painetta p\u00e4\u00e4tt\u00e4jien suuntaan, jotta Suomi edist\u00e4isi niin Suomessa kuin EU:ssakin vahvoja tekoja, jotka hillitsev\u00e4t ilmastokriisi\u00e4 ja luontokatoa. Elinvoimaisen, el\u00e4m\u00e4\u00e4 yll\u00e4pit\u00e4v\u00e4n luonnon pit\u00e4isi olla t\u00e4rkein p\u00e4\u00e4t\u00f6ksentekoamme ohjaava kompassi. Monimuotoiset mets\u00e4t, meret ja suot ovat t\u00e4rkeimm\u00e4t liittolaisemme niin ilmastonmuutoksen kuin pandemioidenkin torjunnassa.<\/p>\n<div class=\"EmptyMessage\">Block content is empty. Check the block&#8217;s settings or remove it.<\/div>","protected":false},"excerpt":{"rendered":"<p>Viime aikoina keskustelu Suomen metsien tilanteesta ja niit\u00e4 koskevista EU-p\u00e4\u00e4t\u00f6ksist\u00e4 on k\u00e4ynyt kuumana. Euroopan komissio julkisti t\u00e4ll\u00e4 viikolla useampia linjauksia, jotka vaikuttavat Suomenkin metsiin. Asiat eiv\u00e4t kuitenkaan ole niin monimutkaisia kuin voisi luulla \u2013 t\u00e4ss\u00e4 vastaukset yleisimpiin kysymyksiin.<\/p>\n","protected":false},"author":43,"featured_media":7435,"comment_status":"closed","ping_status":"open","sticky":false,"template":"","format":"standard","meta":{"_improvement_type_select":"improve_an_existing","_thumb_yes_seoaic":false,"_frame_yes_seoaic":false,"seoaic_generate_description":"","seoaic_improve_instructions_prompt":"","seoaic_rollback_content_improvement":"","seoaic_idea_thumbnail_generator":"","thumbnail_generated":false,"thumbnail_generate_prompt":"","seoaic_article_description":"","ep_exclude_from_search":false,"seoaic_article_subtitles":[],"p4_og_title":"","p4_og_description":"","p4_og_image":"","p4_og_image_id":"","p4_seo_canonical_url":"","p4_campaign_name":"not set","p4_local_project":"not set","p4_basket_name":"not set","p4_department":"","footnotes":""},"categories":[3],"tags":[60,6,75,78],"p4-page-type":[16],"class_list":["post-7434","post","type-post","status-publish","format-standard","has-post-thumbnail","hentry","category-metsat","tag-ilmastopolitiikka","tag-luonnonmetsa","tag-metsateollisuus","tag-monimuotoisuus","p4-page-type-blogit"],"_links":{"self":[{"href":"https:\/\/www.greenpeace.org\/finland\/wp-json\/wp\/v2\/posts\/7434","targetHints":{"allow":["GET"]}}],"collection":[{"href":"https:\/\/www.greenpeace.org\/finland\/wp-json\/wp\/v2\/posts"}],"about":[{"href":"https:\/\/www.greenpeace.org\/finland\/wp-json\/wp\/v2\/types\/post"}],"author":[{"embeddable":true,"href":"https:\/\/www.greenpeace.org\/finland\/wp-json\/wp\/v2\/users\/43"}],"replies":[{"embeddable":true,"href":"https:\/\/www.greenpeace.org\/finland\/wp-json\/wp\/v2\/comments?post=7434"}],"version-history":[{"count":13,"href":"https:\/\/www.greenpeace.org\/finland\/wp-json\/wp\/v2\/posts\/7434\/revisions"}],"predecessor-version":[{"id":54204,"href":"https:\/\/www.greenpeace.org\/finland\/wp-json\/wp\/v2\/posts\/7434\/revisions\/54204"}],"wp:featuredmedia":[{"embeddable":true,"href":"https:\/\/www.greenpeace.org\/finland\/wp-json\/wp\/v2\/media\/7435"}],"wp:attachment":[{"href":"https:\/\/www.greenpeace.org\/finland\/wp-json\/wp\/v2\/media?parent=7434"}],"wp:term":[{"taxonomy":"category","embeddable":true,"href":"https:\/\/www.greenpeace.org\/finland\/wp-json\/wp\/v2\/categories?post=7434"},{"taxonomy":"post_tag","embeddable":true,"href":"https:\/\/www.greenpeace.org\/finland\/wp-json\/wp\/v2\/tags?post=7434"},{"taxonomy":"p4-page-type","embeddable":true,"href":"https:\/\/www.greenpeace.org\/finland\/wp-json\/wp\/v2\/p4-page-type?post=7434"}],"curies":[{"name":"wp","href":"https:\/\/api.w.org\/{rel}","templated":true}]}}