{"id":745,"date":"2018-02-16T00:00:00","date_gmt":"2018-02-16T00:00:00","guid":{"rendered":"https:\/\/www.greenpeace.org\/finland\/blogit\/745\/suomalaisaktivistit-kiipesivat-porauslautalle-vastustamaan-koeporauksia-pohjanmerella\/"},"modified":"2024-09-04T11:11:08","modified_gmt":"2024-09-04T08:11:08","slug":"suomalaisaktivistit-kiipesivat-porauslautalle-vastustamaan-koeporauksia-pohjanmerella","status":"publish","type":"post","link":"https:\/\/www.greenpeace.org\/finland\/tiedotteet\/meret\/suomalaisaktivistit-kiipesivat-porauslautalle-vastustamaan-koeporauksia-pohjanmerella\/","title":{"rendered":"Suomalaisaktivistit kiipesiv\u00e4t porauslautalle vastustamaan koeporauksia Pohjanmerell\u00e4"},"content":{"rendered":"<div class=\"leader\">Greenpeacen aktivistit vastustavat brittil\u00e4isen Hansa Hydrocarbonsin koeporauksia Vattimerell\u00e4 Alankomaissa. Aktivistit nousivat porauslautalle torstaina illalla. Lautalle kiipesi kaksi suomalaista <strong>Sini Saarela<\/strong> ja <strong>Jukka Huhta<\/strong>. Mielenosoituksessa on mukana yhteens\u00e4 kolme suomalaista.<\/div>\n<div>\n<div class=\"events-box big-box left\">\n<div class=\"frame\">\n<div id=\"attachment_1230\" style=\"width: 810px\" class=\"wp-caption alignnone\"><img loading=\"lazy\" decoding=\"async\" aria-describedby=\"caption-attachment-1230\" class=\"size-full wp-image-1230\" src=\"https:\/\/www.greenpeace.org\/static\/planet4-finland-stateless\/2019\/01\/836d3410-vattimeri-15.2.2018-jorin-van-gennip.jpg\" alt=\"\" width=\"800\" height=\"534\" srcset=\"https:\/\/www.greenpeace.org\/static\/planet4-finland-stateless\/2019\/01\/836d3410-vattimeri-15.2.2018-jorin-van-gennip.jpg 800w, https:\/\/www.greenpeace.org\/static\/planet4-finland-stateless\/2019\/01\/836d3410-vattimeri-15.2.2018-jorin-van-gennip-300x200.jpg 300w, https:\/\/www.greenpeace.org\/static\/planet4-finland-stateless\/2019\/01\/836d3410-vattimeri-15.2.2018-jorin-van-gennip-768x513.jpg 768w, https:\/\/www.greenpeace.org\/static\/planet4-finland-stateless\/2019\/01\/836d3410-vattimeri-15.2.2018-jorin-van-gennip-510x340.jpg 510w\" sizes=\"auto, (max-width: 800px) 100vw, 800px\" \/><p id=\"caption-attachment-1230\" class=\"wp-caption-text\">Aktivistit nousemassa Hansa Hydrocarbonsin porauslautalle Vattimerell\u00e4 Alankomaissa 15. helmikuuta 2018. @ Jorin van Gennip \/ Greenpeace<\/p><\/div>\n<\/div>\n<\/div>\n<p>Hansa Hydrocarbons tekee koeporauksia kaasun l\u00f6yt\u00e4miseksi Schiermonnikoogin saaren ulkopuolella ekologisesti herk\u00e4ll\u00e4 alueella. Aktivistit vaativat Alankomaiden talous- ja ilmastoministeri <strong>Eric Wiebesi\u00e4<\/strong> lopettamaan poraukset. Aktivistit aikovat pysy\u00e4 lautalla, jotta porausta ei voi jatkaa.<\/p>\n<p>Greenpeace vaatii Alankomaita irtautumaan kaasuriippuvuudestaan, jotta maa pystyy t\u00e4ytt\u00e4m\u00e4\u00e4n Pariisin ilmastosopimuksen tavoitteet. Kaasuntuotanto ja koeporaukset matalalla Vattimerell\u00e4 ovat my\u00f6s aiheuttaneet Friisien saarilla maanj\u00e4ristyksi\u00e4, jotka haittaavat paikallisten asukkaiden el\u00e4m\u00e4\u00e4.<\/p>\n<p>\u201cMeid\u00e4n ei pid\u00e4 en\u00e4\u00e4 etsi\u00e4 lis\u00e4\u00e4 kaasua, vaan investoida aurinko- ja tuulienergiaan ja erist\u00e4\u00e4 mahdollisimman nopeasti vanhat asuntomme paremmin\u201d, sanoo Greenpeace Alankomaiden energia-asiantuntija <strong>Faiza Oulahsen<\/strong>.<\/p>\n<p>Lis\u00e4tietoja:<br \/>\nJuha Aromaa, viestint\u00e4p\u00e4\u00e4llikk\u00f6 Suomessa, Greenpeace Norden, puhelin 050 369 6202<\/p>\n<\/div>\n","protected":false},"excerpt":{"rendered":"<div>\n\tGreenpeacen aktivistit vastustavat brittil\u00e4isen Hansa Hydrocarbonsin koeporauksia Vattimerell\u00e4 Alankomaissa. Aktivistit nousivat porauslautalle torstaina illalla. Lautalle kiipesi kaksi suomalaista Sini Saarela ja Jukka Huhta. Mielenosoituksessa on mukana yhteens\u00e4 kolme suomalaista.\n<\/div>\n","protected":false},"author":33,"featured_media":1230,"comment_status":"closed","ping_status":"closed","sticky":false,"template":"","format":"standard","meta":{"_improvement_type_select":"improve_an_existing","_thumb_yes_seoaic":false,"_frame_yes_seoaic":false,"seoaic_generate_description":"","seoaic_improve_instructions_prompt":"","seoaic_rollback_content_improvement":"","seoaic_idea_thumbnail_generator":"","thumbnail_generated":false,"thumbnail_generate_prompt":"","seoaic_article_description":"","ep_exclude_from_search":false,"seoaic_article_subtitles":[],"p4_og_title":"","p4_og_description":"","p4_og_image":"","p4_og_image_id":"","p4_seo_canonical_url":"","p4_campaign_name":"not set","p4_local_project":"not set","p4_basket_name":"not set","p4_department":"","footnotes":""},"categories":[4],"tags":[61,58,38,25],"p4-page-type":[14],"class_list":["post-745","post","type-post","status-publish","format-standard","has-post-thumbnail","hentry","category-meret","tag-fossiiliset","tag-ilmastokriisinsyyt","tag-kansalaistottelemattomuus","tag-suojellaanmeret","p4-page-type-tiedotteet"],"_links":{"self":[{"href":"https:\/\/www.greenpeace.org\/finland\/wp-json\/wp\/v2\/posts\/745","targetHints":{"allow":["GET"]}}],"collection":[{"href":"https:\/\/www.greenpeace.org\/finland\/wp-json\/wp\/v2\/posts"}],"about":[{"href":"https:\/\/www.greenpeace.org\/finland\/wp-json\/wp\/v2\/types\/post"}],"author":[{"embeddable":true,"href":"https:\/\/www.greenpeace.org\/finland\/wp-json\/wp\/v2\/users\/33"}],"replies":[{"embeddable":true,"href":"https:\/\/www.greenpeace.org\/finland\/wp-json\/wp\/v2\/comments?post=745"}],"version-history":[{"count":3,"href":"https:\/\/www.greenpeace.org\/finland\/wp-json\/wp\/v2\/posts\/745\/revisions"}],"predecessor-version":[{"id":52499,"href":"https:\/\/www.greenpeace.org\/finland\/wp-json\/wp\/v2\/posts\/745\/revisions\/52499"}],"wp:featuredmedia":[{"embeddable":true,"href":"https:\/\/www.greenpeace.org\/finland\/wp-json\/wp\/v2\/media\/1230"}],"wp:attachment":[{"href":"https:\/\/www.greenpeace.org\/finland\/wp-json\/wp\/v2\/media?parent=745"}],"wp:term":[{"taxonomy":"category","embeddable":true,"href":"https:\/\/www.greenpeace.org\/finland\/wp-json\/wp\/v2\/categories?post=745"},{"taxonomy":"post_tag","embeddable":true,"href":"https:\/\/www.greenpeace.org\/finland\/wp-json\/wp\/v2\/tags?post=745"},{"taxonomy":"p4-page-type","embeddable":true,"href":"https:\/\/www.greenpeace.org\/finland\/wp-json\/wp\/v2\/p4-page-type?post=745"}],"curies":[{"name":"wp","href":"https:\/\/api.w.org\/{rel}","templated":true}]}}