{"id":5,"count":8,"description":"K\u00e9pzelj el egy vil\u00e1got, ahol az erd\u0151k gyerepodnak, a vizek pedig tele vannak \u00e9lettel. Ahol az energia tiszta, mint a forr\u00e1sv\u00edz. Ahol mindenki biztons\u00e1gban, b\u00fcszk\u00e9n \u00e9s \u00f6r\u00f6mmel \u00e9lhet. Ezt a j\u00f6v\u0151t nem tudjuk egyed\u00fcl fel\u00e9p\u00edteni, de Veled egy\u00fctt igen! ","link":"https:\/\/www.greenpeace.org\/hungary\/category\/ugyek\/","name":"\u00dcgyek, amiken dolgozunk","slug":"ugyek","taxonomy":"category","parent":0,"meta":[],"_links":{"self":[{"href":"https:\/\/www.greenpeace.org\/hungary\/wp-json\/wp\/v2\/categories\/5","targetHints":{"allow":["GET"]}}],"collection":[{"href":"https:\/\/www.greenpeace.org\/hungary\/wp-json\/wp\/v2\/categories"}],"about":[{"href":"https:\/\/www.greenpeace.org\/hungary\/wp-json\/wp\/v2\/taxonomies\/category"}],"wp:post_type":[{"href":"https:\/\/www.greenpeace.org\/hungary\/wp-json\/wp\/v2\/posts?categories=5"},{"href":"https:\/\/www.greenpeace.org\/hungary\/wp-json\/wp\/v2\/pages?categories=5"},{"href":"https:\/\/www.greenpeace.org\/hungary\/wp-json\/wp\/v2\/p4_action?categories=5"}],"curies":[{"name":"wp","href":"https:\/\/api.w.org\/{rel}","templated":true}]}}