{"id":10013,"date":"2022-11-11T09:18:21","date_gmt":"2022-11-11T08:18:21","guid":{"rendered":"https:\/\/www.greenpeace.org\/hungary\/?p=10013"},"modified":"2022-11-18T12:01:24","modified_gmt":"2022-11-18T11:01:24","slug":"oriasi-balta-jelent-meg-egy-tarra-vagott-bukki-hegyoldalban","status":"publish","type":"post","link":"https:\/\/www.greenpeace.org\/hungary\/sajtokozlemeny\/10013\/oriasi-balta-jelent-meg-egy-tarra-vagott-bukki-hegyoldalban\/","title":{"rendered":"\u00d3ri\u00e1si balta jelent meg egy tarra v\u00e1gott b\u00fckki hegyoldalban"},"content":{"rendered":"\n<h2 class=\"wp-block-heading\"><strong>M\u00e1r a nemzeti parkok sem jelentenek mened\u00e9ket az \u00e9l\u0151vil\u00e1gnak<\/strong><\/h2>\n\n<p><strong><strong>B\u00fckki Nemzeti Park, 2022.11.11. \u2013 A Greenpeace Magyarorsz\u00e1g egy \u00f3ri\u00e1si balt\u00e1t \u00e1br\u00e1zol\u00f3 jelet rakott ki egy tarra v\u00e1gott ter\u00fcleten a B\u00fckki Nemzeti Parkban, hogy felh\u00edvja a figyelmet a szem\u00fcnk el\u0151tt zajl\u00f3 g\u00e1tl\u00e1stalan term\u00e9szetpuszt\u00edt\u00e1sra. Az orsz\u00e1g v\u00e9dett \u00e9s Natura 2000 ter\u00fcleteinek nagy r\u00e9sz\u00e9n m\u00e1r eddig is t\u00falzott intenzit\u00e1s\u00fa fakitermel\u00e9s zajlott, amit a korm\u00e1ny augusztusban elfogadott <\/strong><a rel=\"noopener nofollow\" href=\"https:\/\/magyarkozlony.hu\/dokumentumok\/7c6944e3c1bd65e6f4638f37cfeb1e1f85ea2bdd\/megtekintes\" target=\"_blank\"><strong>t\u0171zifarendelete<\/strong><\/a><strong> csak tov\u00e1bb s\u00falyosb\u00edtott, pedig a lakoss\u00e1g val\u00f3di t\u0171zifaig\u00e9nye a term\u00e9szetv\u00e9delmi korl\u00e1toz\u00e1sok fellaz\u00edt\u00e1sa n\u00e9lk\u00fcl is teljes\u00edthet\u0151 lenne. Ennek ellen\u00e9re most, ebben a pillanatban is sz\u00e1mos helyen z\u00fagnak a l\u00e1ncf\u0171r\u00e9szek \u2013 a nemzeti parkjaink ter\u00fclet\u00e9n is, r\u00e1ad\u00e1sul egy nemr\u00e9giben beny\u00fajtott\u00a0 <\/strong><a rel=\"noopener nofollow\" href=\"https:\/\/www.parlament.hu\/irom42\/01622\/01622.pdf\" target=\"_blank\"><strong>t\u00f6rv\u00e9nyjavaslat<\/strong><\/a><strong> m\u00e9g erre is r\u00e1tesz egy lap\u00e1ttal azzal, hogy megnyitn\u00e1 az utat v\u00e9dett ter\u00fcleteink \u00e9rt\u00e9kes\u00edt\u00e9s\u00e9re.<\/strong>sem jelentenek mened\u00e9ket az \u00e9l\u0151vil\u00e1gnak<\/strong><\/p>\n\n<figure class=\"wp-block-image size-large  caption-alignment-right\"><img loading=\"lazy\" decoding=\"async\" width=\"1024\" height=\"575\" src=\"https:\/\/www.greenpeace.org\/static\/planet4-hungary-stateless\/2022\/11\/5a8ff7d7-balta-a-bukkben-1024x575.jpg\" title=\"Balta a B\u00fckki Nemzeti Parkban\" alt=\"Balta a B\u00fckki Nemzeti Parkban\" class=\"wp-image-10014\" srcset=\"https:\/\/www.greenpeace.org\/static\/planet4-hungary-stateless\/2022\/11\/5a8ff7d7-balta-a-bukkben-1024x575.jpg 1024w, https:\/\/www.greenpeace.org\/static\/planet4-hungary-stateless\/2022\/11\/5a8ff7d7-balta-a-bukkben-300x169.jpg 300w, https:\/\/www.greenpeace.org\/static\/planet4-hungary-stateless\/2022\/11\/5a8ff7d7-balta-a-bukkben-768x431.jpg 768w, https:\/\/www.greenpeace.org\/static\/planet4-hungary-stateless\/2022\/11\/5a8ff7d7-balta-a-bukkben-1536x863.jpg 1536w, https:\/\/www.greenpeace.org\/static\/planet4-hungary-stateless\/2022\/11\/5a8ff7d7-balta-a-bukkben-510x287.jpg 510w, https:\/\/www.greenpeace.org\/static\/planet4-hungary-stateless\/2022\/11\/5a8ff7d7-balta-a-bukkben.jpg 1999w\" sizes=\"auto, (max-width: 1024px) 100vw, 1024px\" \/><figcaption><em>Fot\u00f3: \u00a9 Greenpeace<\/em><\/figcaption><\/figure>\n\n<p>A Greenpeace Magyarorsz\u00e1g egy pirossal \u00e1th\u00fazott, \u00f3ri\u00e1si balt\u00e1t \u00e1br\u00e1zol\u00f3 szimb\u00f3lummal \u00fczeni a magyar korm\u00e1nynak: el a kezekkel a v\u00e9dett term\u00e9szeti ter\u00fcletekt\u0151l. Az akci\u00f3val a z\u00f6ldszervezet a B\u00fckki Nemzeti Park egy letarolt r\u00e9sz\u00e9n h\u00edvta fel a figyelmet arra, hogy \u00e9rt\u00e9kes erdeink sorra a puszt\u00edt\u00e1s \u00e1ldozataiv\u00e1 v\u00e1lnak, a korm\u00e1ny fakitermel\u00e9st szorgalmaz\u00f3 rendelete m\u00e9g mindig \u00e9rv\u00e9nyben van, v\u00e9dett ter\u00fcleteinket pedig tov\u00e1bb vesz\u00e9lyezteti az az \u00faj t\u00f6rv\u00e9nyjavaslat, mely lehet\u0151s\u00e9get adna azok \u00e9rt\u00e9kes\u00edt\u00e9s\u00e9re.&nbsp;<\/p>\n\n<p>A kl\u00edma- \u00e9s \u00f6kol\u00f3giai v\u00e1ls\u00e1g idej\u00e9n nem engedhetj\u00fck meg, hogy p\u00e9nzz\u00e9 tegy\u00e9k \u00e9s t\u0171zif\u00e1v\u00e1 apr\u00edts\u00e1k fel v\u00e9dett erdeinket, hiszen az erd\u0151 \u00e9l\u0151l\u00e9nyek k\u00f6z\u00f6ss\u00e9ge, amelyek a minket is fenntart\u00f3 term\u00e9szetes folyamatokat m\u0171k\u00f6dtetik. A lakoss\u00e1g val\u00f3di t\u0171zifaig\u00e9nye a term\u00e9szetv\u00e9delmi korl\u00e1toz\u00e1sok fellaz\u00edt\u00e1sa n\u00e9lk\u00fcl is teljes\u00edthet\u0151 lenne. Ennek ellen\u00e9re most, ebben a pillanatban is z\u00fagnak a l\u00e1ncf\u0171r\u00e9szek a nemzeti parkjainkban is.<\/p>\n\n<p>Ma Magyarorsz\u00e1gon m\u00e9g a v\u00e9dett ter\u00fcleteken l\u00e9v\u0151 erd\u0151k is erd\u0151gazdas\u00e1gok, azaz gazdas\u00e1gi t\u00e1rsas\u00e1gok kez\u00e9ben vannak, amelyeknek profitot kell termelni\u00fck. Ennek eredm\u00e9ny\u00e9t minden kir\u00e1ndulni szeret\u0151 ember a saj\u00e1t szem\u00e9vel l\u00e1thatja: az erdeink tele vannak tarra v\u00e1gott foltokkal, \u00e9s alig van m\u00e1r olyan hely az orsz\u00e1gban, ahol igazi erd\u0151ben s\u00e9t\u00e1lhatunk. Olyanban, ahol a csemet\u00e9k mellett vannak termetes \u00f6reg f\u00e1k, kid\u0151lt holtf\u00e1k, net\u00e1n egy-egy igazi famatuzs\u00e1lem is. Helyette azonos kor\u00fa, azonos faj\u00fa fa\u00e1llom\u00e1nyok vannak, amelyeket term\u00e9szetbar\u00e1t kezel\u00e9ssel fokozatosan \u00e1t lehetne alak\u00edtani v\u00e1ltozatosabb, a biol\u00f3giai sokf\u00e9les\u00e9g szempontj\u00e1b\u00f3l \u00e9rt\u00e9kesebb erd\u0151v\u00e9, de ebben az esetben nem lehet a profit az els\u0151dleges szempont. A term\u00e9szetbar\u00e1t sz\u00e1lal\u00f3 v\u00e1g\u00e1ssal kezelt kicsiny er\u0151foltokat b\u00fcszk\u00e9n mutogatj\u00e1k, mint egy sz\u00e9p kirakatot, de val\u00f3j\u00e1ban a hazai <a href=\"https:\/\/telex.hu\/belfold\/2022\/08\/12\/erdo-erdogazdalkodas-okoszisztema-pusztulas\" target=\"_blank\" rel=\"noopener nofollow\">2 milli\u00f3 hekt\u00e1r erd\u0151b\u0151l mind\u00f6ssze 30 000 hekt\u00e1r<\/a> az, amit \u00edgy kezelnek.<\/p>\n\n<p><em>\u201e<\/em><em>Az Eur\u00f3p\u00e1ban is p\u00e9ld\u00e1tlan, botr\u00e1nyos t\u0171zifarendelet, ami elt\u00f6r\u00f6lte a fakitermel\u00e9s term\u00e9szetv\u00e9delmi c\u00e9l\u00fa korl\u00e1toz\u00e1sait, tov\u00e1bb s\u00falyosb\u00edtja a helyzetet az\u00e1ltal, hogy lehet\u0151s\u00e9get ad \u00e9rt\u00e9kes erd\u0151k kiv\u00e1g\u00e1s\u00e1ra is, \u00e9s olyan \u00bbbalesetekre\u00ab, mint amilyen a Kiskuns\u00e1gban t\u00f6rt\u00e9nt, ahol a t\u0171zifarendelet kihirdet\u00e9s\u00e9t k\u00f6vet\u0151 napokban <\/em><a href=\"https:\/\/www.facebook.com\/greenpeace.hu\/posts\/pfbid037e7htsNpXxDye214vbsygXnePg4skVKMyuzYr5sJZtHUKLpGvSJMq1BiBgrZ2qznl\" target=\"_blank\" rel=\"noopener nofollow\"><em>kiv\u00e1gtak egy hatalmas ny\u00e1rf\u00e1t, amin fokozottan v\u00e9dett r\u00e9ti sas f\u00e9szkelt<\/em><\/a><em>. Akkor, amikor soha nem l\u00e1tott \u00fctemben fogynak k\u00f6r\u00fcl\u00f6tt\u00fcnk a vadon \u00e9l\u0151 fajok \u00e1llom\u00e1nyai, az ilyen sz\u00e1nd\u00e9kos puszt\u00edt\u00e1st egyszer\u0171en nem engedhetj\u00fck meg magunknak.\u201d <\/em><strong>&nbsp;<\/strong>\u2013 mondta Rodics Katalin, a Greenpeace Magyarorsz\u00e1g biodiverzit\u00e1s kamp\u00e1nyfelel\u0151se.<\/p>\n\n<p>A tud\u00f3sok \u00fajra \u00e9s \u00fajra megpr\u00f3b\u00e1lj\u00e1k felnyitni a d\u00f6nt\u00e9shoz\u00f3k szem\u00e9t, hogy \u00e9szrevegy\u00e9k: az \u00e9l\u0151vil\u00e1g pusztul\u00e1sa, a fajok kihal\u00e1sa el\u00e9rt egy olyan szintet, ami m\u00e1r <a href=\"https:\/\/sites.greenpeace.hu\/ipbes-jelentes-osszefoglalo\/\" target=\"_blank\" rel=\"noopener nofollow\">vesz\u00e9lyezteti a&nbsp; civiliz\u00e1ci\u00f3nk fennmarad\u00e1s\u00e1t<\/a>. A puszt\u00edt\u00e1st azonnal le kell \u00e1ll\u00edtani, \u00e9s amit csak lehet, vissza kell adni a term\u00e9szetnek.&nbsp;<\/p>\n\n<p>A Greenpeace azt k\u00f6veteli a magyar korm\u00e1nyt\u00f3l, hogy:<\/p>\n\n<ul class=\"wp-block-list\"><li>vonja vissza a <a href=\"https:\/\/www.greenpeace.org\/hungary\/cikkek\/9944\/tovabbra-is-aggodhatunk-az-orszag-vedett-erdeiben-folyo-fakitermelesek-miatt\/\" target=\"_blank\" rel=\"noopener\">t\u0171zifarendeletet<\/a>;<\/li><li>dobja ki az alkotm\u00e1nyos jogainkat s\u00e9rt\u0151, a <a href=\"https:\/\/www.greenpeace.org\/hungary\/sajtokozlemeny\/9989\/a-kormany-kiarusitana-a-magyar-termeszetvedelmi-teruleteket\/\" target=\"_blank\" rel=\"noopener\">v\u00e9dett ter\u00fcletek elad\u00e1s\u00e1t lehet\u0151v\u00e9 tev\u0151 <\/a>t\u00f6rv\u00e9nyjavaslatot, hiszen a v\u00e9dett ter\u00fcletek nem az \u00f6v\u00e9k, hanem mindannyiunk\u00e9, a magyar emberek\u00e9.<\/li><\/ul>\n\n<p>A B\u00fckki Nemzeti Park az \u00c9szaki-k\u00f6z\u00e9phegys\u00e9g \u00e9s egyben a K\u00e1rp\u00e1tok r\u00e9sze. A K\u00e1rp\u00e1toknak eg\u00e9sz Eur\u00f3pa szempontj\u00e1b\u00f3l \u00f3ri\u00e1si a jelent\u0151s\u00e9ge kl\u00edmakiegyens\u00falyoz\u00f3 hat\u00e1sa miatt \u00e9s az\u00e9rt, mert ez az \u00e9l\u0151vil\u00e1g egyik utols\u00f3 mened\u00e9ke kontinens\u00fcnk\u00f6n. Most, amikor az emberis\u00e9g t\u00f6rt\u00e9net\u00e9nek \u00e1ltalunk okozott <a href=\"https:\/\/sites.greenpeace.hu\/ipbes-jelentes-osszefoglalo\/\" target=\"_blank\" rel=\"noopener\">legnagyobb kihal\u00e1si hull\u00e1m\u00e1t<\/a> \u00e9lj\u00fck, amikor a F\u00f6ld\u00f6n \u00e9l\u0151 <a href=\"https:\/\/wwf.hu\/letoltes\/elo-bolygo-jelentes\/ISSUU255\/\" target=\"_blank\" rel=\"noopener nofollow\">gerinces \u00e1llatok \u00e1llom\u00e1nyainak 70%-\u00e1t<\/a> m\u00e1r elvesz\u00edtett\u00fck, azonnal meg kell \u00e1ll\u00edtanunk a r\u00f6vidl\u00e1t\u00f3 \u00e9s \u00e9rtelmetlen term\u00e9szetpuszt\u00edt\u00e1st, hiszen az \u00e9l\u0151vil\u00e1g sokf\u00e9les\u00e9g\u00e9nek meg\u00f3v\u00e1sa n\u00e9lk\u00fcl a mi \u00e9let\u00fcnk is vesz\u00e9lyben van. A Greenpeace azt k\u00f6veteli a korm\u00e1nyt\u00f3l, hogy az \u00f6kol\u00f3giai \u00f6sszeoml\u00e1s k\u00fcsz\u00f6b\u00e9n \u00e9s a kl\u00edmav\u00e1ls\u00e1g idej\u00e9n, amely minket, magyar embereket \u00e9s a gyermekeinket is \u00e9rinti, a rombol\u00e1s helyett v\u00e1ltson v\u00e9gre ir\u00e1nyt \u00e9s tegyen meg mindent a term\u00e9szet v\u00e9delm\u00e9\u00e9rt.<\/p>\n","protected":false},"excerpt":{"rendered":"<p>A Greenpeace Magyarorsz\u00e1g egy \u00f3ri\u00e1si balt\u00e1t \u00e1br\u00e1zol\u00f3 jelet rakott ki egy tarra v\u00e1gott ter\u00fcleten a B\u00fckki Nemzeti Parkban, hogy felh\u00edvja a figyelmet a szem\u00fcnk el\u0151tt zajl\u00f3 g\u00e1tl\u00e1stalan term\u00e9szetpuszt\u00edt\u00e1sra.<\/p>\n","protected":false},"author":25,"featured_media":10014,"comment_status":"closed","ping_status":"closed","sticky":false,"template":"","format":"standard","meta":{"ep_exclude_from_search":false,"p4_og_title":"","p4_og_description":"","p4_og_image":"","p4_og_image_id":"","p4_seo_canonical_url":"","p4_campaign_name":"not set","p4_local_project":"not set","p4_basket_name":"not set","p4_department":"","footnotes":""},"categories":[3],"tags":[29],"p4-page-type":[37],"class_list":["post-10013","post","type-post","status-publish","format-standard","has-post-thumbnail","hentry","category-termeszet-kornyezet","tag-erdo","p4-page-type-sajtokozlemeny"],"_links":{"self":[{"href":"https:\/\/www.greenpeace.org\/hungary\/wp-json\/wp\/v2\/posts\/10013","targetHints":{"allow":["GET"]}}],"collection":[{"href":"https:\/\/www.greenpeace.org\/hungary\/wp-json\/wp\/v2\/posts"}],"about":[{"href":"https:\/\/www.greenpeace.org\/hungary\/wp-json\/wp\/v2\/types\/post"}],"author":[{"embeddable":true,"href":"https:\/\/www.greenpeace.org\/hungary\/wp-json\/wp\/v2\/users\/25"}],"replies":[{"embeddable":true,"href":"https:\/\/www.greenpeace.org\/hungary\/wp-json\/wp\/v2\/comments?post=10013"}],"version-history":[{"count":2,"href":"https:\/\/www.greenpeace.org\/hungary\/wp-json\/wp\/v2\/posts\/10013\/revisions"}],"predecessor-version":[{"id":10022,"href":"https:\/\/www.greenpeace.org\/hungary\/wp-json\/wp\/v2\/posts\/10013\/revisions\/10022"}],"wp:featuredmedia":[{"embeddable":true,"href":"https:\/\/www.greenpeace.org\/hungary\/wp-json\/wp\/v2\/media\/10014"}],"wp:attachment":[{"href":"https:\/\/www.greenpeace.org\/hungary\/wp-json\/wp\/v2\/media?parent=10013"}],"wp:term":[{"taxonomy":"category","embeddable":true,"href":"https:\/\/www.greenpeace.org\/hungary\/wp-json\/wp\/v2\/categories?post=10013"},{"taxonomy":"post_tag","embeddable":true,"href":"https:\/\/www.greenpeace.org\/hungary\/wp-json\/wp\/v2\/tags?post=10013"},{"taxonomy":"p4-page-type","embeddable":true,"href":"https:\/\/www.greenpeace.org\/hungary\/wp-json\/wp\/v2\/p4-page-type?post=10013"}],"curies":[{"name":"wp","href":"https:\/\/api.w.org\/{rel}","templated":true}]}}