{"id":10285,"date":"2023-03-09T11:21:11","date_gmt":"2023-03-09T10:21:11","guid":{"rendered":"https:\/\/www.greenpeace.org\/hungary\/?p=10285"},"modified":"2025-10-01T13:42:35","modified_gmt":"2025-10-01T11:42:35","slug":"megnyitottuk-a-zold-fiatalok-uj-kozossegi-teret-a-bolygot","status":"publish","type":"post","link":"https:\/\/www.greenpeace.org\/hungary\/blog\/10285\/megnyitottuk-a-zold-fiatalok-uj-kozossegi-teret-a-bolygot\/","title":{"rendered":"Megnyitottuk a z\u00f6ld fiatalok \u00faj k\u00f6z\u00f6ss\u00e9gi ter\u00e9t, a Bolyg\u00f3t"},"content":{"rendered":"\n<p class=\"has-text-align-left\"><strong>\u00daj k\u00f6z\u00f6ss\u00e9gi t\u00e9r ny\u00edlik a Greenpeace t\u00e1mogat\u00e1s\u00e1val a budapesti Margit-negyedben <\/strong><a href=\"https:\/\/bolygo.org\/\" target=\"_blank\" rel=\"noopener\"><strong>Bolyg\u00f3<\/strong><\/a><strong> n\u00e9ven. Az \u00faj hely egy olyan tal\u00e1lkoz\u00e1si pont a f\u0151v\u00e1rosban, ami k\u00f6rnyezetv\u00e9delemmel, m\u0171v\u00e9szetekkel, kult\u00far\u00e1val \u00e9s aktivizmussal kapcsolatos programoknak ad majd otthont. Ingyenes esem\u00e9nyekkel v\u00e1rja azokat, akik a z\u00f6ld k\u00f6z\u00f6ss\u00e9g r\u00e9sz\u00e9v\u00e9 szeretn\u00e9nek v\u00e1lni, hogy tehessenek a kl\u00edma- \u00e9s \u00f6kol\u00f3giai v\u00e1ls\u00e1g megold\u00e1s\u00e1\u00e9rt. A Bolyg\u00f3 megnyit\u00e1s\u00e1ban fontos szerepe volt a II. ker\u00fcleti \u00f6nkorm\u00e1nyzatnak, az \u00e1ltaluk ind\u00edtott v\u00e1rosrehabilit\u00e1ci\u00f3s projekt sikere is, hogy k\u00f6z\u00f6ss\u00e9gi t\u00e9r ny\u00edlik egy r\u00e9g\u00f3ta \u00fcresen \u00e1ll\u00f3 \u00fczlethelyis\u00e9g hely\u00e9n.<\/strong><\/p>\n\n<p class=\"has-text-align-left\">A Bolyg\u00f3 egy <a href=\"https:\/\/bolygo.org\/planet-one-projekt\/\" target=\"_blank\" rel=\"noopener\">nemzetk\u00f6zi projekt<\/a> r\u00e9sze a<a href=\"https:\/\/fryshuset.se\/plats\/global\" target=\"_blank\" rel=\"noopener nofollow\"> sv\u00e9d Fryhuset<\/a> \u00e9s a<a href=\"https:\/\/www.greenpeace.org\/international\/explore\/\" target=\"_blank\" rel=\"noopener nofollow\"> Greenpeace<\/a> egy\u00fcttm\u0171k\u00f6d\u00e9s\u00e9ben. A projekt c\u00e9lja, hogy min\u00e9l t\u00f6bb fiatal min\u00e9l akt\u00edvabban vegye ki a r\u00e9sz\u00e9t a kl\u00edma- \u00e9s \u00f6kol\u00f3giai v\u00e1ls\u00e1g lek\u00fczd\u00e9s\u00e9ben. A k\u00f6z\u00f6ss\u00e9gi hely seg\u00edteni fogja a z\u00f6ld \u00fcgyek ir\u00e1nt \u00e9rdekl\u0151d\u0151 fiatalokat abban, hogy hat\u00e1ssal legyenek korunk egyik legfontosabb j\u00f6v\u0151beli k\u00e9rd\u00e9s\u00e9re. Ehhez Budapest mellett vil\u00e1gszerte \u00f6sszesen hat helyen biztos\u00edt a projekt fizikai teret is: Sv\u00e9dorsz\u00e1gban, \u00d6rm\u00e9nyorsz\u00e1gban, Kamerunban, D\u00e9l-Afrik\u00e1ban \u00e9s Keny\u00e1ban.&nbsp;<\/p>\n\n<figure class=\"wp-block-image size-large  caption-alignment-right\"><img loading=\"lazy\" decoding=\"async\" width=\"1024\" height=\"683\" src=\"https:\/\/www.greenpeace.org\/static\/planet4-hungary-stateless\/2023\/03\/02bb691a-bolygo-megnyito-lg-1024x683.jpg\" title=\"Bolyg\u00f3 megnyit\u00f3\" alt=\"Bolyg\u00f3 megnyit\u00f3\" class=\"wp-image-10290\" srcset=\"https:\/\/www.greenpeace.org\/static\/planet4-hungary-stateless\/2023\/03\/02bb691a-bolygo-megnyito-lg-1024x683.jpg 1024w, https:\/\/www.greenpeace.org\/static\/planet4-hungary-stateless\/2023\/03\/02bb691a-bolygo-megnyito-lg-300x200.jpg 300w, https:\/\/www.greenpeace.org\/static\/planet4-hungary-stateless\/2023\/03\/02bb691a-bolygo-megnyito-lg-768x512.jpg 768w, https:\/\/www.greenpeace.org\/static\/planet4-hungary-stateless\/2023\/03\/02bb691a-bolygo-megnyito-lg-1536x1024.jpg 1536w, https:\/\/www.greenpeace.org\/static\/planet4-hungary-stateless\/2023\/03\/02bb691a-bolygo-megnyito-lg-510x340.jpg 510w, https:\/\/www.greenpeace.org\/static\/planet4-hungary-stateless\/2023\/03\/02bb691a-bolygo-megnyito-lg.jpg 2048w\" sizes=\"auto, (max-width: 1024px) 100vw, 1024px\" \/><figcaption><div class=\"credit icon-left\"> \u00a9 Fot\u00f3: J\u00e1rd\u00e1ny Bence \/ Greenpeace<\/div><\/figcaption><\/figure>\n\n<p class=\"has-text-align-left\">A Bolyg\u00f3ban a k\u00f6rnyezetv\u00e9delem, a m\u0171v\u00e9szetek, a kult\u00fara, \u00e9s az aktivizmus \u00e9s k\u00fcl\u00f6nb\u00f6z\u0151 t\u00e1rsadalmi \u00fcgyek tal\u00e1lkoznak ingyenes programok form\u00e1j\u00e1ban. Egy olyan k\u00f6z\u00f6ss\u00e9gi hely, ahol a z\u00f6ld gondolkod\u00e1st \u00e9s \u00e9letm\u00f3dot nem lemond\u00e1sok sorozat\u00e1nak, hanem egy pozit\u00edv \u00e9lm\u00e9nynek fogjuk fel. Lehet\u0151s\u00e9gk\u00e9nt arra, hogy jobban kapcsol\u00f3djunk egym\u00e1shoz, egy akt\u00edv-cselekv\u0151 k\u00f6z\u00f6ss\u00e9g tagjai legy\u00fcnk, \u00e9s egy harmonikusabb \u00e9letet \u00e9lj\u00fcnk. Ennek nem csak az elm\u00e9leti h\u00e1tter\u00e9t biztos\u00edtja majd a k\u00f6z\u00f6ss\u00e9gi hely, hanem a Bolyg\u00f3 m\u0171hely\u00e9ben tartott workshopokon gyakorlati tapasztalatokat \u00e9s tippeket is lehet majd kapni egy fenntarthat\u00f3bb \u00e9lethez. Itt egy\u00fctt megtanulhatjuk majd, hogy hogyan jav\u00edtsunk meg valamit, ha elromlik a h\u00e1ztart\u00e1sunkban, vagy hogyan hozzunk l\u00e9tre saj\u00e1t kez\u0171leg valamit ahelyett, hogy a t\u00f6megtermel\u00e9s egy \u00fajabb darabj\u00e1t v\u00e1s\u00e1roln\u00e1nk meg.<\/p>\n\n<p>A Bolyg\u00f3 ajtaja mindenki el\u0151tt nyitva \u00e1ll. Hisz\u00fcnk az \u00f6sszetart\u00f3 k\u00f6z\u00f6ss\u00e9gek erej\u00e9ben, \u00e9s hisz\u00fcnk abban, hogy a fontos v\u00e1ltoz\u00e1sokhoz k\u00f6z\u00f6s \u00e9lm\u00e9nyeken \u00e9s k\u00f6z\u00f6s gondolkod\u00e1son vezet el az \u00fat. A Bolyg\u00f3 c\u00e9lja nem kisebb ann\u00e1l, mint hogy felk\u00e9sz\u00edtse a fiatal gener\u00e1ci\u00f3t a kl\u00edma- \u00e9s \u00f6kol\u00f3giai v\u00e1ls\u00e1g lek\u00fczd\u00e9s\u00e9re. Tudjuk, hogy ez mekkora feladat, ez\u00e9rt t\u0151l\u00fcnk minden t\u00e1mogat\u00e1st meg is fognak ehhez kapni.<\/p>\n\n<p>A Bolyg\u00f3 m\u00e1rciusi programj\u00e1ban helyet kap t\u00f6bbek k\u00f6z\u00f6tt az <a href=\"https:\/\/www.facebook.com\/events\/734599534707892\" target=\"_blank\" rel=\"noopener nofollow\">aktivizmus<\/a>, tartanak <a href=\"https:\/\/www.facebook.com\/events\/920833592674595\" target=\"_blank\" rel=\"noopener nofollow\">dr\u00e1m\u00e1s foglalkoz\u00e1st<\/a> a t\u00e1rsadalmi \u00e9rt\u00e9kekr\u0151l, rendeznek <a href=\"https:\/\/www.facebook.com\/events\/734324845086933\" target=\"_blank\" rel=\"noopener nofollow\">premier el\u0151tti filmvet\u00edt\u00e9st<\/a> is a Kojot n\u00e9gy lelke c\u00edm\u0171 filmnek, de lesz <a href=\"https:\/\/www.facebook.com\/events\/570193055170199\/?ref=newsfeed\" target=\"_blank\" rel=\"noopener nofollow\">szabadegyetem<\/a> a biodiverzit\u00e1sr\u00f3l is. Tov\u00e1bbi programokat a hely <a href=\"https:\/\/bolygo.org\/\" target=\"_blank\" rel=\"noopener\">honlapj\u00e1n<\/a>, vagy <a href=\"https:\/\/www.facebook.com\/bolygo.hu\" target=\"_blank\" rel=\"noopener nofollow\">Facebook-oldal\u00e1n<\/a> lehet tal\u00e1lni.&nbsp;<\/p>\n","protected":false},"excerpt":{"rendered":"<p>\u00daj k\u00f6z\u00f6ss\u00e9gi t\u00e9r ny\u00edlik a Greenpeace t\u00e1mogat\u00e1s\u00e1val a budapesti Margit-negyedben Bolyg\u00f3 n\u00e9ven. Az \u00faj hely egy olyan tal\u00e1lkoz\u00e1si pont a f\u0151v\u00e1rosban, ami k\u00f6rnyezetv\u00e9delemmel, m\u0171v\u00e9szetekkel, kult\u00far\u00e1val \u00e9s aktivizmussal kapcsolatos programoknak ad&hellip;<\/p>\n","protected":false},"author":25,"featured_media":10290,"comment_status":"closed","ping_status":"closed","sticky":false,"template":"","format":"standard","meta":{"ep_exclude_from_search":false,"p4_og_title":"","p4_og_description":"","p4_og_image":"","p4_og_image_id":"","p4_seo_canonical_url":"","p4_campaign_name":"","p4_local_project":"","p4_basket_name":"","p4_department":"","footnotes":""},"categories":[4],"tags":[51],"p4-page-type":[40],"class_list":["post-10285","post","type-post","status-publish","format-standard","has-post-thumbnail","hentry","category-ember-tarsadalom","tag-sikereink","p4-page-type-blog"],"_links":{"self":[{"href":"https:\/\/www.greenpeace.org\/hungary\/wp-json\/wp\/v2\/posts\/10285","targetHints":{"allow":["GET"]}}],"collection":[{"href":"https:\/\/www.greenpeace.org\/hungary\/wp-json\/wp\/v2\/posts"}],"about":[{"href":"https:\/\/www.greenpeace.org\/hungary\/wp-json\/wp\/v2\/types\/post"}],"author":[{"embeddable":true,"href":"https:\/\/www.greenpeace.org\/hungary\/wp-json\/wp\/v2\/users\/25"}],"replies":[{"embeddable":true,"href":"https:\/\/www.greenpeace.org\/hungary\/wp-json\/wp\/v2\/comments?post=10285"}],"version-history":[{"count":5,"href":"https:\/\/www.greenpeace.org\/hungary\/wp-json\/wp\/v2\/posts\/10285\/revisions"}],"predecessor-version":[{"id":12780,"href":"https:\/\/www.greenpeace.org\/hungary\/wp-json\/wp\/v2\/posts\/10285\/revisions\/12780"}],"wp:featuredmedia":[{"embeddable":true,"href":"https:\/\/www.greenpeace.org\/hungary\/wp-json\/wp\/v2\/media\/10290"}],"wp:attachment":[{"href":"https:\/\/www.greenpeace.org\/hungary\/wp-json\/wp\/v2\/media?parent=10285"}],"wp:term":[{"taxonomy":"category","embeddable":true,"href":"https:\/\/www.greenpeace.org\/hungary\/wp-json\/wp\/v2\/categories?post=10285"},{"taxonomy":"post_tag","embeddable":true,"href":"https:\/\/www.greenpeace.org\/hungary\/wp-json\/wp\/v2\/tags?post=10285"},{"taxonomy":"p4-page-type","embeddable":true,"href":"https:\/\/www.greenpeace.org\/hungary\/wp-json\/wp\/v2\/p4-page-type?post=10285"}],"curies":[{"name":"wp","href":"https:\/\/api.w.org\/{rel}","templated":true}]}}