{"id":10348,"date":"2023-04-14T16:51:23","date_gmt":"2023-04-14T14:51:23","guid":{"rendered":"https:\/\/www.greenpeace.org\/hungary\/?p=10348"},"modified":"2023-04-14T17:12:37","modified_gmt":"2023-04-14T15:12:37","slug":"farkasokkal-egeszsegesebb-lenne-az-erdok-elovilaga","status":"publish","type":"post","link":"https:\/\/www.greenpeace.org\/hungary\/blog\/10348\/farkasokkal-egeszsegesebb-lenne-az-erdok-elovilaga\/","title":{"rendered":"Farkasokkal eg\u00e9szs\u00e9gesebb lenne az erd\u0151k \u00e9l\u0151vil\u00e1ga\u00a0"},"content":{"rendered":"\n<figure class=\"wp-block-image size-full  caption-alignment-right\"><img loading=\"lazy\" decoding=\"async\" width=\"800\" height=\"532\" src=\"https:\/\/www.greenpeace.org\/static\/planet4-hungary-stateless\/2023\/04\/232934f4-gp0stpf5e_web_size_with_credit_line.jpg\" title=\"Farkasokkal eg\u00e9szs\u00e9gesebb lenne az erd\u0151k \u00e9l\u0151vil\u00e1ga - Greenpeace\" alt=\"Farkasokkal eg\u00e9szs\u00e9gesebb lenne az erd\u0151k \u00e9l\u0151vil\u00e1ga - Greenpeace\" class=\"wp-image-10351\" srcset=\"https:\/\/www.greenpeace.org\/static\/planet4-hungary-stateless\/2023\/04\/232934f4-gp0stpf5e_web_size_with_credit_line.jpg 800w, https:\/\/www.greenpeace.org\/static\/planet4-hungary-stateless\/2023\/04\/232934f4-gp0stpf5e_web_size_with_credit_line-300x200.jpg 300w, https:\/\/www.greenpeace.org\/static\/planet4-hungary-stateless\/2023\/04\/232934f4-gp0stpf5e_web_size_with_credit_line-768x511.jpg 768w, https:\/\/www.greenpeace.org\/static\/planet4-hungary-stateless\/2023\/04\/232934f4-gp0stpf5e_web_size_with_credit_line-510x340.jpg 510w\" sizes=\"auto, (max-width: 800px) 100vw, 800px\" \/><figcaption><div class=\"credit icon-left\"> \u00a9 Tom\u00e1\u0161 Hulik \/ Greenpeace<\/div><\/figcaption><\/figure>\n\n<p>A Magyarorsz\u00e1gon kil\u0151tt sv\u00e1jci farkas esete \u00e9s az emberek k\u00f6z\u00f6ss\u00e9gi m\u00e9di\u00e1t el\u00e1raszt\u00f3 reakci\u00f3ja r\u00e1vil\u00e1g\u00edt, hogy mennyi \u00e9rzelem kapcsol\u00f3dik a farkasokhoz m\u00e9g ma is: sokan szeretik, m\u00e1sok ki nem \u00e1llhatj\u00e1k \u0151ket. A Greenpeace Magyarorsz\u00e1g term\u00e9szetv\u00e9delmi szak\u00e9rt\u0151je, Rodics Katalin azon kevesek k\u00f6z\u00e9 tartozik, akik szem\u00e9lyesen is tal\u00e1lkozhattak farkasokkal. <a rel=\"noreferrer noopener\" href=\"http:\/\/nol.hu\/archivum\/archiv-485319-285661\" target=\"_blank\">Katalin r\u00e9szt vett 100 mongol farkas megment\u00e9s\u00e9ben<\/a>, amelyeket Brigitte Bardot seg\u00edts\u00e9g\u00e9vel juttattak vissza egy rezerv\u00e1tumba, \u00e9s \u0151 volt a felel\u0151s a farkasok \u00e9s a hi\u00fazok fajmeg\u0151rz\u00e9si terv\u00e9nek kidolgoz\u00e1s\u00e1\u00e9rt a K\u00f6rnyezetv\u00e9delmi Miniszt\u00e9rium munkat\u00e1rsak\u00e9nt k\u00e9t \u00e9vtizeddel ezel\u0151tt. Katalinnak az\u00f3ta is sz\u00edv\u00fcgye a farkasok v\u00e9delme, ez\u00e9rt \u0151t k\u00e9rt\u00fck meg, hogy besz\u00e9ljen r\u00f3luk \u00e9s seg\u00edtsen n\u00e9h\u00e1ny dolgot tiszt\u00e1zni a farkasokkal kapcsolatban.<\/p>\n\n<h2 class=\"wp-block-heading\"><strong>A farkasok elk\u00e9peszt\u0151en intelligensek\u00a0<\/strong><\/h2>\n\n<p>A farkasok csod\u00e1latos \u00e1llatok. A megjelen\u00e9s\u00fck, az erej\u00fck \u00e9s az intelligenci\u00e1juk is leny\u0171g\u00f6z\u0151. Azt sokan tudj\u00e1k r\u00f3luk, hogy a farkasok falk\u00e1ban, csal\u00e1dokban \u00e9lnek \u00e9s egy\u00fctt vad\u00e1sznak. Ehhez n\u00e9lk\u00fcl\u00f6zhetetlen, hogy j\u00f3l tudjanak kommunik\u00e1lni, szervezni \u00e9s egy\u00fcttm\u0171k\u00f6dni egym\u00e1ssal. Azt is megfigyelt\u00e9k, hogy a farkasok gyakran kifejezik az \u00e9rz\u00e9seiket, p\u00e9ld\u00e1ul \u00f6r\u00f6met vagy mag\u00e1nyoss\u00e1got, \u00e9s olyan is el\u0151fordul, hogy egy falka m\u00e9g akkor is gondoskodik egy \u00f6reg \u00e9s gyenge tagj\u00e1r\u00f3l, amikor az m\u00e1r nincs a falka haszn\u00e1ra, m\u00e9gis t\u00e1pl\u00e1l\u00e9kot visznek neki, etetik, ell\u00e1tj\u00e1k. A farkasokn\u00e1l az alfah\u00edm \u00e9s alfan\u0151st\u00e9ny kiv\u00e1laszt\u00e1s\u00e1ban sem csup\u00e1n az er\u0151 a fontos, hanem az intelligencia is sz\u00e1m\u00edt.<\/p>\n\n<figure class=\"wp-block-image size-full  caption-alignment-right\"><img loading=\"lazy\" decoding=\"async\" width=\"800\" height=\"533\" src=\"https:\/\/www.greenpeace.org\/static\/planet4-hungary-stateless\/2023\/04\/aeddb3a8-gp1t6x1r_web_size_with_credit_line.jpg\" title=\"Farkasokkal eg\u00e9szs\u00e9gesebb lenne az erd\u0151k \u00e9l\u0151vil\u00e1ga - Greenpeace\" alt=\"Farkasokkal eg\u00e9szs\u00e9gesebb lenne az erd\u0151k \u00e9l\u0151vil\u00e1ga - Greenpeace\" class=\"wp-image-10352\" srcset=\"https:\/\/www.greenpeace.org\/static\/planet4-hungary-stateless\/2023\/04\/aeddb3a8-gp1t6x1r_web_size_with_credit_line.jpg 800w, https:\/\/www.greenpeace.org\/static\/planet4-hungary-stateless\/2023\/04\/aeddb3a8-gp1t6x1r_web_size_with_credit_line-300x200.jpg 300w, https:\/\/www.greenpeace.org\/static\/planet4-hungary-stateless\/2023\/04\/aeddb3a8-gp1t6x1r_web_size_with_credit_line-768x512.jpg 768w, https:\/\/www.greenpeace.org\/static\/planet4-hungary-stateless\/2023\/04\/aeddb3a8-gp1t6x1r_web_size_with_credit_line-510x340.jpg 510w\" sizes=\"auto, (max-width: 800px) 100vw, 800px\" \/><figcaption><div class=\"credit icon-left\"> \u00a9 Adrian Czech \/ Greenpeace<\/div><\/figcaption><\/figure>\n\n<h2 class=\"wp-block-heading\"><strong>A farkasok val\u00f3j\u00e1ban haszn\u00e1ra vannak a vad\u00e1llom\u00e1nynak<\/strong><\/h2>\n\n<p>A cs\u00facsragadoz\u00f3knak, \u00edgy a farkasoknak is nagyon fontos szerep\u00fck van az erd\u0151k \u00e9s az erd\u0151ket alkot\u00f3 \u00e9l\u0151vil\u00e1g fennmarad\u00e1s\u00e1ban, ez\u00e9rt nem kil\u0151ni, hanem ink\u00e1bb \u00f6r\u00fclni kellene annak, hogy visszat\u00e9rnek. A farkasok vad\u00e1szatukkal seg\u00edtenek abban, hogy a vad\u00e1llom\u00e1ny eg\u00e9szs\u00e9ges maradjon, mert mindig a gyenge, beteg \u00e1llatokat ejtik el. Semmi m\u00e1s nem k\u00e9pes olyan hat\u00e9konyan szelekt\u00e1lni, m\u00e9g az ember sem, mint a ragadoz\u00f3k. Nekik k\u00f6sz\u00f6nhet\u0151en sokkal eg\u00e9szs\u00e9gesebb, er\u0151sebb lehetne p\u00e9ld\u00e1ul a szarvas- \u00e9s \u0151z\u00e1llom\u00e1ny is, amelyekkel az ut\u00f3bbi id\u0151ben el\u00e9g s\u00falyos gondok vannak.&nbsp;<\/p>\n\n<h2 class=\"wp-block-heading\"><strong>Genetikai szempontb\u00f3l is \u00e9rt\u00e9kes lett volna a messzir\u0151l \u00e9rkez\u0151 fiatal farkas<\/strong><\/h2>\n\n<figure class=\"wp-block-image size-full  caption-alignment-right\"><img loading=\"lazy\" decoding=\"async\" width=\"960\" height=\"672\" src=\"https:\/\/www.greenpeace.org\/static\/planet4-hungary-stateless\/2023\/04\/096fee8e-image4.jpg\" title=\"Farkasokkal eg\u00e9szs\u00e9gesebb lenne az erd\u0151k \u00e9l\u0151vil\u00e1ga - Greenpeace\" alt=\"Farkasokkal eg\u00e9szs\u00e9gesebb lenne az erd\u0151k \u00e9l\u0151vil\u00e1ga - Greenpeace\" class=\"wp-image-10354\" srcset=\"https:\/\/www.greenpeace.org\/static\/planet4-hungary-stateless\/2023\/04\/096fee8e-image4.jpg 960w, https:\/\/www.greenpeace.org\/static\/planet4-hungary-stateless\/2023\/04\/096fee8e-image4-300x210.jpg 300w, https:\/\/www.greenpeace.org\/static\/planet4-hungary-stateless\/2023\/04\/096fee8e-image4-768x538.jpg 768w, https:\/\/www.greenpeace.org\/static\/planet4-hungary-stateless\/2023\/04\/096fee8e-image4-486x340.jpg 486w\" sizes=\"auto, (max-width: 960px) 100vw, 960px\" \/><figcaption><div class=\"credit icon-left\"> \u00a9 Gruppe Wolf Schweiz<\/div><\/figcaption><\/figure>\n\n<p>Az a fiatal h\u00edm, amelyik Sv\u00e1jcb\u00f3l indult \u00fatnak, csatlakozni akart egy farkasfalk\u00e1hoz \u00e9s csal\u00e1dot alap\u00edtani. Ezt j\u00f3l lehetett l\u00e1tni abb\u00f3l is, hogy azokon a helyeken, ahol farkascsap\u00e1st tal\u00e1lt, ott azt k\u00f6vette, arrafel\u00e9 kanyarodott, ott akart csatlakozni \u00e9s esetleg megtal\u00e1lni a p\u00e1rj\u00e1t. A v\u00e1ndorl\u00e1s\u00e1nak genetikai szempontb\u00f3l is nagy jelent\u0151s\u00e9ge lett volna, mert azzal, hogy ekkora utat megtett, v\u00e9rfriss\u00edt\u00e9st, \u00faj g\u00e9n\u00e1llom\u00e1nyt hozott volna a K\u00e1rp\u00e1tokban \u00e9l\u0151 popul\u00e1ci\u00f3knak.&nbsp;<\/p>\n\n<p>Val\u00f3j\u00e1ban ez lenne azoknak az \u00f6kol\u00f3giai folyos\u00f3knak is a szerepe, amelyek\u00e9rt a Greenpeace is dolgozik a nemzetk\u00f6zi K\u00e1rp\u00e1tok kamp\u00e1ny\u00e1ban. A v\u00e9dett ter\u00fcleteket \u00f6sszef\u00fcgg\u0151v\u00e9 kell tenni a K\u00e1rp\u00e1tok orsz\u00e1gaiban, hogy az ott \u00e9l\u0151 \u00e1llatok k\u00f6zlekedhessenek, szaporodhassanak egym\u00e1ssal, mert az izol\u00e1lt popul\u00e1ci\u00f3knak nem sok es\u00e9lye van a fenmarad\u00e1sra.&nbsp;<\/p>\n\n<p>Sajnos a farkasaink illeg\u00e1lis kil\u00f6v\u00e9se, ennek a szerencs\u00e9tlen \u00e1llatnak a pusztul\u00e1sa nem egy teljesen egyedi eset haz\u00e1nkban, hiszen minden \u00e9vben t\u00f6bb \u00e1llat is \u00e1ldozata lesz az ir\u00e1ntuk t\u00e1pl\u00e1lt \u00e9rtelmetlen gy\u0171l\u00f6letnek. Haz\u00e1nkban a farkas fokozottan v\u00e9dett faj, amelynek az elpuszt\u00edt\u00e1s\u00e1\u00e9rt ak\u00e1r b\u00f6rt\u00f6nb\u00fcntet\u00e9s is j\u00e1rhat.&nbsp;<\/p>\n\n<h2 class=\"is-style-default wp-block-heading\" style=\"margin-bottom:1px\"><strong>\u00d3ri\u00e1si a puszt\u00edt\u00e1s a K\u00e1rp\u00e1tok erdeiben<\/strong><\/h2>\n\n<p class=\"has-grey-100-color has-dark-green-800-background-color has-text-color has-background\">\u00d3r\u00e1nk\u00e9nt \u00e1tlagosan t\u00f6bb mint \u00f6t futballp\u00e1ly\u00e1nyi erd\u0151 t\u0171nik el az itt zajl\u00f3 fakitermel\u00e9sek miatt, ez\u00e9rt a Greenpeace <a href=\"https:\/\/sites.greenpeace.hu\/peticio\/mentsuk-meg-a-karpatok-erdeit\/\" target=\"_blank\" rel=\"noreferrer noopener\">pet\u00edci\u00f3val<\/a> egybek\u00f6t\u00f6tt nemzetk\u00f6zi kamp\u00e1nyt ind\u00edtott a K\u00e1rp\u00e1tok erdeinek megment\u00e9s\u00e9\u00e9rt, amihez b\u00e1rki csatlakozhat al\u00e1\u00edr\u00e1s\u00e1val.\u00a0<\/p>\n<div data-hydrate=\"planet4-blocks\/gallery\" data-attributes=\"{&quot;attributes&quot;:{&quot;multiple_image&quot;:&quot;10355,10356&quot;,&quot;image_data&quot;:[{&quot;url&quot;:&quot;https:\\\/\\\/www.greenpeace.org\\\/static\\\/planet4-hungary-stateless\\\/2023\\\/04\\\/58d250be-image1.jpg&quot;,&quot;focalPoint&quot;:{&quot;x&quot;:0.5,&quot;y&quot;:0.5},&quot;id&quot;:10355},{&quot;url&quot;:&quot;https:\\\/\\\/www.greenpeace.org\\\/static\\\/planet4-hungary-stateless\\\/2023\\\/04\\\/7c90fe78-image5.jpg&quot;,&quot;focalPoint&quot;:{&quot;x&quot;:0.5,&quot;y&quot;:0.5},&quot;id&quot;:10356}],&quot;images&quot;:[{&quot;image_src&quot;:&quot;https:\\\/\\\/www.greenpeace.org\\\/static\\\/planet4-hungary-stateless\\\/2023\\\/04\\\/58d250be-image1.jpg&quot;,&quot;image_srcset&quot;:&quot;https:\\\/\\\/www.greenpeace.org\\\/static\\\/planet4-hungary-stateless\\\/2023\\\/04\\\/58d250be-image1.jpg 1999w, https:\\\/\\\/www.greenpeace.org\\\/static\\\/planet4-hungary-stateless\\\/2023\\\/04\\\/58d250be-image1-300x200.jpg 300w, https:\\\/\\\/www.greenpeace.org\\\/static\\\/planet4-hungary-stateless\\\/2023\\\/04\\\/58d250be-image1-1024x683.jpg 1024w, https:\\\/\\\/www.greenpeace.org\\\/static\\\/planet4-hungary-stateless\\\/2023\\\/04\\\/58d250be-image1-768x512.jpg 768w, https:\\\/\\\/www.greenpeace.org\\\/static\\\/planet4-hungary-stateless\\\/2023\\\/04\\\/58d250be-image1-1536x1024.jpg 1536w, https:\\\/\\\/www.greenpeace.org\\\/static\\\/planet4-hungary-stateless\\\/2023\\\/04\\\/58d250be-image1-510x340.jpg 510w&quot;,&quot;image_sizes&quot;:false,&quot;alt_text&quot;:&quot;\\u00d3ri\\u00e1si a puszt\\u00edt\\u00e1s a K\\u00e1rp\\u00e1tok erdeiben - Greenpeace&quot;,&quot;caption&quot;:&quot;&quot;,&quot;focus_image&quot;:&quot;&quot;,&quot;credits&quot;:&quot;&quot;},{&quot;image_src&quot;:&quot;https:\\\/\\\/www.greenpeace.org\\\/static\\\/planet4-hungary-stateless\\\/2023\\\/04\\\/7c90fe78-image5.jpg&quot;,&quot;image_srcset&quot;:&quot;https:\\\/\\\/www.greenpeace.org\\\/static\\\/planet4-hungary-stateless\\\/2023\\\/04\\\/7c90fe78-image5.jpg 1999w, https:\\\/\\\/www.greenpeace.org\\\/static\\\/planet4-hungary-stateless\\\/2023\\\/04\\\/7c90fe78-image5-300x200.jpg 300w, https:\\\/\\\/www.greenpeace.org\\\/static\\\/planet4-hungary-stateless\\\/2023\\\/04\\\/7c90fe78-image5-1024x683.jpg 1024w, https:\\\/\\\/www.greenpeace.org\\\/static\\\/planet4-hungary-stateless\\\/2023\\\/04\\\/7c90fe78-image5-768x512.jpg 768w, https:\\\/\\\/www.greenpeace.org\\\/static\\\/planet4-hungary-stateless\\\/2023\\\/04\\\/7c90fe78-image5-1536x1024.jpg 1536w, https:\\\/\\\/www.greenpeace.org\\\/static\\\/planet4-hungary-stateless\\\/2023\\\/04\\\/7c90fe78-image5-510x340.jpg 510w&quot;,&quot;image_sizes&quot;:false,&quot;alt_text&quot;:&quot;\\u00d3ri\\u00e1si a puszt\\u00edt\\u00e1s a K\\u00e1rp\\u00e1tok erdeiben - Greenpeace&quot;,&quot;caption&quot;:&quot;&quot;,&quot;focus_image&quot;:&quot;&quot;,&quot;credits&quot;:&quot;&quot;}],&quot;className&quot;:&quot;is-style-three-columns&quot;,&quot;gallery_block_style&quot;:0,&quot;gallery_block_title&quot;:&quot;&quot;,&quot;gallery_block_description&quot;:&quot;&quot;,&quot;gallery_block_focus_points&quot;:&quot;&quot;}}\"><section class=\"block split-three-column is-style-three-columns\"><div class=\"three-column-images row\"><\/div><\/section><\/div>","protected":false},"excerpt":{"rendered":"<p>A Magyarorsz\u00e1gon kil\u0151tt sv\u00e1jci farkas esete \u00e9s az emberek k\u00f6z\u00f6ss\u00e9gi m\u00e9di\u00e1t el\u00e1raszt\u00f3 reakci\u00f3ja r\u00e1vil\u00e1g\u00edt, hogy mennyi \u00e9rzelem kapcsol\u00f3dik a farkasokhoz m\u00e9g ma is: sokan szeretik, m\u00e1sok ki nem \u00e1llhatj\u00e1k \u0151ket.&hellip;<\/p>\n","protected":false},"author":25,"featured_media":10351,"comment_status":"closed","ping_status":"closed","sticky":false,"template":"","format":"standard","meta":{"ep_exclude_from_search":false,"p4_og_title":"","p4_og_description":"","p4_og_image":"","p4_og_image_id":"","p4_seo_canonical_url":"","p4_campaign_name":"","p4_local_project":"","p4_basket_name":"","p4_department":"","footnotes":""},"categories":[3],"tags":[20],"p4-page-type":[40],"class_list":["post-10348","post","type-post","status-publish","format-standard","has-post-thumbnail","hentry","category-termeszet-kornyezet","tag-elovilag","p4-page-type-blog"],"_links":{"self":[{"href":"https:\/\/www.greenpeace.org\/hungary\/wp-json\/wp\/v2\/posts\/10348","targetHints":{"allow":["GET"]}}],"collection":[{"href":"https:\/\/www.greenpeace.org\/hungary\/wp-json\/wp\/v2\/posts"}],"about":[{"href":"https:\/\/www.greenpeace.org\/hungary\/wp-json\/wp\/v2\/types\/post"}],"author":[{"embeddable":true,"href":"https:\/\/www.greenpeace.org\/hungary\/wp-json\/wp\/v2\/users\/25"}],"replies":[{"embeddable":true,"href":"https:\/\/www.greenpeace.org\/hungary\/wp-json\/wp\/v2\/comments?post=10348"}],"version-history":[{"count":7,"href":"https:\/\/www.greenpeace.org\/hungary\/wp-json\/wp\/v2\/posts\/10348\/revisions"}],"predecessor-version":[{"id":10361,"href":"https:\/\/www.greenpeace.org\/hungary\/wp-json\/wp\/v2\/posts\/10348\/revisions\/10361"}],"wp:featuredmedia":[{"embeddable":true,"href":"https:\/\/www.greenpeace.org\/hungary\/wp-json\/wp\/v2\/media\/10351"}],"wp:attachment":[{"href":"https:\/\/www.greenpeace.org\/hungary\/wp-json\/wp\/v2\/media?parent=10348"}],"wp:term":[{"taxonomy":"category","embeddable":true,"href":"https:\/\/www.greenpeace.org\/hungary\/wp-json\/wp\/v2\/categories?post=10348"},{"taxonomy":"post_tag","embeddable":true,"href":"https:\/\/www.greenpeace.org\/hungary\/wp-json\/wp\/v2\/tags?post=10348"},{"taxonomy":"p4-page-type","embeddable":true,"href":"https:\/\/www.greenpeace.org\/hungary\/wp-json\/wp\/v2\/p4-page-type?post=10348"}],"curies":[{"name":"wp","href":"https:\/\/api.w.org\/{rel}","templated":true}]}}