{"id":10364,"date":"2023-04-21T11:51:19","date_gmt":"2023-04-21T09:51:19","guid":{"rendered":"https:\/\/www.greenpeace.org\/hungary\/?p=10364"},"modified":"2023-04-21T12:00:00","modified_gmt":"2023-04-21T10:00:00","slug":"lebomlokent-arult-zacskokat-komposztal-a-greenpeace-es-a-humusz-hogy-felmerjek-valoban-lebomlanak-e","status":"publish","type":"post","link":"https:\/\/www.greenpeace.org\/hungary\/sajtokozlemeny\/10364\/lebomlokent-arult-zacskokat-komposztal-a-greenpeace-es-a-humusz-hogy-felmerjek-valoban-lebomlanak-e\/","title":{"rendered":"<strong>Leboml\u00f3k\u00e9nt \u00e1rult zacsk\u00f3kat komposzt\u00e1l a Greenpeace \u00e9s a Humusz, hogy felm\u00e9rj\u00e9k, val\u00f3ban lebomlanak-e<\/strong>"},"content":{"rendered":"\n<p><strong>Budapest, 2023. \u00e1prilis 21. \u2013 A Greenpeace Magyarorsz\u00e1g a Humusz Sz\u00f6vets\u00e9ggel k\u00f6z\u00f6sen a hazai \u00e9lelmiszer-\u00fczletl\u00e1ncokb\u00f3l beszerzett, leboml\u00f3k\u00e9nt k\u00edn\u00e1lt m\u0171anyag zacsk\u00f3kat \u00e1sott el a Humusz komposzt\u00e1l\u00f3j\u00e1ban, hogy megvizsg\u00e1lj\u00e1k, a zacsk\u00f3k lebomlanak-e, \u00e9s ha igen, akkor mennyi id\u0151 alatt. A komposztba n\u00e9gy \u00e9lelmiszerl\u00e1nc \u201ekomposzt\u00e1lhat\u00f3\u201d jel\u00f6l\u00e9ssel ell\u00e1tott zacsk\u00f3i ker\u00fcltek. A felm\u00e9r\u00e9s 12 h\u00f3napon \u00e1t tart, \u00e1m a k\u00eds\u00e9rlet sor\u00e1n a k\u00e9t szervezet id\u0151r\u0151l id\u0151re kommunik\u00e1lni fogja az eredm\u00e9nyeket.\u00a0<\/strong><\/p>\n\n<figure class=\"wp-block-image size-large  caption-alignment-right\"><img loading=\"lazy\" decoding=\"async\" width=\"1024\" height=\"683\" src=\"https:\/\/www.greenpeace.org\/static\/planet4-hungary-stateless\/2023\/04\/ff9f15a1-greenpeace-humusz-lebomlo-muanyag-kiserlet-2-1024x683.jpg\" title=\"Leboml\u00f3k\u00e9nt \u00e1rult zacsk\u00f3kat komposzt\u00e1l a Greenpeace \u00e9s a Humusz, hogy felm\u00e9rj\u00e9k, val\u00f3ban lebomlanak-e\" alt=\"Leboml\u00f3k\u00e9nt \u00e1rult zacsk\u00f3kat komposzt\u00e1l a Greenpeace \u00e9s a Humusz, hogy felm\u00e9rj\u00e9k, val\u00f3ban lebomlanak-e\" class=\"wp-image-10367\" srcset=\"https:\/\/www.greenpeace.org\/static\/planet4-hungary-stateless\/2023\/04\/ff9f15a1-greenpeace-humusz-lebomlo-muanyag-kiserlet-2-1024x683.jpg 1024w, https:\/\/www.greenpeace.org\/static\/planet4-hungary-stateless\/2023\/04\/ff9f15a1-greenpeace-humusz-lebomlo-muanyag-kiserlet-2-300x200.jpg 300w, https:\/\/www.greenpeace.org\/static\/planet4-hungary-stateless\/2023\/04\/ff9f15a1-greenpeace-humusz-lebomlo-muanyag-kiserlet-2-768x512.jpg 768w, https:\/\/www.greenpeace.org\/static\/planet4-hungary-stateless\/2023\/04\/ff9f15a1-greenpeace-humusz-lebomlo-muanyag-kiserlet-2-1536x1024.jpg 1536w, https:\/\/www.greenpeace.org\/static\/planet4-hungary-stateless\/2023\/04\/ff9f15a1-greenpeace-humusz-lebomlo-muanyag-kiserlet-2-510x340.jpg 510w, https:\/\/www.greenpeace.org\/static\/planet4-hungary-stateless\/2023\/04\/ff9f15a1-greenpeace-humusz-lebomlo-muanyag-kiserlet-2.jpg 1600w\" sizes=\"auto, (max-width: 1024px) 100vw, 1024px\" \/><figcaption><div class=\"credit icon-left\"> \u00a9 J\u00e1rd\u00e1ny Bence \/ Greenpeace<\/div><\/figcaption><\/figure>\n\n<p>Egy \u00faj k\u00eds\u00e9rlet sor\u00e1n olyan m\u0171anyag zacsk\u00f3kat tesztel a Greenpeace Magyarorsz\u00e1g \u00e9s a Humusz Sz\u00f6vets\u00e9g, melyek \u201eotthoni komposzt\u00e1l\u00e1sra alkalmas\u201d jel\u00f6l\u00e9ssel vannak ell\u00e1tva. A hazai \u00e9lelmiszer\u00fczletek z\u00f6lds\u00e9g, gy\u00fcm\u00f6lcs \u00e9s p\u00e9k\u00e1ru r\u00e9szleg\u00e9r\u0151l, illetve a p\u00e9nzt\u00e1rak mell\u0151l beszerzett zacsk\u00f3kat a Humusz komposzt\u00e1l\u00f3j\u00e1ban helyezte el a k\u00e9t z\u00f6ldszervezet<\/p>\n\n<p>A zacsk\u00f3kat \u00e9s szatyrokat a civilek n\u00e9gy k\u00fcl\u00f6nb\u00f6z\u0151 \u00e9lelmiszerl\u00e1nc, az ALDI, az Auchan, a SPAR, valamint a Tesco \u00fczleteib\u0151l szerezt\u00e9k be. A k\u00e9t szervezet \u00e1ltal vizsg\u00e1lt CBA, COOP, Lidl, PENNY, \u00e9s Re\u00e1l \u00fczletekben csak hagyom\u00e1nyos m\u0171anyag tasakok vagy vegyesen pap\u00edrb\u00f3l \u00e9s m\u0171anyagb\u00f3l k\u00e9sz\u00fclt zacsk\u00f3k \u00e1lltak a v\u00e1s\u00e1rl\u00f3k rendelkez\u00e9s\u00e9re, leboml\u00f3 zacsk\u00f3k nem. A CBA egy\u00e9bk\u00e9nt k\u00f6rnyezetbar\u00e1t \u00e9s \u00fajrahasznos\u00edthat\u00f3 jel\u00f6l\u00e9ssel k\u00edn\u00e1l zacsk\u00f3kat, melyek l\u00e1tsz\u00f3lag nem k\u00fcl\u00f6nb\u00f6znek a hagyom\u00e1nyos, ugyancsak \u00fajrahasznos\u00edthat\u00f3 m\u0171anyag tasakokt\u00f3l.&nbsp;<\/p>\n\n<p>A Greenpeace \u00e9s a Humusz a k\u00eds\u00e9rlettel azt m\u00e9ri fel, hogy a szatyrok \u00e9s zacsk\u00f3k bev\u00e1ltj\u00e1k-e a hozz\u00e1juk f\u0171z\u00f6tt rem\u00e9nyeket, azaz ha ezek h\u00e1zi komposzt\u00e1l\u00f3ba ker\u00fclnek, akkor val\u00f3ban komposzt\u00e1l\u00f3dnak-e. A komposztba ker\u00fclt zacsk\u00f3k boml\u00e1s\u00e1t a z\u00f6ldszervezetek el\u0151sz\u00f6r 45 nap, majd 3, 6, illetve 12 h\u00f3nap ut\u00e1n fogj\u00e1k megvizsg\u00e1lni.<\/p>\n\n<figure class=\"wp-block-image size-large  caption-alignment-right\"><img loading=\"lazy\" decoding=\"async\" width=\"1024\" height=\"683\" src=\"https:\/\/www.greenpeace.org\/static\/planet4-hungary-stateless\/2023\/04\/4a205d4b-greenpeace-humusz-lebomlo-muanyag-kiserlet-1024x683.jpg\" title=\"Leboml\u00f3k\u00e9nt \u00e1rult zacsk\u00f3kat komposzt\u00e1l a Greenpeace \u00e9s a Humusz, hogy felm\u00e9rj\u00e9k, val\u00f3ban lebomlanak-e\" alt=\"Leboml\u00f3k\u00e9nt \u00e1rult zacsk\u00f3kat komposzt\u00e1l a Greenpeace \u00e9s a Humusz, hogy felm\u00e9rj\u00e9k, val\u00f3ban lebomlanak-e\" class=\"wp-image-10368\" srcset=\"https:\/\/www.greenpeace.org\/static\/planet4-hungary-stateless\/2023\/04\/4a205d4b-greenpeace-humusz-lebomlo-muanyag-kiserlet-1024x683.jpg 1024w, https:\/\/www.greenpeace.org\/static\/planet4-hungary-stateless\/2023\/04\/4a205d4b-greenpeace-humusz-lebomlo-muanyag-kiserlet-300x200.jpg 300w, https:\/\/www.greenpeace.org\/static\/planet4-hungary-stateless\/2023\/04\/4a205d4b-greenpeace-humusz-lebomlo-muanyag-kiserlet-768x512.jpg 768w, https:\/\/www.greenpeace.org\/static\/planet4-hungary-stateless\/2023\/04\/4a205d4b-greenpeace-humusz-lebomlo-muanyag-kiserlet-1536x1024.jpg 1536w, https:\/\/www.greenpeace.org\/static\/planet4-hungary-stateless\/2023\/04\/4a205d4b-greenpeace-humusz-lebomlo-muanyag-kiserlet-510x340.jpg 510w, https:\/\/www.greenpeace.org\/static\/planet4-hungary-stateless\/2023\/04\/4a205d4b-greenpeace-humusz-lebomlo-muanyag-kiserlet.jpg 1600w\" sizes=\"auto, (max-width: 1024px) 100vw, 1024px\" \/><figcaption><div class=\"credit icon-left\"> \u00a9 J\u00e1rd\u00e1ny Bence \/ Greenpeace<\/div><\/figcaption><\/figure>\n\n<p><a href=\"https:\/\/www.greenpeace.org\/hungary\/blog\/8460\/eletbe-lepett-magyarorszagon-a-muanyagtilalom-mi-varhato-ezutan\/\" target=\"_blank\" rel=\"noreferrer noopener\">2021-ben l\u00e9pett \u00e9letbe haz\u00e1nkban az a rendelet<\/a>, amely r\u00e9szben tiltja, illetve jelent\u0151sen megad\u00f3ztatja a m\u0171anyag zacsk\u00f3k forgalmaz\u00e1s\u00e1t. A rendelet kiterjed a leboml\u00f3 zacsk\u00f3kra is, \u00e1m azokra k\u00f6r\u00fclbel\u00fcl negyedakkora k\u00f6rnyezetv\u00e9delmi term\u00e9kd\u00edjat hat\u00e1roztak meg, mint a hagyom\u00e1nyos m\u0171anyagb\u00f3l k\u00e9sz\u00fclt alternat\u00edv\u00e1kra. Z\u00f6ldszervezetek m\u00e1r eddig is t\u00f6bbsz\u00f6r felh\u00edvt\u00e1k a d\u00f6nt\u00e9shoz\u00f3k figyelm\u00e9t, hogy a leboml\u00f3 m\u0171anyagok <a href=\"https:\/\/humusz.hu\/biomuanyag_allasfoglalas\" target=\"_blank\" rel=\"noreferrer noopener\">nem jelentenek val\u00f3di megold\u00e1st a hullad\u00e9kv\u00e1ls\u00e1gra<\/a>.<\/p>\n\n<p><em>\u201e<\/em><em>J\u00f3 gyakorlat, hogy egyre t\u00f6bb \u00e1ruh\u00e1zl\u00e1nc m\u00e1r csak p\u00e9nz\u00e9rt ad zacsk\u00f3kat, mert ezzel visszaszor\u00edtj\u00e1k az eldobhat\u00f3 m\u0171anyagok haszn\u00e1lat\u00e1t. Probl\u00e9ma viszont, hogy a legt\u00f6bben, akik leboml\u00f3 zacsk\u00f3val t\u00e9rnek haza a bev\u00e1s\u00e1rl\u00e1sb\u00f3l, nem tudj\u00e1k, mit kezdjenek a hullad\u00e9kk\u00e1 v\u00e1l\u00f3 csomagol\u00f3anyaggal<\/em>. <em>Otthoni komposzt\u00e1l\u00f3 a h\u00e1ztart\u00e1sok t\u00f6bbs\u00e9g\u00e9ben nincs, \u00e9s ha m\u00e9gis, akkor sokan nem merik betenni oda a m\u0171anyag zacsk\u00f3kat. \u00cdgy az a jelenlegi tapasztalat, hogy a leboml\u00f3 m\u0171anyagok j\u00f3r\u00e9szt a sima kuk\u00e1ban v\u00e9gzik, rosszabb esetben pedig haszn\u00e1lat ut\u00e1n az emberek a hagyom\u00e1nyos m\u0171anyagoknak sz\u00e1nt szelekt\u00edv hullad\u00e9kgy\u0171jt\u0151be dobj\u00e1k ezeket. Azt tudni kell, hogy a leboml\u00f3 m\u0171anyag nem hasznos\u00edthat\u00f3 \u00fajra m\u0171anyagk\u00e9nt, r\u00e1ad\u00e1sul a szelekt\u00edv hullad\u00e9kgy\u0171jt\u0151be ker\u00fclve elszennyezi az \u00fajrahasznos\u00edtand\u00f3 m\u0171anyagot is.<\/em><em>\u201d<\/em><em> <\/em>\u2013 nyilatkozta Simon Gergely, a Greenpeace Magyarorsz\u00e1g vegyianyag-szak\u00e9rt\u0151je.<\/p>\n\n<p><em>\u201e<\/em><em>A boltokban kaphat\u00f3 leboml\u00f3 zacsk\u00f3k egy r\u00e9sz\u00e9n \u00bbindustrial compost<\/em><em>\u00ab<\/em><em> jel\u00f6l\u00e9s szerepel, ami szint\u00e9n nehezen \u00e9rtelmezhet\u0151 a lakoss\u00e1g sz\u00e1m\u00e1ra. Ilyenek p\u00e9ld\u00e1ul a Spar \u00e9s az Aldi bev\u00e1s\u00e1rl\u00f3szatyrai. Ez azt jelenti, hogy amikor ezek hullad\u00e9kk\u00e1 v\u00e1lnak, csak ipari k\u00f6r\u00fclm\u00e9nyek k\u00f6z\u00f6tt, megfelel\u0151 h\u0151m\u00e9rs\u00e9klet, nyom\u00e1s, p\u00e1ratartalom mellett komposzt\u00e1l\u00f3dnak. Ha k\u00fcl\u00f6n, kifejezetten az iparilag leboml\u00f3 m\u0171anyagoknak \u00e9s a szerves hullad\u00e9koknak sz\u00e1nt szemetesbe helyezn\u00e9nk el az ilyen zacsk\u00f3kat, \u00e9s valaki begy\u0171jten\u00e9 \u00e9s elsz\u00e1ll\u00edtan\u00e1 t\u0151l\u00fcnk, akkor lehetne csak komposztot k\u00e9sz\u00edteni bel\u0151l\u00fck. \u00c1m ekkor is probl\u00e9m\u00e1t jelenthet, hogy \u00e1ltal\u00e1ban t\u00f6bb id\u0151 kell az apr\u00f3z\u00f3d\u00e1sukra \u00e9s leboml\u00e1sukra, mint m\u00e1s szerves hullad\u00e9koknak A gyakorlatban sajnos az a helyzet, hogy a leboml\u00f3m\u0171anyag-hullad\u00e9kok kezel\u00e9s\u00e9re kifejlesztett, a lakoss\u00e1gi ig\u00e9nyt kiel\u00e9g\u00edteni k\u00e9pes rendszerek jelenleg nem l\u00e9teznek haz\u00e1nkban. Ha pedig a biom\u0171anyagok hullad\u00e9klerak\u00f3kra ker\u00fclnek, a lerak\u00f3ban uralkod\u00f3 oxig\u00e9nmentes k\u00f6r\u00fclm\u00e9nyek miatt met\u00e1n szabadul fel, ami kl\u00edmav\u00e9delmi szempontb\u00f3l is el\u0151nytelen.<\/em><em>\u201d<\/em><em> <\/em>\u2013 mondta el Szab\u00f3 Gy\u00f6rgy, a Humusz Sz\u00f6vets\u00e9g nulla hullad\u00e9k programj\u00e1nak vezet\u0151je.<\/p>\n\n<p>A leboml\u00f3 zacsk\u00f3k teh\u00e1t jellemz\u0151en nem hasznosulnak. Ha pedig egy ilyen zacsk\u00f3 a term\u00e9szetben v\u00e9gzi, akkor sok tekintetben hasonl\u00f3 term\u00e9szeti k\u00e1rokat okoz, mint k\u0151olajb\u00f3l k\u00e9sz\u00fclt t\u00e1rsai, r\u00e1ad\u00e1sul <a href=\"https:\/\/plasticsolutionsreview.com\/biodegradable-and-compostable-plastics\/#ref-15\" target=\"_blank\" rel=\"noreferrer noopener\">egyes kutat\u00e1sok szerint<\/a> az emberek hajlamosabbak a biom\u0171anyagok eldob\u00e1s\u00e1ra, azt gondolva, a term\u00e9szetben \u00fagyis lebomlanak.&nbsp;<\/p>\n\n<p>A val\u00f3di megold\u00e1st a m\u0171anyagkr\u00edzisre \u00e9s a hullad\u00e9k\u00e1radat megf\u00e9kez\u00e9s\u00e9re az eldobhat\u00f3 zacsk\u00f3k kivon\u00e1sa, valamint minden m\u00e1s egyszer haszn\u00e1latos csomagol\u00f3anyag radik\u00e1lis cs\u00f6kkent\u00e9se jelenten\u00e9. Ehhez pedig mind a gy\u00e1rt\u00f3knak, mind pedig a forgalmaz\u00f3knak arra kell t\u00f6rekedni\u00fck, hogy min\u00e9l sz\u00e9lesebb k\u00f6rben elterjedjenek a csomagol\u00e1smentes, \u00fajrat\u00f6lthet\u0151 \u00e9s \u00fajrahaszn\u00e1lhat\u00f3 rendszerek. A Greenpeace tavaly megvizsg\u00e1lta az \u00e9lelmiszer-\u00fczletl\u00e1ncokat abb\u00f3l a szempontb\u00f3l, hogy mennyit tesznek a hullad\u00e9kcs\u00f6kkent\u00e9s \u00e9rdek\u00e9ben \u2013 a felm\u00e9r\u00e9s eredm\u00e9nyei <a href=\"https:\/\/sites.greenpeace.hu\/szupermarketek-stop-muanyag-ertekeles\/\" target=\"_blank\" rel=\"noreferrer noopener\">itt \u00e9rhet\u0151k el<\/a>.<\/p>\n","protected":false},"excerpt":{"rendered":"<p>Budapest, 2023. \u00e1prilis 21. \u2013 A Greenpeace Magyarorsz\u00e1g a Humusz Sz\u00f6vets\u00e9ggel k\u00f6z\u00f6sen a hazai \u00e9lelmiszer-\u00fczletl\u00e1ncokb\u00f3l beszerzett, leboml\u00f3k\u00e9nt k\u00edn\u00e1lt m\u0171anyag zacsk\u00f3kat \u00e1sott el a Humusz komposzt\u00e1l\u00f3j\u00e1ban, hogy megvizsg\u00e1lj\u00e1k, a zacsk\u00f3k lebomlanak-e,&hellip;<\/p>\n","protected":false},"author":25,"featured_media":10367,"comment_status":"closed","ping_status":"closed","sticky":false,"template":"","format":"standard","meta":{"ep_exclude_from_search":false,"p4_og_title":"","p4_og_description":"","p4_og_image":"","p4_og_image_id":"","p4_seo_canonical_url":"","p4_campaign_name":"","p4_local_project":"","p4_basket_name":"","p4_department":"","footnotes":""},"categories":[3],"tags":[23],"p4-page-type":[37],"class_list":["post-10364","post","type-post","status-publish","format-standard","has-post-thumbnail","hentry","category-termeszet-kornyezet","tag-muanyag","p4-page-type-sajtokozlemeny"],"_links":{"self":[{"href":"https:\/\/www.greenpeace.org\/hungary\/wp-json\/wp\/v2\/posts\/10364","targetHints":{"allow":["GET"]}}],"collection":[{"href":"https:\/\/www.greenpeace.org\/hungary\/wp-json\/wp\/v2\/posts"}],"about":[{"href":"https:\/\/www.greenpeace.org\/hungary\/wp-json\/wp\/v2\/types\/post"}],"author":[{"embeddable":true,"href":"https:\/\/www.greenpeace.org\/hungary\/wp-json\/wp\/v2\/users\/25"}],"replies":[{"embeddable":true,"href":"https:\/\/www.greenpeace.org\/hungary\/wp-json\/wp\/v2\/comments?post=10364"}],"version-history":[{"count":4,"href":"https:\/\/www.greenpeace.org\/hungary\/wp-json\/wp\/v2\/posts\/10364\/revisions"}],"predecessor-version":[{"id":10366,"href":"https:\/\/www.greenpeace.org\/hungary\/wp-json\/wp\/v2\/posts\/10364\/revisions\/10366"}],"wp:featuredmedia":[{"embeddable":true,"href":"https:\/\/www.greenpeace.org\/hungary\/wp-json\/wp\/v2\/media\/10367"}],"wp:attachment":[{"href":"https:\/\/www.greenpeace.org\/hungary\/wp-json\/wp\/v2\/media?parent=10364"}],"wp:term":[{"taxonomy":"category","embeddable":true,"href":"https:\/\/www.greenpeace.org\/hungary\/wp-json\/wp\/v2\/categories?post=10364"},{"taxonomy":"post_tag","embeddable":true,"href":"https:\/\/www.greenpeace.org\/hungary\/wp-json\/wp\/v2\/tags?post=10364"},{"taxonomy":"p4-page-type","embeddable":true,"href":"https:\/\/www.greenpeace.org\/hungary\/wp-json\/wp\/v2\/p4-page-type?post=10364"}],"curies":[{"name":"wp","href":"https:\/\/api.w.org\/{rel}","templated":true}]}}