{"id":10452,"date":"2023-05-30T13:00:22","date_gmt":"2023-05-30T11:00:22","guid":{"rendered":"https:\/\/www.greenpeace.org\/hungary\/?p=10452"},"modified":"2023-05-30T13:02:46","modified_gmt":"2023-05-30T11:02:46","slug":"foldgazprojektek-helyett-a-lakoepuletek-korszerusiteset-surgeti-uj-tanulmanyaban-a-greenpeace","status":"publish","type":"post","link":"https:\/\/www.greenpeace.org\/hungary\/sajtokozlemeny\/10452\/foldgazprojektek-helyett-a-lakoepuletek-korszerusiteset-surgeti-uj-tanulmanyaban-a-greenpeace\/","title":{"rendered":"F\u00f6ldg\u00e1zprojektek helyett a lak\u00f3\u00e9p\u00fcletek korszer\u0171s\u00edt\u00e9s\u00e9t s\u00fcrgeti \u00faj tanulm\u00e1ny\u00e1ban a Greenpeace"},"content":{"rendered":"\n<p><strong>Budapest 2023. m\u00e1jus 26. A magyar t\u00e1rsadalom \u00e9s gazdas\u00e1g sz\u00e1m\u00e1ra sokkal el\u0151ny\u00f6sebb lenne, ha az \u00faj, a korm\u00e1ny \u00e1ltal tervezett f\u00f6ldg\u00e1zprojektre sz\u00e1nt 100 milli\u00e1rdokat&nbsp; a lak\u00f3\u00e9p\u00fcletek energetikai korszer\u0171s\u00edt\u00e9s\u00e9re, azaz energiaig\u00e9ny\u00fck cs\u00f6kkent\u00e9s\u00e9re \u00e9s meg\u00fajul\u00f3 energiaforr\u00e1sok hasznos\u00edt\u00e1s\u00e1ra ford\u00edtan\u00e1k. Ez der\u00fcl ki abb\u00f3l a tanulm\u00e1nyb\u00f3l, amit a Greenpeace megb\u00edz\u00e1s\u00e1b\u00f3l az Eur\u00f3pai Energia- \u00e9s Kl\u00edmapolitikai Int\u00e9zet k\u00e9sz\u00edtett. A Greenpeace arra is felh\u00edvja a figyelmet, hogy a magyar \u00e9p\u00fclet\u00e1llom\u00e1ny uni\u00f3s szinten is kiv\u00e9telesen elavultnak sz\u00e1m\u00edt, ez\u00e9rt egy olyan strat\u00e9gia kidolgoz\u00e1s\u00e1ra sz\u00f3l\u00edtja fel a z\u00f6ldszervezet a korm\u00e1nyt, ami hat\u00e9konyan, a 2050-es z\u00e9r\u00f3 karbon c\u00e9llal \u00f6sszhangban v\u00e1ltoztat a helyzeten.&nbsp;<\/strong><\/p>\n\n<figure class=\"wp-block-image size-large  caption-alignment-right\"><img loading=\"lazy\" decoding=\"async\" width=\"1024\" height=\"683\" src=\"https:\/\/www.greenpeace.org\/static\/planet4-hungary-stateless\/2023\/05\/f88caa95-foldgazprojektek-helyett-a-lakoepuletek-korszerusiteset-surgeti-uj-tanulmanyaban-a-greenpeace-1024x683.jpg\" title=\"F\u00f6ldg\u00e1zprojektek helyett a lak\u00f3\u00e9p\u00fcletek korszer\u0171s\u00edt\u00e9s\u00e9t s\u00fcrgeti \u00faj tanulm\u00e1ny\u00e1ban a Greenpeace\" alt=\"F\u00f6ldg\u00e1zprojektek helyett a lak\u00f3\u00e9p\u00fcletek korszer\u0171s\u00edt\u00e9s\u00e9t s\u00fcrgeti \u00faj tanulm\u00e1ny\u00e1ban a Greenpeace\" class=\"wp-image-10453\" srcset=\"https:\/\/www.greenpeace.org\/static\/planet4-hungary-stateless\/2023\/05\/f88caa95-foldgazprojektek-helyett-a-lakoepuletek-korszerusiteset-surgeti-uj-tanulmanyaban-a-greenpeace-1024x683.jpg 1024w, https:\/\/www.greenpeace.org\/static\/planet4-hungary-stateless\/2023\/05\/f88caa95-foldgazprojektek-helyett-a-lakoepuletek-korszerusiteset-surgeti-uj-tanulmanyaban-a-greenpeace-300x200.jpg 300w, https:\/\/www.greenpeace.org\/static\/planet4-hungary-stateless\/2023\/05\/f88caa95-foldgazprojektek-helyett-a-lakoepuletek-korszerusiteset-surgeti-uj-tanulmanyaban-a-greenpeace-768x512.jpg 768w, https:\/\/www.greenpeace.org\/static\/planet4-hungary-stateless\/2023\/05\/f88caa95-foldgazprojektek-helyett-a-lakoepuletek-korszerusiteset-surgeti-uj-tanulmanyaban-a-greenpeace-510x340.jpg 510w, https:\/\/www.greenpeace.org\/static\/planet4-hungary-stateless\/2023\/05\/f88caa95-foldgazprojektek-helyett-a-lakoepuletek-korszerusiteset-surgeti-uj-tanulmanyaban-a-greenpeace.jpg 1200w\" sizes=\"auto, (max-width: 1024px) 100vw, 1024px\" \/><figcaption><div class=\"credit icon-left\"> \u00a9 J\u00e1rd\u00e1ny Bence \/ Greenpeace<\/div><\/figcaption><\/figure>\n\n<p>A Greenpeace <a href=\"https:\/\/www.greenpeace.org\/static\/planet4-hungary-stateless\/2023\/05\/8ea52095-renewable-energy-study-magyar-osszefoglalo.pdf\" target=\"_blank\" rel=\"noreferrer noopener\">\u00faj tanulm\u00e1nyt mutatott<\/a> be a magyar energiapolitikai beruh\u00e1z\u00e1sokr\u00f3l. Ebb\u0151l kider\u00fcl, hogy a magyar korm\u00e1ny \u00e1ltal a M\u00e1trai Er\u0151m\u0171be tervezett \u00faj, 500-650 MW-os f\u00f6ldg\u00e1zer\u0151m\u0171re sz\u00e1nt mintegy <a rel=\"noopener nofollow\" href=\"https:\/\/www.napi.hu\/magyar-gazdasag\/rezsi-csokkentes-energia-matrai-eromu-szen-eromu-palkovics-laszlo-aram-arrobbanas-energetikai-veszelyhelyzet-kormany-rendelet.756235.html\" target=\"_blank\">500 milli\u00f3 eur\u00f3<\/a> sokkal jobban hasznosulna, ha azt a hazai lak\u00f3\u00e9p\u00fcletek energetikai korszer\u0171s\u00edt\u00e9s\u00e9re ford\u00edtan\u00e1k. A komplex k\u00f6rnyezeti, gazdas\u00e1gi \u00e9s t\u00e1rsadalmi szempontokat is figyelembe vev\u0151 vizsg\u00e1lat szerint azok a beruh\u00e1z\u00e1sok, amik alak\u00f3\u00e9p\u00fcletek energiaig\u00e9ny\u00e9t \u00fagy cs\u00f6kkentik, hogy a szigetel\u00e9s mellett meg\u00fajul\u00f3kat is alkalmaznak, egy\u00e9rtelm\u0171en pozit\u00edv megt\u00e9r\u00fcl\u00e9st mutattak, m\u00edg a M\u00e1trai Er\u0151m\u0171be val\u00f3 befektet\u00e9s negat\u00edv megt\u00e9r\u00fcl\u00e9st eredm\u00e9nyezett.<\/p>\n\n<p><em>\u201cMik\u00f6zben tombol a kl\u00edma- \u00e9s az energiav\u00e1ls\u00e1g, a korm\u00e1ny tov\u00e1bbra is \u00f6szt\u00f6nzi a f\u00f6ldg\u00e1zfogyaszt\u00e1st, \u00e9s \u00fajabb \u00e9s \u00fajabb f\u00f6ldg\u00e1zalap\u00fa beruh\u00e1z\u00e1sokat tervez. A magyar \u00e9p\u00fclet\u00e1llom\u00e1ny v\u00e9gzetesen elavult m\u0171szaki \u00e1llapota, \u00e9s az&nbsp; EU-s szinten kiv\u00e9telesen magas energiaszeg\u00e9nys\u00e9g miatt a Greenpeace arra sz\u00f3l\u00edtja fel a korm\u00e1nyt, hogy dolgozzon ki egy olyan strat\u00e9gi\u00e1t, amely, megfelel\u0151 finansz\u00edroz\u00e1si rendszerrel t\u00e1mogatja a lak\u00e1sok korszer\u0171s\u00edt\u00e9s\u00e9t, \u00e9s k\u00fcl\u00f6n figyelmet ford\u00edt a legkiszolg\u00e1ltatottabb h\u00e1ztart\u00e1sokra\u201d &#8211; nyilatkozta Perger Andr\u00e1s, a Greenpeace kl\u00edma- \u00e9s energiakamp\u00e1ny felel\u0151se.&nbsp;<\/em><\/p>\n\n<p>A Greenpeace szerint f\u00f6ldg\u00e1z dr\u00e1ga, kl\u00edmapuszt\u00edt\u00f3 t\u00fczel\u0151anyag, amely nagym\u00e9rt\u00e9kben felel\u0151s az energia\u00e1r-emelked\u00e9s\u00e9rt \u00e9s a kapcsol\u00f3d\u00f3 energiav\u00e1ls\u00e1g\u00e9rt. Magyarorsz\u00e1gon az energiaszeg\u00e9nys\u00e9g szintje az egyik legmagasabb az Eur\u00f3pai Uni\u00f3ban. Egy \u00e1tlagos magyar csal\u00e1d havi kiad\u00e1sainak <a href=\"https:\/\/ksh.hu\/s\/helyzetkep-2021\/#\/kiadvany\/a-haztartasok-eletszinvonala\/\" target=\"_blank\" rel=\"noopener nofollow\">14-18%-\u00e1t<\/a> k\u00e9nytelen az energiaszolg\u00e1ltat\u00e1sokra sz\u00e1nni. A hazai lak\u00e1s\u00e1llom\u00e1ny \u00e1tlagos energiateljes\u00edtm\u00e9nye az energiatan\u00fas\u00edtv\u00e1nyok \u00e1tlaga alapj\u00e1n az \u201e<a href=\"https:\/\/mehi.hu\/az-energiahatekonysagrol-magyarorszagon\/\" target=\"_blank\" rel=\"noopener nofollow\">FF\u201d kateg\u00f3ri\u00e1ba esik<\/a>, amely szerint ezek az \u00e9p\u00fcletek legal\u00e1bb k\u00e9tszer annyit fogyasztanak, mint egy korszer\u0171 \u00e9p\u00fclet. Ugyanakkor Magyarorsz\u00e1g er\u0151sen g\u00e1zf\u00fcgg\u0151, a h\u00e1ztart\u00e1sok <a href=\"https:\/\/ec.europa.eu\/eurostat\/statistics-explained\/index.php?title=Energy_consumption_in_households#:~:text=Hungary%20(84.2%20%25)%2C%20the,and%20Greece%20(46.7%20%25).\" target=\"_blank\" rel=\"noopener nofollow\">84%<\/a>-a haszn\u00e1lja ezt f\u0171t\u00e9sre. Emellett az orsz\u00e1g er\u0151sen f\u00fcgg a f\u00f6ldg\u00e1zimportt\u00f3l, Ukrajna orosz inv\u00e1zi\u00f3j\u00e1nak kezdete \u00f3ta <a href=\"https:\/\/www.russiafossiltracker.com\/\" target=\"_blank\" rel=\"noopener nofollow\">7,305 milli\u00f3 eur\u00f3t<\/a> (mintegy 2900 milli\u00e1rd forintot) k\u00f6lt\u00f6tt\u00fcnk orosz g\u00e1zra. Ez azt eredm\u00e9nyezi, hogy a h\u00e1ztart\u00e1soknak \u00e9s a v\u00e1llalkoz\u00e1soknak ar\u00e1nytalanul magas f\u0171t\u00e9si k\u00f6lts\u00e9gekkel kell sz\u00e1molniuk.<br>A Greenpeace megb\u00edz\u00e1s\u00e1b\u00f3l k\u00e9sz\u00fclt <a href=\"https:\/\/ieecp.org\/wp-content\/uploads\/2023\/05\/FOUR_SCENARIOS_VERSION_Greenpeace-_-IEECP.pdf\" target=\"_blank\" rel=\"noopener nofollow\">tanulm\u00e1ny<\/a> eredm\u00e9nyei szerint a Nemzeti Energia- \u00e9s Kl\u00edmatervet a jelenleg zajl\u00f3 fel\u00fclvizsg\u00e1lata sor\u00e1n \u00fagy kell m\u00f3dos\u00edtani, hogy a f\u00f6ldg\u00e1z felhaszn\u00e1l\u00e1s\u00e1t szolg\u00e1l\u00f3 beruh\u00e1z\u00e1sokra el\u0151ir\u00e1nyzott \u00f6sszegeket \u00e1tcsoportos\u00edtj\u00e1k. Azokat a szakmai anyag szerint a nullenergi\u00e1s \u00e9p\u00fcletekre vonatkoz\u00f3 strat\u00e9gia finansz\u00edroz\u00e1s\u00e1ra kell ford\u00edtani, bele\u00e9rtve az \u00e9p\u00fcletek h\u0151szigetel\u00e9s\u00e9t, \u00e9s a meg\u00fajul\u00f3 energiaforr\u00e1sok n\u00f6vekv\u0151 hasznos\u00edt\u00e1s\u00e1t is. Ilyen lehet p\u00e9ld\u00e1ul h\u0151szivatty\u00fak \u00e9s napelemek alkalmaz\u00e1sa. Ut\u00f3bbihoz elengedhetetlen lenne az \u00fagynevezett napelemstop felsz\u00e1mol\u00e1sa, ami\u00e9rt a Greenpeace kor\u00e1bban <a href=\"https:\/\/sites.greenpeace.hu\/peticio\/napenergiat-a-magyar-csaladoknak\" target=\"_blank\" rel=\"noopener\">pet\u00edci\u00f3t is ind\u00edtott<\/a>.<\/p>\n","protected":false},"excerpt":{"rendered":"<p>Budapest 2023. m\u00e1jus 26. A magyar t\u00e1rsadalom \u00e9s gazdas\u00e1g sz\u00e1m\u00e1ra sokkal el\u0151ny\u00f6sebb lenne, ha az \u00faj, a korm\u00e1ny \u00e1ltal tervezett f\u00f6ldg\u00e1zprojektre sz\u00e1nt 100 milli\u00e1rdokat&nbsp; a lak\u00f3\u00e9p\u00fcletek energetikai korszer\u0171s\u00edt\u00e9s\u00e9re, azaz energiaig\u00e9ny\u00fck&hellip;<\/p>\n","protected":false},"author":25,"featured_media":10453,"comment_status":"closed","ping_status":"closed","sticky":false,"template":"","format":"standard","meta":{"ep_exclude_from_search":false,"p4_og_title":"","p4_og_description":"","p4_og_image":"","p4_og_image_id":"","p4_seo_canonical_url":"","p4_campaign_name":"","p4_local_project":"","p4_basket_name":"","p4_department":"","footnotes":""},"categories":[2],"tags":[26],"p4-page-type":[37],"class_list":["post-10452","post","type-post","status-publish","format-standard","has-post-thumbnail","hentry","category-klima-energia","tag-fosszilis","p4-page-type-sajtokozlemeny"],"_links":{"self":[{"href":"https:\/\/www.greenpeace.org\/hungary\/wp-json\/wp\/v2\/posts\/10452","targetHints":{"allow":["GET"]}}],"collection":[{"href":"https:\/\/www.greenpeace.org\/hungary\/wp-json\/wp\/v2\/posts"}],"about":[{"href":"https:\/\/www.greenpeace.org\/hungary\/wp-json\/wp\/v2\/types\/post"}],"author":[{"embeddable":true,"href":"https:\/\/www.greenpeace.org\/hungary\/wp-json\/wp\/v2\/users\/25"}],"replies":[{"embeddable":true,"href":"https:\/\/www.greenpeace.org\/hungary\/wp-json\/wp\/v2\/comments?post=10452"}],"version-history":[{"count":2,"href":"https:\/\/www.greenpeace.org\/hungary\/wp-json\/wp\/v2\/posts\/10452\/revisions"}],"predecessor-version":[{"id":10455,"href":"https:\/\/www.greenpeace.org\/hungary\/wp-json\/wp\/v2\/posts\/10452\/revisions\/10455"}],"wp:featuredmedia":[{"embeddable":true,"href":"https:\/\/www.greenpeace.org\/hungary\/wp-json\/wp\/v2\/media\/10453"}],"wp:attachment":[{"href":"https:\/\/www.greenpeace.org\/hungary\/wp-json\/wp\/v2\/media?parent=10452"}],"wp:term":[{"taxonomy":"category","embeddable":true,"href":"https:\/\/www.greenpeace.org\/hungary\/wp-json\/wp\/v2\/categories?post=10452"},{"taxonomy":"post_tag","embeddable":true,"href":"https:\/\/www.greenpeace.org\/hungary\/wp-json\/wp\/v2\/tags?post=10452"},{"taxonomy":"p4-page-type","embeddable":true,"href":"https:\/\/www.greenpeace.org\/hungary\/wp-json\/wp\/v2\/p4-page-type?post=10452"}],"curies":[{"name":"wp","href":"https:\/\/api.w.org\/{rel}","templated":true}]}}