{"id":10465,"date":"2023-06-01T10:14:33","date_gmt":"2023-06-01T08:14:33","guid":{"rendered":"https:\/\/www.greenpeace.org\/hungary\/?p=10465"},"modified":"2023-06-01T10:14:35","modified_gmt":"2023-06-01T08:14:35","slug":"magyarorszagra-ert-a-greenpeace-karpatok-erdeinek-vedelmeert-indult-expedicioja","status":"publish","type":"post","link":"https:\/\/www.greenpeace.org\/hungary\/sajtokozlemeny\/10465\/magyarorszagra-ert-a-greenpeace-karpatok-erdeinek-vedelmeert-indult-expedicioja\/","title":{"rendered":"Magyarorsz\u00e1gra \u00e9rt a Greenpeace K\u00e1rp\u00e1tok erdeinek v\u00e9delm\u00e9\u00e9rt indult exped\u00edci\u00f3ja"},"content":{"rendered":"\n<p><strong>Budapest, 2023. j\u00fanius 1. \u2013 A Greenpeace 40 napos, \u00f6sszesen \u00f6t orsz\u00e1got \u00e9rint\u0151 exped\u00edci\u00f3t ind\u00edtott a K\u00e1rp\u00e1tokban, miut\u00e1n a szervezet 2022 \u0151sz\u00e9n m\u0171holdas felv\u00e9telek elemz\u00e9s\u00e9vel <\/strong><a href=\"https:\/\/www.greenpeace.org\/hungary\/sajtokozlemeny\/10036\/oriasi-pusztitast-tart-fel-a-greenpeace-a-karpatok-ertekes-erdeiben\/\" target=\"_blank\" rel=\"noreferrer noopener\"><strong>\u00f3ri\u00e1si puszt\u00edt\u00e1st t\u00e1rt fel<\/strong><\/a><strong> a hat\u00e1rokon \u00e1t\u00edvel\u0151 hegyvonulat erdeiben. A helyi \u00e9s region\u00e1lis szak\u00e9rt\u0151kb\u0151l, valamint \u00f6nk\u00e9ntesekb\u0151l \u00e1ll\u00f3 csapat Rom\u00e1nia, Ukrajna, Magyarorsz\u00e1g, Szlov\u00e1kia \u00e9s Lengyelorsz\u00e1g megl\u00e1togat\u00e1s\u00e1val h\u00edvja fel a figyelmet arra, hogy a jelenlegin\u00e9l sokkal szigor\u00fabb v\u00e9delemre van sz\u00fcks\u00e9g, ha meg akarjuk menteni Eur\u00f3pa utols\u00f3 \u00e9rintetlen \u00e9s \u00f6reg erdeit. Az exped\u00edci\u00f3 tagjai m\u00e1jus 30-\u00e1n \u00e9rkeztek a M\u00e1tr\u00e1ba, ahol t\u00f6bbek k\u00f6z\u00f6tt magyar \u00f6kol\u00f3gusokkal, erd\u00e9szekkel tal\u00e1lkoznak, hogy megismerkedjenek a hazai erd\u0151k \u00e1llapot\u00e1val \u00e9s az itteni erd\u0151kezel\u00e9si gyakorlatokkal.<\/strong>\u00a0<\/p>\n\n<figure class=\"wp-block-image size-large  caption-alignment-right\"><img loading=\"lazy\" decoding=\"async\" width=\"1024\" height=\"683\" src=\"https:\/\/www.greenpeace.org\/static\/planet4-hungary-stateless\/2023\/06\/a7f96ce0-magyarorszagra-ert-a-greenpeace-karpatok-erdeinek-vedelmeert-indult-expedicioja-1024x683.jpg\" title=\"Magyarorsz\u00e1gra \u00e9rt a Greenpeace K\u00e1rp\u00e1tok erdeinek v\u00e9delm\u00e9\u00e9rt indult exped\u00edci\u00f3ja\" alt=\"Magyarorsz\u00e1gra \u00e9rt a Greenpeace K\u00e1rp\u00e1tok erdeinek v\u00e9delm\u00e9\u00e9rt indult exped\u00edci\u00f3ja\" class=\"wp-image-10466\" srcset=\"https:\/\/www.greenpeace.org\/static\/planet4-hungary-stateless\/2023\/06\/a7f96ce0-magyarorszagra-ert-a-greenpeace-karpatok-erdeinek-vedelmeert-indult-expedicioja-1024x683.jpg 1024w, https:\/\/www.greenpeace.org\/static\/planet4-hungary-stateless\/2023\/06\/a7f96ce0-magyarorszagra-ert-a-greenpeace-karpatok-erdeinek-vedelmeert-indult-expedicioja-300x200.jpg 300w, https:\/\/www.greenpeace.org\/static\/planet4-hungary-stateless\/2023\/06\/a7f96ce0-magyarorszagra-ert-a-greenpeace-karpatok-erdeinek-vedelmeert-indult-expedicioja-768x512.jpg 768w, https:\/\/www.greenpeace.org\/static\/planet4-hungary-stateless\/2023\/06\/a7f96ce0-magyarorszagra-ert-a-greenpeace-karpatok-erdeinek-vedelmeert-indult-expedicioja-510x340.jpg 510w, https:\/\/www.greenpeace.org\/static\/planet4-hungary-stateless\/2023\/06\/a7f96ce0-magyarorszagra-ert-a-greenpeace-karpatok-erdeinek-vedelmeert-indult-expedicioja.jpg 1200w\" sizes=\"auto, (max-width: 1024px) 100vw, 1024px\" \/><figcaption><div class=\"credit icon-left\"> \u00a9 Max Zieli\u0144ski \/ Greenpeace<\/div><\/figcaption><\/figure>\n\n<p>A M\u00e1tr\u00e1ba \u00e9rt a Greenpeace region\u00e1lis exped\u00edci\u00f3ja, melynek sor\u00e1n a szervezet \u00f6nk\u00e9ntesei \u00e9s szak\u00e9rt\u0151i bej\u00e1rj\u00e1k a K\u00e1rp\u00e1tokban azokat a ter\u00fcleteket, ahol \u00e9rintetlen, \u00f6reg erd\u0151ket puszt\u00edtanak. Az \u00fat sor\u00e1n a szervezet k\u00e9peket, vide\u00f3felv\u00e9teleket \u00e9s \u00edr\u00e1sos feljegyz\u00e9seket k\u00e9sz\u00edt a K\u00e1rp\u00e1tok m\u00e9g megmaradt, \u00e9rt\u00e9kes erdeir\u0151l \u00e9s a term\u00e9szetv\u00e9delem gyenges\u00e9geir\u0151l. A Rom\u00e1ni\u00e1n, Ukrajn\u00e1n, Szlov\u00e1ki\u00e1n \u00e9s Lengyelorsz\u00e1gon kereszt\u00fcl \u00e1t\u00edvel\u0151 t\u00fara magyarorsz\u00e1gi \u00e1llom\u00e1sa a M\u00e1tra, mely a teljes \u00c9szaki-k\u00f6z\u00e9phegys\u00e9ggel r\u00e9sze a K\u00e1rp\u00e1toknak.&nbsp;&nbsp;&nbsp;<\/p>\n\n<p>Az exped\u00edci\u00f3s csapat a term\u00e9szeti \u00e9rt\u00e9kek \u00e9s azok puszt\u00edt\u00e1s\u00e1nak felt\u00e9rk\u00e9pez\u00e9s\u00e9n k\u00edv\u00fcl azzal is foglalkozik az \u00fat sor\u00e1n, hogy megtudja, az egyes helysz\u00edneken milyen az ott \u00e9l\u0151k viszonya az erd\u0151h\u00f6z &#8211; tal\u00e1lkoznak helyi k\u00f6z\u00f6ss\u00e9gekkel, erd\u00e9szekkel, biol\u00f3gusokkal \u00e9s kutat\u00f3kkal. A M\u00e1tr\u00e1ban Litkai Gergely humorista \u00e9s Udvaros Dorottya sz\u00ednm\u0171v\u00e9sz is csatlakoznak a csapathoz.<\/p>\n\n<p>K\u00f6zvetlen\u00fcl a magyarorsz\u00e1gi l\u00e1togat\u00e1s el\u0151tt a h\u00e1bor\u00fa s\u00fajtotta <a href=\"https:\/\/greenpeace.at\/cee-press-hub\/ukrainian-old-growth-forests-destroyed-for-eu\/\" target=\"_blank\" rel=\"noreferrer noopener\">Ukrajn\u00e1ban<\/a> j\u00e1rt a csapat, ahol megd\u00f6bbent\u0151 tapasztalatokat szereztek a K\u00e1rp\u00e1tok \u00e1llapot\u00e1r\u00f3l: az ukr\u00e1n K\u00e1rp\u00e1tok nagy kiterjed\u00e9s\u0171 \u00f6reg erdeit felel\u0151tlen\u00fcl irtj\u00e1k, r\u00e1ad\u00e1sul \u00fagy, hogy az innen sz\u00e1rmaz\u00f3 f\u00e1t az Eur\u00f3pai Uni\u00f3ban \u00e9rt\u00e9kes\u00edtik. Az egyik felhaszn\u00e1l\u00f3 a sv\u00e1jci sz\u00e9khely\u0171 Swiss Krono nev\u0171 nagyv\u00e1llalat, amely Magyarorsz\u00e1gon is jelen van.\u00a0<\/p>\n\n<p><em>\u201e<\/em><em>A hazai 2 milli\u00f3 hekt\u00e1rnyi erd\u0151nek csup\u00e1n 0,01%-a az, ami term\u00e9szetes erd\u0151nek tekinthet\u0151. Az emberek minden\u00fctt a vil\u00e1gon kezdenek r\u00e1\u00e9bredni arra, hogy mekkora vesz\u00e9lyt jelent a term\u00e9szeti rendszerek \u00f6sszeoml\u00e1sa. A K\u00e1rp\u00e1tokban m\u00e9g megmaradt erd\u0151k \u00e9l\u0151helyei megsz\u00e1ml\u00e1lhatatlan vadon \u00e9l\u0151 \u00e1llatnak, n\u00f6v\u00e9nynek, hatalmas mennyis\u00e9g\u0171 szenet t\u00e1rolnak, vizet tartanak vissza, v\u00e9denek az \u00e1rad\u00e1sok, asz\u00e1lyok \u00e9s m\u00e1s sz\u00e9ls\u0151s\u00e9ges id\u0151j\u00e1r\u00e1si jelens\u00e9gek ellen. Ennek ellen\u00e9re \u00f3ri\u00e1si \u00fctemben puszt\u00edtjuk \u0151ket. Uni\u00f3s \u00f6sszefog\u00e1sra van sz\u00fcks\u00e9g, hogy megmenthess\u00fck ezeket az \u00e9rt\u00e9kes \u00e9l\u0151helyeket, k\u00fcl\u00f6n\u00f6sen, ha az EU el akarja \u00e9rni a Biodiverzit\u00e1s Strat\u00e9gi\u00e1j\u00e1ban kit\u0171z\u00f6tt c\u00e9lt. Eszerint a sz\u00e1razf\u00f6ldi \u00e9s v\u00edzzel bor\u00edtott ter\u00fcletek 10%-\u00e1t fokozottan v\u00e9dett\u00e9 kell nyilv\u00e1n\u00edtani 2030-ra.\u201c <\/em><em>\u2013<\/em><em> <\/em>mondta dr. Rodics Katalin, a Greenpeace Magyarorsz\u00e1g biodiverzit\u00e1s-kamp\u00e1nyfelel\u0151se.<\/p>\n\n<p>A K\u00e1rp\u00e1tok erdeinek nagy r\u00e9sze a 90-es \u00e9vek \u00f3ta k\u00fcl\u00f6nb\u00f6z\u0151 szint\u0171 v\u00e9delem alatt \u00e1ll, az erd\u0151k 50%-a az EU Natura 2000 h\u00e1l\u00f3zat\u00e1nak is r\u00e9sze. A v\u00e9delem azonban csak pap\u00edron l\u00e9tezik, a val\u00f3s\u00e1gban minden\u00fctt p\u00e9nzhajh\u00e1sz fakitermel\u00e9s zajlik.&nbsp;<\/p>\n\n<p>A K\u00e1rp\u00e1tok mind a biol\u00f3giai sokf\u00e9les\u00e9g tekintet\u00e9ben, mind a kl\u00edmav\u00e1ltoz\u00e1s elleni k\u00fczdelemben kulcsfontoss\u00e1g\u00fa ter\u00fclete Eur\u00f3p\u00e1nak. Felbecs\u00fclhetetlen \u00e9rt\u00e9k, ami \u00f3ri\u00e1si vesz\u00e9lynek van kit\u00e9ve. A Greenpeace m\u0171holdfelv\u00e9telek elemz\u00e9s\u00e9n alapul\u00f3 <a href=\"https:\/\/www.greenpeace.org\/hungary\/cikkek\/10024\/a-karpatok-erdei-europa-termeszeti-oroksege-veszelyben-van\/\" target=\"_blank\" rel=\"noreferrer noopener\">jelent\u00e9se<\/a> felt\u00e1rta, hogy a K\u00e1rp\u00e1tok nagy r\u00e9sz\u00e9n profitorient\u00e1lt, termel\u00e9sre \u00f6sszpontos\u00edt\u00f3 erd\u0151gazd\u00e1lkod\u00e1s zajlik. A l\u00e9tfontoss\u00e1g\u00fa erdei \u00e9l\u0151helyeknek csup\u00e1n 3%-a olyan ter\u00fclet, ahol egy\u00e1ltal\u00e1n nincs fakitermel\u00e9s, a t\u00f6bbi r\u00e9sz\u00e9n kizs\u00e1km\u00e1nyol\u00f3 puszt\u00edt\u00e1s folyik, emiatt pedig \u00f3r\u00e1nk\u00e9nt \u00e1tlagosan t\u00f6bb mint \u00f6t futballp\u00e1ly\u00e1nyi erd\u0151 t\u0171nik el a K\u00e1rp\u00e1tokban.\u00a0<\/p>\n\n<p><em>\u201eNem engedhetj\u00fck tov\u00e1bb ezt az \u0151r\u00fclt puszt\u00edt\u00e1st. Nemcsak az Amazonas, Kong\u00f3, Borne\u00f3 erdeit kell megmenten\u00fcnk, hanem Eur\u00f3pa utols\u00f3 vadonj\u00e1t is. Az embereknek tudniuk kell r\u00f3la, hogy a K\u00e1rp\u00e1tok erdei a gyakorlatban szinte teljesen v\u00e9dtelenek. Mik\u00f6zben v\u00e1ls\u00e1gr\u00f3l v\u00e1ls\u00e1gra verg\u0151d\u00fcnk, az eg\u00e9szs\u00e9g\u00fcgyi, gazdas\u00e1gi, energetikai, humanit\u00e1rius neh\u00e9zs\u00e9gek miatt a term\u00e9szet \u00e9rdekei h\u00e1tr\u00e9bb sorol\u00f3dtak. Ezen azonban s\u00fcrg\u0151sen v\u00e1ltoztatnunk kell. Az\u00e9rt megy\u00fcnk ki terepre, hogy tal\u00e1lkozzunk a K\u00e1rp\u00e1tok k\u00fcl\u00f6nb\u00f6z\u0151 orsz\u00e1gaib\u00f3l sz\u00e1rmaz\u00f3 emberekkel, akik minden\u00fctt ugyanazt l\u00e1tj\u00e1k: letarolt, \u00fcres hegyoldalakat, felel\u0151tlen fakitermel\u00e9st, agressz\u00edv, t\u00falzott m\u00e9rt\u00e9k\u0171 turizmust, korrupci\u00f3t, kapzsis\u00e1got \u00e9s a k\u00f6z\u00f6ny\u00f6s vagy tehetetlen hat\u00f3s\u00e1gokat. Eur\u00f3pai \u00f6sszefog\u00e1sra van sz\u00fcks\u00e9g\u00fcnk ahhoz, hogy meger\u0151s\u00edthess\u00fck a K\u00e1rp\u00e1tok v\u00e9delm\u00e9t.\u201d<\/em> \u2013 mondta Ciprian G\u0103lu\u0219c\u0103, a Greenpeace Rom\u00e1nia erd\u0151k\u00e9rt \u00e9s biol\u00f3giai sokf\u00e9les\u00e9g\u00e9rt felel\u0151s kamp\u00e1nyosa.<\/p>\n\n<p>A Greenpeace s\u00fcrg\u0151s cselekv\u00e9st v\u00e1r a d\u00f6nt\u00e9shoz\u00f3kt\u00f3l a K\u00e1rp\u00e1tok erdeinek v\u00e9delm\u00e9ben. A szervezet azt szeretn\u00e9 el\u00e9rni, hogy azonnal tilts\u00e1k be a felel\u0151tlen fakitermel\u00e9st a K\u00e1rp\u00e1tok erdeiben, ennek r\u00e9szek\u00e9nt pedig Magyarorsz\u00e1gon vonj\u00e1k vissza a tavaly augusztusban elfogadott t\u0171zifarendeletet. Emellett uni\u00f3s finansz\u00edroz\u00e1ssal meg kell alkotni egy olyan cselekv\u00e9si tervet, amelynek v\u00e9grehajt\u00e1sa sor\u00e1n l\u00e9trej\u00f6n egy orsz\u00e1ghat\u00e1rokt\u00f3l f\u00fcggetlen, \u00e9rintetlen ter\u00fcletekb\u0151l \u00e1ll\u00f3 h\u00e1l\u00f3zat, ahov\u00e1 m\u00e9g utak sem vezetnek, \u00e9s ahol semmi sem zavarhatja az \u00e9l\u0151vil\u00e1got. A Greenpeace pet\u00edci\u00f3t is ind\u00edtott ez\u00e9rt a c\u00e9l\u00e9rt, amely ezen a linken \u00e9rhet\u0151 el: <a href=\"https:\/\/sites.greenpeace.hu\/peticio\/mentsuk-meg-a-karpatok-erdeit\/\" target=\"_blank\" rel=\"noreferrer noopener\">greenpeace.hu\/karpatok<\/a><\/p>\n","protected":false},"excerpt":{"rendered":"<p>Budapest, 2023. j\u00fanius 1. \u2013 A Greenpeace 40 napos, \u00f6sszesen \u00f6t orsz\u00e1got \u00e9rint\u0151 exped\u00edci\u00f3t ind\u00edtott a K\u00e1rp\u00e1tokban, miut\u00e1n a szervezet 2022 \u0151sz\u00e9n m\u0171holdas felv\u00e9telek elemz\u00e9s\u00e9vel \u00f3ri\u00e1si puszt\u00edt\u00e1st t\u00e1rt fel a&hellip;<\/p>\n","protected":false},"author":25,"featured_media":10466,"comment_status":"closed","ping_status":"closed","sticky":false,"template":"","format":"standard","meta":{"ep_exclude_from_search":false,"p4_og_title":"","p4_og_description":"","p4_og_image":"","p4_og_image_id":"","p4_seo_canonical_url":"","p4_campaign_name":"","p4_local_project":"","p4_basket_name":"","p4_department":"","footnotes":""},"categories":[3],"tags":[29],"p4-page-type":[37],"class_list":["post-10465","post","type-post","status-publish","format-standard","has-post-thumbnail","hentry","category-termeszet-kornyezet","tag-erdo","p4-page-type-sajtokozlemeny"],"_links":{"self":[{"href":"https:\/\/www.greenpeace.org\/hungary\/wp-json\/wp\/v2\/posts\/10465","targetHints":{"allow":["GET"]}}],"collection":[{"href":"https:\/\/www.greenpeace.org\/hungary\/wp-json\/wp\/v2\/posts"}],"about":[{"href":"https:\/\/www.greenpeace.org\/hungary\/wp-json\/wp\/v2\/types\/post"}],"author":[{"embeddable":true,"href":"https:\/\/www.greenpeace.org\/hungary\/wp-json\/wp\/v2\/users\/25"}],"replies":[{"embeddable":true,"href":"https:\/\/www.greenpeace.org\/hungary\/wp-json\/wp\/v2\/comments?post=10465"}],"version-history":[{"count":1,"href":"https:\/\/www.greenpeace.org\/hungary\/wp-json\/wp\/v2\/posts\/10465\/revisions"}],"predecessor-version":[{"id":10467,"href":"https:\/\/www.greenpeace.org\/hungary\/wp-json\/wp\/v2\/posts\/10465\/revisions\/10467"}],"wp:featuredmedia":[{"embeddable":true,"href":"https:\/\/www.greenpeace.org\/hungary\/wp-json\/wp\/v2\/media\/10466"}],"wp:attachment":[{"href":"https:\/\/www.greenpeace.org\/hungary\/wp-json\/wp\/v2\/media?parent=10465"}],"wp:term":[{"taxonomy":"category","embeddable":true,"href":"https:\/\/www.greenpeace.org\/hungary\/wp-json\/wp\/v2\/categories?post=10465"},{"taxonomy":"post_tag","embeddable":true,"href":"https:\/\/www.greenpeace.org\/hungary\/wp-json\/wp\/v2\/tags?post=10465"},{"taxonomy":"p4-page-type","embeddable":true,"href":"https:\/\/www.greenpeace.org\/hungary\/wp-json\/wp\/v2\/p4-page-type?post=10465"}],"curies":[{"name":"wp","href":"https:\/\/api.w.org\/{rel}","templated":true}]}}