{"id":10485,"date":"2023-06-07T10:01:00","date_gmt":"2023-06-07T08:01:00","guid":{"rendered":"https:\/\/www.greenpeace.org\/hungary\/?p=10485"},"modified":"2023-06-07T10:03:28","modified_gmt":"2023-06-07T08:03:28","slug":"a-magyarok-donto-tobbsege-nem-ker-az-akkumulatorgyarakbol","status":"publish","type":"post","link":"https:\/\/www.greenpeace.org\/hungary\/sajtokozlemeny\/10485\/a-magyarok-donto-tobbsege-nem-ker-az-akkumulatorgyarakbol\/","title":{"rendered":"A magyarok d\u00f6nt\u0151 t\u00f6bbs\u00e9ge nem k\u00e9r az akkumul\u00e1torgy\u00e1rakb\u00f3l"},"content":{"rendered":"\n<p><strong>A magyarok k\u00f6zel k\u00e9tharmada, 62%-a nem \u00e9rt egyet azzal, hogy Magyarorsz\u00e1gon \u00faj akkumul\u00e1torgy\u00e1rak \u00e9p\u00fcljenek, \u00e9s legink\u00e1bb att\u00f3l tartanak, hogy az \u00fczemek vesz\u00e9lyes anyagokkal fogj\u00e1k szennyezni a k\u00f6rnyezetet. Ez der\u00fcl ki abb\u00f3l a friss k\u00f6zv\u00e9lem\u00e9ny-kutat\u00e1sb\u00f3l, amelyet a Greenpeace megb\u00edz\u00e1s\u00e1b\u00f3l k\u00e9sz\u00edtett a Policy Solutions elemz\u0151 int\u00e9zet \u00e9s a ZRI Z\u00e1vecz Research, \u00e1prilis v\u00e9g\u00e9n-m\u00e1jus elej\u00e9n.\u00a0A kutat\u00e1sb\u00f3l az is kider\u00fclt: a magyarok t\u00f6bbs\u00e9ge (57%) els\u0151sorban a meg\u00fajul\u00f3k t\u00e1mogat\u00e1s\u00e1t v\u00e1rja a korm\u00e1nyt\u00f3l, \u00e9s feloldan\u00e1 a sz\u00e9l- \u00e9s a napenergia terjed\u00e9s\u00e9t korl\u00e1toz\u00f3 int\u00e9zked\u00e9seket, mivel \u00fagy l\u00e1tja, hogy a meg\u00fajul\u00f3kkal lehet meg\u00f3vni a k\u00f6rnyezetet, \u00e9s ezek jelentenek kiutat az orosz energiaf\u00fcgg\u0151s\u00e9gb\u0151l.\u00a0Mindezek miatt a Greenpeace ism\u00e9t f\u00fcggetlen, er\u0151s z\u00f6ldhat\u00f3s\u00e1gok \u00e9s k\u00f6rnyezetv\u00e9delmi miniszt\u00e9rium l\u00e9trehoz\u00e1s\u00e1t s\u00fcrgeti.<\/strong><\/p>\n\n<figure class=\"wp-block-image size-large\"><img loading=\"lazy\" decoding=\"async\" width=\"1024\" height=\"675\" src=\"https:\/\/www.greenpeace.org\/static\/planet4-hungary-stateless\/2023\/06\/734ef113-gphu-kvkabra-230607-1-1024x675.png\" alt=\"\" class=\"wp-image-10486\" srcset=\"https:\/\/www.greenpeace.org\/static\/planet4-hungary-stateless\/2023\/06\/734ef113-gphu-kvkabra-230607-1-1024x675.png 1024w, https:\/\/www.greenpeace.org\/static\/planet4-hungary-stateless\/2023\/06\/734ef113-gphu-kvkabra-230607-1-300x198.png 300w, https:\/\/www.greenpeace.org\/static\/planet4-hungary-stateless\/2023\/06\/734ef113-gphu-kvkabra-230607-1-768x506.png 768w, https:\/\/www.greenpeace.org\/static\/planet4-hungary-stateless\/2023\/06\/734ef113-gphu-kvkabra-230607-1-510x336.png 510w, https:\/\/www.greenpeace.org\/static\/planet4-hungary-stateless\/2023\/06\/734ef113-gphu-kvkabra-230607-1.png 1120w\" sizes=\"auto, (max-width: 1024px) 100vw, 1024px\" \/><\/figure>\n\n<p>A z\u00f6ldszervezet kutat\u00e1s\u00e1ban arra is r\u00e1k\u00e9rdezett, hogy az akkumul\u00e1torgy\u00e1rak m\u0171k\u00f6d\u00e9s\u00e9vel j\u00e1r\u00f3 negat\u00edv k\u00f6vetkezm\u00e9nyek k\u00f6z\u00fcl melyek azok, amik a legjobban aggasztj\u00e1k a lakoss\u00e1got. A v\u00e1laszad\u00f3k t\u00f6bbs\u00e9ge els\u0151sorban att\u00f3l tart, hogy a gy\u00e1rak m\u0171k\u00f6d\u00e9se sor\u00e1n vesz\u00e9lyes anyagok ker\u00fclhetnek a talajba, v\u00edzbe \u00e9s a leveg\u0151be. Emellett a megk\u00e9rdezettek k\u00f6zel negyede azt a szempontot emelte ki, hogy az akkumul\u00e1torgy\u00e1rak \u00e9p\u00edt\u00e9se sor\u00e1n \u00e9rt\u00e9kes term\u0151f\u00f6ldet puszt\u00edtan\u00e1nak el.&nbsp;<\/p>\n\n<p>A Greenpeace megb\u00edz\u00e1s\u00e1b\u00f3l k\u00e9sz\u00fclt kutat\u00e1sb\u00f3l emellett az is kider\u00fcl, hogy a v\u00e1laszad\u00f3k \u00f6sszesen 72%-a t\u00e1mogatna energiatakar\u00e9koss\u00e1gi \u00e9s energiahat\u00e9konys\u00e1gi, valamint meg\u00fajul\u00f3 energiaforr\u00e1sokra alapul\u00f3 fejleszt\u00e9seket. A kutat\u00e1s szerint azoknak a k\u00f6r\u00e9ben, akik a meg\u00fajul\u00f3s fejleszt\u00e9seket t\u00e1mogatn\u00e1k, nagy t\u00f6bbs\u00e9gben vannak, akik a k\u00f6rnyezetre gyakorolt pozit\u00edv hat\u00e1sok miatt gondolkodnak \u00edgy, emellett n\u00e9pszer\u0171 v\u00e1lasz volt m\u00e9g, hogy ez\u00e1ltal cs\u00f6kkenthet\u0151 Magyarorsz\u00e1g energiaimportja \u00e9s az orosz energiaf\u00fcgg\u0151s\u00e9g is.&nbsp;<\/p>\n\n<figure class=\"wp-block-image size-large\"><img loading=\"lazy\" decoding=\"async\" width=\"1024\" height=\"675\" src=\"https:\/\/www.greenpeace.org\/static\/planet4-hungary-stateless\/2023\/06\/271b1b51-gphu-kvkabra-230607-2-1024x675.png\" alt=\"\" class=\"wp-image-10487\" srcset=\"https:\/\/www.greenpeace.org\/static\/planet4-hungary-stateless\/2023\/06\/271b1b51-gphu-kvkabra-230607-2-1024x675.png 1024w, https:\/\/www.greenpeace.org\/static\/planet4-hungary-stateless\/2023\/06\/271b1b51-gphu-kvkabra-230607-2-300x198.png 300w, https:\/\/www.greenpeace.org\/static\/planet4-hungary-stateless\/2023\/06\/271b1b51-gphu-kvkabra-230607-2-768x506.png 768w, https:\/\/www.greenpeace.org\/static\/planet4-hungary-stateless\/2023\/06\/271b1b51-gphu-kvkabra-230607-2-510x336.png 510w, https:\/\/www.greenpeace.org\/static\/planet4-hungary-stateless\/2023\/06\/271b1b51-gphu-kvkabra-230607-2.png 1120w\" sizes=\"auto, (max-width: 1024px) 100vw, 1024px\" \/><\/figure>\n\n<p>A Greenpeace kutat\u00e1sa alapj\u00e1n egyar\u00e1nt 77-77 sz\u00e1zal\u00e9kos a t\u00e1mogatotts\u00e1ga annak, hogy lehet\u0151v\u00e9 tegy\u00e9k \u00faj sz\u00e9ler\u0151m\u0171vek \u00e9p\u00edt\u00e9s\u00e9t, illetve azt is, hogy a h\u00e1ztart\u00e1sok \u00faj napelemeikkel csatlakozhassanak a h\u00e1l\u00f3zathoz.<\/p>\n\n<p><em>\u201eA Greenpeace a kutat\u00e1s eredm\u00e9nyeire alapozva azt v\u00e1rja a korm\u00e1nyt\u00f3l, hogy vegye figyelembe a lakoss\u00e1g agg\u00e1lyait az akkumul\u00e1torgy\u00e1r-beruh\u00e1z\u00e1sokkal kapcsolatban, A k\u00f6rnyezet- \u00e9s term\u00e9szetv\u00e9delmi szempontok \u00e9rv\u00e9nyes\u00edt\u00e9s\u00e9hez elengedhetetlen a z\u00f6ldhat\u00f3s\u00e1gok meger\u0151s\u00edt\u00e9se, valamint egy k\u00f6rnyezetv\u00e9delmi miniszt\u00e9rium fel\u00e1ll\u00edt\u00e1sa. Emellett a kutat\u00e1s eredm\u00e9nyei alapj\u00e1n is azt v\u00e1rjuk, hogy a korm\u00e1ny ind\u00edtson energiahat\u00e9konys\u00e1gi \u00e9s -takar\u00e9koss\u00e1gi programokat, \u00e9s p\u00f6rgesse fel meg\u00fajul\u00f3 technol\u00f3gi\u00e1k, k\u00f6z\u00f6tt\u00fck a sz\u00e9lenergia terjed\u00e9s\u00e9t. Ideje meghallani az id\u0151k szav\u00e1t, \u00e9s v\u00e9gre befejezni a m\u00falt sz\u00e1zadi energiapolitik\u00e1t\u201d<\/em> \u2013 nyilatkozta Perger Andr\u00e1s, a Greenpeace kl\u00edma- \u00e9s energiakamp\u00e1ny-felel\u0151se.<\/p>\n\n<p>A Greenpeace Magyarorsz\u00e1g \u00e1ltal\u00e1noss\u00e1gban t\u00e1mogatja az elektromobilit\u00e1s terjed\u00e9s\u00e9t. \u00c1m am\u00edg nincs \u00e1tfog\u00f3 strat\u00e9giai, k\u00f6rnyezetv\u00e9delmi hat\u00e1svizsg\u00e1lat a hazai akkumul\u00e1tor-beruh\u00e1z\u00e1sok energetikai, v\u00edzhaszn\u00e1lati \u00e9s k\u00f6rnyezetbiztons\u00e1gi hat\u00e1saira \u00e9s kock\u00e1zat\u00e1ra, illetve am\u00edg nem vonj\u00e1k be a helyi lakosokat, civileket a d\u00f6nt\u00e9shozatalba, addig a z\u00f6ldszervezet kock\u00e1zatosnak l\u00e1tja az \u00fajabb akkumul\u00e1tor-beruh\u00e1z\u00e1sokat. A Greenpeace \u00e1ll\u00e1sfoglal\u00e1sa az \u00faj hazai akkumul\u00e1torgy\u00e1rak kock\u00e1zatair\u00f3l <a rel=\"noreferrer noopener\" href=\"https:\/\/www.greenpeace.org\/hungary\/blog\/10267\/mi-a-baj-kornyezeti-szempontbol-a-hazankban-megjeleno-akkumulatorgyarakkal\" target=\"_blank\">itt \u00e9rhet\u0151 el<\/a>.<\/p>\n\n<p>A nemre, \u00e9letkorra, telep\u00fcl\u00e9st\u00edpusra \u00e9s iskolai v\u00e9gzetts\u00e9gre reprezentat\u00edv felm\u00e9r\u00e9st a Greenpeace Magyarorsz\u00e1g megb\u00edz\u00e1s\u00e1b\u00f3l a Policy Solutions elemz\u0151 int\u00e9zet k\u00e9sz\u00edtette a ZRI Z\u00e1vecz Research k\u00f6zv\u00e9lem\u00e9ny-kutat\u00f3val k\u00f6z\u00f6sen. Az adatfelv\u00e9tel 2023. \u00e1prilis 28. \u00e9s m\u00e1jus 5. k\u00f6z\u00f6tt, 1000 f\u0151 bevon\u00e1s\u00e1val t\u00f6rt\u00e9nt.<\/p>\n\n<p>A tov\u00e1bbi diagramok <a href=\"https:\/\/www.flickr.com\/photos\/greenpeacehu\/albums\/72177720308870789\" target=\"_blank\" rel=\"noreferrer noopener\">innen t\u00f6lthet\u0151k le<\/a>.<\/p>\n","protected":false},"excerpt":{"rendered":"<p>A magyarok k\u00f6zel k\u00e9tharmada, 62%-a nem \u00e9rt egyet azzal, hogy Magyarorsz\u00e1gon \u00faj akkumul\u00e1torgy\u00e1rak \u00e9p\u00fcljenek, \u00e9s legink\u00e1bb att\u00f3l tartanak, hogy az \u00fczemek vesz\u00e9lyes anyagokkal fogj\u00e1k szennyezni a k\u00f6rnyezetet.<\/p>\n","protected":false},"author":25,"featured_media":10486,"comment_status":"closed","ping_status":"closed","sticky":false,"template":"","format":"standard","meta":{"ep_exclude_from_search":false,"p4_og_title":"","p4_og_description":"","p4_og_image":"","p4_og_image_id":"","p4_seo_canonical_url":"","p4_campaign_name":"","p4_local_project":"","p4_basket_name":"","p4_department":"","footnotes":""},"categories":[2,3],"tags":[20,19,8,22],"p4-page-type":[37],"class_list":["post-10485","post","type-post","status-publish","format-standard","has-post-thumbnail","hentry","category-klima-energia","category-termeszet-kornyezet","tag-elovilag","tag-egeszseg","tag-fogyasztas","tag-megujulok","p4-page-type-sajtokozlemeny"],"_links":{"self":[{"href":"https:\/\/www.greenpeace.org\/hungary\/wp-json\/wp\/v2\/posts\/10485","targetHints":{"allow":["GET"]}}],"collection":[{"href":"https:\/\/www.greenpeace.org\/hungary\/wp-json\/wp\/v2\/posts"}],"about":[{"href":"https:\/\/www.greenpeace.org\/hungary\/wp-json\/wp\/v2\/types\/post"}],"author":[{"embeddable":true,"href":"https:\/\/www.greenpeace.org\/hungary\/wp-json\/wp\/v2\/users\/25"}],"replies":[{"embeddable":true,"href":"https:\/\/www.greenpeace.org\/hungary\/wp-json\/wp\/v2\/comments?post=10485"}],"version-history":[{"count":3,"href":"https:\/\/www.greenpeace.org\/hungary\/wp-json\/wp\/v2\/posts\/10485\/revisions"}],"predecessor-version":[{"id":10490,"href":"https:\/\/www.greenpeace.org\/hungary\/wp-json\/wp\/v2\/posts\/10485\/revisions\/10490"}],"wp:featuredmedia":[{"embeddable":true,"href":"https:\/\/www.greenpeace.org\/hungary\/wp-json\/wp\/v2\/media\/10486"}],"wp:attachment":[{"href":"https:\/\/www.greenpeace.org\/hungary\/wp-json\/wp\/v2\/media?parent=10485"}],"wp:term":[{"taxonomy":"category","embeddable":true,"href":"https:\/\/www.greenpeace.org\/hungary\/wp-json\/wp\/v2\/categories?post=10485"},{"taxonomy":"post_tag","embeddable":true,"href":"https:\/\/www.greenpeace.org\/hungary\/wp-json\/wp\/v2\/tags?post=10485"},{"taxonomy":"p4-page-type","embeddable":true,"href":"https:\/\/www.greenpeace.org\/hungary\/wp-json\/wp\/v2\/p4-page-type?post=10485"}],"curies":[{"name":"wp","href":"https:\/\/api.w.org\/{rel}","templated":true}]}}