{"id":10493,"date":"2023-06-08T09:27:20","date_gmt":"2023-06-08T07:27:20","guid":{"rendered":"https:\/\/www.greenpeace.org\/hungary\/?p=10493"},"modified":"2023-06-08T09:29:39","modified_gmt":"2023-06-08T07:29:39","slug":"tobb-apartmanra-kaptak-engedelyt-a-ferto-tohoz-a-greenpeace-ismet-birosaghoz-fordul","status":"publish","type":"post","link":"https:\/\/www.greenpeace.org\/hungary\/sajtokozlemeny\/10493\/tobb-apartmanra-kaptak-engedelyt-a-ferto-tohoz-a-greenpeace-ismet-birosaghoz-fordul\/","title":{"rendered":"T\u00f6bb apartmanra kaptak enged\u00e9lyt a Fert\u0151 t\u00f3hoz, a Greenpeace ism\u00e9t b\u00edr\u00f3s\u00e1ghoz fordul"},"content":{"rendered":"\n<p><strong>Miut\u00e1n a b\u00edr\u00f3s\u00e1g a Greenpeace \u00e9s a Fert\u0151 t\u00f3 bar\u00e1tai \u00e1ltal ind\u00edtott per eredm\u00e9nyek\u00e9nt visszavonatta a Gy\u0151r-Moson-Sopron V\u00e1rmegyei Korm\u00e1nyhivatallal a kor\u00e1bban kiadott enged\u00e9lyt, \u00fajabb meglepet\u00e9s \u00e9rte a Fert\u0151 tavat v\u00e9d\u0151 civileket. Az \u00faj elj\u00e1r\u00e1s eredm\u00e9nye ugyanis egy korl\u00e1tlan id\u0151re sz\u00f3l\u00f3, a Greenpeace v\u00e9lem\u00e9nye szerint a szakhat\u00f3s\u00e1gi enged\u00e9lyez\u00e9snek nem megfelel\u0151en kiadott, \u00e9s 20 helyett 26 apartmanh\u00e1zat mag\u00e1ban foglal\u00f3 \u00faj enged\u00e9ly lett. A t\u00f6bb h\u00e1z \u00fagy f\u00e9rne majd el, hogy nem maradna r\u00e9s a h\u00e1zak k\u00f6z\u00f6tt \u2013 annak ellen\u00e9re, hogy a parti s\u00e1v be\u00e9p\u00edt\u00e9se egy\u00e9bk\u00e9nt is tilos. A Greenpeace ism\u00e9t b\u00edr\u00f3s\u00e1ghoz fordul.<\/strong><\/p>\n\n<figure class=\"wp-block-image size-large  caption-alignment-right\"><img loading=\"lazy\" decoding=\"async\" width=\"1024\" height=\"683\" src=\"https:\/\/www.greenpeace.org\/static\/planet4-hungary-stateless\/2023\/06\/709d09ad-gphu-press-230608-img-1-1024x683.jpg\" alt=\"Fot\u00f3: Mitja Kobal \/ Greenpeace\" class=\"wp-image-10494\" srcset=\"https:\/\/www.greenpeace.org\/static\/planet4-hungary-stateless\/2023\/06\/709d09ad-gphu-press-230608-img-1-1024x683.jpg 1024w, https:\/\/www.greenpeace.org\/static\/planet4-hungary-stateless\/2023\/06\/709d09ad-gphu-press-230608-img-1-300x200.jpg 300w, https:\/\/www.greenpeace.org\/static\/planet4-hungary-stateless\/2023\/06\/709d09ad-gphu-press-230608-img-1-768x512.jpg 768w, https:\/\/www.greenpeace.org\/static\/planet4-hungary-stateless\/2023\/06\/709d09ad-gphu-press-230608-img-1-1536x1024.jpg 1536w, https:\/\/www.greenpeace.org\/static\/planet4-hungary-stateless\/2023\/06\/709d09ad-gphu-press-230608-img-1-510x340.jpg 510w, https:\/\/www.greenpeace.org\/static\/planet4-hungary-stateless\/2023\/06\/709d09ad-gphu-press-230608-img-1.jpg 1999w\" sizes=\"auto, (max-width: 1024px) 100vw, 1024px\" \/><figcaption class=\"wp-element-caption\">Fot\u00f3: Mitja Kobal \/ Greenpeace<\/figcaption><\/figure>\n\n<p>Miut\u00e1n a Korm\u00e1nyhivatal k\u00e9nytelen volt visszavonni a 2022 kar\u00e1csonya el\u0151tt kiadott k\u00f6rnyezetv\u00e9delmi m\u0171k\u00f6d\u00e9si enged\u00e9lyt, vill\u00e1mgyorsan gy\u00e1rtott is egy m\u00e1sikat. Ez lehet\u0151v\u00e9 teszi a nemzetgazdas\u00e1gi szempontb\u00f3l kiemelt beruh\u00e1z\u00e1ss\u00e1 min\u0151s\u00edtett, a ter\u00fclet term\u00e9szetes \u00e1llapot\u00e1t teljesen felforgat\u00f3 beavatkoz\u00e1st a megsz\u0171nt c\u00e9g jogut\u00f3dj\u00e1nak, az \u00c9p\u00edt\u00e9si \u00e9s K\u00f6zleked\u00e9si Miniszt\u00e9riumnak.&nbsp;<\/p>\n\n<p>Az enged\u00e9lyt imm\u00e1r korl\u00e1tlan id\u0151re hosszabb\u00edtott\u00e1k meg, hogy ne kelljen bizonyos id\u0151k\u00f6z\u00f6nk\u00e9nt fel\u00fclvizsg\u00e1lni. A Greenpeace v\u00e9lem\u00e9nye szerint csak \u00fagy lehetett ilyen sebess\u00e9ggel \u00faj k\u00f6rnyezetv\u00e9delmi m\u0171k\u00f6d\u00e9si enged\u00e9lyt kiadni, hogy val\u00f3j\u00e1ban nem folytattak le megfelel\u0151 alaposs\u00e1g\u00fa enged\u00e9lyez\u00e9si elj\u00e1r\u00e1st, amire a b\u00edr\u00f3s\u00e1g k\u00f6telezte a Korm\u00e1nyhivatalt.&nbsp;<\/p>\n\n<p>A Greenpeace mostani kereset\u00e9ben azt bizony\u00edtja, hogy nem volt nagy vizsg\u00e1l\u00f3d\u00e1s, csup\u00e1n m\u00e9g egy kicsit b\u0151v\u00edtett\u00e9k a be\u00e9p\u00edt\u00e9st, \u00e9s hozz\u00e1csaptak p\u00e1r oldalt a kor\u00e1bbi enged\u00e9lyhez. A be\u00e9p\u00edtend\u0151 ter\u00fcletet el\u0151sz\u00f6r k\u00f6zel 50%-kal n\u00f6velt\u00e9k \u00e9s a h\u00e1zak mennyis\u00e9g\u00e9t 20-r\u00f3l 26-ra emelt\u00e9k \u00fagy, hogy ezt a v\u00e1ltoz\u00e1st nem vett\u00e9k figyelembe az enged\u00e9lyez\u00e9sn\u00e9l, mintha a be\u00e9p\u00edtett ter\u00fclet \u00e9s a h\u00e1zak gyarapod\u00e1sa nem befoly\u00e1soln\u00e1 a k\u00f6rnyezetterhel\u00e9st.<\/p>\n\n<p>Pedig kor\u00e1bban a v\u00edz\u00fcgyi szakhat\u00f3s\u00e1g a t\u00f3 tov\u00e1bbi \u00e9lete szempontj\u00e1b\u00f3l alapvet\u0151 k\u00e9rd\u00e9st vizsg\u00e1lva le\u00edrta, hogy <em>\u201eA l\u00e9tes\u00edt\u00e9s, \u00fczemeltet\u00e9s \u00e9s az esetleges felhagy\u00e1s sor\u00e1n a felsz\u00edni \u00e9s felsz\u00edn alatti v\u00edz k\u00e1ros szennyez\u0151d\u00e9ssel nem vesz\u00e9lyeztethet\u0151\u201d<\/em>.<\/p>\n\n<p>A z\u00f6ldszervezet szerint az nem k\u00e9rd\u00e9s, hogy a t\u00f3 vize szennyez\u0151dni fog, \u00e9s a megn\u00f6vekedett m\u00e9retek miatt m\u00e9g nagyobb m\u00e9rt\u00e9kben. Hiszen az \u00f6sszes lebetonozott, burkolt fel\u00fcletr\u0151l \u2013 &nbsp;p\u00e9ld\u00e1ul a hatalmas, k\u00f6zel 1000 f\u00e9r\u0151helyes parkol\u00f3b\u00f3l, \u00e9s az \u00f6nt\u00f6z\u00f6tt f\u00fcves ter\u00fcletekr\u0151l \u2013 sz\u00e1rmaz\u00f3 szennyvizet mind a megl\u00e9v\u0151 lag\u00fan\u00e1ba vezetik be (b\u00e1r olajsz\u0171r\u00e9s t\u00f6rt\u00e9nik majd el\u0151tte), amely term\u00e9szetes \u00f6sszek\u00f6ttet\u00e9sben \u00e1ll t\u00f3 viz\u00e9vel.&nbsp;<\/p>\n\n<p>Az \u00fajabb enged\u00e9ly nem foglalkozik azzal az alapvet\u0151 k\u00e9rd\u00e9ssel sem, hogy a Magyarorsz\u00e1gon \u00e9rv\u00e9nyes jogszab\u00e1lyok alapj\u00e1n tilos \u00e9p\u00edtkezni tavak, foly\u00f3k \u00fan. parti s\u00e1vj\u00e1ban. &nbsp;A Greenpeace szerint ezt nemhogy nem tartott\u00e1k be a Fert\u0151n\u00e9l, hanem gyakorlatilag mag\u00e1ba a t\u00f3ba \u00e9p\u00edten\u00e9k bele az apartmanh\u00e1zakat.<\/p>\n\n<p><em>\u201eUgyan ez nem mostani per\u00fcnk t\u00e1rgya, de \u00fajra fel szeretn\u00e9nk h\u00edvni r\u00e1 a figyelmet, hogy\u00a0a Fert\u0151 partj\u00e1ra m\u00e1r t\u00f6bb mint 4 \u00e9ve nem lehet sehol lemenni Magyarorsz\u00e1gon. Azt csak Ausztri\u00e1b\u00f3l lehet megk\u00f6zel\u00edteni, holott minden tavunk, foly\u00f3nk k\u00f6ztulajdon. Foglaljuk vissza mind a magunk, mind az \u00e9l\u0151vil\u00e1g sz\u00e1m\u00e1ra \u00fajra a Fert\u0151t partj\u00e1t \u00e9s tavat mag\u00e1t is!\u201d<\/em> \u2212 nyilatkozta Rodics Katalin, a Greenpeace biodiverzit\u00e1skamp\u00e1ny-felel\u0151se.\u00a0<\/p>\n\n<p>Az \u00faj enged\u00e9lyt, amelyet a Greenpeace megt\u00e1mad, <a href=\"https:\/\/www.greenpeace.org\/static\/planet4-hungary-stateless\/2023\/06\/b00351ae-3_kornyezetvedelmiengedely_gy-40-1729-10_redacted.pdf\" target=\"_blank\" rel=\"noreferrer noopener\">itt tal\u00e1lja<\/a>.<br>A Greenpeace 2023. j\u00fanius 8.-i beadv\u00e1nya <a href=\"https:\/\/www.greenpeace.org\/static\/planet4-hungary-stateless\/2023\/06\/e3ff2edc-kereset_gp_20230607_redacted.pdf\" target=\"_blank\" rel=\"noreferrer noopener\">itt \u00e9rhet\u0151 el<\/a>.<\/p>\n","protected":false},"excerpt":{"rendered":"<p>Miut\u00e1n a b\u00edr\u00f3s\u00e1g a Greenpeace \u00e9s a Fert\u0151 t\u00f3 bar\u00e1tai \u00e1ltal ind\u00edtott per eredm\u00e9nyek\u00e9nt visszavonatta a Gy\u0151r-Moson-Sopron V\u00e1rmegyei Korm\u00e1nyhivatallal a kor\u00e1bban kiadott enged\u00e9lyt, \u00fajabb meglepet\u00e9s \u00e9rte a Fert\u0151 tavat v\u00e9d\u0151 civileket.<\/p>\n","protected":false},"author":25,"featured_media":10494,"comment_status":"closed","ping_status":"closed","sticky":false,"template":"","format":"standard","meta":{"ep_exclude_from_search":false,"p4_og_title":"","p4_og_description":"","p4_og_image":"","p4_og_image_id":"","p4_seo_canonical_url":"","p4_campaign_name":"","p4_local_project":"","p4_basket_name":"","p4_department":"","footnotes":""},"categories":[3],"tags":[20,31],"p4-page-type":[37],"class_list":["post-10493","post","type-post","status-publish","format-standard","has-post-thumbnail","hentry","category-termeszet-kornyezet","tag-elovilag","tag-viz","p4-page-type-sajtokozlemeny"],"_links":{"self":[{"href":"https:\/\/www.greenpeace.org\/hungary\/wp-json\/wp\/v2\/posts\/10493","targetHints":{"allow":["GET"]}}],"collection":[{"href":"https:\/\/www.greenpeace.org\/hungary\/wp-json\/wp\/v2\/posts"}],"about":[{"href":"https:\/\/www.greenpeace.org\/hungary\/wp-json\/wp\/v2\/types\/post"}],"author":[{"embeddable":true,"href":"https:\/\/www.greenpeace.org\/hungary\/wp-json\/wp\/v2\/users\/25"}],"replies":[{"embeddable":true,"href":"https:\/\/www.greenpeace.org\/hungary\/wp-json\/wp\/v2\/comments?post=10493"}],"version-history":[{"count":2,"href":"https:\/\/www.greenpeace.org\/hungary\/wp-json\/wp\/v2\/posts\/10493\/revisions"}],"predecessor-version":[{"id":10496,"href":"https:\/\/www.greenpeace.org\/hungary\/wp-json\/wp\/v2\/posts\/10493\/revisions\/10496"}],"wp:featuredmedia":[{"embeddable":true,"href":"https:\/\/www.greenpeace.org\/hungary\/wp-json\/wp\/v2\/media\/10494"}],"wp:attachment":[{"href":"https:\/\/www.greenpeace.org\/hungary\/wp-json\/wp\/v2\/media?parent=10493"}],"wp:term":[{"taxonomy":"category","embeddable":true,"href":"https:\/\/www.greenpeace.org\/hungary\/wp-json\/wp\/v2\/categories?post=10493"},{"taxonomy":"post_tag","embeddable":true,"href":"https:\/\/www.greenpeace.org\/hungary\/wp-json\/wp\/v2\/tags?post=10493"},{"taxonomy":"p4-page-type","embeddable":true,"href":"https:\/\/www.greenpeace.org\/hungary\/wp-json\/wp\/v2\/p4-page-type?post=10493"}],"curies":[{"name":"wp","href":"https:\/\/api.w.org\/{rel}","templated":true}]}}