{"id":10512,"date":"2023-07-11T10:00:32","date_gmt":"2023-07-11T08:00:32","guid":{"rendered":"https:\/\/www.greenpeace.org\/hungary\/?p=10512"},"modified":"2023-07-11T10:06:53","modified_gmt":"2023-07-11T08:06:53","slug":"uj-kornyezetvedelmi-biztositas-rendelet-tervezet-csak-reszben-teljesul-a-szennyezo-fizet-elv","status":"publish","type":"post","link":"https:\/\/www.greenpeace.org\/hungary\/sajtokozlemeny\/10512\/uj-kornyezetvedelmi-biztositas-rendelet-tervezet-csak-reszben-teljesul-a-szennyezo-fizet-elv\/","title":{"rendered":"\u00daj k\u00f6rnyezetv\u00e9delmi biztos\u00edt\u00e1s rendelet-tervezet: csak r\u00e9szben teljes\u00fcl a szennyez\u0151 fizet elv"},"content":{"rendered":"\n<p><strong>Budapest, 2023.07.11. A Greenpeace \u00fcdv\u00f6zli a k\u00f6rnyezetv\u00e9delmi biztos\u00edt\u00e1s szab\u00e1lyair\u00f3l sz\u00f3l\u00f3 \u00faj <\/strong><a href=\"https:\/\/kormany.hu\/dokumentumtar\/a-kornyezetvedelmi-biztositas-reszletes-szabalyairol-sz-korm-rend-tars-egy\" target=\"_blank\" rel=\"noreferrer noopener\"><strong>korm\u00e1nyrendelet tervezet\u00e9t<\/strong><\/a><strong>. A szervezet szerint el\u0151rel\u00e9p\u00e9s lesz, ha egyes hullad\u00e9ktermel\u0151knek \u00e9s hullad\u00e9klerak\u00f3-\u00fczemeltet\u0151knek p\u00e9nz\u00fcgyi garanci\u00e1kat kell adniuk. \u00c1m ha ez a szab\u00e1lyoz\u00e1s csak a hullad\u00e9kgazd\u00e1lkod\u00e1si enged\u00e9lyhez k\u00f6t\u00f6tt tev\u00e9kenys\u00e9gek v\u00e9gz\u0151ire terjed ki, \u00e9s p\u00e9ld\u00e1ul a vesz\u00e9lyes anyagokkal dolgoz\u00f3 \u00fczemekre nem felt\u00e9tlen\u00fcl, akkor a szab\u00e1lyoz\u00e1s al\u00e1 nem tartoz\u00f3 c\u00e9gek kell\u0151 \u00f6szt\u00f6nz\u00e9s h\u00edj\u00e1n a Greenpeace szerint v\u00e9lhet\u0151en tov\u00e1bbra sem fognak mindent megtenni a balesetek \u00e9s a szennyez\u00e9sek elker\u00fcl\u00e9s\u00e9\u00e9rt, illetve az ezekb\u0151l sz\u00e1rmaz\u00f3 k\u00e1rok megt\u00e9r\u00edt\u00e9s\u00e9\u00e9rt<\/strong>.<strong> Pedig ez a lakoss\u00e1g\u00a0 akkumul\u00e1torgy\u00e1rakkal kapcsolatos jogos aggodalmai miatt is indokolt lenne. A z\u00f6ldszervezet szerint ha nem kell\u0151en magasak a p\u00e9nz\u00fcgyi garanci\u00e1k, \u00e9s a rendelet nem terjed ki a vesz\u00e9lyes \u00fczemekre is, azzal azt az \u00fczenetet k\u00f6zvet\u00edti a korm\u00e1ny, hogy a profit \u00e9rdek\u00e9ben a lakoss\u00e1g, a dolgoz\u00f3k \u00e9s a term\u00e9szet vesz\u00e9lyeztet\u00e9s\u00e9t is elfogadhat\u00f3nak tartja.<\/strong><\/p>\n\n<p>Nemcsak a Greenpeace, de m\u00e9g a J\u00f6v\u0151 Nemzed\u00e9kek Sz\u00f3sz\u00f3l\u00f3ja is <a href=\"https:\/\/sites.greenpeace.hu\/mergezett-oroksegunk\/\" target=\"_blank\" rel=\"noreferrer noopener\">\u00e9vek \u00f3ta k\u00f6veteli<\/a>, hogy a hazai szab\u00e1lyoz\u00e1s biztos\u00edtsa a \u201cszennyez\u0151 fizet\u201d elv teljes\u00fcl\u00e9s\u00e9t. Eszerint a vesz\u00e9lyes hullad\u00e9kokkal, vesz\u00e9lyes anyagokkal foglalkoz\u00f3 c\u00e9geknek is el\u0151zetesen p\u00e9nz\u00fcgyi garanci\u00e1t kell v\u00e1llalniuk, hogy baleset, vagy szennyez\u00e9s eset\u00e9n helyt tudnak \u00e1llni az \u00e1ltaluk okozott k\u00e1rok\u00e9rt. Az elm\u00falt \u00e9vekben sz\u00e1mtalan esetben az ad\u00f3fizet\u0151k p\u00e9nz\u00e9b\u0151l kellett a k\u00f6rnyezeti k\u00e1rokat elh\u00e1r\u00edtani. A z\u00f6ldszervezet ez\u00e9rt sikernek \u00e9s el\u0151rel\u00e9p\u00e9snek tartan\u00e1, ha elfogadn\u00e1k a jelenlegi jogszab\u00e1ly-tervezetet. Azonban a tervezet azt sugallja, mintha csak\u00a0 olyan tev\u00e9kenys\u00e9ggel lehetne k\u00f6rnyezeti k\u00e1rt okozni, amelyhez hullad\u00e9kgazd\u00e1lkod\u00e1si\u00a0 enged\u00e9lyt kell szerezni.\u00a0<\/p>\n\n<figure class=\"wp-block-image size-large is-resized  caption-alignment-right\"><img loading=\"lazy\" decoding=\"async\" src=\"https:\/\/www.greenpeace.org\/static\/planet4-hungary-stateless\/2023\/07\/f3fc0da2-uj-kornyezetvedelmi-biztositas-rendelet-tervezet-csak-reszben-teljesul-a-szennyezo-fizet-elv-1024x683.jpg\" title=\"\u00daj k\u00f6rnyezetv\u00e9delmi biztos\u00edt\u00e1s rendelet-tervezet csak r\u00e9szben teljes\u00fcl a szennyez\u0151 fizet elv\" alt=\"\u00daj k\u00f6rnyezetv\u00e9delmi biztos\u00edt\u00e1s rendelet-tervezet csak r\u00e9szben teljes\u00fcl a szennyez\u0151 fizet elv\" class=\"wp-image-10515\" width=\"768\" height=\"512\" srcset=\"https:\/\/www.greenpeace.org\/static\/planet4-hungary-stateless\/2023\/07\/f3fc0da2-uj-kornyezetvedelmi-biztositas-rendelet-tervezet-csak-reszben-teljesul-a-szennyezo-fizet-elv-1024x683.jpg 1024w, https:\/\/www.greenpeace.org\/static\/planet4-hungary-stateless\/2023\/07\/f3fc0da2-uj-kornyezetvedelmi-biztositas-rendelet-tervezet-csak-reszben-teljesul-a-szennyezo-fizet-elv-300x200.jpg 300w, https:\/\/www.greenpeace.org\/static\/planet4-hungary-stateless\/2023\/07\/f3fc0da2-uj-kornyezetvedelmi-biztositas-rendelet-tervezet-csak-reszben-teljesul-a-szennyezo-fizet-elv-768x512.jpg 768w, https:\/\/www.greenpeace.org\/static\/planet4-hungary-stateless\/2023\/07\/f3fc0da2-uj-kornyezetvedelmi-biztositas-rendelet-tervezet-csak-reszben-teljesul-a-szennyezo-fizet-elv-1536x1024.jpg 1536w, https:\/\/www.greenpeace.org\/static\/planet4-hungary-stateless\/2023\/07\/f3fc0da2-uj-kornyezetvedelmi-biztositas-rendelet-tervezet-csak-reszben-teljesul-a-szennyezo-fizet-elv-510x340.jpg 510w, https:\/\/www.greenpeace.org\/static\/planet4-hungary-stateless\/2023\/07\/f3fc0da2-uj-kornyezetvedelmi-biztositas-rendelet-tervezet-csak-reszben-teljesul-a-szennyezo-fizet-elv.jpg 1999w\" sizes=\"auto, (max-width: 768px) 100vw, 768px\" \/><figcaption class=\"wp-element-caption\"><strong><em>Fot\u00f3: J\u00e1rd\u00e1ny Bence<\/em><\/strong><div class=\"credit icon-left\"> \u00a9 J\u00e1rd\u00e1ny Bence<\/div><\/figcaption><\/figure>\n\n<p>A Greenpeace ez\u00e9rt a tervezet kapcs\u00e1n felh\u00edvja r\u00e1 a figyelmet, hogy a korm\u00e1ny felel\u0151ss\u00e9ge lenne, hogy olyan jogszab\u00e1ly sz\u00fclessen, amely a\u00a0 hullad\u00e9kgazd\u00e1lkod\u00e1si tev\u00e9kenys\u00e9gekhez k\u00f6thet\u0151 k\u00e1resem\u00e9nyeken t\u00fal a vesz\u00e9lyes anyagokhoz \u00e9s\u00a0 kock\u00e1zatos technol\u00f3gi\u00e1khoz k\u00f6thet\u0151 tev\u00e9kenys\u00e9gekre is kiterjed.<strong> <\/strong>Kor\u00e1bban nyilv\u00e1noss\u00e1gra hozott <a href=\"https:\/\/www.greenpeace.org\/hungary\/sajtokozlemeny\/10485\/a-magyarok-donto-tobbsege-nem-ker-az-akkumulatorgyarakbol\/\" target=\"_blank\" rel=\"noreferrer noopener\">k\u00f6zv\u00e9lem\u00e9nykutat\u00e1sukb\u00f3l <\/a>kider\u00fclt, hogy a magyar lakosok az akkumul\u00e1torgy\u00e1rak\u00a0 potenci\u00e1lis szennyez\u00e9s\u00e9t\u0151l tartanak legink\u00e1bb. <a href=\"https:\/\/sites.greenpeace.hu\/mergezett-oroksegunk\/\" target=\"_blank\" rel=\"noreferrer noopener\">R\u00e9szletes felm\u00e9r\u00e9s\u00fck<\/a> pedig azt t\u00e1masztja al\u00e1, hogy a legjelent\u0151sebb k\u00e1rok a vesz\u00e9lyes hullad\u00e9kok mellett a\u00a0 vesz\u00e9lyes anyagok helytelen kezel\u00e9s\u00e9b\u0151l sz\u00e1rmaznak.\u00a0<\/p>\n\n<p>A Greenpeace azt is helytelen\u00edti, hogy a m\u00e9rgez\u0151, t\u0171z- \u00e9s robban\u00e1svesz\u00e9lyes, k\u00f6rnyezetszennyez\u0151 anyagokb\u00f3l eredend\u0151 k\u00e1rok elh\u00e1r\u00edt\u00e1s\u00e1nak k\u00f6lts\u00e9geit a korm\u00e1nyrendelet-tervezet nem felt\u00e9tlen\u00fcl fedezn\u00e9. A vesz\u00e9lyes anyagok &nbsp;szab\u00e1lyoz\u00e1s\u00e1nak azonban &#8211; ak\u00e1r csak a haz\u00e1nkban m\u0171k\u00f6d\u0151 akkumul\u00e1torgy\u00e1rak &nbsp;k\u00f6zelm\u00faltbeli baleseteib\u0151l, potenci\u00e1lis szennyez\u00e9seib\u0151l kiindulva is &#8211; alapvet\u0151 r\u00e9sz\u00e9t kellene k\u00e9peznie egy ilyen rendeletnek.&nbsp;<\/p>\n\n<p>A p\u00e9nz\u00fcgyi biztos\u00edt\u00e9k meghat\u00e1roz\u00e1s\u00e1nak m\u00e9rt\u00e9k\u00e9t is kifog\u00e1solja a Greenpeace. \u00a0A Hortob\u00e1gy sz\u00e9l\u00e9n l\u00e9v\u0151 illeg\u00e1lis vesz\u00e9lyeshullad\u00e9k-lerak\u00f3b\u00f3l 2500 tonna vesz\u00e9lyes hullad\u00e9kot <a href=\"https:\/\/sites.greenpeace.hu\/mergezett-oroksegunk\/hortobagy\/\" target=\"_blank\" rel=\"noreferrer noopener\">400 milli\u00f3 Ft-b\u00f3l<\/a> sz\u00e1ll\u00edtottak el \u00e9s kezeltek. A Budapesti Vegyim\u0171vek felsz\u00e1molt Illatos \u00fati telephely\u00e9n l\u00e9v\u0151 <a href=\"https:\/\/index.hu\/belfold\/2015\/07\/08\/illatos_ut_180_napot_kaptak_a_2300_tonna_hulladek_elszallitasara\/\" target=\"_blank\" rel=\"noreferrer noopener\">2300 tonn\u00e1nyi<\/a> vesz\u00e9lyes hullad\u00e9k elsz\u00e1ll\u00edt\u00e1sa \u00e9s megsemmis\u00edt\u00e9se <a href=\"https:\/\/www.greenpeace.org\/hungary\/sajtokozlemeny\/1465\/illatos-ut-fontos-lepes-hogy-eltuntek-a-hordok-de-a-nagy-feladat-meg-hatra-van\/\" target=\"_blank\" rel=\"noreferrer noopener\">nett\u00f3 1,6 milli\u00e1rd Ft-ba<\/a> ker\u00fclt. A rendelet szerint azonban egy hullad\u00e9kkezel\u0151 c\u00e9g a legszigor\u00fabb krit\u00e9riumok szerint is mind\u00f6ssze 100 milli\u00f3 Ft-os biztos\u00edt\u00e1st k\u00f6teles k\u00f6tni.<\/p>\n\n<p><em>\u201cNem lehet el\u00e9gszer kihangs\u00falyozni, hogy a p\u00e9nz\u00fcgyi felel\u0151ss\u00e9get garant\u00e1l\u00f3 jogszab\u00e1lyi\u00a0 k\u00f6rnyezet mellett sz\u00fcks\u00e9g lenne hat\u00e9konyan m\u0171k\u00f6d\u0151 f\u00fcggetlen hat\u00f3s\u00e1gokra \u00e9s m\u00e1s\u00a0 jogalkalmaz\u00f3 szervekre, \u00edgy f\u00fcggetlen K\u00f6rnyezetv\u00e9delmi Miniszt\u00e9riumra is. Szigor\u00fa p\u00e9nz\u00fcgyi garanci\u00e1k mellett csak az el\u0151\u00edr\u00e1sokat val\u00f3ban betartat\u00f3 hat\u00f3s\u00e1gok int\u00e9zm\u00e9nyek tudn\u00e1k val\u00f3ban megakad\u00e1lyozni a szennyez\u00e9seket, baleseteket \u00e9s csak ezek tudn\u00e1nak tenni az ellen, hogy a k\u00e1rokoz\u00f3k\u00a0 elt\u0171njenek \u00e9s kib\u00fajjanak a felel\u0151ss\u00e9g al\u00f3l.\u201d &#8211; <\/em>nyilatkozta Simon Gergely, a Greenpeace vegyianyag-szak\u00e9rt\u0151je.<\/p>\n\n<p>A Greenpeace teljes v\u00e9lem\u00e9ny\u00e9t a k\u00f6rnyezetv\u00e9delmi biztos\u00edt\u00e1s r\u00e9szletes szab\u00e1lyair\u00f3l sz\u00f3l\u00f3 korm\u00e1nyrendelet tervezet\u00e9r\u0151l <a href=\"https:\/\/www.greenpeace.org\/static\/planet4-hungary-stateless\/2023\/07\/4302e4d7-greenpeace_korny_bizt_gdpr_2.pdf\" target=\"_blank\" rel=\"noreferrer noopener\">ide kattintva<\/a> olvashatja el.<\/p>\n","protected":false},"excerpt":{"rendered":"<p>Budapest, 2023.07.11. A Greenpeace \u00fcdv\u00f6zli a k\u00f6rnyezetv\u00e9delmi biztos\u00edt\u00e1s szab\u00e1lyair\u00f3l sz\u00f3l\u00f3 \u00faj korm\u00e1nyrendelet tervezet\u00e9t. A szervezet szerint el\u0151rel\u00e9p\u00e9s lesz, ha egyes hullad\u00e9ktermel\u0151knek \u00e9s hullad\u00e9klerak\u00f3-\u00fczemeltet\u0151knek p\u00e9nz\u00fcgyi garanci\u00e1kat kell adniuk. \u00c1m ha ez&hellip;<\/p>\n","protected":false},"author":25,"featured_media":10515,"comment_status":"closed","ping_status":"closed","sticky":false,"template":"","format":"standard","meta":{"ep_exclude_from_search":false,"p4_og_title":"","p4_og_description":"","p4_og_image":"","p4_og_image_id":"","p4_seo_canonical_url":"","p4_campaign_name":"","p4_local_project":"","p4_basket_name":"","p4_department":"","footnotes":""},"categories":[1],"tags":[],"p4-page-type":[37],"class_list":["post-10512","post","type-post","status-publish","format-standard","has-post-thumbnail","hentry","category-uncategorized","p4-page-type-sajtokozlemeny"],"_links":{"self":[{"href":"https:\/\/www.greenpeace.org\/hungary\/wp-json\/wp\/v2\/posts\/10512","targetHints":{"allow":["GET"]}}],"collection":[{"href":"https:\/\/www.greenpeace.org\/hungary\/wp-json\/wp\/v2\/posts"}],"about":[{"href":"https:\/\/www.greenpeace.org\/hungary\/wp-json\/wp\/v2\/types\/post"}],"author":[{"embeddable":true,"href":"https:\/\/www.greenpeace.org\/hungary\/wp-json\/wp\/v2\/users\/25"}],"replies":[{"embeddable":true,"href":"https:\/\/www.greenpeace.org\/hungary\/wp-json\/wp\/v2\/comments?post=10512"}],"version-history":[{"count":3,"href":"https:\/\/www.greenpeace.org\/hungary\/wp-json\/wp\/v2\/posts\/10512\/revisions"}],"predecessor-version":[{"id":10516,"href":"https:\/\/www.greenpeace.org\/hungary\/wp-json\/wp\/v2\/posts\/10512\/revisions\/10516"}],"wp:featuredmedia":[{"embeddable":true,"href":"https:\/\/www.greenpeace.org\/hungary\/wp-json\/wp\/v2\/media\/10515"}],"wp:attachment":[{"href":"https:\/\/www.greenpeace.org\/hungary\/wp-json\/wp\/v2\/media?parent=10512"}],"wp:term":[{"taxonomy":"category","embeddable":true,"href":"https:\/\/www.greenpeace.org\/hungary\/wp-json\/wp\/v2\/categories?post=10512"},{"taxonomy":"post_tag","embeddable":true,"href":"https:\/\/www.greenpeace.org\/hungary\/wp-json\/wp\/v2\/tags?post=10512"},{"taxonomy":"p4-page-type","embeddable":true,"href":"https:\/\/www.greenpeace.org\/hungary\/wp-json\/wp\/v2\/p4-page-type?post=10512"}],"curies":[{"name":"wp","href":"https:\/\/api.w.org\/{rel}","templated":true}]}}