{"id":10631,"date":"2023-10-04T09:27:23","date_gmt":"2023-10-04T07:27:23","guid":{"rendered":"https:\/\/www.greenpeace.org\/hungary\/?p=10631"},"modified":"2023-10-04T09:27:25","modified_gmt":"2023-10-04T07:27:25","slug":"a-greenpeace-koveteli-a-jogszabaly-visszavonasat-amely-a-szennyezo-cegeket-mentesiti-a-szankciok-alol","status":"publish","type":"post","link":"https:\/\/www.greenpeace.org\/hungary\/sajtokozlemeny\/10631\/a-greenpeace-koveteli-a-jogszabaly-visszavonasat-amely-a-szennyezo-cegeket-mentesiti-a-szankciok-alol\/","title":{"rendered":"A Greenpeace k\u00f6veteli a jogszab\u00e1ly visszavon\u00e1s\u00e1t, amely a szennyez\u0151 c\u00e9geket mentes\u00edti a szankci\u00f3k al\u00f3l"},"content":{"rendered":"\n<p><strong>A Greenpeace elfogadhatatlannak tartja a magyar korm\u00e1ny szeptember 21-\u00e9n, a h\u00e1bor\u00fas v\u00e9szhelyzetre hivatkozva hozott korm\u00e1nyrendelet\u00e9t (<a href=\"https:\/\/magyarkozlony.hu\/dokumentumok\/56fde1ca0e5700191337d1b201a42ad70b297c12\/megtekintes\">Magyar K\u00f6zl\u00f6ny<\/a>), mely hatalmas kedvezm\u00e9nyt ny\u00fajt a hazai el\u0151\u00edr\u00e1sokat be nem tart\u00f3, szennyez\u0151 c\u00e9geknek, semmibe v\u00e9ve a k\u00f6rnyezet v\u00e9delm\u00e9t \u00e9s a magyar emberek eg\u00e9szs\u00e9g\u00e9t. A jogszab\u00e1ly \u00e9rtelm\u00e9ben ak\u00e1r b\u00fcntetlen\u00fcl szennyezhetik a leveg\u0151t, a talajt \u00e9s a vizeinket a gy\u00e1rak, bele\u00e9rtve az akkumul\u00e1tor\u00fczemeket is. A kihirdetett szab\u00e1ly alapj\u00e1n a gy\u00e1rt\u00f3i szennyez\u00e9snek nincs fels\u0151 hat\u00e1ra, vagyis elvileg b\u00e1rmilyen s\u00falyos szennyez\u00e9s eset\u00e9n mentes\u00fclhetnek a mulaszt\u00f3k a szankci\u00f3k, t\u00f6bbek k\u00f6z\u00f6tt a p\u00e9nzb\u00edrs\u00e1gok vagy bez\u00e1rat\u00e1s al\u00f3l. A rendelet semmilyen felt\u00e9telt, \u00edgy a hat\u00e1rid\u0151t sem hat\u00e1rozza meg, teh\u00e1t a leveg\u0151nket, vizeinket, lakoss\u00e1got k\u00e1ros\u00edt\u00f3 szennyez\u00e9s tetsz\u0151leges ideig megmaradhat. A h\u00e1bor\u00fas vesz\u00e9lyhelyzetre hivatkoz\u00f3 korm\u00e1nyrendelet a Greenpeace szerint t\u00f6bb okb\u00f3l is ellentmond az Alapt\u00f6rv\u00e9nynek, \u00e9s szembemegy sz\u00e1mos hazai \u00e9s uni\u00f3s jogszab\u00e1llyal.<\/strong><\/p>\n\n<p>Az akkumul\u00e1torgy\u00e1rakat, akkumul\u00e1torhullad\u00e9k-feldolgoz\u00f3 \u00fczemeket sorozatban b\u00fcntett\u00e9k az elm\u00falt h\u00f3napokban szab\u00e1lytalan, szennyez\u0151, t\u00f6bbsz\u00f6r a dolgoz\u00f3k eg\u00e9szs\u00e9g\u00e9t is vesz\u00e9lyeztet\u0151 m\u0171k\u00f6d\u00e9s\u00fck miatt. A b\u00fcntet\u00e9sek eddig sem voltak elrettent\u0151 erej\u0171ek, viszont az \u00faj rendelet alapj\u00e1n a szennyez\u0151 c\u00e9gek, b\u00e1rmilyen k\u00f6rnyezetv\u00e9delmi jogs\u00e9rt\u00e9st is k\u00f6vetnek el, felment\u00e9st kapnak a k\u00f6rnyezetv\u00e9delmi korl\u00e1toz\u00e1s, felf\u00fcggeszt\u00e9s vagy a jogellenes tev\u00e9kenys\u00e9gt\u0151l val\u00f3 eltilt\u00e1s al\u00f3l, ha szerz\u0151d\u00e9st k\u00f6tnek a hat\u00f3s\u00e1ggal. A hat\u00f3s\u00e1gi szerz\u0151d\u00e9sekr\u0151l, amelyek keret\u00e9ben elvileg rendezn\u00e9k a jogszab\u00e1lys\u00e9rt\u00e9seket, semmilyen krit\u00e9rium nem ismert: sem az, hogy a hat\u00f3s\u00e1g mi\u00e9rt d\u00f6nt szankcion\u00e1l\u00e1s helyett szerz\u0151d\u00e9sk\u00f6t\u00e9sr\u0151l; sem az, hogy a k\u00fcl\u00f6nb\u00f6z\u0151 s\u00falyoss\u00e1g\u00fa esetekben milyen felt\u00e9teleket, milyen hat\u00e1rid\u0151ket kell alkalmaznia; sem az, hogy egyszer\u0171en a hat\u00f3s\u00e1g ismeretlen szempontrendszer\u0171 m\u00e9rlegel\u00e9s\u00e9re lesz-e b\u00edzva a d\u00f6nt\u00e9s meghozatala. R\u00e1ad\u00e1sul az sem ismert, hogy a szerz\u0151d\u00e9sek az eddig hozott hat\u00e1rozatokhoz hasonl\u00f3an nyilv\u00e1nosak, vagy ellenkez\u0151leg, titkosak lesznek.<\/p>\n\n<p>A k\u00f6rnyezetv\u00e9delem\u00e9rt felel\u0151s Energetikai Miniszt\u00e9rium a szakmai tiltakoz\u00e1sra v\u00e1laszul azt <a href=\"https:\/\/444.hu\/2023\/09\/23\/az-energiaugyi-miniszterium-szerint-csak-mar-mukodo-kohaszati-uzemekre-vonatkozik-majd-a-kornyezetvedelmi-birsagos-kiskapu-aksigyarakra-nem\">k\u00f6z\u00f6lte<\/a>, hogy a rendelet kiz\u00e1r\u00f3lag a koh\u00e1szatra vonatkozik, \u00e9s ezzel kapcsolatban pontos\u00edt\u00e1st fognak k\u00f6zz\u00e9 tenni. Ezt k\u00e9s\u0151bb Guly\u00e1s Gergely Minisztereln\u00f6ks\u00e9get vezet\u0151 miniszter \u00fagy <a href=\"https:\/\/telex.hu\/belfold\/2023\/09\/28\/kormanyinfo-legfontosabb-allitasok\">pontos\u00edtotta,<\/a> hogy a rendelet kifejezetten a Dunaferr miatt sz\u00fcletett. A Greenpeace \u00e1ll\u00e1spontja szerint a k\u00f6rnyezetet egyik legjobban terhel\u0151 \u00e1gazat, a koh\u00e1szat eset\u00e9ben sem bocs\u00e1that\u00f3 meg a leveg\u0151nk \u00e9s a vizeink m\u00e9rgez\u00e9se, \u00e9s nem engedhet\u0151 meg a k\u00f6rnyezetv\u00e9delem alapelveit \u00e9s szab\u00e1lyait semmibe vev\u0151 kiskapu megnyit\u00e1sa.<\/p>\n\n<p>A szeptember 28-\u00e1n megjelent, az egy h\u00e9ttel kor\u00e1bbi korm\u00e1nyrendelet pontos\u00edt\u00f3 <a href=\"https:\/\/magyarkozlony.hu\/dokumentumok\/73d5e0ffdbec8afb16c07b8bc8f788a1d8b3b21e\/megtekintes\">korm\u00e1nyhat\u00e1rozat<\/a> nem korl\u00e1tozza a rendelet hat\u00e1ly\u00e1t egyetlen ipar\u00e1gra sem. \u00cdgy a rendelet tov\u00e1bbra is szabadon alkalmazhat\u00f3 az \u00f6sszes hazai ipari \u00e9s mez\u0151gazdas\u00e1gi l\u00e9tes\u00edtm\u00e9nyre, \u00edgy a gombam\u00f3d szaporod\u00f3 akkumul\u00e1torgy\u00e1rakra is. A hat\u00e1rozat ugyanis csak annyit mond ki, hogy a hat\u00f3s\u00e1gi szerz\u0151d\u00e9sr\u0151l val\u00f3j\u00e1ban nem a k\u00f6rnyezetv\u00e9delmi hat\u00f3s\u00e1g d\u00f6nthet, \u00e9s m\u00e9g csak nem is a k\u00f6rnyezetv\u00e9delem\u00e9rt felel\u0151s miniszter, hanem v\u00e9gs\u0151 soron a k\u00f6zigazgat\u00e1s szervez\u00e9s\u00e9\u00e9rt felel\u0151s miniszter, azaz jelen esetben Guly\u00e1s Gergely.<\/p>\n\n<p>A Greenpeace szerint a korm\u00e1nyhat\u00e1rozat gyakorlatilag ny\u00edltan politikai eszk\u00f6zz\u00e9\/k\u00e9rd\u00e9ss\u00e9 teszi a k\u00f6rnyezetszennyez\u00e9s szankcion\u00e1l\u00e1s\u00e1t, hiszen az am\u00fagy is \u00e1tl\u00e1thatatlan h\u00e1tter\u0171 k\u00f6rnyezetv\u00e9delmi hat\u00f3s\u00e1gi szerz\u0151d\u00e9sr\u0151l sz\u00f3l\u00f3 d\u00f6nt\u00e9s a korm\u00e1ny egy olyan tagj\u00e1hoz ker\u00fclt, aki semmilyen szerepet nem j\u00e1tszik a k\u00f6rnyezetv\u00e9delmi igazgat\u00e1sban. A d\u00f6nt\u00e9sek \u00edgy v\u00e1rhat\u00f3an nem szakmai alapon, hanem politikai \u00e9rdekek ment\u00e9n fognak megsz\u00fcletni. Ez pedig j\u00f3l illeszkedik a korm\u00e1ny t\u00f6rekv\u00e9seihez, hogy Magyarorsz\u00e1got akkumul\u00e1tor-nagyhatalomm\u00e1 tegye, a k\u00f6rnyezet \u00e9s a dolgoz\u00f3k v\u00e9delm\u00e9vel sok esetben hadil\u00e1bon \u00e1ll\u00f3 \u00e1zsiai gy\u00e1rt\u00f3k haz\u00e1nkba cs\u00e1b\u00edt\u00e1s\u00e1val.&nbsp;<\/p>\n\n<p>Elfogadhatatlan az is, hogy a korm\u00e1nyzati nyilatkozatokkal megt\u00e9vesztik a k\u00f6zv\u00e9lem\u00e9nyt, amikor azt \u00e1ll\u00edtj\u00e1k, hogy a szab\u00e1lyoz\u00e1s csak a koh\u00e1szatra, ezen bel\u00fcl a Dunaferre vonatkozik, mik\u00f6zben a Magyar K\u00f6zl\u00f6nyben megjelent korm\u00e1nyrendelet \u00e9s az ezt kieg\u00e9sz\u00edt\u0151 korm\u00e1nyhat\u00e1rozat egy\u00e1ltal\u00e1n nem tartalmaz ilyen megk\u00f6t\u00e9st.<\/p>\n\n<p>Sz\u00e1mos c\u00e9g m\u00e1r eddig is belekalkul\u00e1lta m\u0171k\u00f6d\u00e9s\u00e9be a nem t\u00fal jelent\u0151s b\u00fcntet\u00e9seket, rendre nem tartja be a jogszab\u00e1lyokat \u00e9s az enged\u00e9lyekben meghat\u00e1torozott el\u0151\u00edr\u00e1sokat \u00e9s szennyezi a k\u00f6rnyezetet. Az \u00faj korm\u00e1nyrendelet pedig csak m\u00e9g nagyobb felhatalmaz\u00e1st ad a szab\u00e1lyokat rendszeresen megszeg\u0151, a k\u00f6rnyezetet \u00e9s a lakoss\u00e1got terhel\u0151 \u00fczemeknek a k\u00f6rnyezetv\u00e9delmi rendelkez\u00e9sek figyelmen k\u00edv\u00fcl hagy\u00e1s\u00e1ra.<\/p>\n\n<p>A Greenpeace hat\u00e1rozottan tiltakozik a hazai k\u00f6rnyezet- \u00e9s term\u00e9szetv\u00e9delmet ignor\u00e1l\u00f3 korm\u00e1nyrendelet ellen, \u00e9s annak visszavon\u00e1s\u00e1t k\u00f6veteli. A szervezet a tiltakoz\u00e1s\u00e1n t\u00fal keresi a jogi lehet\u0151s\u00e9geket a korm\u00e1nyrendelet halad\u00e9ktalan visszavon\u00e1sa \u00e9rdek\u00e9ben.<\/p>\n","protected":false},"excerpt":{"rendered":"<p>A jogszab\u00e1ly \u00e9rtelm\u00e9ben ak\u00e1r b\u00fcntetlen\u00fcl szennyezhetik a leveg\u0151t, a talajt \u00e9s a vizeinket a gy\u00e1rak, bele\u00e9rtve az akkumul\u00e1tor\u00fczemeket is.<\/p>\n","protected":false},"author":25,"featured_media":10345,"comment_status":"closed","ping_status":"closed","sticky":false,"template":"","format":"standard","meta":{"ep_exclude_from_search":false,"p4_og_title":"","p4_og_description":"","p4_og_image":"","p4_og_image_id":"","p4_seo_canonical_url":"","p4_campaign_name":"","p4_local_project":"","p4_basket_name":"","p4_department":"","footnotes":""},"categories":[4],"tags":[8,24],"p4-page-type":[37],"class_list":["post-10631","post","type-post","status-publish","format-standard","has-post-thumbnail","hentry","category-ember-tarsadalom","tag-fogyasztas","tag-szennyezes","p4-page-type-sajtokozlemeny"],"_links":{"self":[{"href":"https:\/\/www.greenpeace.org\/hungary\/wp-json\/wp\/v2\/posts\/10631","targetHints":{"allow":["GET"]}}],"collection":[{"href":"https:\/\/www.greenpeace.org\/hungary\/wp-json\/wp\/v2\/posts"}],"about":[{"href":"https:\/\/www.greenpeace.org\/hungary\/wp-json\/wp\/v2\/types\/post"}],"author":[{"embeddable":true,"href":"https:\/\/www.greenpeace.org\/hungary\/wp-json\/wp\/v2\/users\/25"}],"replies":[{"embeddable":true,"href":"https:\/\/www.greenpeace.org\/hungary\/wp-json\/wp\/v2\/comments?post=10631"}],"version-history":[{"count":1,"href":"https:\/\/www.greenpeace.org\/hungary\/wp-json\/wp\/v2\/posts\/10631\/revisions"}],"predecessor-version":[{"id":10632,"href":"https:\/\/www.greenpeace.org\/hungary\/wp-json\/wp\/v2\/posts\/10631\/revisions\/10632"}],"wp:featuredmedia":[{"embeddable":true,"href":"https:\/\/www.greenpeace.org\/hungary\/wp-json\/wp\/v2\/media\/10345"}],"wp:attachment":[{"href":"https:\/\/www.greenpeace.org\/hungary\/wp-json\/wp\/v2\/media?parent=10631"}],"wp:term":[{"taxonomy":"category","embeddable":true,"href":"https:\/\/www.greenpeace.org\/hungary\/wp-json\/wp\/v2\/categories?post=10631"},{"taxonomy":"post_tag","embeddable":true,"href":"https:\/\/www.greenpeace.org\/hungary\/wp-json\/wp\/v2\/tags?post=10631"},{"taxonomy":"p4-page-type","embeddable":true,"href":"https:\/\/www.greenpeace.org\/hungary\/wp-json\/wp\/v2\/p4-page-type?post=10631"}],"curies":[{"name":"wp","href":"https:\/\/api.w.org\/{rel}","templated":true}]}}