{"id":10681,"date":"2023-11-06T14:44:17","date_gmt":"2023-11-06T13:44:17","guid":{"rendered":"https:\/\/www.greenpeace.org\/hungary\/?p=10681"},"modified":"2023-11-08T10:13:56","modified_gmt":"2023-11-08T09:13:56","slug":"halobol-szabaditott-ki-egy-balnat-a-greenpeace-hajojanak-legenysege","status":"publish","type":"post","link":"https:\/\/www.greenpeace.org\/hungary\/cikkek\/10681\/halobol-szabaditott-ki-egy-balnat-a-greenpeace-hajojanak-legenysege\/","title":{"rendered":"H\u00e1l\u00f3b\u00f3l szabad\u00edtott ki egy b\u00e1ln\u00e1t a Greenpeace haj\u00f3j\u00e1nak leg\u00e9nys\u00e9ge"},"content":{"rendered":"\n<p><strong>Hal\u00e1szh\u00e1l\u00f3ba gabalyodott <a href=\"https:\/\/youtube.com\/shorts\/r8X_wd5ECQc\" target=\"_blank\" rel=\"noreferrer noopener\">hossz\u00fasz\u00e1rny\u00fa b\u00e1ln\u00e1t mentett meg a Greenpeace<\/a> Arctic Sunrise nev\u0171 haj\u00f3j\u00e1nak leg\u00e9nys\u00e9ge Mexik\u00f3 partjain\u00e1l. Az okt\u00f3ber 21-\u00e9n t\u00f6rt\u00e9nt eset j\u00f3l szeml\u00e9lteti azt a vesz\u00e9lyt, amivel a tengeri eml\u0151s\u00f6k szembes\u00fclnek. \u00c9vente ugyanis <\/strong><a href=\"https:\/\/iwc.int\/management-and-conservation\/entanglement\" target=\"_blank\" rel=\"noreferrer noopener\"><strong>t\u00f6bb mint 300 ezer delfin \u00e9s b\u00e1lna esik \u00e1ldozatul<\/strong><\/a><strong> annak, hogy az ipari hal\u00e1szatban haszn\u00e1lt h\u00e1l\u00f3kba, k\u00f6telekbe tekerednek, ami ezeknek a tengeri eml\u0151s\u00f6knek a vezet\u0151 hal\u00e1lok\u00e1v\u00e1 v\u00e1lt. Ezen k\u00edv\u00fcl rengeteg \u00f3ce\u00e1ni \u00e9l\u0151l\u00e9ny pusztul el abban, hogy haj\u00f3knak \u00fctk\u00f6znek, de a tengerek m\u0171anyagszennyez\u00e9se is egyre s\u00falyosabban fenyegeti \u0151ket.&nbsp;<\/strong><\/p>\n\n<figure class=\"wp-block-image size-full  caption-alignment-right\"><img loading=\"lazy\" decoding=\"async\" width=\"800\" height=\"521\" src=\"https:\/\/www.greenpeace.org\/static\/planet4-hungary-stateless\/2023\/11\/a6700a6b-halobol-szabaditott-ki-egy-balnat-a-greenpeace-hajojanak-legenysege.jpg\" alt=\"\" class=\"wp-image-10682\" srcset=\"https:\/\/www.greenpeace.org\/static\/planet4-hungary-stateless\/2023\/11\/a6700a6b-halobol-szabaditott-ki-egy-balnat-a-greenpeace-hajojanak-legenysege.jpg 800w, https:\/\/www.greenpeace.org\/static\/planet4-hungary-stateless\/2023\/11\/a6700a6b-halobol-szabaditott-ki-egy-balnat-a-greenpeace-hajojanak-legenysege-300x195.jpg 300w, https:\/\/www.greenpeace.org\/static\/planet4-hungary-stateless\/2023\/11\/a6700a6b-halobol-szabaditott-ki-egy-balnat-a-greenpeace-hajojanak-legenysege-768x500.jpg 768w, https:\/\/www.greenpeace.org\/static\/planet4-hungary-stateless\/2023\/11\/a6700a6b-halobol-szabaditott-ki-egy-balnat-a-greenpeace-hajojanak-legenysege-510x332.jpg 510w\" sizes=\"auto, (max-width: 800px) 100vw, 800px\" \/><figcaption><div class=\"credit icon-left\"> \u00a9 Paul Hilton \/ Greenpeace<\/div><\/figcaption><\/figure>\n\n<p>A hossz\u00fasz\u00e1rny\u00fa b\u00e1lna egy Oregonban bejegyzett r\u00e1k\u00e1szhaj\u00f3r\u00f3l sz\u00e1rmaz\u00f3 hal\u00e1szh\u00e1l\u00f3ba gabalyodott bele. A haj\u00f3t \u00fczemeltet\u0151 t\u00e1rsas\u00e1got m\u00e1r kor\u00e1bban \u00f6sszef\u00fcgg\u00e9sbe hozt\u00e1k b\u00e1ln\u00e1k hal\u00e1l\u00e1val, \u00e9s a K\u00f6zpont a Biol\u00f3giai Sokf\u00e9les\u00e9g\u00e9rt nev\u0171 nonprofit szervezet (Center for Biological Diversity) pert is ind\u00edtott ellen\u00fck.<\/p>\n\n<p>B\u00e1r az ilyen esetekben a rutinelj\u00e1r\u00e1s az illet\u00e9kes hat\u00f3s\u00e1gok riaszt\u00e1sa de a t\u00e1vols\u00e1g \u00e9s a b\u00e1lna \u00e9let\u00e9t fenyeget\u0151 k\u00f6zvetlen vesz\u00e9ly miatt az Arctic Sunrise leg\u00e9nys\u00e9ge \u00fagy d\u00f6nt\u00f6tt, hogy gyorsan a tettek mezej\u00e9re l\u00e9pnek. Ek\u00f6zben a nemzetk\u00f6zi Greenpeace munkat\u00e1rsai a Nemzeti \u00d3ce\u00e1n- \u00e9s L\u00e9gk\u00f6rkutat\u00e1si Hivatalon kereszt\u00fcl jelentett\u00e9k az esetet a hat\u00f3s\u00e1goknak.<\/p>\n\n<p>Ignacio Soaje, az Arctic Sunrise els\u0151tisztje elmondta: \u201eAmit az Arctic Sunrise csapat\u00e1val el\u00e9rt\u00fcnk, az azon ritka esetek egyike, ahol az emberi beavatkoz\u00e1s j\u00f3t tesz. Egyszer\u0171en elfogadhatatlan, hogy \u00e9vente t\u00f6bb sz\u00e1zezer b\u00e1lna \u00e9s delfin pusztul el a hal\u00e1szati ipar miatt. Mik\u00f6zben egy b\u00e1ln\u00e1t megmentett\u00fcnk, ugyanazon a napon k\u00f6zel ezer m\u00e1sik b\u00e1lna esett \u00e1ldozatul annak, hogy hal\u00e1szh\u00e1l\u00f3kba akadtak \u00e9s megfulladtak. Nem engedhetj\u00fck meg, hogy ilyen \u00e1ldozatokkal m\u0171k\u00f6dj\u00f6n ez az ipar\u00e1g.\u201d<\/p>\n\n<p>\u201eAz \u00f3ce\u00e1nok eg\u00e9szs\u00e9ge kihat a F\u00f6ld teljes \u00f6kosziszt\u00e9m\u00e1j\u00e1ra, \u00e9s a b\u00e1ln\u00e1knak fontos szerepe van ennek az egyens\u00falynak a fenntart\u00e1s\u00e1ban. Ez az eset m\u00e9g nyomat\u00e9kosabban h\u00edvja fel a figyelmet arra, hogy nemzetk\u00f6zi fell\u00e9p\u00e9sre van sz\u00fcks\u00e9g \u00f3ce\u00e1njaink \u00e9s az \u00e9l\u0151vil\u00e1guk v\u00e9delm\u00e9ben.\u201d \u2013 tette hozz\u00e1 Soaje.<\/p>\n\n<p>A v\u00e9dett \u00f3ce\u00e1ni \u00f6vezetek kulcsszerepet j\u00e1tszanak a tengeri \u00e9l\u0151vil\u00e1g, k\u00f6zt\u00fck a b\u00e1ln\u00e1k v\u00e9delm\u00e9ben, hiszen ezek l\u00e9trej\u00f6tt\u00e9vel kritikus t\u00e1pl\u00e1lkoz\u00f3- \u00e9s szaporod\u00f3ter\u00fcleteken korl\u00e1tozn\u00e1k a hal\u00e1szati tev\u00e9kenys\u00e9get. A m\u00e1rciusban elfogadott glob\u00e1lis \u00f3ce\u00e1nv\u00e9delmi egyezm\u00e9ny p\u00e9ld\u00e1tlan lehet\u0151s\u00e9get k\u00edn\u00e1l arra, hogy a ny\u00edlt tengereken l\u00e9trehozz\u00e1k ezeket a ter\u00fcleteket, \u00e9s ezzel biztos\u00edts\u00e1k a b\u00e1ln\u00e1k \u00e9s minden m\u00e1s tengeri faj meg\u00f3v\u00e1s\u00e1t. Az egyezm\u00e9nyr\u0151l az ENSZ keretein bel\u00fcl \u00e1llapodtak meg a korm\u00e1nyok azzal a c\u00e9llal, hogy <a href=\"https:\/\/www.greenpeace.org\/hungary\/sajtokozlemeny\/10650\/greenpeace-olyan-nagy-veszelyben-vannak-a-tengereink-hogy-az-meg-a-kutatokat-is-megdobbentette\/\" target=\"_blank\" rel=\"noreferrer noopener\">2030-ig a ny\u00edlt tengerek 30%-\u00e1t v\u00e9dett\u00e9 kell nyilv\u00e1n\u00edtani<\/a>.<br><a href=\"https:\/\/sites.greenpeace.hu\/peticio\/valodi-vedelmet-az-oceanoknak\/\" target=\"_blank\" rel=\"noreferrer noopener\">Nemzetk\u00f6zi pet\u00edci\u00f3nkban<\/a> arra k\u00e9rj\u00fck a vil\u00e1g vezet\u0151it, hogy miel\u0151bb cselekedjenek: l\u00e9ptess\u00e9k \u00e9letbe ezt az egyezm\u00e9nyt, \u00e9s kezdj\u00e9k el kijel\u00f6lni a v\u00e9dett \u00f6vezeteket a ny\u00edlt tengereken.<\/p>\n","protected":false},"excerpt":{"rendered":"<p>Hal\u00e1szh\u00e1l\u00f3ba gabalyodott hossz\u00fasz\u00e1rny\u00fa b\u00e1ln\u00e1t mentett meg a Greenpeace Arctic Sunrise nev\u0171 haj\u00f3j\u00e1nak leg\u00e9nys\u00e9ge Mexik\u00f3 partjain\u00e1l. Az okt\u00f3ber 21-\u00e9n t\u00f6rt\u00e9nt eset j\u00f3l szeml\u00e9lteti azt a vesz\u00e9lyt, amivel a tengeri eml\u0151s\u00f6k szembes\u00fclnek.&hellip;<\/p>\n","protected":false},"author":25,"featured_media":10682,"comment_status":"closed","ping_status":"closed","sticky":false,"template":"","format":"standard","meta":{"ep_exclude_from_search":false,"p4_og_title":"","p4_og_description":"","p4_og_image":"","p4_og_image_id":"","p4_seo_canonical_url":"","p4_campaign_name":"","p4_local_project":"","p4_basket_name":"","p4_department":"","footnotes":""},"categories":[3],"tags":[20],"p4-page-type":[16],"class_list":["post-10681","post","type-post","status-publish","format-standard","has-post-thumbnail","hentry","category-termeszet-kornyezet","tag-elovilag","p4-page-type-cikkek"],"_links":{"self":[{"href":"https:\/\/www.greenpeace.org\/hungary\/wp-json\/wp\/v2\/posts\/10681","targetHints":{"allow":["GET"]}}],"collection":[{"href":"https:\/\/www.greenpeace.org\/hungary\/wp-json\/wp\/v2\/posts"}],"about":[{"href":"https:\/\/www.greenpeace.org\/hungary\/wp-json\/wp\/v2\/types\/post"}],"author":[{"embeddable":true,"href":"https:\/\/www.greenpeace.org\/hungary\/wp-json\/wp\/v2\/users\/25"}],"replies":[{"embeddable":true,"href":"https:\/\/www.greenpeace.org\/hungary\/wp-json\/wp\/v2\/comments?post=10681"}],"version-history":[{"count":5,"href":"https:\/\/www.greenpeace.org\/hungary\/wp-json\/wp\/v2\/posts\/10681\/revisions"}],"predecessor-version":[{"id":10697,"href":"https:\/\/www.greenpeace.org\/hungary\/wp-json\/wp\/v2\/posts\/10681\/revisions\/10697"}],"wp:featuredmedia":[{"embeddable":true,"href":"https:\/\/www.greenpeace.org\/hungary\/wp-json\/wp\/v2\/media\/10682"}],"wp:attachment":[{"href":"https:\/\/www.greenpeace.org\/hungary\/wp-json\/wp\/v2\/media?parent=10681"}],"wp:term":[{"taxonomy":"category","embeddable":true,"href":"https:\/\/www.greenpeace.org\/hungary\/wp-json\/wp\/v2\/categories?post=10681"},{"taxonomy":"post_tag","embeddable":true,"href":"https:\/\/www.greenpeace.org\/hungary\/wp-json\/wp\/v2\/tags?post=10681"},{"taxonomy":"p4-page-type","embeddable":true,"href":"https:\/\/www.greenpeace.org\/hungary\/wp-json\/wp\/v2\/p4-page-type?post=10681"}],"curies":[{"name":"wp","href":"https:\/\/api.w.org\/{rel}","templated":true}]}}