{"id":10810,"date":"2024-03-04T09:00:00","date_gmt":"2024-03-04T08:00:00","guid":{"rendered":"https:\/\/www.greenpeace.org\/hungary\/?p=10810"},"modified":"2024-03-04T13:10:19","modified_gmt":"2024-03-04T12:10:19","slug":"a-galapagos-szigetek-az-elo-pelda-arra-hogyan-vedhetjuk-meg-az-oceanokat","status":"publish","type":"post","link":"https:\/\/www.greenpeace.org\/hungary\/blog\/10810\/a-galapagos-szigetek-az-elo-pelda-arra-hogyan-vedhetjuk-meg-az-oceanokat\/","title":{"rendered":"A Gal\u00e1pagos-szigetek az \u00e9l\u0151 p\u00e9lda arra, hogyan v\u00e9dhetj\u00fck meg az \u00f3ce\u00e1nokat"},"content":{"rendered":"\n<p><strong>A Greenpeace csapata febru\u00e1rban ism\u00e9t kihaj\u00f3zott a ny\u00edlt vizekre, hogy felt\u00e9rk\u00e9pezze a vil\u00e1g egyik legcsod\u00e1latosabb tengeri rezerv\u00e1tum\u00e1t. K\u00f6zel egy \u00e9vvel azut\u00e1n, hogy a vil\u00e1g nemzetei meg\u00e1llapodtak az \u00f3ce\u00e1nv\u00e9delmi egyezm\u00e9nyr\u0151l, az Arctic Sunrise nev\u0171 haj\u00f3nk a Gal\u00e1pagos-szigetekhez l\u00e1togatott, hogy bemutasson egy kiv\u00e1l\u00f3 p\u00e9ld\u00e1t arra, hogyan v\u00e9dhetj\u00fck meg sikeresen a tengerek \u00e9l\u0151vil\u00e1g\u00e1t.<\/strong><\/p>\n\n<figure class=\"wp-block-image size-full  caption-alignment-right\"><img loading=\"lazy\" decoding=\"async\" width=\"800\" height=\"533\" src=\"https:\/\/www.greenpeace.org\/static\/planet4-hungary-stateless\/2024\/03\/783b13e3-gp0stznia_low_res.jpg\" title=\"K\u00e9pek Markus Mauthe Ggalapagos-utaz\u00e1s\u00e1r\u00f3l a The Climate Turning Points (Az \u00e9ghajlati fordul\u00f3pontok) c\u00edm\u0171 vil\u00e1gm\u00e9ret\u0171 projektje keret\u00e9ben.\" alt=\"K\u00e9pek Markus Mauthe Ggalapagos-utaz\u00e1s\u00e1r\u00f3l a The Climate Turning Points (Az \u00e9ghajlati fordul\u00f3pontok) c\u00edm\u0171 vil\u00e1gm\u00e9ret\u0171 projektje keret\u00e9ben.\" class=\"wp-image-10824\" srcset=\"https:\/\/www.greenpeace.org\/static\/planet4-hungary-stateless\/2024\/03\/783b13e3-gp0stznia_low_res.jpg 800w, https:\/\/www.greenpeace.org\/static\/planet4-hungary-stateless\/2024\/03\/783b13e3-gp0stznia_low_res-300x200.jpg 300w, https:\/\/www.greenpeace.org\/static\/planet4-hungary-stateless\/2024\/03\/783b13e3-gp0stznia_low_res-768x512.jpg 768w, https:\/\/www.greenpeace.org\/static\/planet4-hungary-stateless\/2024\/03\/783b13e3-gp0stznia_low_res-510x340.jpg 510w\" sizes=\"auto, (max-width: 800px) 100vw, 800px\" \/><figcaption><div class=\"credit icon-left\"> \u00a9 Markus Mauthe \/ Greenpeace<\/div><\/figcaption><\/figure>\n\n<p>A Gal\u00e1pagos-szigetek F\u00f6ld\u00fcnk mesebeli szeglete. Egy olyan k\u00fcl\u00f6nleges \u00e9l\u0151hely, ahol \u00f3ri\u00e1si, \u0151sl\u00e9nyszer\u0171 tekn\u0151s\u00f6k bolyonganak \u00e9s egzotikus tengeri legu\u00e1nok mer\u00fclnek az \u00f3ce\u00e1nfen\u00e9kre \u00e9lelem\u00e9rt. Itt sz\u00fcletett meg az evol\u00faci\u00f3 elm\u00e9lete, \u00e9s ez a f\u00f6ldi paradicsom 2024-es haj\u00f3t\u00far\u00e1nk els\u0151 \u00e1llom\u00e1sa.&nbsp;<\/p>\n\n<p>Az\u00e9rt utaztunk el a Csendes-\u00f3ce\u00e1ni szigetcsoportra, hogy bemutassuk a Gal\u00e1pagosi Tengeri Rezerv\u00e1tum siker\u00e9t \u2212 az \u00f3ce\u00e1nok v\u00e9delm\u00e9nek egyik legjobb gyakorlati p\u00e9ld\u00e1j\u00e1t. A mintegy 133 000 km<sup>2<\/sup>-nyi tengeri ter\u00fcletet az ecuadori korm\u00e1ny nyilv\u00e1n\u00edtotta v\u00e9dett\u00e9 1998-ban.&nbsp;<\/p>\n\n<p>Ez a rezerv\u00e1tum ad mened\u00e9ket t\u00f6bb ezer tengeri fajnak, p\u00e9ld\u00e1ul a hatalmas cetc\u00e1p\u00e1nak, a k\u00f6z\u00f6ns\u00e9ges levestekn\u0151snek, a p\u00f6r\u00f6lyfej\u0171 c\u00e1p\u00e1nak \u00e9s a j\u00e1t\u00e9kos gal\u00e1pagosi medvef\u00f3k\u00e1knak. A tengerv\u00edz itt nem egyszer\u0171en csak k\u00e9k, hanem k\u00e1pr\u00e1zatosan sz\u00ednpomp\u00e1s a cs\u00e1sz\u00e1rhalak, papag\u00e1jhalak \u00e9s holdhalak t\u00f6megeit\u0151l.<\/p>\n\n<figure class=\"wp-block-image size-full  caption-alignment-right\"><img loading=\"lazy\" decoding=\"async\" width=\"800\" height=\"533\" src=\"https:\/\/www.greenpeace.org\/static\/planet4-hungary-stateless\/2024\/03\/4ec65d81-gp0stznbs_low_res.jpg\" title=\"K\u00e9pek Markus Mauthe Gal\u00e1pagos-szigeteki \u00fatj\u00e1r\u00f3l, amely a The Climate Turning Points c\u00edm\u0171 vil\u00e1gm\u00e9ret\u0171 projekt r\u00e9sze. V\u00edz alatti k\u00e9pek, Isabela-sziget, s\u00e1rgafark\u00fa t\u00fcsk\u00e9shal,\" alt=\"K\u00e9pek Markus Mauthe Gal\u00e1pagos-szigeteki \u00fatj\u00e1r\u00f3l, amely a The Climate Turning Points c\u00edm\u0171 vil\u00e1gm\u00e9ret\u0171 projekt r\u00e9sze. V\u00edz alatti k\u00e9pek, Isabela-sziget, s\u00e1rgafark\u00fa t\u00fcsk\u00e9shal,\" class=\"wp-image-10825\" srcset=\"https:\/\/www.greenpeace.org\/static\/planet4-hungary-stateless\/2024\/03\/4ec65d81-gp0stznbs_low_res.jpg 800w, https:\/\/www.greenpeace.org\/static\/planet4-hungary-stateless\/2024\/03\/4ec65d81-gp0stznbs_low_res-300x200.jpg 300w, https:\/\/www.greenpeace.org\/static\/planet4-hungary-stateless\/2024\/03\/4ec65d81-gp0stznbs_low_res-768x512.jpg 768w, https:\/\/www.greenpeace.org\/static\/planet4-hungary-stateless\/2024\/03\/4ec65d81-gp0stznbs_low_res-510x340.jpg 510w\" sizes=\"auto, (max-width: 800px) 100vw, 800px\" \/><figcaption><div class=\"credit icon-left\"> \u00a9 Markus Mauthe \/ Greenpeace<\/div><\/figcaption><\/figure>\n\n<p>Az exped\u00edci\u00f3nk azonban nem mer\u00fcl ki a v\u00e9dett ter\u00fcletek megl\u00e1togat\u00e1s\u00e1ban. Utunk sor\u00e1n felt\u00e9rk\u00e9pez\u00fcnk&nbsp; egy v\u00edz alatti \u201eszupersztr\u00e1d\u00e1t\u201d, amelyet rengeteg gal\u00e1pagosi r\u00e9gi\u00f3ban tal\u00e1lhat\u00f3 \u00e1llatfaj haszn\u00e1l v\u00e1ndorl\u00e1sra \u00e9s ez az \u00fatvonal a rezerv\u00e1tum hat\u00e1rain k\u00edv\u00fcl esik, ahol a hal\u00e1szhaj\u00f3k ipari m\u00e9rt\u00e9kben hal\u00e1sznak \u00e9s k\u00edm\u00e9letlen m\u00f3dszereikkel puszt\u00edtj\u00e1k az \u00e9l\u0151vil\u00e1got.<\/p>\n\n<p>\u00c9ppen ez\u00e9rt s\u00fcrg\u0151sen sz\u00fcks\u00e9g van a tengeri \u00e9l\u0151l\u00e9nyek v\u00e9delm\u00e9re ezen a v\u00edz alatti v\u00e1ndorl\u00e1si \u00fatvonalon is. Az \u00f3ce\u00e1ni szupersztr\u00e1da Ecuadorhoz, Kolumbi\u00e1hoz, Costa Ric\u00e1hoz \u00e9s Panam\u00e1hoz tartoz\u00f3 vizeken fut kereszt\u00fcl. Az \u00e9rintett korm\u00e1nyok m\u00e1r tettek ugyan n\u00e9h\u00e1ny konkr\u00e9t l\u00e9p\u00e9st part menti vizeik v\u00e9delm\u00e9re, de ez \u00f6nmag\u00e1ban nem el\u00e9g. A 2023-ban elfogadott \u00f3ce\u00e1nv\u00e9delmi egyezm\u00e9ny nyom\u00e1n most egyed\u00fcl\u00e1ll\u00f3 lehet\u0151s\u00e9g\u00fcnk van arra, hogy megv\u00e9dj\u00fck a nemzetk\u00f6zi vizek leg\u00e9rt\u00e9kesebb ter\u00fcleteit is, \u00e9s elz\u00e1rjuk azt az ipari hal\u00e1szflott\u00e1k el\u0151l.&nbsp;<\/p>\n\n<p>Hogy megmutassuk, mennyire fontos az \u00faj v\u00e9dett ter\u00fcletek l\u00e9trehoz\u00e1sa, a fed\u00e9lzeten vel\u00fcnk utaz\u00f3 tud\u00f3sok k\u00fcl\u00f6nb\u00f6z\u0151 kutat\u00e1sokat fognak v\u00e9gezni, p\u00e9ld\u00e1ul eDNS (k\u00f6rnyezeti DNS) vizsg\u00e1latokat. Ez bonyolultnak hangzik, de egy\u00e1ltal\u00e1n nem az. A v\u00edzben \u00e9l\u0151 szervezetek genetikai anyagot tartalmaz\u00f3 sejteket bocs\u00e1tanak ki, ugyan\u00fagy, ahogy p\u00e9ld\u00e1ul mi, emberek is vesz\u00edt\u00fcnk el a b\u0151r\u00fcnkr\u0151l sejteket. Amikor a tengerv\u00edzb\u0151l mint\u00e1t vesznek \u00e9s elemzik, a benne tal\u00e1lhat\u00f3 genetikai anyagok seg\u00edts\u00e9g\u00e9vel m\u00e9rni tudj\u00e1k egy ter\u00fclet biol\u00f3giai sokf\u00e9les\u00e9g\u00e9t, azaz l\u00e1that\u00f3v\u00e1 v\u00e1lik mennyire gazdag az \u00e9l\u0151vil\u00e1g. A rezerv\u00e1tumb\u00f3l \u00e9s a v\u00e9dett ter\u00fcleteken k\u00edv\u00fcli vizekb\u0151l vett eDNS mint\u00e1k seg\u00edts\u00e9g\u00e9vel azt szeretn\u00e9nk el\u00e9rni, hogy miel\u0151bb jel\u00f6ljenek ki egy \u00faj \u00e9s a jelenlegin\u00e9l sokkal kiterjedtebb v\u00e9dett tengeri \u00f6vezetet a Csendes-\u00f3ce\u00e1non.&nbsp;<\/p>\n\n<div class=\"wp-block-columns is-layout-flex wp-container-core-columns-is-layout-9d6595d7 wp-block-columns-is-layout-flex\">\n<div class=\"wp-block-column keretes is-layout-flow wp-block-column-is-layout-flow\">\n<h2 class=\"wp-block-heading\">1 \u00e9ves az ENSZ \u00f3ce\u00e1nv\u00e9delmi egyezm\u00e9nye<\/h2>\n\n\n\n<figure class=\"wp-block-image size-large  caption-alignment-right\"><img loading=\"lazy\" decoding=\"async\" width=\"1024\" height=\"683\" src=\"https:\/\/www.greenpeace.org\/static\/planet4-hungary-stateless\/2024\/01\/f7eadccf-az-ensz-keretein-belul-a-vilag-vezetoi-megallapodtak-az-oceanok-vedelmerol-1024x683.jpg\" title=\"A Greenpeace USA aktivist\u00e1i az \u00f3ce\u00e1nok v\u00e9delm\u00e9r\u0151l sz\u00f3l\u00f3 \u00fczenetet vet\u00edtenek ki New York-i Brooklyn h\u00eddra, az ENSZ-ben zajl\u00f3 IGC5 t\u00e1rgyal\u00e1sok el\u0151est\u00e9j\u00e9n.\" alt=\"A Greenpeace USA aktivist\u00e1i az \u00f3ce\u00e1nok v\u00e9delm\u00e9r\u0151l sz\u00f3l\u00f3 \u00fczenetet vet\u00edtenek ki New York-i Brooklyn h\u00eddra, az ENSZ-ben zajl\u00f3 IGC5 t\u00e1rgyal\u00e1sok el\u0151est\u00e9j\u00e9n.\" class=\"wp-image-10787\" srcset=\"https:\/\/www.greenpeace.org\/static\/planet4-hungary-stateless\/2024\/01\/f7eadccf-az-ensz-keretein-belul-a-vilag-vezetoi-megallapodtak-az-oceanok-vedelmerol-1024x683.jpg 1024w, https:\/\/www.greenpeace.org\/static\/planet4-hungary-stateless\/2024\/01\/f7eadccf-az-ensz-keretein-belul-a-vilag-vezetoi-megallapodtak-az-oceanok-vedelmerol-300x200.jpg 300w, https:\/\/www.greenpeace.org\/static\/planet4-hungary-stateless\/2024\/01\/f7eadccf-az-ensz-keretein-belul-a-vilag-vezetoi-megallapodtak-az-oceanok-vedelmerol-768x512.jpg 768w, https:\/\/www.greenpeace.org\/static\/planet4-hungary-stateless\/2024\/01\/f7eadccf-az-ensz-keretein-belul-a-vilag-vezetoi-megallapodtak-az-oceanok-vedelmerol-510x340.jpg 510w, https:\/\/www.greenpeace.org\/static\/planet4-hungary-stateless\/2024\/01\/f7eadccf-az-ensz-keretein-belul-a-vilag-vezetoi-megallapodtak-az-oceanok-vedelmerol.jpg 1200w\" sizes=\"auto, (max-width: 1024px) 100vw, 1024px\" \/><figcaption><div class=\"credit icon-left\"> \u00a9 POW \/ Greenpeace<\/div><\/figcaption><\/figure>\n\n\n\n<p>2023. m\u00e1rcius 4-\u00e9n New-York-ban t\u00f6rt\u00e9nelmi jelent\u0151s\u00e9g\u0171 meg\u00e1llapod\u00e1s sz\u00fcletett a tengerek v\u00e9delm\u00e9vel kapcsolatban. Az ENSZ \u00f3ce\u00e1nv\u00e9delmi egyezm\u00e9ny\u00e9nek keret\u00e9ben a vil\u00e1g vezet\u0151i meg\u00e1llapodtak arr\u00f3l, hogy 2030-ig a ny\u00edlt tengerek 30%-\u00e1t v\u00e9dett\u00e9 kell nyilv\u00e1n\u00edtani. Erre az\u00e9rt van sz\u00fcks\u00e9g, hogy meg\u0151rizz\u00fck \u00e9s helyre\u00e1ll\u00edtsuk az \u00f3ce\u00e1nok \u00e9l\u0151vil\u00e1g\u00e1t, hiszen en\u00e9lk\u00fcl nem maradhat fenn a sz\u00e1razf\u00f6ldi \u00e9let sem.<\/p>\n\n\n\n<p>Az \u00f3ce\u00e1nv\u00e9delmi egyezm\u00e9ny egy olyan eszk\u00f6z a korm\u00e1nyok kez\u00e9ben, amelyet felhaszn\u00e1lhatnak \u00faj v\u00e9dett ter\u00fcletek l\u00e9trehoz\u00e1s\u00e1ra. Ehhez azonban mindenekel\u0151tt ratifik\u00e1lniuk kell, azaz t\u00f6rv\u00e9nybe kell foglalniuk a szerz\u0151d\u00e9st a saj\u00e1t orsz\u00e1gukban is. Az eltelt egy \u00e9vben ez csup\u00e1n k\u00e9t orsz\u00e1gnak, Chil\u00e9nek \u00e9s Palaunak siker\u00fclt. Egyes orsz\u00e1gok elind\u00edtott\u00e1k ugyan a folyamatot, de t\u00fal lassan haladnak, m\u00e1sok pedig m\u00e9g el sem kezdt\u00e9k. Ahhoz, hogy ez a vil\u00e1grasz\u00f3l\u00f3 meg\u00e1llapod\u00e1s t\u00e9nyleg el\u00e9rje a c\u00e9lj\u00e1t, legal\u00e1bb hatvan orsz\u00e1gnak ratifik\u00e1lnia kellene azt. Vannak olyan orsz\u00e1gok is, amelyek a tengerek v\u00e9delm\u00e9nek bajnokak\u00e9nt t\u00fcntetik fel magukat, a val\u00f3s\u00e1gban azonban nem sok mindent tesznek: a Greenpeace t\u0151l\u00fck is \u00e9s minden nemzett\u0151l elv\u00e1rja, hogy halad\u00e9ktalanul k\u00f6vess\u00e9k Chile \u00e9s Palau p\u00e9ld\u00e1j\u00e1t, \u00e9s l\u00e9pjenek a tettek mezej\u00e9re, am\u00edg nem k\u00e9s\u0151.&nbsp;<\/p>\n<\/div>\n<\/div>\n\n<p>A gal\u00e1pagosi r\u00e9gi\u00f3ban egy \u00faj, nagyobb ter\u00fcletet \u00e9rint\u0151 rezerv\u00e1tum l\u00e9trehoz\u00e1sa hatalmas l\u00e9p\u00e9s lenne a k\u00f6z\u00f6s c\u00e9l el\u00e9r\u00e9s\u00e9\u00e9rt, hogy 2030-ra az \u00f3ce\u00e1nok 30%-a v\u00e9dett\u00e9 v\u00e1lhasson!&nbsp;<\/p>\n\n<p>Cselekedj!<\/p>\n\n<p>Ha m\u00e9g nem tetted, <a href=\"https:\/\/www.greenpeace.org\/hungary\/cselekedj\/valodi-vedelmet-az-oceanoknak\/\">\u00edrd al\u00e1 a pet\u00edci\u00f3t<\/a>, \u00e9s k\u00e9rd te is a d\u00f6nt\u00e9shoz\u00f3kat, hogy l\u00e9ptess\u00e9k \u00e9letbe az ENSZ \u00f3ce\u00e1nv\u00e9delmi egyezm\u00e9ny\u00e9t, valamint jel\u00f6ljenek ki v\u00e9dett tengeri \u00f6vezeteket.<\/p>\n\n<p><strong>Tov\u00e1bbi inform\u00e1ci\u00f3k \u00e9s h\u00e1tt\u00e9ranyagok:<\/strong><\/p>\n\n<ul class=\"wp-block-list\">\n<li><a href=\"https:\/\/www.greenpeace.org\/static\/planet4-international-stateless\/2023\/09\/ab626c5e-eng_full-report_digital-version.pdf\" target=\"_blank\" rel=\"noreferrer noopener\"><span style=\"text-decoration: underline;\">30\u00d730: From Global Ocean Treary to Protection at Sea<\/span>:<\/a> A Greenpeace 2023-ban k\u00f6zz\u00e9tett egy jelent\u00e9st, amelyben bemutatja az \u00f3ce\u00e1nok v\u00e9delm\u00e9hez sz\u00fcks\u00e9ges politikai l\u00e9p\u00e9sek folyamat\u00e1t. Ez a jelent\u00e9s a Global Fishing Watch adatai alapj\u00e1n els\u0151 alkalommal sz\u00e1mszer\u0171s\u00edtette a v\u00e9delemre kijel\u00f6lt ter\u00fcleteken folytatott n\u00f6vekv\u0151 ipari hal\u00e1szatot.<\/li>\n<\/ul>\n\n<ul class=\"wp-block-list\">\n<li>Greenpeace-cikk, 2023. m\u00e1rcius 8. \u2013 <a href=\"https:\/\/www.greenpeace.org\/hungary\/cikkek\/10279\/tortenelmi-megallapodas-szuletett-az-oceanok-vedelmeben\/\" target=\"_blank\" rel=\"noreferrer noopener\"><span style=\"text-decoration: underline;\">T\u00f6rt\u00e9nelmi meg\u00e1llapod\u00e1s sz\u00fcletett az \u00f3ce\u00e1nok v\u00e9delm\u00e9ben<\/span><\/a><\/li>\n<\/ul>\n","protected":false},"excerpt":{"rendered":"<p>A Greenpeace csapata febru\u00e1rban ism\u00e9t kihaj\u00f3zott a ny\u00edlt vizekre, hogy felt\u00e9rk\u00e9pezze a vil\u00e1g egyik legcsod\u00e1latosabb tengeri rezerv\u00e1tum\u00e1t. K\u00f6zel egy \u00e9vvel azut\u00e1n, hogy a vil\u00e1g nemzetei meg\u00e1llapodtak az \u00f3ce\u00e1nv\u00e9delmi egyezm\u00e9nyr\u0151l, az&hellip;<\/p>\n","protected":false},"author":25,"featured_media":10825,"comment_status":"closed","ping_status":"closed","sticky":false,"template":"","format":"standard","meta":{"ep_exclude_from_search":false,"p4_og_title":"","p4_og_description":"","p4_og_image":"","p4_og_image_id":"","p4_seo_canonical_url":"","p4_campaign_name":"","p4_local_project":"","p4_basket_name":"Oceans","p4_department":"","footnotes":""},"categories":[4,3],"tags":[20],"p4-page-type":[40],"class_list":["post-10810","post","type-post","status-publish","format-standard","has-post-thumbnail","hentry","category-ember-tarsadalom","category-termeszet-kornyezet","tag-elovilag","p4-page-type-blog"],"_links":{"self":[{"href":"https:\/\/www.greenpeace.org\/hungary\/wp-json\/wp\/v2\/posts\/10810","targetHints":{"allow":["GET"]}}],"collection":[{"href":"https:\/\/www.greenpeace.org\/hungary\/wp-json\/wp\/v2\/posts"}],"about":[{"href":"https:\/\/www.greenpeace.org\/hungary\/wp-json\/wp\/v2\/types\/post"}],"author":[{"embeddable":true,"href":"https:\/\/www.greenpeace.org\/hungary\/wp-json\/wp\/v2\/users\/25"}],"replies":[{"embeddable":true,"href":"https:\/\/www.greenpeace.org\/hungary\/wp-json\/wp\/v2\/comments?post=10810"}],"version-history":[{"count":10,"href":"https:\/\/www.greenpeace.org\/hungary\/wp-json\/wp\/v2\/posts\/10810\/revisions"}],"predecessor-version":[{"id":10826,"href":"https:\/\/www.greenpeace.org\/hungary\/wp-json\/wp\/v2\/posts\/10810\/revisions\/10826"}],"wp:featuredmedia":[{"embeddable":true,"href":"https:\/\/www.greenpeace.org\/hungary\/wp-json\/wp\/v2\/media\/10825"}],"wp:attachment":[{"href":"https:\/\/www.greenpeace.org\/hungary\/wp-json\/wp\/v2\/media?parent=10810"}],"wp:term":[{"taxonomy":"category","embeddable":true,"href":"https:\/\/www.greenpeace.org\/hungary\/wp-json\/wp\/v2\/categories?post=10810"},{"taxonomy":"post_tag","embeddable":true,"href":"https:\/\/www.greenpeace.org\/hungary\/wp-json\/wp\/v2\/tags?post=10810"},{"taxonomy":"p4-page-type","embeddable":true,"href":"https:\/\/www.greenpeace.org\/hungary\/wp-json\/wp\/v2\/p4-page-type?post=10810"}],"curies":[{"name":"wp","href":"https:\/\/api.w.org\/{rel}","templated":true}]}}