{"id":11000,"date":"2024-04-09T13:41:04","date_gmt":"2024-04-09T11:41:04","guid":{"rendered":"https:\/\/www.greenpeace.org\/hungary\/?p=11000"},"modified":"2024-04-09T15:08:18","modified_gmt":"2024-04-09T13:08:18","slug":"miert-baj-hogy-a-magyar-kormany-elgancsolta-az-unio-termeszet-helyreallitasi-rendeletet","status":"publish","type":"post","link":"https:\/\/www.greenpeace.org\/hungary\/blog\/11000\/miert-baj-hogy-a-magyar-kormany-elgancsolta-az-unio-termeszet-helyreallitasi-rendeletet\/","title":{"rendered":"Mi\u00e9rt baj, hogy a magyar korm\u00e1ny elg\u00e1ncsolta az EU term\u00e9szet-helyre\u00e1ll\u00edt\u00e1si rendelet\u00e9t?"},"content":{"rendered":"\n<p><strong>M\u00e1rcius 25-\u00e9n fogadt\u00e1k volna el az EU egyik rendk\u00edv\u00fcl fontos, \u00faj jogszab\u00e1ly\u00e1t, a term\u00e9szet-helyre\u00e1ll\u00edt\u00e1si rendeletet. Ez alapj\u00e1n 2030-ra a leromlott \u00e1llapot\u00fa \u00e9l\u0151helyek 20 sz\u00e1zal\u00e9k\u00e1t helyre kellene hozni. Az utols\u00f3 pillanatban azonban Magyarorsz\u00e1g elkasz\u00e1lta a jogszab\u00e1lyt. Felh\u00e1bor\u00edt\u00f3 \u00e9s erk\u00f6lcstelen m\u00f3don a szavaz\u00e1son mondott nemet, holott az \u00e9vekig tart\u00f3 egyeztet\u00e9sek sor\u00e1n t\u00e1mogat\u00f3lag l\u00e9pett fel. Ezzel a l\u00e9p\u00e9ssel a magyar korm\u00e1ny ism\u00e9t kinyilv\u00e1n\u00edtotta, hogy semmibe veszi az emberek \u00e9rdekeit. A term\u00e9szet helyre\u00e1ll\u00edt\u00e1sa ugyanis elengedhetetlen ahhoz, hogy \u00e9letben maradjon Eur\u00f3pa.&nbsp;<\/strong><\/p>\n\n<h3 class=\"wp-block-heading\"><strong>Mit jelent a term\u00e9szet-helyre\u00e1ll\u00edt\u00e1s a gyakorlatban?&nbsp;<\/strong><\/h3>\n\n<p>P\u00e9ld\u00e1ul azt, hogy visszaadjuk az \u00e9l\u0151hely\u00e9t megritkult n\u00f6v\u00e9nyeknek \u00e9s \u00e1llatoknak. \u00c9rintetlen s\u00e1vokat hagyunk a mez\u0151gazdas\u00e1gi parcell\u00e1k sz\u00e9l\u00e9n, ahol megn\u0151hetnek a vadvir\u00e1gok, gyomn\u00f6v\u00e9nyek, f\u00fcvek-bokrok, facsoportok. Egy ilyen s\u00e1v mened\u00e9ket \u00e9s t\u00e1pl\u00e1l\u00e9kot ad a beporz\u00f3knak, madaraknak, \u00e9s olyan rovaroknak is, amelyek a mez\u0151gazdas\u00e1gi k\u00e1rtev\u0151k term\u00e9szetes ellens\u00e9gei.&nbsp;<\/p>\n\n<figure class=\"wp-block-image size-large  caption-alignment-right\"><img loading=\"lazy\" decoding=\"async\" width=\"1024\" height=\"683\" src=\"https:\/\/www.greenpeace.org\/static\/planet4-hungary-stateless\/2024\/04\/abbad967-fusti-fecske-img_8144-1024x683.jpg\" title=\"Mi\u00e9rt baj, hogy a magyar korm\u00e1ny elg\u00e1ncsolta az uni\u00f3 term\u00e9szet-helyre\u00e1ll\u00edt\u00e1si rendelet\u00e9t?\" alt=\"\" class=\"wp-image-11006\" srcset=\"https:\/\/www.greenpeace.org\/static\/planet4-hungary-stateless\/2024\/04\/abbad967-fusti-fecske-img_8144-1024x683.jpg 1024w, https:\/\/www.greenpeace.org\/static\/planet4-hungary-stateless\/2024\/04\/abbad967-fusti-fecske-img_8144-300x200.jpg 300w, https:\/\/www.greenpeace.org\/static\/planet4-hungary-stateless\/2024\/04\/abbad967-fusti-fecske-img_8144-768x512.jpg 768w, https:\/\/www.greenpeace.org\/static\/planet4-hungary-stateless\/2024\/04\/abbad967-fusti-fecske-img_8144-510x340.jpg 510w, https:\/\/www.greenpeace.org\/static\/planet4-hungary-stateless\/2024\/04\/abbad967-fusti-fecske-img_8144.jpg 1200w\" sizes=\"auto, (max-width: 1024px) 100vw, 1024px\" \/><figcaption><div class=\"credit icon-left\"> \u00a9 F\u00fcssi-Nagy Reg\u0151<\/div><\/figcaption><\/figure>\n\n<p>A v\u00e1rosokban is lehet tenni a term\u00e9szet-helyre\u00e1ll\u00edt\u00e1s\u00e1\u00e9rt, pl. azzal, hogy n\u00f6velj\u00fck a z\u00f6ldter\u00fcletek sokf\u00e9les\u00e9g\u00e9t vizes \u00e9l\u0151helyekkel, es\u0151kerttel, fasorokkal, kiserd\u0151vel, vadvir\u00e1gos parkokkal. Az erd\u0151kben is n\u00f6velni kell a v\u00e1ltozatoss\u00e1got, hogy ne csak egykor\u00fa, kev\u00e9s fajb\u00f3l \u00e1ll\u00f3 erd\u0151nek cs\u00fafolt fa\u00fcltetv\u00e9nyeink legyenek, hanem igazi erd\u0151k, kisebb-nagyobb f\u00e1kkal, odvakkal \u00e9s korhad\u00f3 holtf\u00e1kkal, amelyek v\u00e9dik az erd\u0151 talaj\u00e1t, rengeteg vizet k\u00f6tnek meg \u00e9s \u00e9l\u0151l\u00e9nyek ezreinek k\u00edn\u00e1lnak mened\u00e9ket. Val\u00f3j\u00e1ban a holtf\u00e1k az erd\u0151k immunrendszer\u00e9t k\u00e9pezik.&nbsp;<\/p>\n\n<figure class=\"wp-block-image size-large  caption-alignment-right\"><img loading=\"lazy\" decoding=\"async\" width=\"1024\" height=\"771\" src=\"https:\/\/www.greenpeace.org\/static\/planet4-hungary-stateless\/2024\/04\/2a204458-gphu-20220916143146-db-1024x771.jpg\" title=\"Mi\u00e9rt baj, hogy a magyar korm\u00e1ny elg\u00e1ncsolta az uni\u00f3 term\u00e9szet-helyre\u00e1ll\u00edt\u00e1si rendelet\u00e9t?\" alt=\"\" class=\"wp-image-11005\" srcset=\"https:\/\/www.greenpeace.org\/static\/planet4-hungary-stateless\/2024\/04\/2a204458-gphu-20220916143146-db-1024x771.jpg 1024w, https:\/\/www.greenpeace.org\/static\/planet4-hungary-stateless\/2024\/04\/2a204458-gphu-20220916143146-db-300x226.jpg 300w, https:\/\/www.greenpeace.org\/static\/planet4-hungary-stateless\/2024\/04\/2a204458-gphu-20220916143146-db-768x579.jpg 768w, https:\/\/www.greenpeace.org\/static\/planet4-hungary-stateless\/2024\/04\/2a204458-gphu-20220916143146-db-451x340.jpg 451w, https:\/\/www.greenpeace.org\/static\/planet4-hungary-stateless\/2024\/04\/2a204458-gphu-20220916143146-db.jpg 1200w\" sizes=\"auto, (max-width: 1024px) 100vw, 1024px\" \/><figcaption><div class=\"credit icon-left\"> \u00a9 Dobos Bal\u00e1zs \/ Greenpeace<\/div><\/figcaption><\/figure>\n\n<p>A foly\u00f3kn\u00e1l, patakokn\u00e1l a term\u00e9szet-helyre\u00e1ll\u00edt\u00e1s jelentheti azt is, hogy elbontanak keresztg\u00e1takat, elt\u00e1vol\u00edtanak betonelemeket \u00e9s engedik, hogy a kisz\u00e1radt \u00e1rt\u00e9ri ter\u00fcletek \u00fajra megteljenek \u00e9lettel, a v\u00edz term\u00e9kenny\u00e9 tegye a k\u00f6rnyez\u0151 f\u00f6ldeket, gy\u00fcm\u00f6lcs\u00f6s\u00f6ket, legel\u0151ket,&nbsp; \u00e9s gyarap\u00edtsa a halakat, mik\u00f6zben cs\u00f6kken az \u00e1rv\u00edzvesz\u00e9ly.<\/p>\n\n<figure class=\"wp-block-image size-large  caption-alignment-right\"><img loading=\"lazy\" decoding=\"async\" width=\"1024\" height=\"683\" src=\"https:\/\/www.greenpeace.org\/static\/planet4-hungary-stateless\/2024\/04\/a066a69d-dsc02183-1024x683.jpg\" title=\"Mi\u00e9rt baj, hogy a magyar korm\u00e1ny elg\u00e1ncsolta az uni\u00f3 term\u00e9szet-helyre\u00e1ll\u00edt\u00e1si rendelet\u00e9t?\" alt=\"\" class=\"wp-image-11004\" srcset=\"https:\/\/www.greenpeace.org\/static\/planet4-hungary-stateless\/2024\/04\/a066a69d-dsc02183-1024x683.jpg 1024w, https:\/\/www.greenpeace.org\/static\/planet4-hungary-stateless\/2024\/04\/a066a69d-dsc02183-300x200.jpg 300w, https:\/\/www.greenpeace.org\/static\/planet4-hungary-stateless\/2024\/04\/a066a69d-dsc02183-768x512.jpg 768w, https:\/\/www.greenpeace.org\/static\/planet4-hungary-stateless\/2024\/04\/a066a69d-dsc02183-510x340.jpg 510w, https:\/\/www.greenpeace.org\/static\/planet4-hungary-stateless\/2024\/04\/a066a69d-dsc02183.jpg 1200w\" sizes=\"auto, (max-width: 1024px) 100vw, 1024px\" \/><figcaption><div class=\"credit icon-left\"> \u00a9 Max Zieli\u0144ski \/ Greenpeace<\/div><\/figcaption><\/figure>\n\n<p>A fentiekb\u0151l is l\u00e1tszik, hogy a term\u00e9szet helyre\u00e1ll\u00edt\u00e1sa nemcsak a term\u00e9szetb\u00fav\u00e1r csodabogaraknak fontos, hanem minden embernek, azoknak pedig k\u00fcl\u00f6n\u00f6sen, akik k\u00f6zvetlen\u00fcl a term\u00e9szett\u0151l f\u00fcgg\u0151 tev\u00e9kenys\u00e9gb\u0151l \u00e9lnek, mint p\u00e9ld\u00e1ul a gazd\u00e1lkod\u00f3k, akik j\u00f3l tudj\u00e1k, hogy ha nincs beporz\u00f3, nincs term\u00e9ny sem.&nbsp;<\/p>\n\n<p>A term\u00e9szet helyre\u00e1ll\u00edt\u00e1sa elengedhetetlen ahhoz, hogy \u00e9letben maradjon Eur\u00f3pa, legyen el\u00e9g v\u00edz, tiszta leveg\u0151, eg\u00e9szs\u00e9ges erd\u0151k, elviselhet\u0151 h\u0151m\u00e9rs\u00e9klet, term\u0151k\u00e9pes talaj \u00e9s lehessen \u00e9lelmet termelni a kontinens\u00fcnk\u00f6n.&nbsp;<\/p>\n\n<h3 class=\"wp-block-heading\"><strong>Akkor mi\u00e9rt voltak egyes orsz\u00e1gokban gazdat\u00fcntet\u00e9sek a tervezett term\u00e9szet-helyre\u00e1ll\u00edt\u00e1si rendelet miatt?<\/strong><\/h3>\n\n<p>Ennek \u00f6sszetett okai vannak, de az egyik fontos ok, hogy a gazd\u00e1k sokszor <a href=\"https:\/\/greenallianceblog.org.uk\/2024\/02\/19\/disinformation-is-fuelling-europes-farming-protests\/\" target=\"_blank\" rel=\"noreferrer noopener nofollow\">f\u00e9lrevezet\u0151 propaganda \u00e1ldozatai, ami m\u00f6g\u00f6tt nagy agr\u00e1rvegyipari c\u00e9gek \u00e1llnak<\/a>. B\u00e1r a v\u00e9gs\u0151 v\u00e1ltozatban m\u00e1r nem szerepelt, az eredeti elk\u00e9pzel\u00e9sek szerint az \u00e9l\u0151vil\u00e1g v\u00e9delme \u00e9rdek\u00e9ben a k\u00e1ros n\u00f6v\u00e9nyv\u00e9d\u0151 szerek haszn\u00e1lat\u00e1t 2030-ig fel\u00e9re kellett volna cs\u00f6kkenteni. A vegyipari \u00f3ri\u00e1sok \u00e9rdeke azonban pont ennek az ellenkez\u0151je. Az, hogy a mez\u0151gazdas\u00e1g min\u00e9l t\u00f6bb \u00e1ltaluk forgalmazott vegyszerrel, m\u0171tr\u00e1gy\u00e1val \u00e9s vet\u0151maggal m\u0171k\u00f6dhessen csak. Ennek \u00e9rdek\u00e9ben azzal riogatj\u00e1k a gazd\u00e1kat, hogy ha cs\u00f6kken a vegyszerfelhaszn\u00e1l\u00e1s, akkor nem fognak tudni meg\u00e9lni, mert nem tudnak majd eleget termelni, a d\u00f6nt\u00e9shoz\u00f3knak pedig azt sulykolj\u00e1k, hogy az emberek \u00e9hen fognak halni Eur\u00f3p\u00e1ban. Ez egyszer\u0171en hazugs\u00e1g.&nbsp;<\/p>\n\n<p>T\u00f6bb kutat\u00e1s al\u00e1t\u00e1masztotta, hogy a term\u00e9szet helyre\u00e1ll\u00edt\u00e1sa, az \u00f6kol\u00f3giai m\u00f3dszerekkel val\u00f3 \u00e9lelmiszertermel\u00e9s j\u00e1rhat\u00f3 \u00fat, lehetne vele elegend\u0151 \u00e9lelmet termelni az emberis\u00e9gnek, \u00e9s a gazd\u00e1lkod\u00f3k \u00e9rdekeit is ez szolg\u00e1lja. P\u00e9ld\u00e1ul azzal, ha meg\u0151rzik a talaj\u00e9letet, akkor a felsz\u00edn alatt dolgoz\u00f3 \u00e9l\u0151l\u00e9nyek milli\u00e1rdjai term\u00e9kenny\u00e9 teszik a talajt m\u0171tr\u00e1gya n\u00e9lk\u00fcl is, r\u00e1ad\u00e1sul az ilyen talajr\u00f3l nem folyik le a v\u00edz, hanem felsz\u00edvja \u00e9s megtartja a csapad\u00e9kot, mint egy szivacs. Asz\u00e1lyos id\u0151ben az \u00e9l\u0151 talajt nem viszi el a sz\u00e9l \u00e9letvesz\u00e9lyes porviharokat okozva, mert a l\u00e1thatatlan l\u00e9nyek s\u0171r\u0171 sz\u00f6vete megtartja azt. Az is bizony\u00edtott, hogy a mez\u0151gazdas\u00e1gi k\u00e1rtev\u0151k 95%-\u00e1t kord\u00e1ban lehetne tartani a term\u00e9szetes ellens\u00e9geikkel, ha nem puszt\u00edtan\u00e1nk el azokat is a rovar\u00f6l\u0151 szerekkel.\u00a0\u00a0<\/p>\n\n<p>Ugyanakkor az is aggodalmat kelthetett a gazd\u00e1kban, hogy esetleg vissza kell adniuk f\u00f6ldeket, de err\u0151l sz\u00f3 sem volt. A term\u00e9szet-helyre\u00e1ll\u00edt\u00e1si rendelet egy\u00e1ltal\u00e1n nem \u00edrt el\u0151 f\u00f6ldhaszn\u00e1lat-v\u00e1lt\u00e1st, azaz nem kellett volna odaadniuk a sz\u00e1nt\u00f3f\u00f6ldj\u00fcket, hogy mondjuk erd\u0151t telep\u00edthessenek a hely\u00e9re. Az ilyen \u00e1lh\u00edrek csup\u00e1n arra voltak j\u00f3k, hogy az agr\u00e1rvegyipari nagyv\u00e1llalatok a profitjuk v\u00e9delme \u00e9rdek\u00e9ben f\u00e9lrevezess\u00e9k az embereket.<\/p>\n\n<h3 class=\"wp-block-heading\"><strong>Hogyan buktathatta meg egy ilyen kis orsz\u00e1g, mint Magyarorsz\u00e1g, az \u00e9veken \u00e1t alaposan el\u0151k\u00e9sz\u00edtett uni\u00f3s meg\u00e1llapod\u00e1st?<\/strong><\/h3>\n\n<p>A m\u00e1rcius 25-re ki\u00edrt szavaz\u00e1s el\u0151sz\u00f6r csak form\u00e1lis \u00fcgynek t\u0171nt, hiszen a hossz\u00fa \u00e9vek \u00f3ta foly\u00f3 egyeztet\u0151 t\u00e1rgyal\u00e1sok sor\u00e1n v\u00e9g\u00fcl egy olyan, kompromisszumokkal j\u00f3csk\u00e1n telet\u0171zdelt sz\u00f6veg ker\u00fclt volna a miniszterek el\u00e9, amit m\u00e1r az Eur\u00f3pai Parlament elfogadott, \u00e9s amire a miniszterek is r\u00e1b\u00f3lintottak. A kor\u00e1bbi egyeztet\u00e9sek sor\u00e1n az a k\u00e9p rajzol\u00f3dott ki, hogy a szavaz\u00e1son meglesz a rendelet elfogad\u00e1s\u00e1hoz sz\u00fcks\u00e9ges min\u0151s\u00edtett t\u00f6bbs\u00e9g.<\/p>\n\n<p>Ehhez legal\u00e1bb 15 tag\u00e1llam t\u00e1mogat\u00e1s\u00e1ra van sz\u00fcks\u00e9g, amelyek az EU lakoss\u00e1g\u00e1nak 65%-\u00e1t k\u00e9pviselik. Az \u00fcgyben tett hivatalos nyilatkozatok \u00e9s szavaz\u00e1sok alapj\u00e1n a rendelet elfogad\u00e1sa biztosnak t\u0171nt, hiszen mind\u00f6ssze 7 tag\u00e1llam ellenezte, illetve tart\u00f3zkodott.<\/p>\n\n<p>A magyar korm\u00e1ny \u00e9s az EP fideszes k\u00e9pvisel\u0151i kor\u00e1bban megszavazt\u00e1k a rendelet hossz\u00fa t\u00e1rgyal\u00e1sok sor\u00e1n kialak\u00edtott sz\u00f6veg\u00e9t. Ez\u00e9rt \u00e9rt mindenkit hidegzuhanyk\u00e9nt a magyar korm\u00e1ny utols\u00f3 pillanatban hozott d\u00f6nt\u00e9se, amellyel \u00e1t\u00e1llt a rendeletet ellenz\u0151k t\u00e1bor\u00e1ba. \u00cdgy m\u00e1r nem lett volna meg az elfogad\u00e1shoz sz\u00fcks\u00e9ges min\u0151s\u00edtett t\u00f6bbs\u00e9g. Emiatt a jogszab\u00e1lytervezetet hat\u00e1rozatlan id\u0151re le is vett\u00e9k a tan\u00e1csi \u00fcl\u00e9s napirendj\u00e9r\u0151l.<\/p>\n\n<p>A magyar korm\u00e1ny a d\u00f6nt\u00e9s\u00e9t ut\u00f3lag azzal indokolta, hogy haz\u00e1nk m\u00e1r teljes\u00edtette a rendeletben foglalt el\u0151\u00edr\u00e1sokat, \u00e9s hogy az orsz\u00e1g harmada m\u00e1r eleve v\u00e9dett. Ez azonban nem igaz. Az orsz\u00e1g ter\u00fclet\u00e9nek hozz\u00e1vet\u0151legesen 22%-a v\u00e9dett valamilyen form\u00e1ban, \u00e1m ezeken is term\u00e9szetpuszt\u00edt\u00f3 beruh\u00e1z\u00e1sok t\u00f6rt\u00e9nnek. El\u00e9g csak a Fert\u0151 tavi \u00e9p\u00edtkez\u00e9sre, a v\u00e9dett erdeinkben foly\u00f3 tarv\u00e1g\u00e1sokra vagy az olyan kiemelt beruh\u00e1z\u00e1sokra gondolni, mint az akkumul\u00e1tor\u00fczemek l\u00e9tes\u00edt\u00e9se, melyek sor\u00e1n kiker\u00fclik a term\u00e9szet- \u00e9s k\u00f6rnyezetv\u00e9delmi jogszab\u00e1lyokat, s\u00falyosan vesz\u00e9lyeztetve ezzel a lakoss\u00e1g eg\u00e9szs\u00e9g\u00e9t \u00e9s az \u00e9l\u0151vil\u00e1got.<\/p>\n\n<figure class=\"wp-block-image size-large  caption-alignment-right\"><img loading=\"lazy\" decoding=\"async\" width=\"1024\" height=\"683\" src=\"https:\/\/www.greenpeace.org\/static\/planet4-hungary-stateless\/2024\/04\/c7ffc02e-gp0stwo7b-1024x683.jpg\" title=\"Mi\u00e9rt baj, hogy a magyar korm\u00e1ny elg\u00e1ncsolta az uni\u00f3 term\u00e9szet-helyre\u00e1ll\u00edt\u00e1si rendelet\u00e9t?\" alt=\"Mi\u00e9rt baj, hogy a magyar korm\u00e1ny elg\u00e1ncsolta az uni\u00f3 term\u00e9szet-helyre\u00e1ll\u00edt\u00e1si rendelet\u00e9t?\" class=\"wp-image-11007\" srcset=\"https:\/\/www.greenpeace.org\/static\/planet4-hungary-stateless\/2024\/04\/c7ffc02e-gp0stwo7b-1024x683.jpg 1024w, https:\/\/www.greenpeace.org\/static\/planet4-hungary-stateless\/2024\/04\/c7ffc02e-gp0stwo7b-300x200.jpg 300w, https:\/\/www.greenpeace.org\/static\/planet4-hungary-stateless\/2024\/04\/c7ffc02e-gp0stwo7b-768x512.jpg 768w, https:\/\/www.greenpeace.org\/static\/planet4-hungary-stateless\/2024\/04\/c7ffc02e-gp0stwo7b-510x340.jpg 510w, https:\/\/www.greenpeace.org\/static\/planet4-hungary-stateless\/2024\/04\/c7ffc02e-gp0stwo7b.jpg 1200w\" sizes=\"auto, (max-width: 1024px) 100vw, 1024px\" \/><figcaption><div class=\"credit icon-left\"> \u00a9 Max Zieli\u0144ski \/ Greenpeace<\/div><\/figcaption><\/figure>\n\n<p>Felh\u00e1bor\u00edt\u00f3nak tartjuk, hogy a magyar korm\u00e1ny d\u00f6nt\u00e9s\u00e9vel ism\u00e9t semmibe vette Eur\u00f3pa \u00e9s haz\u00e1nk lakoss\u00e1g\u00e1nak j\u00f6v\u0151j\u00e9t. Azon fogunk dolgozni, hogy ez az \u00e1ll\u00e1spont megv\u00e1ltozzon, \u00e9s az Uni\u00f3n bel\u00fcl megkapja v\u00e9gre a sz\u00fcks\u00e9ges t\u00e1mogat\u00e1st a term\u00e9szet-helyre\u00e1ll\u00edt\u00e1si rendelet, amely elengedhetetlen ahhoz, hogy kezelni tudjuk az \u00f6kol\u00f3giai \u00e9s kl\u00edmav\u00e1ls\u00e1got.<\/p>\n\n<p>Minden term\u00e9szetet szeret\u0151 \u00e9s v\u00e9d\u0151 emberre sz\u00fcks\u00e9g van ahhoz, hogy el\u00e9rj\u00fck ezt a c\u00e9lt. T\u00e1mogassatok minket ebben!<\/p>\n\n<p>Ha szeretn\u00e9l jobban elm\u00e9lyedni a t\u00e9m\u00e1ban, az al\u00e1bbi cikket is aj\u00e1nljuk figyelmedbe:\u00a0\u00a0<\/p>\n\n<p><a href=\"https:\/\/wwf.hu\/zold-hos-lehetett-volna-de-bunbakka-valt-magyarorszag\/\" target=\"_blank\" rel=\"noreferrer noopener nofollow\">https:\/\/wwf.hu\/zold-hos-lehetett-volna-de-bunbakka-valt-magyarorszag\/<\/a><\/p>\n","protected":false},"excerpt":{"rendered":"<p>M\u00e1rcius 25-\u00e9n fogadt\u00e1k volna el az EU egyik rendk\u00edv\u00fcl fontos, \u00faj jogszab\u00e1ly\u00e1t, a term\u00e9szet-helyre\u00e1ll\u00edt\u00e1si rendeletet. Ez alapj\u00e1n 2030-ra a leromlott \u00e1llapot\u00fa \u00e9l\u0151helyek 20 sz\u00e1zal\u00e9k\u00e1t helyre kellene hozni. Az utols\u00f3 pillanatban&hellip;<\/p>\n","protected":false},"author":25,"featured_media":11006,"comment_status":"closed","ping_status":"closed","sticky":false,"template":"","format":"standard","meta":{"ep_exclude_from_search":false,"p4_og_title":"","p4_og_description":"","p4_og_image":"https:\/\/www.greenpeace.org\/static\/planet4-hungary-stateless\/2024\/04\/abbad967-fusti-fecske-img_8144.jpg","p4_og_image_id":"11006","p4_seo_canonical_url":"","p4_campaign_name":"","p4_local_project":"","p4_basket_name":"","p4_department":"","footnotes":""},"categories":[3],"tags":[],"p4-page-type":[40],"class_list":["post-11000","post","type-post","status-publish","format-standard","has-post-thumbnail","hentry","category-termeszet-kornyezet","p4-page-type-blog"],"_links":{"self":[{"href":"https:\/\/www.greenpeace.org\/hungary\/wp-json\/wp\/v2\/posts\/11000","targetHints":{"allow":["GET"]}}],"collection":[{"href":"https:\/\/www.greenpeace.org\/hungary\/wp-json\/wp\/v2\/posts"}],"about":[{"href":"https:\/\/www.greenpeace.org\/hungary\/wp-json\/wp\/v2\/types\/post"}],"author":[{"embeddable":true,"href":"https:\/\/www.greenpeace.org\/hungary\/wp-json\/wp\/v2\/users\/25"}],"replies":[{"embeddable":true,"href":"https:\/\/www.greenpeace.org\/hungary\/wp-json\/wp\/v2\/comments?post=11000"}],"version-history":[{"count":9,"href":"https:\/\/www.greenpeace.org\/hungary\/wp-json\/wp\/v2\/posts\/11000\/revisions"}],"predecessor-version":[{"id":11014,"href":"https:\/\/www.greenpeace.org\/hungary\/wp-json\/wp\/v2\/posts\/11000\/revisions\/11014"}],"wp:featuredmedia":[{"embeddable":true,"href":"https:\/\/www.greenpeace.org\/hungary\/wp-json\/wp\/v2\/media\/11006"}],"wp:attachment":[{"href":"https:\/\/www.greenpeace.org\/hungary\/wp-json\/wp\/v2\/media?parent=11000"}],"wp:term":[{"taxonomy":"category","embeddable":true,"href":"https:\/\/www.greenpeace.org\/hungary\/wp-json\/wp\/v2\/categories?post=11000"},{"taxonomy":"post_tag","embeddable":true,"href":"https:\/\/www.greenpeace.org\/hungary\/wp-json\/wp\/v2\/tags?post=11000"},{"taxonomy":"p4-page-type","embeddable":true,"href":"https:\/\/www.greenpeace.org\/hungary\/wp-json\/wp\/v2\/p4-page-type?post=11000"}],"curies":[{"name":"wp","href":"https:\/\/api.w.org\/{rel}","templated":true}]}}