{"id":11024,"date":"2024-04-12T09:26:18","date_gmt":"2024-04-12T07:26:18","guid":{"rendered":"https:\/\/www.greenpeace.org\/hungary\/?p=11024"},"modified":"2024-04-12T09:39:00","modified_gmt":"2024-04-12T07:39:00","slug":"a-greenpeace-szerint-viccet-csinalt-magabol-a-birosagon-a-kormany-a-matrai-eromu-adatkerelmi-pereben","status":"publish","type":"post","link":"https:\/\/www.greenpeace.org\/hungary\/sajtokozlemeny\/11024\/a-greenpeace-szerint-viccet-csinalt-magabol-a-birosagon-a-kormany-a-matrai-eromu-adatkerelmi-pereben\/","title":{"rendered":"A Greenpeace szerint viccet csin\u00e1lt mag\u00e1b\u00f3l a b\u00edr\u00f3s\u00e1gon a korm\u00e1ny a M\u00e1trai Er\u0151m\u0171 adatk\u00e9relmi per\u00e9ben"},"content":{"rendered":"\n<p><strong>Budapest, 2024. \u00e1prilis 11. &#8211; A korm\u00e1ny vagy hazudott, vagy a magyar energiapolitika egyik fajs\u00falyos k\u00e9rd\u00e9s\u00e9ben szakmai anyagok helyett egy krist\u00e1lyg\u00f6mb \u00e9s a teny\u00e9rj\u00f3sl\u00e1s seg\u00edts\u00e9g\u00e9vel hozza meg a d\u00f6nt\u00e9seit. \u00cdgy \u00f6sszegezte a Greenpeace a M\u00e1trai Er\u0151m\u0171 \u00fczemidej\u00e9nek meghosszabb\u00edt\u00e1sa miatt ind\u00edtott adatk\u00e9relmi per\u00e9nek leg\u00fajabb, abszurd fejezet\u00e9t. A b\u00edr\u00f3s\u00e1gon az Energia\u00fcgyi Miniszt\u00e9rium jogi k\u00e9pvisel\u0151j\u00e9nek nyilatkozat\u00e1b\u00f3l ugyanis kider\u00fclt, hogy a korm\u00e1ny &#8211; kor\u00e1bbi \u00e1ll\u00edt\u00e1saival szemben &#8211; nem k\u00e9sz\u00edtett terveket a M\u00e1trai Er\u0151m\u0171 2025-\u00f6s bez\u00e1r\u00e1shoz. Ez a Greenpeace szerint nemcsak a tombol\u00f3 kl\u00edmav\u00e1ls\u00e1g miatt nonszensz, hanem az\u00e9rt is, mert teljesen ellent\u00e9tes az EU-s v\u00e1llal\u00e1sokkal is.<\/strong><\/p>\n\n<figure class=\"wp-block-image size-large  caption-alignment-right\"><img loading=\"lazy\" decoding=\"async\" width=\"1024\" height=\"767\" src=\"https:\/\/www.greenpeace.org\/static\/planet4-hungary-stateless\/2024\/03\/52c429c8-dji_0457_1920-1024x767.jpg\" alt=\"\" class=\"wp-image-10833\" srcset=\"https:\/\/www.greenpeace.org\/static\/planet4-hungary-stateless\/2024\/03\/52c429c8-dji_0457_1920-1024x767.jpg 1024w, https:\/\/www.greenpeace.org\/static\/planet4-hungary-stateless\/2024\/03\/52c429c8-dji_0457_1920-300x225.jpg 300w, https:\/\/www.greenpeace.org\/static\/planet4-hungary-stateless\/2024\/03\/52c429c8-dji_0457_1920-768x576.jpg 768w, https:\/\/www.greenpeace.org\/static\/planet4-hungary-stateless\/2024\/03\/52c429c8-dji_0457_1920-1536x1151.jpg 1536w, https:\/\/www.greenpeace.org\/static\/planet4-hungary-stateless\/2024\/03\/52c429c8-dji_0457_1920-1823x1366.jpg 1823w, https:\/\/www.greenpeace.org\/static\/planet4-hungary-stateless\/2024\/03\/52c429c8-dji_0457_1920-454x340.jpg 454w, https:\/\/www.greenpeace.org\/static\/planet4-hungary-stateless\/2024\/03\/52c429c8-dji_0457_1920.jpg 1920w\" sizes=\"auto, (max-width: 1024px) 100vw, 1024px\" \/><figcaption><div class=\"credit icon-left\"> \u00a9 Greenpeace<\/div><\/figcaption><\/figure>\n\n<p>Bizarr fordulatot vett a Greenpeace adatk\u00e9relmi pere, amit az\u00e9rt ind\u00edtott a korm\u00e1nnyal szemben, hogy kider\u00fclj\u00f6n, milyen tervez\u00e9s el\u0151zte meg n\u00e9gy \u00e9ve a s\u00falyosan szennyez\u0151 M\u00e1trai Er\u0151m\u0171 2025-\u00f6s bez\u00e1r\u00e1s\u00e1t. Ezeket a terveket az\u00e9rt szeretn\u00e9 megismerni a z\u00f6ldszervezet, hogy a magyar lakoss\u00e1g k\u00f6zelebb ker\u00fclhessen annak meg\u00e9rt\u00e9s\u00e9hez, hogy k\u00e9s\u0151bb mi\u00e9rt visszakozott m\u00e9gis a kabinet, \u00e9s d\u00f6nt\u00f6tt \u00fagy, hogy meghosszabb\u00edtja a kl\u00edmapuszt\u00edt\u00f3 er\u0151m\u0171 \u00fczemidej\u00e9t 2029-ig.&nbsp;<\/p>\n\n<p>Erre a jogi csavarra a Greenpeace szerint az\u00e9rt van sz\u00fcks\u00e9g, mert az \u00fczemid\u0151 meghosszabb\u00edt\u00e1s\u00e1r\u00f3l sz\u00f3l\u00f3 d\u00f6nt\u00e9st megalapoz\u00f3 adatokat a korm\u00e1ny nem volt hajland\u00f3 kiadni, mert azok \u00e1ll\u00edt\u00e1sa szerint \u201cd\u00f6nt\u00e9sel\u0151k\u00e9sz\u00edt\u0151 anyagnak min\u0151s\u00fclnek.\u201d A z\u00f6ldszervezet nyilatkozata szerint \u201cm\u00e1r azon sem igaz\u00e1n lep\u0151dn\u00e9nek meg, ha val\u00f3j\u00e1ban ilyen szakmai tervek sem l\u00e9tezn\u00e9nek, \u00e9s err\u0151l csak egy pillanatnyi politikai \u00e9rdekeket kiszolg\u00e1l\u00f3 d\u00f6nt\u00e9s sz\u00fcletett volna\u201d.&nbsp;<\/p>\n\n<p>Az Energia\u00fcgyi Miniszt\u00e9rium jogi k\u00e9pvisel\u0151j\u00e9nek b\u00edr\u00f3s\u00e1gi nyilatkozat\u00e1b\u00f3l a Greenpeace k\u00f6zl\u00e9se szerint most az der\u00fclt ki, hogy az er\u0151m\u0171 2025-\u00f6s bez\u00e1r\u00e1s\u00e1r\u00f3l sz\u00f3l\u00f3 tervek \u201cnem l\u00e9teznek\u201d. A Greenpeace \u00e9rtelmez\u00e9se szerint h\u00e1rom, rosszabbn\u00e1l rosszabb forgat\u00f3k\u00f6nyv lehets\u00e9ges:<\/p>\n\n<ul class=\"wp-block-list\">\n<li>a korm\u00e1ny kor\u00e1bban hazudott, amikor azt <a href=\"https:\/\/kormany.hu\/hirek\/elkezdodott-a-matrai-eromu-atalakitasa-a-munkahelyek-nincsenek-veszelyben\" target=\"_blank\" rel=\"noreferrer noopener nofollow\"><span style=\"text-decoration: underline;\">\u00e1ll\u00edtotta<\/span><\/a>, hogy a tervek szerint \u00e1ll\u00edtj\u00e1k le a M\u00e1trai Er\u0151m\u0171vet 2025-ben\u00a0<\/li>\n\n\n\n<li>ha nem hazudtak, akkor a korm\u00e1ny komolyabb szakmai el\u0151k\u00e9sz\u00edt\u00e9s n\u00e9lk\u00fcl \u00fagy tervezi meg egy er\u0151m\u0171 &#8211; am\u00fagy a Greenpeace \u00e1ltal t\u00e1mogatott &#8211; bez\u00e1r\u00e1s\u00e1t, mint m\u00e1s a h\u00e9tv\u00e9gi nagybev\u00e1s\u00e1rl\u00e1st<\/li>\n\n\n\n<li>vagy a korm\u00e1ny most az\u00e9rt tagadta meg a tervek kiad\u00e1s\u00e1t, mert azokb\u00f3l egy\u00e9rtelm\u0171en kider\u00fcl, hogy v\u00e9dhetetlen az er\u0151m\u0171 \u00fczemidej\u00e9nek meghosszabb\u00edt\u00e1s\u00e1r\u00f3l sz\u00f3l\u00f3 <a href=\"https:\/\/www.greenpeace.org\/hungary\/blog\/10692\/megakadalyoznank-hogy-ujabb-5-evet-kapjon-a-matrai-eromu\/\" target=\"_blank\" rel=\"noreferrer noopener\"><span style=\"text-decoration: underline;\">k\u00e9s\u0151bbi d\u00f6nt\u00e9se<\/span><\/a><\/li>\n<\/ul>\n\n<p><em>\u201cAmi a b\u00edr\u00f3s\u00e1gon t\u00f6rt\u00e9nt abszurd, de <\/em><a href=\"https:\/\/444.hu\/2024\/02\/24\/meg-mindig-a-gaz-a-fuggoseguk-magyar-klimapolitika-az-orosz-ukran-haboru-masodik-evfordulojan\" target=\"_blank\" rel=\"noreferrer noopener nofollow\"><em>a jelenlegi energiapolitik\u00e1t<\/em><\/a><em> tekintve sajnos nem meglep\u0151 fordulat. Igyeksz\u00fcnk nem arra gondolni, hogy esetleg a korm\u00e1ny f\u00e9lrevezethetn\u00e9 a k\u00f6zv\u00e9lem\u00e9nyt azoknak a szakmai anyagok l\u00e9tez\u00e9s\u00e9vel kapcsolatban, amik megalapozt\u00e1k a M\u00e1trai Er\u0151m\u0171 bez\u00e1r\u00e1s\u00e1t. Ez\u00e9rt, ha ezek a tervek nem is l\u00e9teznek, legal\u00e1bb azt a krist\u00e1lyg\u00f6mb\u00f6t szeretn\u00e9nk l\u00e1tni, aminek a seg\u00edts\u00e9g\u00e9vel d\u00f6ntenek a j\u00f6v\u0151nket nagyban befoly\u00e1sol\u00f3 energiapolitikai k\u00e9rd\u00e9sekr\u0151l\u201d <\/em>&#8211; mondta Perger Andr\u00e1s, a Greenpeace kl\u00edma- \u00e9s energiakamp\u00e1ny-felel\u0151se.<\/p>\n\n<p>A Miniszt\u00e9rium jogi k\u00e9pvisel\u0151j\u00e9nek a t\u00e1rgyal\u00e1son elhangzott \u00e1ll\u00edt\u00e1sa miatt a szervezet k\u00e9nytelen volt el\u00e1llni ebben az elj\u00e1r\u00e1sban a kereset\u00e9t\u0151l, de vizsg\u00e1lja a tov\u00e1bbi jogi l\u00e9p\u00e9sek lehet\u0151s\u00e9g\u00e9t. Arr\u00f3l, hogy a Greenpeace szerint mi\u00e9rt b\u0171n a lignitet \u00e9s k\u00f6zp\u00e9nzt \u00e9get\u0151 M\u00e1trai Er\u0151m\u0171 \u00fczemidej\u00e9nek meghosszabb\u00edt\u00e1sa, tov\u00e1bbi r\u00e9szleteket <a href=\"https:\/\/www.greenpeace.org\/hungary\/sajtokozlemeny\/10832\/veget-vetne-a-klimabunozesnek-a-matrai-eromunel-akciozo-greenpeace\/\" target=\"_blank\" rel=\"noreferrer noopener\">itt olvashat.<\/a><\/p>\n","protected":false},"excerpt":{"rendered":"<p>Budapest, 2024. \u00e1prilis 11. &#8211; A korm\u00e1ny vagy hazudott, vagy a magyar energiapolitika egyik fajs\u00falyos k\u00e9rd\u00e9s\u00e9ben szakmai anyagok helyett egy krist\u00e1lyg\u00f6mb \u00e9s a teny\u00e9rj\u00f3sl\u00e1s seg\u00edts\u00e9g\u00e9vel hozza meg a d\u00f6nt\u00e9seit. \u00cdgy&#8230;<\/p>\n","protected":false},"author":25,"featured_media":10833,"comment_status":"closed","ping_status":"closed","sticky":false,"template":"","format":"standard","meta":{"ep_exclude_from_search":false,"p4_og_title":"","p4_og_description":"","p4_og_image":"https:\/\/www.greenpeace.org\/static\/planet4-hungary-stateless\/2024\/03\/52c429c8-dji_0457_1920.jpg","p4_og_image_id":"10833","p4_seo_canonical_url":"","p4_campaign_name":"","p4_local_project":"","p4_basket_name":"","p4_department":"","footnotes":""},"categories":[2],"tags":[],"p4-page-type":[37],"class_list":["post-11024","post","type-post","status-publish","format-standard","has-post-thumbnail","hentry","category-klima-energia","p4-page-type-sajtokozlemeny"],"_links":{"self":[{"href":"https:\/\/www.greenpeace.org\/hungary\/wp-json\/wp\/v2\/posts\/11024","targetHints":{"allow":["GET"]}}],"collection":[{"href":"https:\/\/www.greenpeace.org\/hungary\/wp-json\/wp\/v2\/posts"}],"about":[{"href":"https:\/\/www.greenpeace.org\/hungary\/wp-json\/wp\/v2\/types\/post"}],"author":[{"embeddable":true,"href":"https:\/\/www.greenpeace.org\/hungary\/wp-json\/wp\/v2\/users\/25"}],"replies":[{"embeddable":true,"href":"https:\/\/www.greenpeace.org\/hungary\/wp-json\/wp\/v2\/comments?post=11024"}],"version-history":[{"count":6,"href":"https:\/\/www.greenpeace.org\/hungary\/wp-json\/wp\/v2\/posts\/11024\/revisions"}],"predecessor-version":[{"id":11030,"href":"https:\/\/www.greenpeace.org\/hungary\/wp-json\/wp\/v2\/posts\/11024\/revisions\/11030"}],"wp:featuredmedia":[{"embeddable":true,"href":"https:\/\/www.greenpeace.org\/hungary\/wp-json\/wp\/v2\/media\/10833"}],"wp:attachment":[{"href":"https:\/\/www.greenpeace.org\/hungary\/wp-json\/wp\/v2\/media?parent=11024"}],"wp:term":[{"taxonomy":"category","embeddable":true,"href":"https:\/\/www.greenpeace.org\/hungary\/wp-json\/wp\/v2\/categories?post=11024"},{"taxonomy":"post_tag","embeddable":true,"href":"https:\/\/www.greenpeace.org\/hungary\/wp-json\/wp\/v2\/tags?post=11024"},{"taxonomy":"p4-page-type","embeddable":true,"href":"https:\/\/www.greenpeace.org\/hungary\/wp-json\/wp\/v2\/p4-page-type?post=11024"}],"curies":[{"name":"wp","href":"https:\/\/api.w.org\/{rel}","templated":true}]}}