{"id":11049,"date":"2024-04-19T11:57:03","date_gmt":"2024-04-19T09:57:03","guid":{"rendered":"https:\/\/www.greenpeace.org\/hungary\/?p=11049"},"modified":"2024-08-13T10:27:52","modified_gmt":"2024-08-13T08:27:52","slug":"nemzetkozi-muanyagcsokkentesi-celok-tamogatasat-koveteli-a-magyar-kormanytol-a-greenpeace","status":"publish","type":"post","link":"https:\/\/www.greenpeace.org\/hungary\/cikkek\/11049\/nemzetkozi-muanyagcsokkentesi-celok-tamogatasat-koveteli-a-magyar-kormanytol-a-greenpeace\/","title":{"rendered":"Nemzetk\u00f6zi m\u0171anyagcs\u00f6kkent\u00e9si c\u00e9lok t\u00e1mogat\u00e1s\u00e1t k\u00f6veteli a magyar korm\u00e1nyt\u00f3l a Greenpeace"},"content":{"rendered":"\n<p><strong>Budapest, 2024. \u00e1prilis 19. \u2013 \u00c1prilis 23. \u00e9s 29. k\u00f6z\u00f6tt lesz az ENSZ K\u00f6rnyezetv\u00e9delmi Programj\u00e1nak (UNEP) k\u00f6vetkez\u0151 \u00fcl\u00e9se Ottaw\u00e1ban. Az \u00fcl\u00e9sen a vil\u00e1g orsz\u00e1gait s\u00fajt\u00f3 m\u0171anyagszennyez\u00e9s elleni k\u00f6telez\u0151 \u00e9rv\u00e9ny\u0171 glob\u00e1lis egyezm\u00e9nyr\u0151l t\u00e1rgyalnak a d\u00f6nt\u00e9shoz\u00f3k. A Greenpeace Magyarorsz\u00e1g lev\u00e9lben fordult az Energia\u00fcgyi Miniszt\u00e9riumhoz annak \u00e9rdek\u00e9ben, hogy haz\u00e1nk t\u00e1mogassa a z\u00f6ldszervezet h\u00e1rom legf\u0151bb k\u00f6vetel\u00e9s\u00e9t a m\u0171anyagszennyez\u00e9s felsz\u00e1mol\u00e1s\u00e1\u00e9rt. Haz\u00e1nkat foly\u00f3inkon kereszt\u00fcl rendszeresen \u00e9ri a hat\u00e1ron t\u00falr\u00f3l \u00e9rkez\u0151 m\u0171anyagszennyez\u00e9s, ez\u00e9rt Magyarorsz\u00e1gnak elemi \u00e9rdeke, hogy l\u00e9trej\u00f6jj\u00f6n egy szigor\u00fa \u00e9s ambici\u00f3zus nemzetk\u00f6zi egyezm\u00e9ny ennek megf\u00e9kez\u00e9s\u00e9re.<\/strong><\/p>\n\n<figure class=\"wp-block-image size-large  caption-alignment-right\"><img loading=\"lazy\" decoding=\"async\" width=\"1024\" height=\"683\" src=\"https:\/\/www.greenpeace.org\/static\/planet4-hungary-stateless\/2024\/04\/3bbd51d4-51131944879_184d9e7500_k-sm-1024x683.jpg\" alt=\"\" class=\"wp-image-11051\" srcset=\"https:\/\/www.greenpeace.org\/static\/planet4-hungary-stateless\/2024\/04\/3bbd51d4-51131944879_184d9e7500_k-sm-1024x683.jpg 1024w, https:\/\/www.greenpeace.org\/static\/planet4-hungary-stateless\/2024\/04\/3bbd51d4-51131944879_184d9e7500_k-sm-300x200.jpg 300w, https:\/\/www.greenpeace.org\/static\/planet4-hungary-stateless\/2024\/04\/3bbd51d4-51131944879_184d9e7500_k-sm-768x512.jpg 768w, https:\/\/www.greenpeace.org\/static\/planet4-hungary-stateless\/2024\/04\/3bbd51d4-51131944879_184d9e7500_k-sm-510x340.jpg 510w, https:\/\/www.greenpeace.org\/static\/planet4-hungary-stateless\/2024\/04\/3bbd51d4-51131944879_184d9e7500_k-sm.jpg 1200w\" sizes=\"auto, (max-width: 1024px) 100vw, 1024px\" \/><figcaption><div class=\"credit icon-left\"> \u00a9 J\u00e1rd\u00e1ny Bence \/ Greenpeace<\/div><\/figcaption><\/figure>\n\n<p>A Greenpeace Magyarorsz\u00e1g <a href=\"https:\/\/www.greenpeace.org\/static\/planet4-hungary-stateless\/2024\/04\/d7c52e6e-gp_level-1_gdpr_linkcorr.pdf\" target=\"_blank\" rel=\"noreferrer noopener\">lev\u00e9lben fordult<\/a> Dr. Raisz Anik\u00f3hoz, az Energia\u00fcgyi Miniszt\u00e9rium illet\u00e9kes k\u00f6rnyezet\u00fcgy\u00e9rt \u00e9s k\u00f6rforg\u00e1sos gazdas\u00e1g\u00e9rt felel\u0151s \u00e1llamtitk\u00e1r\u00e1hoz annak \u00e9rdek\u00e9ben, hogy haz\u00e1nk t\u00e1mogassa a z\u00f6ldszervezet h\u00e1rom legf\u0151bb k\u00f6vetel\u00e9s\u00e9t a m\u0171anyagszennyez\u00e9s felsz\u00e1mol\u00e1s\u00e1\u00e9rt az ENSZ K\u00f6rnyezetv\u00e9delmi Programj\u00e1nak soron k\u00f6vetkez\u0151 \u00fcl\u00e9s\u00e9n.<\/p>\n\n<p>A Greenpeace \u00e1ll\u00e1spontja szerint az els\u0151dleges c\u00e9l a m\u0171anyaggy\u00e1rt\u00e1s korl\u00e1toz\u00e1sa. A tag\u00e1llamok \u00e1ltal <a href=\"https:\/\/wedocs.unep.org\/bitstream\/handle\/20.500.11822\/39812\/OEWG_PP_1_INF_1_UNEA%20resolution.pdf\" target=\"_blank\" rel=\"noreferrer noopener nofollow\">k\u00f6z\u00f6sen elfogadott dokumentumban<\/a> kor\u00e1bban kimondt\u00e1k, hogy \u201efenntarthat\u00f3 termel\u00e9s&#8221; sz\u00fcks\u00e9ges, ami vezet\u0151 tud\u00f3sok [1] szerint a glob\u00e1lis m\u0171anyaggy\u00e1rt\u00e1s m\u00e9rt\u00e9k\u00e9nek jelent\u0151s cs\u00f6kkent\u00e9s\u00e9t jelenti. Ha a gy\u00e1rt\u00e1s a jelenlegi m\u00e9rt\u00e9kben folytat\u00f3dik vagy az el\u0151rejelz\u00e9sek szerint m\u00e9g n\u00f6vekszik is, akkor soha nem lesz\u00fcnk k\u00e9pesek kezelni az ez\u00e1ltal keletkez\u0151 m\u0171anyagszennyez\u00e9st [2].<strong> A Greenpeace javaslata szerint a m\u0171anyaggy\u00e1rt\u00e1st legal\u00e1bb 75%-kal cs\u00f6kkenteni kell 2040-ig.<\/strong><\/p>\n\n<p>A k\u00f6rnyezetv\u00e9d\u0151 szervezet fontosnak tartja, hogy az egyezm\u00e9nyben konkr\u00e9t c\u00e9lokat hat\u00e1rozzanak meg a m\u0171anyaggy\u00e1rt\u00e1s cs\u00f6kkent\u00e9s\u00e9re, valamint az \u00fajrafelhaszn\u00e1l\u00e1sra. A Greenpeace hat\u00e1rozottan t\u00e1mogatja az egyes term\u00e9kek \u00e9s m\u0171anyagt\u00edpusok betilt\u00e1s\u00e1t \u00e9s fokozatos kivon\u00e1s\u00e1t, azaz az olyan rendelkez\u00e9seket, mint a <a href=\"https:\/\/www.greenpeace.org\/hungary\/blog\/8460\/eletbe-lepett-magyarorszagon-a-muanyagtilalom-mi-varhato-ezutan\/\" target=\"_blank\" rel=\"noreferrer noopener\">m\u0171anyag zacsk\u00f3k korl\u00e1toz\u00e1s\u00e1ra<\/a> hozott hazai jogszab\u00e1ly \u00e9s a <a href=\"https:\/\/eur-lex.europa.eu\/HU\/legal-content\/summary\/single-use-plastics-fighting-the-impact-on-the-environment.html\" target=\"_blank\" rel=\"noreferrer noopener nofollow\">SUP-ir\u00e1nyelvben<\/a> l\u00e9v\u0151 tilalmak (sz\u00edv\u00f3sz\u00e1l, m\u0171anyag ev\u0151eszk\u00f6z\u00f6k, stb). Egyre t\u00f6bb bizony\u00edt\u00e9k van arra, hogy az \u00fajrat\u00f6lt\u00e9s, \u00fajrahaszn\u00e1lat az egyik legfontosabb eszk\u00f6z az illeg\u00e1lis hullad\u00e9klerak\u00e1s, szemetel\u00e9s elleni harcban.<\/p>\n\n<p>Mindemellett az egyezm\u00e9ny r\u00e9szek\u00e9nt elfogadott eszk\u00f6z\u00f6knek, p\u00e9nz\u00fcgyi t\u00e1mogat\u00e1soknak \u00f6sszhangban kell lenni\u00fck a hullad\u00e9khierarchi\u00e1val, amely szerint legfontosabb a hullad\u00e9kmegel\u0151z\u00e9s, majd az \u00fajrahaszn\u00e1lat. Ez azt is jelenti, hogy a gy\u00e1rt\u00e1s cs\u00f6kkent\u00e9s\u00e9t, az \u00fajrafelhaszn\u00e1l\u00e1st \u00e9s az \u00fajrat\u00f6lt\u00e9si rendszerek sz\u00e9les k\u00f6r\u0171 ki\u00e9p\u00edt\u00e9s\u00e9t t\u00e1mogass\u00e1k, a dr\u00e1ga \u00fajrahasznos\u00edt\u00e1si infrastrukt\u00fara vagy m\u00e1s, a hullad\u00e9khierarchi\u00e1ban m\u00e9g alacsonyabb helyen \u00e1ll\u00f3 int\u00e9zked\u00e9sek (p\u00e9ld\u00e1ul a hullad\u00e9k\u00e9get\u00e9s) finansz\u00edroz\u00e1s\u00e1val szemben.&nbsp;<\/p>\n\n<p><strong>FRISS\u00cdT\u00c9S:<\/strong><br>Az Energia\u00fcgyi Miniszt\u00e9rium e-mailben megk\u00fcld\u00f6tt <a href=\"https:\/\/www.greenpeace.org\/static\/planet4-hungary-stateless\/2024\/08\/ef87844d-ftszf-8978-1-2024-em_gdpr.pdf\" target=\"_blank\" rel=\"noreferrer noopener\">v\u00e1lasza itt \u00e9rhet\u0151 el<\/a>.<\/p>\n\n<p><a href=\"https:\/\/www.greenpeace.org\/static\/planet4-hungary-stateless\/2024\/08\/0d42e832-plasztik_valasz2024busa_gdpr.pdf\" target=\"_blank\" rel=\"noreferrer noopener\">Itt olvashat\u00f3<\/a> a Greenpeace Energia\u00fcgyi Miniszt\u00e9riumnak k\u00fcld\u00f6tt \u00fajabb levele, amelyben a szervezet ambici\u00f3zus fell\u00e9p\u00e9st v\u00e1r az EU Tan\u00e1cs magyar eln\u00f6ks\u00e9g\u00e9t\u0151l a nemzetk\u00f6zi m\u0171anyagszennyez\u00e9s elleni glob\u00e1lis egyezm\u00e9ny \u0151szi t\u00e1rgyal\u00e1si fordul\u00f3j\u00e1n.<\/p>\n\n<p><strong>Hivatkoz\u00e1sok:<\/strong><\/p>\n\n<p>[1]&nbsp; <a href=\"https:\/\/easac.eu\/publications\/details\/update-on-the-easac-plastics-report-towards-a-plastics-treaty\" target=\"_blank\" rel=\"noreferrer noopener nofollow\">https:\/\/easac.eu\/publications\/details\/update-on-the-easac-plastics-report-towards-a-plastics-treaty<\/a><\/p>\n\n<p>[2] <a href=\"https:\/\/www.systemiq.earth\/towards-ending-plastic-pollution-by-2040\/\" target=\"_blank\" rel=\"noreferrer noopener nofollow\">https:\/\/www.systemiq.earth\/towards-ending-plastic-pollution-by-2040\/<\/a><\/p>\n","protected":false},"excerpt":{"rendered":"<p>Budapest, 2024. \u00e1prilis 19. \u2013 \u00c1prilis 23. \u00e9s 29. k\u00f6z\u00f6tt lesz az ENSZ K\u00f6rnyezetv\u00e9delmi Programj\u00e1nak (UNEP) k\u00f6vetkez\u0151 \u00fcl\u00e9se Ottaw\u00e1ban. Az \u00fcl\u00e9sen a vil\u00e1g orsz\u00e1gait s\u00fajt\u00f3 m\u0171anyagszennyez\u00e9s elleni k\u00f6telez\u0151 \u00e9rv\u00e9ny\u0171 glob\u00e1lis&hellip;<\/p>\n","protected":false},"author":25,"featured_media":11051,"comment_status":"closed","ping_status":"closed","sticky":false,"template":"","format":"standard","meta":{"ep_exclude_from_search":false,"p4_og_title":"","p4_og_description":"","p4_og_image":"https:\/\/www.greenpeace.org\/static\/planet4-hungary-stateless\/2024\/04\/3bbd51d4-51131944879_184d9e7500_k-sm.jpg","p4_og_image_id":"11051","p4_seo_canonical_url":"","p4_campaign_name":"","p4_local_project":"","p4_basket_name":"","p4_department":"","footnotes":""},"categories":[3],"tags":[23],"p4-page-type":[16],"class_list":["post-11049","post","type-post","status-publish","format-standard","has-post-thumbnail","hentry","category-termeszet-kornyezet","tag-muanyag","p4-page-type-cikkek"],"_links":{"self":[{"href":"https:\/\/www.greenpeace.org\/hungary\/wp-json\/wp\/v2\/posts\/11049","targetHints":{"allow":["GET"]}}],"collection":[{"href":"https:\/\/www.greenpeace.org\/hungary\/wp-json\/wp\/v2\/posts"}],"about":[{"href":"https:\/\/www.greenpeace.org\/hungary\/wp-json\/wp\/v2\/types\/post"}],"author":[{"embeddable":true,"href":"https:\/\/www.greenpeace.org\/hungary\/wp-json\/wp\/v2\/users\/25"}],"replies":[{"embeddable":true,"href":"https:\/\/www.greenpeace.org\/hungary\/wp-json\/wp\/v2\/comments?post=11049"}],"version-history":[{"count":10,"href":"https:\/\/www.greenpeace.org\/hungary\/wp-json\/wp\/v2\/posts\/11049\/revisions"}],"predecessor-version":[{"id":11223,"href":"https:\/\/www.greenpeace.org\/hungary\/wp-json\/wp\/v2\/posts\/11049\/revisions\/11223"}],"wp:featuredmedia":[{"embeddable":true,"href":"https:\/\/www.greenpeace.org\/hungary\/wp-json\/wp\/v2\/media\/11051"}],"wp:attachment":[{"href":"https:\/\/www.greenpeace.org\/hungary\/wp-json\/wp\/v2\/media?parent=11049"}],"wp:term":[{"taxonomy":"category","embeddable":true,"href":"https:\/\/www.greenpeace.org\/hungary\/wp-json\/wp\/v2\/categories?post=11049"},{"taxonomy":"post_tag","embeddable":true,"href":"https:\/\/www.greenpeace.org\/hungary\/wp-json\/wp\/v2\/tags?post=11049"},{"taxonomy":"p4-page-type","embeddable":true,"href":"https:\/\/www.greenpeace.org\/hungary\/wp-json\/wp\/v2\/p4-page-type?post=11049"}],"curies":[{"name":"wp","href":"https:\/\/api.w.org\/{rel}","templated":true}]}}