{"id":11124,"date":"2024-06-05T08:00:00","date_gmt":"2024-06-05T06:00:00","guid":{"rendered":"https:\/\/www.greenpeace.org\/hungary\/?p=11124"},"modified":"2024-06-05T10:36:54","modified_gmt":"2024-06-05T08:36:54","slug":"hat-ep-listavezeto-vallalta-hogy-bejutasa-eseten-teljesiti-a-greenpeace-zold-koveteleseit","status":"publish","type":"post","link":"https:\/\/www.greenpeace.org\/hungary\/sajtokozlemeny\/11124\/hat-ep-listavezeto-vallalta-hogy-bejutasa-eseten-teljesiti-a-greenpeace-zold-koveteleseit\/","title":{"rendered":"Hat EP-listavezet\u0151 v\u00e1llalta, hogy bejut\u00e1sa eset\u00e9n teljes\u00edti a Greenpeace z\u00f6ld k\u00f6vetel\u00e9seit"},"content":{"rendered":"\n<p><strong>A szervezet azt k\u00e9rte a p\u00e1rtokt\u00f3l, hogy t\u00f6bbek k\u00f6z\u00f6tt olyan \u00fcgyekben tegyenek z\u00f6ld v\u00e1llal\u00e1sokat, mint az akkumul\u00e1tor\u00fczemek szigor\u00fabb szab\u00e1lyoz\u00e1sa, egy er\u0151s term\u00e9szet-helyre\u00e1ll\u00edt\u00e1si jogszab\u00e1ly elfogad\u00e1sa, a fosszilis projektek uni\u00f3s tilalma, vagy a m\u0171anyagszennyez\u00e9s radik\u00e1lis cs\u00f6kkent\u00e9se. A Greenpeace sajn\u00e1lja, hogy m\u00edg hat meghat\u00e1roz\u00f3 politikai er\u0151 pozit\u00edvan nyilatkozott, a Fidesz-KDNP \u00e9s a Tisza P\u00e1rt nem \u00e1llt k\u00f6vetel\u00e9seik mell\u00e9.<\/strong><\/p>\n\n<p>Az Eur\u00f3pai Parlamentben az eg\u00e9sz vil\u00e1got \u00e9rint\u0151 k\u00f6rnyezet- \u00e9s term\u00e9szetv\u00e9delmi d\u00f6nt\u00e9sek sz\u00fcletnek. A Greenpeace arra k\u00e9rte a p\u00e1rtok jel\u00f6ltjeit, hogy v\u00e1llalj\u00e1k: megv\u00e1laszt\u00e1suk eset\u00e9n az alapvet\u0151 k\u00f6rnyezet- \u00e9s term\u00e9szetv\u00e9delmi szempontok alapj\u00e1n fognak szavazni az Eur\u00f3pai Parlamentben. M\u00e1jus k\u00f6zep\u00e9n a z\u00f6ld szervezet egy <a href=\"https:\/\/www.greenpeace.org\/hungary\/sajtokozlemeny\/11088\/zold-allasfoglalast-ker-a-greenpeace-az-europai-parlamentbe-keszulo-partoktol\/\">10 pontos nyilatkozat<\/a> elfogad\u00e1s\u00e1ra k\u00e9rte az Eur\u00f3pai Parlamenti v\u00e1laszt\u00e1son indul\u00f3 p\u00e1rtok, szervezetek hazai listavezet\u0151it. A 10 pont r\u00e9sze az akkumul\u00e1tor-ipar\u00e1g k\u00f6rnyezeti szab\u00e1lyainak szigor\u00edt\u00e1sa, halad\u00e9ktalan kl\u00edmav\u00e9delmi c\u00e9lok elfogad\u00e1sa, mez\u0151gazdas\u00e1g- \u00e9s biodiverzit\u00e1sv\u00e9delmi s\u00fcrg\u0151s int\u00e9zked\u00e9sek, valamint hat\u00e1rozott l\u00e9p\u00e9sek a m\u0171anyagkr\u00edzis meg\u00e1ll\u00edt\u00e1s\u00e1ra.<\/p>\n\n<p>A kezdem\u00e9nyez\u00e9shez csatlakozva Dobrev Kl\u00e1ra (DK-MSZP-P\u00e1rbesz\u00e9d-Z\u00f6ldek), Ung\u00e1r P\u00e9ter (LMP- Z\u00f6ldek), a Don\u00e1th Anna (Momentum), Le Marietta \u00a0(MKKP) \u00e9s R\u00f3na P\u00e9ter (a Jobbik- Konzervat\u00edvok) v\u00e1llalta, hogy p\u00e1rtja k\u00e9pviselni fogja a Greenpeace \u00f6sszes pontj\u00e1t, amennyiben beker\u00fclnek az Eur\u00f3pai Parlamentbe. A 2RK P\u00e1rt a 10-b\u0151l 2 pont kapcs\u00e1n (a n\u00f6v\u00e9nyv\u00e9d\u0151 szerek visszaszor\u00edt\u00e1sa, illetve az \u00faj fosszilis projektek tilalma) nem tudott garanci\u00e1t v\u00e1llalni, a m\u00e1sik 8-ban azonban t\u00e1mogatja a Greenpeace k\u00f6vetel\u00e9seit.\u00a0<\/p>\n\n<p>A Greenpeace megkeres\u00e9s\u00e9re nem reag\u00e1lt a Fidesz-KDNP, \u00e9s \u00e9rdemi v\u00e1laszt nem k\u00fcld\u00f6tt &nbsp;a Tisza P\u00e1rt sem, \u00edgy eset\u00fckben nem tudhatjuk, hogy megv\u00e1laszt\u00e1suk eset\u00e9n mennyire fogj\u00e1k figyelembe venni az alapvet\u0151 k\u00f6rnyezet- \u00e9s term\u00e9szetv\u00e9delmi szempontokat Eur\u00f3pai Parlamenti munk\u00e1jukban. Hozz\u00e1juk hasonl\u00f3an elmaradt a v\u00e1laszad\u00e1ssal a Mi Haz\u00e1nk, a Megold\u00e1s Mozgalom \u00e9s a Mindenki Magyarorsz\u00e1ga N\u00e9pp\u00e1rt is.&nbsp;<\/p>\n\n<p>A Greenpeace szerint v\u00e9gre cselekedn\u00fcnk kell, ha t\u00fal akarjuk \u00e9lni ezt az \u00e9vsz\u00e1zadot. Ez\u00e9rt nyitottak a szakmai egy\u00fcttm\u0171k\u00f6d\u00e9sre az \u00f6sszes p\u00e1rttal a k\u00f6rnyezet- \u00e9s term\u00e9szetv\u00e9delmi szempontok \u00e9rv\u00e9nyes\u00edt\u00e9se \u00e9rdek\u00e9ben. A k\u00f6vetkez\u0151 ciklus v\u00e9g\u00e9n pedig z\u00f6ld szempontb\u00f3l \u00e9rt\u00e9kelni fogj\u00e1k a most bejut\u00f3 p\u00e1rtok \u00e9s k\u00e9pvisel\u0151k munk\u00e1j\u00e1t.<\/p>\n\n<p>A Greenpeace az EP-v\u00e1laszt\u00e1s mellett arra is eml\u00e9keztet, hogy Magyarorsz\u00e1g uni\u00f3s szinten az idei \u00e9vben a kor\u00e1bbiakhoz k\u00e9pest kiemelt figyelemre is sz\u00e1m\u00edthat egy m\u00e1sik magas szint\u0171 uni\u00f3s test\u00fclet, az Eur\u00f3pai Uni\u00f3 Tan\u00e1cs\u00e1nak soros eln\u00f6kek\u00e9nt.<\/p>\n","protected":false},"excerpt":{"rendered":"<p>A szervezet azt k\u00e9rte a p\u00e1rtokt\u00f3l, hogy t\u00f6bbek k\u00f6z\u00f6tt olyan \u00fcgyekben tegyenek z\u00f6ld v\u00e1llal\u00e1sokat, mint az akkumul\u00e1tor\u00fczemek szigor\u00fabb szab\u00e1lyoz\u00e1sa, egy er\u0151s term\u00e9szet-helyre\u00e1ll\u00edt\u00e1si jogszab\u00e1ly elfogad\u00e1sa, a fosszilis projektek uni\u00f3s tilalma, vagy a m\u0171anyagszennyez\u00e9s radik\u00e1lis cs\u00f6kkent\u00e9se.<\/p>\n","protected":false},"author":25,"featured_media":11125,"comment_status":"closed","ping_status":"closed","sticky":false,"template":"","format":"standard","meta":{"ep_exclude_from_search":false,"p4_og_title":"","p4_og_description":"","p4_og_image":"","p4_og_image_id":"","p4_seo_canonical_url":"","p4_campaign_name":"","p4_local_project":"","p4_basket_name":"","p4_department":"","footnotes":""},"categories":[4],"tags":[],"p4-page-type":[37],"class_list":["post-11124","post","type-post","status-publish","format-standard","has-post-thumbnail","hentry","category-ember-tarsadalom","p4-page-type-sajtokozlemeny"],"_links":{"self":[{"href":"https:\/\/www.greenpeace.org\/hungary\/wp-json\/wp\/v2\/posts\/11124","targetHints":{"allow":["GET"]}}],"collection":[{"href":"https:\/\/www.greenpeace.org\/hungary\/wp-json\/wp\/v2\/posts"}],"about":[{"href":"https:\/\/www.greenpeace.org\/hungary\/wp-json\/wp\/v2\/types\/post"}],"author":[{"embeddable":true,"href":"https:\/\/www.greenpeace.org\/hungary\/wp-json\/wp\/v2\/users\/25"}],"replies":[{"embeddable":true,"href":"https:\/\/www.greenpeace.org\/hungary\/wp-json\/wp\/v2\/comments?post=11124"}],"version-history":[{"count":4,"href":"https:\/\/www.greenpeace.org\/hungary\/wp-json\/wp\/v2\/posts\/11124\/revisions"}],"predecessor-version":[{"id":11131,"href":"https:\/\/www.greenpeace.org\/hungary\/wp-json\/wp\/v2\/posts\/11124\/revisions\/11131"}],"wp:featuredmedia":[{"embeddable":true,"href":"https:\/\/www.greenpeace.org\/hungary\/wp-json\/wp\/v2\/media\/11125"}],"wp:attachment":[{"href":"https:\/\/www.greenpeace.org\/hungary\/wp-json\/wp\/v2\/media?parent=11124"}],"wp:term":[{"taxonomy":"category","embeddable":true,"href":"https:\/\/www.greenpeace.org\/hungary\/wp-json\/wp\/v2\/categories?post=11124"},{"taxonomy":"post_tag","embeddable":true,"href":"https:\/\/www.greenpeace.org\/hungary\/wp-json\/wp\/v2\/tags?post=11124"},{"taxonomy":"p4-page-type","embeddable":true,"href":"https:\/\/www.greenpeace.org\/hungary\/wp-json\/wp\/v2\/p4-page-type?post=11124"}],"curies":[{"name":"wp","href":"https:\/\/api.w.org\/{rel}","templated":true}]}}