{"id":11155,"date":"2024-06-27T11:35:37","date_gmt":"2024-06-27T09:35:37","guid":{"rendered":"https:\/\/www.greenpeace.org\/hungary\/?p=11155"},"modified":"2024-06-27T12:04:33","modified_gmt":"2024-06-27T10:04:33","slug":"a-greenpeace-valasza-az-agrarminiszteriumnak-a-novenyvedelmi-bizottsag-tagdelegaciojaval-kapcsolatban","status":"publish","type":"post","link":"https:\/\/www.greenpeace.org\/hungary\/blog\/11155\/a-greenpeace-valasza-az-agrarminiszteriumnak-a-novenyvedelmi-bizottsag-tagdelegaciojaval-kapcsolatban\/","title":{"rendered":"A Greenpeace v\u00e1lasza az Agr\u00e1rminiszt\u00e9riumnak a N\u00f6v\u00e9nyv\u00e9delmi Bizotts\u00e1g tagdeleg\u00e1ci\u00f3j\u00e1val kapcsolatban"},"content":{"rendered":"\n<p><strong>Budapest, 2024. j\u00fanius 27. <\/strong><strong>\u2013<\/strong><strong> A Greenpeace Magyarorsz\u00e1g lev\u00e9lben reag\u00e1lt az Agr\u00e1rminiszt\u00e9rium m\u00e1jus 30-i megkeres\u00e9s\u00e9re, amelyben az \u00e9lelmiszeripar\u00e9rt \u00e9s kereskedelempolitik\u00e1\u00e9rt felel\u0151s helyettes \u00e1llamtitk\u00e1r felk\u00e9r\u00e9st k\u00fcld\u00f6tt tag deleg\u00e1l\u00e1s\u00e1ra az Agr\u00e1rminiszt\u00e9rium N\u00f6v\u00e9nyv\u00e9delmi Bizotts\u00e1g\u00e1ba. V\u00e1laszlevel\u00fcnkben le\u00edrjuk, hogy mi\u00e9rt l\u00e9pt\u00fcnk ki 2019-ben a Bizotts\u00e1gb\u00f3l, \u00e9s hogy mely felt\u00e9telekkel lenne elfogadhat\u00f3 sz\u00e1munkra a Bizotts\u00e1gban val\u00f3 r\u00e9szv\u00e9tel.\u00a0<\/strong><\/p>\n\n<p>A Greenpeace Magyarorsz\u00e1g vegyianyag-szak\u00e9rt\u0151je, Simon Gergely 2019-ig volt tagja a N\u00f6v\u00e9nyv\u00e9delmi Bizotts\u00e1gnak. Szak\u00e9rt\u0151nk az\u00e9rt l\u00e9pett ki a Bizotts\u00e1gb\u00f3l, mert tags\u00e1ga alatt rendre azt tapasztalta, hogy az ipari dominancia miatt a z\u00f6ld \u00e9rveket egy\u00e1ltal\u00e1n nem vett\u00e9k figyelembe \u2013 a d\u00f6nt\u00e9shozatal sor\u00e1n a magyar lakoss\u00e1g eg\u00e9szs\u00e9gv\u00e9delm\u00e9nek, valamint az \u00e9l\u0151vil\u00e1g \u00e9s a term\u0151talaj meg\u0151rz\u00e9s\u00e9nek szempontjait mindv\u00e9gig fel\u00fcl\u00edrt\u00e1k a vegyipar, valamint a nagyipari mez\u0151gazdas\u00e1g \u00e9rdekei. Mindezek tekintet\u00e9ben nem volt \u00e9rtelme r\u00e9szv\u00e9tel\u00fcnknek a Bizotts\u00e1gban, az ott hozott d\u00f6nt\u00e9sekkel nem tudtunk azonosulni. A kil\u00e9p\u00e9sr\u0151l sz\u00f3l\u00f3 r\u00e9szletes \u00e1ll\u00e1sfoglal\u00e1sunk <a href=\"https:\/\/www.greenpeace.org\/hungary\/sajtokozlemeny\/4309\/a-greenpeace-magyarorszagnal-betelt-a-pohar-kilep-a-novenyvedelmi-bizottsagbol\/\" target=\"_blank\" rel=\"noreferrer noopener\">itt<\/a> olvashat\u00f3.<\/p>\n\n<p>Abban az esetben lenne elfogadhat\u00f3 sz\u00e1munkra a Bizotts\u00e1gban val\u00f3 r\u00e9szv\u00e9tel, ha azt \u00fagy alak\u00edtan\u00e1k \u00e1t, hogy a d\u00f6nt\u00e9sekn\u00e9l minden ter\u00fclet egyenl\u0151 s\u00fallyal k\u00e9pviselhesse mag\u00e1t. Ha ez nem val\u00f3sul meg, akkor kiz\u00e1r\u00f3lag azzal a felt\u00e9tellel tudunk ism\u00e9t r\u00e9szt venni a Bizotts\u00e1gban, ha az nem fogad el \u00e1ll\u00e1sfoglal\u00e1sokat, nem hoz d\u00f6nt\u00e9seket, hanem csup\u00e1n szakmai f\u00f3rumk\u00e9nt m\u0171k\u00f6dik, \u00e9s ez\u00e1ltal azt a c\u00e9lt szolg\u00e1lja, hogy a d\u00f6nt\u00e9shoz\u00f3k megismerj\u00e9k a Bizotts\u00e1gban l\u00e9v\u0151 \u00e9rdekelt felek \u00e1ll\u00e1spontj\u00e1t. Nem tartjuk elfogadhat\u00f3nak, hogy a k\u00f6rnyezet \u00e9s az emberi eg\u00e9szs\u00e9g v\u00e9delm\u00e9t, valamint a tudom\u00e1nyt semmibe vev\u0151 d\u00f6nt\u00e9sekhez adjuk a nev\u00fcnket a Bizotts\u00e1gban val\u00f3 r\u00e9szv\u00e9tellel.<\/p>\n\n<p>Az Agr\u00e1rminiszt\u00e9riumnak k\u00fcld\u00f6tt v\u00e1laszlevel\u00fcnk <a href=\"https:\/\/www.greenpeace.org\/static\/planet4-hungary-stateless\/2024\/06\/2e44c9ee-a-greenpeace-magyarorszag-valasza-a-novenyvedelmi-bizottsag-tagdelegaciojaval-kapcsolatban_gdpr-ok.pdf\" target=\"_blank\" rel=\"noreferrer noopener\">itt<\/a> olvashat\u00f3 teljes terjedelm\u00e9ben.<\/p>\n","protected":false},"excerpt":{"rendered":"<p>Budapest, 2024. j\u00fanius 26. \u2013 A Greenpeace Magyarorsz\u00e1g lev\u00e9lben reag\u00e1lt az Agr\u00e1rminiszt\u00e9rium m\u00e1jus 30-i megkeres\u00e9s\u00e9re, amelyben az \u00e9lelmiszeripar\u00e9rt \u00e9s kereskedelempolitik\u00e1\u00e9rt felel\u0151s helyettes \u00e1llamtitk\u00e1r felk\u00e9r\u00e9st k\u00fcld\u00f6tt tag deleg\u00e1l\u00e1s\u00e1ra az Agr\u00e1rminiszt\u00e9rium N\u00f6v\u00e9nyv\u00e9delmi&hellip;<\/p>\n","protected":false},"author":25,"featured_media":11158,"comment_status":"closed","ping_status":"closed","sticky":false,"template":"","format":"standard","meta":{"ep_exclude_from_search":false,"p4_og_title":"","p4_og_description":"","p4_og_image":"","p4_og_image_id":"","p4_seo_canonical_url":"","p4_campaign_name":"","p4_local_project":"","p4_basket_name":"","p4_department":"","footnotes":""},"categories":[3],"tags":[19],"p4-page-type":[40],"class_list":["post-11155","post","type-post","status-publish","format-standard","has-post-thumbnail","hentry","category-termeszet-kornyezet","tag-egeszseg","p4-page-type-blog"],"_links":{"self":[{"href":"https:\/\/www.greenpeace.org\/hungary\/wp-json\/wp\/v2\/posts\/11155","targetHints":{"allow":["GET"]}}],"collection":[{"href":"https:\/\/www.greenpeace.org\/hungary\/wp-json\/wp\/v2\/posts"}],"about":[{"href":"https:\/\/www.greenpeace.org\/hungary\/wp-json\/wp\/v2\/types\/post"}],"author":[{"embeddable":true,"href":"https:\/\/www.greenpeace.org\/hungary\/wp-json\/wp\/v2\/users\/25"}],"replies":[{"embeddable":true,"href":"https:\/\/www.greenpeace.org\/hungary\/wp-json\/wp\/v2\/comments?post=11155"}],"version-history":[{"count":3,"href":"https:\/\/www.greenpeace.org\/hungary\/wp-json\/wp\/v2\/posts\/11155\/revisions"}],"predecessor-version":[{"id":11161,"href":"https:\/\/www.greenpeace.org\/hungary\/wp-json\/wp\/v2\/posts\/11155\/revisions\/11161"}],"wp:featuredmedia":[{"embeddable":true,"href":"https:\/\/www.greenpeace.org\/hungary\/wp-json\/wp\/v2\/media\/11158"}],"wp:attachment":[{"href":"https:\/\/www.greenpeace.org\/hungary\/wp-json\/wp\/v2\/media?parent=11155"}],"wp:term":[{"taxonomy":"category","embeddable":true,"href":"https:\/\/www.greenpeace.org\/hungary\/wp-json\/wp\/v2\/categories?post=11155"},{"taxonomy":"post_tag","embeddable":true,"href":"https:\/\/www.greenpeace.org\/hungary\/wp-json\/wp\/v2\/tags?post=11155"},{"taxonomy":"p4-page-type","embeddable":true,"href":"https:\/\/www.greenpeace.org\/hungary\/wp-json\/wp\/v2\/p4-page-type?post=11155"}],"curies":[{"name":"wp","href":"https:\/\/api.w.org\/{rel}","templated":true}]}}