{"id":11181,"date":"2024-07-11T10:12:33","date_gmt":"2024-07-11T08:12:33","guid":{"rendered":"https:\/\/www.greenpeace.org\/hungary\/?p=11181"},"modified":"2025-10-01T13:40:02","modified_gmt":"2025-10-01T11:40:02","slug":"oriasi-gyozelem-a-kuria-a-greenpeace-nek-adott-igazat-a-ferto-to-ugyeben","status":"publish","type":"post","link":"https:\/\/www.greenpeace.org\/hungary\/sajtokozlemeny\/11181\/oriasi-gyozelem-a-kuria-a-greenpeace-nek-adott-igazat-a-ferto-to-ugyeben\/","title":{"rendered":"\u00d3ri\u00e1si gy\u0151zelem: a K\u00faria a Greenpeace-nek adott igazat a Fert\u0151 t\u00f3 \u00fcgy\u00e9ben"},"content":{"rendered":"\n<p><strong>Budapest, 2024.07.11. \u2013 Hatalmas siker a Fert\u0151 t\u00f3 v\u00e9delm\u00e9\u00e9rt folytatott k\u00fczdelemben: a gigantikus turisztikai beruh\u00e1z\u00e1s egyik m\u00f3dos\u00edt\u00f3 enged\u00e9ly\u00e9nek \u00fcgy\u00e9ben a K\u00faria megsemmis\u00edtette a Gy\u0151ri T\u00f6rv\u00e9nysz\u00e9k kor\u00e1bbi \u00edt\u00e9let\u00e9t. A K\u00faria d\u00f6nt\u00e9se szerint a beruh\u00e1z\u00f3nak kell bizony\u00edtania, hogy a tev\u00e9kenys\u00e9ge nem k\u00e1ros\u00edtja a term\u00e9szetet. A z\u00f6ldszervezet szerint a mostani \u00edt\u00e9let m\u00e1s term\u00e9szetv\u00e9delmi \u00fcgyekben is ir\u00e1nyad\u00f3 lehet, ezzel t\u00falmutat a Fert\u0151 t\u00f3 \u00fcgy\u00e9n.<\/strong><\/p>\n\n<figure class=\"wp-block-image size-large  caption-alignment-right\"><img loading=\"lazy\" decoding=\"async\" width=\"1024\" height=\"575\" src=\"https:\/\/www.greenpeace.org\/static\/planet4-hungary-stateless\/2022\/01\/0289fdad-20210614111227-1135-gp_neusiedler-mitja_kobal-greenpeace_1920-1024x575.jpg\" title=\"Fert\u0151\" alt=\"Fert\u0151\" class=\"wp-image-9069\" srcset=\"https:\/\/www.greenpeace.org\/static\/planet4-hungary-stateless\/2022\/01\/0289fdad-20210614111227-1135-gp_neusiedler-mitja_kobal-greenpeace_1920-1024x575.jpg 1024w, https:\/\/www.greenpeace.org\/static\/planet4-hungary-stateless\/2022\/01\/0289fdad-20210614111227-1135-gp_neusiedler-mitja_kobal-greenpeace_1920-300x169.jpg 300w, https:\/\/www.greenpeace.org\/static\/planet4-hungary-stateless\/2022\/01\/0289fdad-20210614111227-1135-gp_neusiedler-mitja_kobal-greenpeace_1920-768x432.jpg 768w, https:\/\/www.greenpeace.org\/static\/planet4-hungary-stateless\/2022\/01\/0289fdad-20210614111227-1135-gp_neusiedler-mitja_kobal-greenpeace_1920-1536x863.jpg 1536w, https:\/\/www.greenpeace.org\/static\/planet4-hungary-stateless\/2022\/01\/0289fdad-20210614111227-1135-gp_neusiedler-mitja_kobal-greenpeace_1920-510x287.jpg 510w, https:\/\/www.greenpeace.org\/static\/planet4-hungary-stateless\/2022\/01\/0289fdad-20210614111227-1135-gp_neusiedler-mitja_kobal-greenpeace_1920.jpg 1920w\" sizes=\"auto, (max-width: 1024px) 100vw, 1024px\" \/><figcaption><div class=\"credit icon-left\"> \u00a9 Greenpeace<\/div><\/figcaption><\/figure>\n\n<p>Megalapozottnak <a href=\"https:\/\/www.greenpeace.org\/static\/planet4-hungary-stateless\/2024\/07\/78b698fb-itelet_63___6_2_k3700424_gdpr.pdf\" target=\"_blank\" rel=\"noreferrer noopener\">min\u0151s\u00edtette<\/a> a K\u00faria a Greenpeace \u00e9rveit, amelyeket a szervezet a Fert\u0151 tavi beruh\u00e1z\u00e1s k\u00f6rnyezetv\u00e9delmi m\u0171k\u00f6d\u00e9si enged\u00e9ly\u00e9nek m\u00f3dos\u00edt\u00e1sa ellen 2021 \u00f3ta sz\u00e1mtalanszor megfogalmazott. Az enged\u00e9ly m\u00f3dos\u00edt\u00e1sa a Greenpeace szerint figyelmen k\u00edv\u00fcl hagyta azt a t\u00e9nyt, hogy tavasszal a t\u00f3ban \u00e9s a k\u00f6r\u00fcl\u00f6tte l\u00e9v\u0151 n\u00e1dasban megindul az \u00e9let, \u00e9s ezt a t\u00f3 medr\u00e9t \u00e9rint\u0151 kotr\u00e1s, illetve az ott foly\u00f3 egy\u00e9b munk\u00e1latok zavarj\u00e1k. S\u0151t azt is, hogy a munk\u00e1latok sor\u00e1n sok \u00e9l\u0151l\u00e9nyt elpuszt\u00edtanak a nemzeti parki, \u00e9s eur\u00f3pai v\u00e9delmet is \u00e9lvez\u0151 Natura 2000 ter\u00fcleten.<\/p>\n\n<p>A Gy\u0151ri T\u00f6rv\u00e9nysz\u00e9k kor\u00e1bbi \u00edt\u00e9let\u00e9ben nem adott igazat a Greenpeace-nek. Szerint\u00fck a szervezetnek azt kellett volna bizony\u00edtania, hogy az eg\u00e9sz \u00e9vben v\u00e9gzett kotr\u00e1s k\u00e1rokat okoz a term\u00e9szetben, \u00e9s az ott \u00e9l\u0151 v\u00e9dett \u00e1llatokat vesz\u00e9lyezteti, elpuszt\u00edthatja. A K\u00faria a mostani fel\u00fclvizsg\u00e1lati elj\u00e1r\u00e1sban, amit a Greenpeace k\u00e9relm\u00e9nek t\u00e1rsadalmi jelent\u0151s\u00e9ge miatt folytatott le, megsemmis\u00edtette ezt az \u00edt\u00e9letet. Kimondta, hogy a beruh\u00e1z\u00f3nak kell bizony\u00edtania, hogy a tev\u00e9kenys\u00e9ge nem k\u00e1ros\u00edtja a term\u00e9szetet.&nbsp;<\/p>\n\n<p>Kor\u00e1bban a Gy\u0151ri T\u00f6rv\u00e9nysz\u00e9k a Greenpeace k\u00f6lts\u00e9g\u00e9re az \u00fcgyben term\u00e9szetv\u00e9delmi szak\u00e9rt\u0151 kirendel\u00e9s\u00e9r\u0151l d\u00f6nt\u00f6tt. A b\u00edr\u00f3s\u00e1g \u00e1ltal felk\u00e9rt igazs\u00e1g\u00fcgyi szak\u00e9rt\u0151 v\u00e9lem\u00e9nye teljes m\u00e9rt\u00e9kben a Greenpeace \u00e1ll\u00edt\u00e1sait t\u00e1masztotta al\u00e1. A nemzeti parki ter\u00fcleteken a szak\u00e9rt\u0151 szerint v\u00e9dett fajok is s\u00e9r\u00fclhetnek, \u00e9s el is pusztulhatnak a Fert\u0151 t\u00f3 kotr\u00e1sa miatt. A szak\u00e9rt\u0151 v\u00e9lem\u00e9ny\u00e9t a Gy\u0151ri T\u00f6rv\u00e9nysz\u00e9k b\u00edr\u00f3ja azonban fel\u00fclb\u00edr\u00e1lta \u00edt\u00e9let\u00e9ben.<\/p>\n\n<p>Ennek az \u00edt\u00e9letnek megd\u00f6bbent\u0151 eleme volt az az \u00e9rvel\u00e9s, hogy ha a gazdas\u00e1gi \u00e9rdek \u00fagy k\u00edv\u00e1nja, a v\u00e9dett fajok egy-egy egyed\u00e9nek elpuszt\u00edt\u00e1sa megengedhet\u0151, hiszen ezzel a faj m\u00e9g nem pusztul ki. A T\u00f6rv\u00e9nysz\u00e9k szerint ugyanis \u00edgy nem s\u00e9r\u00fclnek a hazai term\u00e9szetv\u00e9delmi \u00e9s az EU Natura 2000 jogszab\u00e1lyai, tov\u00e1bb\u00e1 \u201eelker\u00fclhet\u0151 a projekt ar\u00e1nytalan s\u00e9relme is\u201d. A K\u00faria ezt az indokl\u00e1st is jogszab\u00e1lyokat s\u00e9rt\u0151nek min\u0151s\u00edtette.<\/p>\n\n<p><em>\u201eNagyon \u00f6r\u00fcl\u00fcnk az \u00edt\u00e9letnek. Ez a k\u00fariai d\u00f6nt\u00e9s a Greenpeace \u00e9s a Fert\u0151 t\u00f3 Bar\u00e1tai Egyes\u00fclet n\u00e9gy \u00e9ven \u00e1t tart\u00f3 k\u00f6z\u00f6s harc\u00e1nak eredm\u00e9nye. Meggy\u0151z\u0151d\u00e9s\u00fcnk, hogy ez az \u00edt\u00e9let nagyon sok m\u00e1s szervezetnek is seg\u00edts\u00e9g\u00e9re lesz, hogy hat\u00e9konyan \u00e9s b\u00e1tran fell\u00e9pjenek a r\u00f6vid t\u00e1v\u00fa, sz\u0171k csoportok anyagi \u00e9rdekeit \u00e9rv\u00e9nyes\u00edteni akar\u00f3 puszt\u00edt\u00e1s ellen\u201d \u2013 <\/em>nyilatkozta Rodics Katalin, a Greenpeace munkat\u00e1rsa.<\/p>\n\n<p><em>\u201eVisszaigazolta a K\u00faria az \u00e9rveinket, \u00e9s ezzel mun\u00edci\u00f3t adott a civil szervezetek sz\u00e1m\u00e1ra. Hangs\u00falyozta, hogy a k\u00f6rnyezetv\u00e9delmi enged\u00e9lyek kiad\u00e1s\u00e1val meghat\u00e1rozott v\u00e9delmi szint nem cs\u00f6kkenthet\u0151 az enged\u00e9lyek m\u00f3dos\u00edt\u00e1sakor. Kimondta azt is, hogy nem lehet a hi\u00e1nyosnak tartott k\u00f6rnyezetv\u00e9delmi enged\u00e9lyek ellen fell\u00e9p\u0151 civil szervezeteket olyan bizony\u00edt\u00e1si munk\u00e1ra k\u00e9nyszer\u00edteni, amilyet az enged\u00e9lyt megad\u00f3 hat\u00f3s\u00e1goknak kellett volna elv\u00e9gezni\u00fck. Ez rendk\u00edv\u00fcl fontos a jellemz\u0151en korl\u00e1tozott p\u00e9nz\u00fcgyi \u00e9s t\u00e1rgyi eszk\u00f6z\u00f6kkel fell\u00e9p\u0151 civil szervezeteknek. \u00d6r\u00fcl\u00f6k az \u00edt\u00e9letnek, mert nemcsak a Greenpeace-nek k\u00f6nny\u00edti meg a k\u00f6rnyezet v\u00e9delm\u00e9\u00e9rt folytatott harcot a Fert\u0151 t\u00f3 \u00fcgy\u00e9ben, hanem minden civil szervezet sz\u00e1m\u00e1ra, \u00e9s m\u00e1s \u00fcgyekben is\u201d<\/em> \u2013 nyilatkozta a Greenpeace-t a b\u00edr\u00f3s\u00e1g el\u0151tt k\u00e9pvisel\u0151 Dr. Gutper Ildik\u00f3 \u00fcgyv\u00e9d.<\/p>\n","protected":false},"excerpt":{"rendered":"<p>Budapest, 2024.07.11. \u2013 Hatalmas siker a Fert\u0151 t\u00f3 v\u00e9delm\u00e9\u00e9rt folytatott k\u00fczdelemben: a gigantikus turisztikai beruh\u00e1z\u00e1s egyik m\u00f3dos\u00edt\u00f3 enged\u00e9ly\u00e9nek \u00fcgy\u00e9ben a K\u00faria megsemmis\u00edtette a Gy\u0151ri T\u00f6rv\u00e9nysz\u00e9k kor\u00e1bbi \u00edt\u00e9let\u00e9t. A K\u00faria d\u00f6nt\u00e9se&hellip;<\/p>\n","protected":false},"author":25,"featured_media":9069,"comment_status":"closed","ping_status":"closed","sticky":false,"template":"","format":"standard","meta":{"ep_exclude_from_search":false,"p4_og_title":"","p4_og_description":"","p4_og_image":"","p4_og_image_id":"","p4_seo_canonical_url":"","p4_campaign_name":"","p4_local_project":"","p4_basket_name":"","p4_department":"","footnotes":""},"categories":[3],"tags":[51],"p4-page-type":[37],"class_list":["post-11181","post","type-post","status-publish","format-standard","has-post-thumbnail","hentry","category-termeszet-kornyezet","tag-sikereink","p4-page-type-sajtokozlemeny"],"_links":{"self":[{"href":"https:\/\/www.greenpeace.org\/hungary\/wp-json\/wp\/v2\/posts\/11181","targetHints":{"allow":["GET"]}}],"collection":[{"href":"https:\/\/www.greenpeace.org\/hungary\/wp-json\/wp\/v2\/posts"}],"about":[{"href":"https:\/\/www.greenpeace.org\/hungary\/wp-json\/wp\/v2\/types\/post"}],"author":[{"embeddable":true,"href":"https:\/\/www.greenpeace.org\/hungary\/wp-json\/wp\/v2\/users\/25"}],"replies":[{"embeddable":true,"href":"https:\/\/www.greenpeace.org\/hungary\/wp-json\/wp\/v2\/comments?post=11181"}],"version-history":[{"count":1,"href":"https:\/\/www.greenpeace.org\/hungary\/wp-json\/wp\/v2\/posts\/11181\/revisions"}],"predecessor-version":[{"id":11182,"href":"https:\/\/www.greenpeace.org\/hungary\/wp-json\/wp\/v2\/posts\/11181\/revisions\/11182"}],"wp:featuredmedia":[{"embeddable":true,"href":"https:\/\/www.greenpeace.org\/hungary\/wp-json\/wp\/v2\/media\/9069"}],"wp:attachment":[{"href":"https:\/\/www.greenpeace.org\/hungary\/wp-json\/wp\/v2\/media?parent=11181"}],"wp:term":[{"taxonomy":"category","embeddable":true,"href":"https:\/\/www.greenpeace.org\/hungary\/wp-json\/wp\/v2\/categories?post=11181"},{"taxonomy":"post_tag","embeddable":true,"href":"https:\/\/www.greenpeace.org\/hungary\/wp-json\/wp\/v2\/tags?post=11181"},{"taxonomy":"p4-page-type","embeddable":true,"href":"https:\/\/www.greenpeace.org\/hungary\/wp-json\/wp\/v2\/p4-page-type?post=11181"}],"curies":[{"name":"wp","href":"https:\/\/api.w.org\/{rel}","templated":true}]}}