{"id":11619,"date":"2025-02-06T14:12:37","date_gmt":"2025-02-06T13:12:37","guid":{"rendered":"https:\/\/www.greenpeace.org\/hungary\/?p=11619"},"modified":"2026-01-08T14:12:56","modified_gmt":"2026-01-08T13:12:56","slug":"fontos-eredmenyeket-ertunk-el-a-matrai-eromu-ugyeben-de-nem-folytatjuk-a-jogi-eljarast","status":"publish","type":"post","link":"https:\/\/www.greenpeace.org\/hungary\/invisible\/11619\/fontos-eredmenyeket-ertunk-el-a-matrai-eromu-ugyeben-de-nem-folytatjuk-a-jogi-eljarast\/","title":{"rendered":"Fontos eredm\u00e9nyeket \u00e9rt\u00fcnk el a M\u00e1trai Er\u0151m\u0171 \u00fcgy\u00e9ben, de nem folytatjuk a jogi elj\u00e1r\u00e1st"},"content":{"rendered":"\n<p>A M\u00e1trai Er\u0151m\u0171 k\u00f6rnyezetv\u00e9delmi enged\u00e9lye \u00fcgy\u00e9ben foly\u00f3 per\u00e9ben \u00fagy d\u00f6nt\u00f6tt\u00fcnk, hogy el\u00e1llunk a keresett\u0151l. Ennek els\u0151sorban az az oka, hogy a Greenpeace nem akar hat\u00f3s\u00e1gi feladatokat, szerepeket ell\u00e1tni. Az er\u0151m\u0171 bez\u00e1r\u00e1sa k\u00f6r\u00fcli jogi elj\u00e1r\u00e1s fontos tanuls\u00e1gokat \u00e9s sikereket is hozott.<\/p>\n\n<p>A kl\u00edma- \u00e9s \u00f6kol\u00f3giai v\u00e1ls\u00e1g tombol\u00e1s\u00e1t l\u00e1tva vil\u00e1gos, hogy a 2020-as \u00e9vekben mihamarabb be kell z\u00e1rni a fossziliseket \u00e9get\u0151 er\u0151m\u0171veket, \u00e9s nem \u00fajabb \u00e9s \u00fajabb enged\u00e9lyeket kell adni nekik. B\u00e1r kor\u00e1bban azt \u00edg\u00e9rte a magyar korm\u00e1ny, hogy 2025 sor\u00e1n, miut\u00e1n lej\u00e1rnak az enged\u00e9lyei, nyugd\u00edjba k\u00fcldik Magyarorsz\u00e1g utols\u00f3 m\u0171k\u00f6d\u0151 sz\u00e9ner\u0151m\u0171v\u00e9t, m\u00e9gis 2029 v\u00e9g\u00e9ig szerett\u00e9k volna meghosszabb\u00edtani az \u00fczemidej\u00e9t. Ez\u00e9rt orsz\u00e1gos hat\u00f3k\u00f6r\u0171 k\u00f6rnyezetv\u00e9delmi szervezetk\u00e9nt r\u00e9szt\u00a0 vett\u00fcnk a k\u00f6rnyezetv\u00e9delmi enged\u00e9lyez\u00e9si elj\u00e1r\u00e1s\u00e1ban, \u00e9s <a href=\"https:\/\/www.greenpeace.org\/static\/planet4-hungary-stateless\/2023\/11\/90f9d2a7-greenpeace-eszrevetelei-az-mvm-matra-energia-zrt-_-20231025_gdpr.pdf\" target=\"_blank\" rel=\"noreferrer noopener\">\u00e9szrev\u00e9teleket<\/a> ny\u00fajtottunk be a hat\u00f3s\u00e1gnak.<\/p>\n\n<p>A hat\u00f3s\u00e1gnak megk\u00fcld\u00f6tt <a href=\"https:\/\/www.greenpeace.org\/hungary\/blog\/10692\/megakadalyoznank-hogy-ujabb-5-evet-kapjon-a-matrai-eromu\/\" target=\"_blank\" rel=\"noreferrer noopener\">kritik\u00e1nkban<\/a> kit\u00e9rt\u00fcnk arra, hogy nem indokolt\u00e1k kell\u0151k\u00e9ppen, mi\u00e9rt van sz\u00fcks\u00e9g az er\u0151m\u0171 tov\u00e1bbi \u00fczemeltet\u00e9s\u00e9re, ha kor\u00e1bban \u00fagy l\u00e1tt\u00e1k, hogy 2025-ig bez\u00e1rhat\u00f3 az \u00fczem. Ezen fel\u00fcl az is elfogadhatatlan volt sz\u00e1munkra, hogy az er\u0151m\u0171 hat\u00e1r\u00e9rt\u00e9ken fel\u00fcl bocs\u00e1thasson ki higanyt a leveg\u0151be.\u00a0<\/p>\n\n<p>Mivel ezekre \u00e9rdemi v\u00e1laszt nem kaptunk, a Heves V\u00e1rmegyei Korm\u00e1nyhivatal pedig enged\u00e9lyt adott az er\u0151m\u0171nek 2024. m\u00e1rcius 12-\u00e9n, 2024 \u00e1prilis\u00e1ban <a href=\"https:\/\/www.greenpeace.org\/hungary\/sajtokozlemeny\/11043\/a-greenpeace-a-birosagon-semmisitene-meg-a-matrai-eromu-kornyezetvedelmi-engedelyet\/\" target=\"_blank\" rel=\"noreferrer noopener\">keresetet ny\u00fajtottunk be<\/a> a Miskolci T\u00f6rv\u00e9nysz\u00e9kre az er\u0151m\u0171 k\u00f6rnyezetv\u00e9delmi enged\u00e9lye ellen. Az\u00e9rt perelt\u00fck be a hat\u00f3s\u00e1got, mert az er\u0151m\u0171 nem csak arra kapott enged\u00e9lyt, hogy az eredeti tervekkel szemben tov\u00e1bbi n\u00e9gy \u00e9vig, 2029-ig bocs\u00e1thassa ki a kl\u00edmav\u00e1ls\u00e1got okoz\u00f3 sz\u00e9n-dioxidot, hanem azt is enged\u00e9lyezt\u00e9k, hogy az er\u0151m\u0171 a vonatkoz\u00f3 hat\u00e1r\u00e9rt\u00e9ken fel\u00fcl bocs\u00e1thasson ki higanyt a l\u00e9gk\u00f6rbe.<\/p>\n\n<p>A keresetben azt k\u00e9rt\u00fck, hogy a b\u00edr\u00f3s\u00e1g semmis\u00edtse meg az enged\u00e9lyt. Elfogadhatatlannak tartjuk, hogy a hat\u00f3s\u00e1g enged\u00e9lyt adott az idegrendszert k\u00e1ros\u00edt\u00f3 higanynak a vonatkoz\u00f3 hat\u00e1r\u00e9rt\u00e9ken fel\u00fcli kibocs\u00e1t\u00e1s\u00e1ra, \u00e9s hogy az elj\u00e1r\u00e1s sor\u00e1n nem vizsg\u00e1lt\u00e1k az \u00f6sszes lehets\u00e9ges megold\u00e1st a kibocs\u00e1t\u00e1sok cs\u00f6kkent\u00e9s\u00e9re.<\/p>\n\n<p>A k\u00f6rnyezetv\u00e9delmi enged\u00e9lyez\u00e9s, illetve a b\u00edr\u00f3s\u00e1gi elj\u00e1r\u00e1s sor\u00e1n kider\u00fclt, hogy \u00e9rdemi eredm\u00e9nye volt a r\u00e9szv\u00e9tel\u00fcnknek \u00e9s az \u00e9szrev\u00e9teleinknek:<\/p>\n\n<ul class=\"wp-block-list\">\n<li>Az elj\u00e1r\u00e1s sor\u00e1n jelezt\u00fck a k\u00f6rnyezetv\u00e9delmi hat\u00f3s\u00e1gnak, hogy az er\u0151m\u0171 m\u00e1r 2023 augusztus\u00e1t\u00f3l megs\u00e9rtette a higanykibocs\u00e1t\u00e1sra vonatkoz\u00f3 hat\u00e1r\u00e9rt\u00e9ket, mivel a vonatkoz\u00f3, m\u00f3dos\u00edtott EU hat\u00e1r\u00e9rt\u00e9k akkor l\u00e9pett \u00e9letbe. A kor\u00e1bbi (2019-es) k\u00f6rnyezeti enged\u00e9lyez\u00e9si elj\u00e1r\u00e1s sor\u00e1n az er\u0151m\u0171 ugyan ismertette, hogy milyen elj\u00e1r\u00e1ssal tervezi a higanykibocs\u00e1t\u00e1st az \u00faj hat\u00e1r\u00e9rt\u00e9k alatt tartani, ez azonban nem t\u00f6rt\u00e9nt meg.<\/li>\n\n\n\n<li>A hat\u00f3s\u00e1g jelz\u00e9s\u00fcnk ut\u00e1n vizsg\u00e1latot ind\u00edtott az \u00fcgyben, aminek eredm\u00e9nyek\u00e9pp elmarasztalta az er\u0151m\u0171vet, \u00e9s 5 milli\u00f3 forintos b\u00edrs\u00e1got szabott ki r\u00e1.<\/li>\n\n\n\n<li>Mivel az er\u0151m\u0171 jogszab\u00e1lyt s\u00e9rtett, ennek jogk\u00f6vetkezm\u00e9nyek\u00e9nt a hat\u00f3s\u00e1g, a jogszab\u00e1lyi rendelkez\u00e9seknek megfelel\u0151en, nem adhatta meg az er\u0151m\u0171nek az enged\u00e9lyt a k\u00e9rt 2029. december 31-ig, csak az enged\u00e9ly kiad\u00e1s\u00e1t\u00f3l sz\u00e1m\u00edtott 5 \u00e9vre (azaz 2029. m\u00e1rcius 12-ig), azaz az eredeti tervekhez k\u00e9pest mintegy 9 h\u00f3nappal r\u00f6videbb id\u0151re.<\/li>\n<\/ul>\n\n<p>A b\u00edr\u00f3s\u00e1gi elj\u00e1r\u00e1s sor\u00e1n a Miskolci T\u00f6rv\u00e9nysz\u00e9k t\u00e1rgyal\u00e1st \u00edrt ki. A b\u00edr\u00f3s\u00e1g arra jutott, hogy nem jogi k\u00e9rd\u00e9sk\u00e9nt (pl. az elj\u00e1r\u00f3 hat\u00f3s\u00e1g mulaszt\u00e1sak\u00e9nt) \u00e9rt\u00e9keli a kereset\u00fcnkben foglaltakat, hanem szak\u00e9rt\u0151i bizony\u00edt\u00e1st rendelt el az \u00fcgyben.<\/p>\n\n<p>A Greenpeace-nek \u00edgy a b\u00edr\u00f3s\u00e1gon arr\u00f3l k\u00e9ne lefolytatnia egy bizony\u00edt\u00e1si elj\u00e1r\u00e1st, hogy mi lett volna a hat\u00f3s\u00e1g dolga. Azaz, hogy hogyan kellett volna elj\u00e1rnia, amikor az volt a k\u00e9rd\u00e9s, hogy az er\u0151m\u0171nek milyen m\u0171szaki elj\u00e1r\u00e1st kellett volna v\u00e1lasztania, hogy teljes\u00edthesse a kibocs\u00e1t\u00e1si el\u0151\u00edr\u00e1sokat. Illetve, hogy ennek a megold\u00e1snak a v\u00e1rhat\u00f3 k\u00f6lts\u00e9gvonzata ar\u00e1nyos-e azzal a v\u00e1rhat\u00f3 k\u00e1rral, ami akkor keletkezik, ha nem v\u00e9gzik el a beruh\u00e1z\u00e1st.<\/p>\n\n<p>Civil szervezetk\u00e9nt azonban a Greenpeace sohasem k\u00edv\u00e1nt hat\u00f3s\u00e1gi szerepet j\u00e1tszani, \u00e9s tov\u00e1bbra sem \u00e1ll sz\u00e1nd\u00e9k\u00e1ban. Fontos lesz\u00f6gezn\u00fcnk, hogy a k\u00f6rnyezethaszn\u00e1l\u00f3 k\u00e9relm\u00e9nek kell\u0151 al\u00e1t\u00e1maszt\u00e1sra szor\u00edt\u00e1sa a hat\u00f3s\u00e1g feladata. Itt a k\u00f6z\u00f6ss\u00e9gi er\u0151forr\u00e1sokat (ez esetben: tiszta leveg\u0151) ig\u00e9nybe venni sz\u00e1nd\u00e9koz\u00f3 mag\u00e1n\u00e9rdek (azaz: az er\u0151m\u0171 kibocs\u00e1t\u00e1si sz\u00e1nd\u00e9ka) viszony\u00e1t kell vizsg\u00e1lni. Elismerve, hogy a d\u00f6nt\u00e9skor m\u00e9g nem volt olyan jogszab\u00e1lyi el\u0151\u00edr\u00e1s, ami pontosan el\u0151\u00edrta volna, hogy hogyan kell m\u00e9rlegelnie a hat\u00f3s\u00e1gnak ilyen esetekben, erre minden lehet\u0151s\u00e9g figyelembe v\u00e9tel\u00e9vel, a hat\u00f3s\u00e1gi elj\u00e1r\u00e1si szakaszban kell sort ker\u00edteni. A bizony\u00edt\u00e1si elj\u00e1r\u00e1s bev\u00e1llal\u00e1sa, illetve a kibocs\u00e1tani sz\u00e1nd\u00e9koz\u00f3 v\u00e1llalkoz\u00e1snak erre val\u00f3 r\u00e1szor\u00edt\u00e1sa hat\u00f3s\u00e1gi szerepk\u00f6r. Az \u00fcgy els\u0151sorban arra vil\u00e1g\u00edt r\u00e1, hogy a hat\u00f3s\u00e1gokat kell k\u00e9pess\u00e9 tenni a sz\u00fcks\u00e9ges er\u0151forr\u00e1sok \u00e9s auton\u00f3mia biztos\u00edt\u00e1s\u00e1val.<\/p>\n\n<p>Mindezeket, azaz az el\u00e9rt sikereket is figyelembe v\u00e9ve d\u00f6nt\u00f6tt\u00fcnk \u00fagy, hogy az \u00fcgyet nem folytatjuk tov\u00e1bb.&nbsp; \u00c1m van, ami nem v\u00e1ltozott: a kl\u00edmav\u00e1ls\u00e1g a tavaszi k\u00e1nikul\u00e1kkal, a sosem l\u00e1tott asz\u00e1lyokkal, az egyre n\u00f6vekv\u0151 h\u0151m\u00e9rs\u00e9kleti rekordokkal \u00e9s tov\u00e1bbi id\u0151j\u00e1r\u00e1si sz\u00e9ls\u0151s\u00e9gek sor\u00e1val arra figyelmeztet minket, hogy messze nem el\u00e9g, amit eddig tett\u00fcnk. Nincs mire v\u00e1rni, min\u00e9l gyorsabban kell cs\u00f6kkenteni a kl\u00edmak\u00e1ros\u00edt\u00f3 kibocs\u00e1t\u00e1sainkat. Ehhez a sz\u00e9ner\u0151m\u0171veket mihamarabb be kell z\u00e1rni, a tov\u00e1bb\u00fczemeltet\u00e9s\u00fck egyszer\u0171en kl\u00edmab\u0171ncselekm\u00e9nnyel \u00e9r fel.<\/p>\n","protected":false},"excerpt":{"rendered":"<p>A M\u00e1trai Er\u0151m\u0171 k\u00f6rnyezetv\u00e9delmi enged\u00e9lye \u00fcgy\u00e9ben foly\u00f3 per\u00e9ben \u00fagy d\u00f6nt\u00f6tt\u00fcnk, hogy el\u00e1llunk a keresett\u0151l. Ennek els\u0151sorban az az oka, hogy a Greenpeace nem akar hat\u00f3s\u00e1gi feladatokat, szerepeket ell\u00e1tni. Az er\u0151m\u0171&hellip;<\/p>\n","protected":false},"author":25,"featured_media":9173,"comment_status":"closed","ping_status":"closed","sticky":false,"template":"","format":"standard","meta":{"ep_exclude_from_search":false,"p4_og_title":"","p4_og_description":"","p4_og_image":"","p4_og_image_id":"","p4_seo_canonical_url":"","p4_campaign_name":"","p4_local_project":"","p4_basket_name":"","p4_department":"","footnotes":""},"categories":[2],"tags":[],"p4-page-type":[41],"class_list":["post-11619","post","type-post","status-publish","format-standard","has-post-thumbnail","hentry","category-klima-energia","p4-page-type-invisible"],"_links":{"self":[{"href":"https:\/\/www.greenpeace.org\/hungary\/wp-json\/wp\/v2\/posts\/11619","targetHints":{"allow":["GET"]}}],"collection":[{"href":"https:\/\/www.greenpeace.org\/hungary\/wp-json\/wp\/v2\/posts"}],"about":[{"href":"https:\/\/www.greenpeace.org\/hungary\/wp-json\/wp\/v2\/types\/post"}],"author":[{"embeddable":true,"href":"https:\/\/www.greenpeace.org\/hungary\/wp-json\/wp\/v2\/users\/25"}],"replies":[{"embeddable":true,"href":"https:\/\/www.greenpeace.org\/hungary\/wp-json\/wp\/v2\/comments?post=11619"}],"version-history":[{"count":1,"href":"https:\/\/www.greenpeace.org\/hungary\/wp-json\/wp\/v2\/posts\/11619\/revisions"}],"predecessor-version":[{"id":11620,"href":"https:\/\/www.greenpeace.org\/hungary\/wp-json\/wp\/v2\/posts\/11619\/revisions\/11620"}],"wp:featuredmedia":[{"embeddable":true,"href":"https:\/\/www.greenpeace.org\/hungary\/wp-json\/wp\/v2\/media\/9173"}],"wp:attachment":[{"href":"https:\/\/www.greenpeace.org\/hungary\/wp-json\/wp\/v2\/media?parent=11619"}],"wp:term":[{"taxonomy":"category","embeddable":true,"href":"https:\/\/www.greenpeace.org\/hungary\/wp-json\/wp\/v2\/categories?post=11619"},{"taxonomy":"post_tag","embeddable":true,"href":"https:\/\/www.greenpeace.org\/hungary\/wp-json\/wp\/v2\/tags?post=11619"},{"taxonomy":"p4-page-type","embeddable":true,"href":"https:\/\/www.greenpeace.org\/hungary\/wp-json\/wp\/v2\/p4-page-type?post=11619"}],"curies":[{"name":"wp","href":"https:\/\/api.w.org\/{rel}","templated":true}]}}