{"id":11863,"date":"2025-04-10T12:40:15","date_gmt":"2025-04-10T10:40:15","guid":{"rendered":"https:\/\/www.greenpeace.org\/hungary\/?p=11863"},"modified":"2025-07-02T09:15:54","modified_gmt":"2025-07-02T07:15:54","slug":"nem-a-kep-a-lenyeg","status":"publish","type":"post","link":"https:\/\/www.greenpeace.org\/hungary\/blog\/11863\/nem-a-kep-a-lenyeg\/","title":{"rendered":"Nem a k\u00e9p a l\u00e9nyeg! \u00a0"},"content":{"rendered":"\n<p><strong>Hogyan v\u00e1lt ikonikuss\u00e1 az \u00f6k\u00f6lfa t\u00f6megdemonstr\u00e1ci\u00f3nk a V\u00e1rosligetben 2016-ban<\/strong><\/p>\n\n<p><strong>Eml\u00e9kszel a 2016-os \u00f6k\u00f6lfa akci\u00f3nkra a V\u00e1rosligetben? A Ligetv\u00e9d\u0151kkel \u00e9s a VAResLIGET.blog.hu k\u00f6z\u00f6ss\u00e9g\u00e9vel egy\u00fcttm\u0171k\u00f6dve szervezt\u00fcnk egy nagyszab\u00e1s\u00fa megmozdul\u00e1st, hogy hat\u00e1rozottan fell\u00e9pj\u00fcnk a V\u00e1rosligetben tervezett \u00f3ri\u00e1sberuh\u00e1z\u00e1s terveivel szemben. Ez az akci\u00f3 a Greenpeace Magyarorsz\u00e1g t\u00f6rt\u00e9net\u00e9nek tal\u00e1n leg\u00f6sszetettebb land-art esem\u00e9nye volt, \u00e9s b\u00e1r a v\u00e9geredm\u00e9nyt nem siker\u00fclt a tervezett m\u00f3don meg\u00f6r\u00f6k\u00edten\u00fcnk, a r\u00e9sztvev\u0151k sz\u00e1m\u00e1ra m\u00e9gis felejthetetlen \u00e9lm\u00e9nyt ny\u00fajtott. Olvasd el mit jelentett sz\u00e1munkra ez az akci\u00f3, \u00e9s hogyan \u00e9lt\u00fck meg a Greenpeace-n bel\u00fcl.<\/strong><\/p>\n\n<figure class=\"wp-block-image size-large  caption-alignment-right\"><img loading=\"lazy\" decoding=\"async\" width=\"1024\" height=\"576\" src=\"https:\/\/www.greenpeace.org\/static\/planet4-hungary-stateless\/2025\/04\/9a2f1ccc-26591574326_1bc01a8f76_k-1024x576.jpg\" title=\"\u00f6k\u00f6lfa t\u00f6megdemonstr\u00e1ci\u00f3\" alt=\"\u00f6k\u00f6lfa t\u00f6megdemonstr\u00e1ci\u00f3\" class=\"wp-image-11864\" srcset=\"https:\/\/www.greenpeace.org\/static\/planet4-hungary-stateless\/2025\/04\/9a2f1ccc-26591574326_1bc01a8f76_k-1024x576.jpg 1024w, https:\/\/www.greenpeace.org\/static\/planet4-hungary-stateless\/2025\/04\/9a2f1ccc-26591574326_1bc01a8f76_k-300x169.jpg 300w, https:\/\/www.greenpeace.org\/static\/planet4-hungary-stateless\/2025\/04\/9a2f1ccc-26591574326_1bc01a8f76_k-768x432.jpg 768w, https:\/\/www.greenpeace.org\/static\/planet4-hungary-stateless\/2025\/04\/9a2f1ccc-26591574326_1bc01a8f76_k-1536x864.jpg 1536w, https:\/\/www.greenpeace.org\/static\/planet4-hungary-stateless\/2025\/04\/9a2f1ccc-26591574326_1bc01a8f76_k-510x287.jpg 510w, https:\/\/www.greenpeace.org\/static\/planet4-hungary-stateless\/2025\/04\/9a2f1ccc-26591574326_1bc01a8f76_k.jpg 1920w\" sizes=\"auto, (max-width: 1024px) 100vw, 1024px\" \/><figcaption><div class=\"credit icon-left\"> \u00a9 J\u00e1rd\u00e1ny Bence \/ Greenpeace<\/div><\/figcaption><\/figure>\n\n<p>2016-ban t\u00f6bb hull\u00e1mban zajlottak t\u00fcntet\u00e9sek \u00e9s k\u00f6z\u00f6ss\u00e9gi fell\u00e9p\u00e9sek a V\u00e1rosligetben a korm\u00e1ny terveivel szemben, amely t\u00f6bb \u00f3ri\u00e1sberuh\u00e1z\u00e1st is a vil\u00e1g els\u0151 k\u00f6zparkj\u00e1ban k\u00edv\u00e1nt megval\u00f3s\u00edtani, ak\u00e1r sz\u00e1z\u00e9vesn\u00e9l is id\u0151sebb f\u00e1k kiv\u00e1g\u00e1s\u00e1val. A Liget Budapest Projekt keret\u00e9ben indultak meg azok a beruh\u00e1z\u00e1sok, amelyek a park be\u00e9p\u00edtetts\u00e9g\u00e9t az akkori 5,7%-r\u00f3l k\u00f6zel 12%-ra n\u00f6velik, sz\u00e9tdarabolva az \u00f6sszef\u00fcgg\u0151 z\u00f6ldfel\u00fcleteket \u00f6t \u00faj m\u00fazeum meg\u00e9p\u00edt\u00e9s\u00e9vel, melyek esetenk\u00e9nt 30-40 m\u00e9ter magass\u00e1gukkal j\u00f3val a V\u00e1rosliget ikonikus f\u00e1i m\u00f6g\u00e9 is magasodnak.<\/p>\n\n<p>Mi is t\u00f6bbsz\u00f6r \u00e1ll\u00e1st foglaltunk, felsz\u00f3laltunk \u00e9s t\u00e1mogattunk civil kezdem\u00e9nyez\u00e9seket. \u00c1prilisban demonstr\u00e1ci\u00f3t szervezt\u00fcnk, k\u00f6vetelve, hogy maradjon igazi park a V\u00e1rosliget, \u00e9p\u00fcletek helyett parkk\u00e9nt \u00fajuljon meg a vil\u00e1g els\u0151 k\u00f6zparkja. A demonstr\u00e1ci\u00f3 r\u00e9szek\u00e9nt pedig t\u00f6bb sz\u00e1z ember seg\u00edts\u00e9g\u00e9vel megform\u00e1ztuk a Ligetv\u00e9d\u0151k szimb\u00f3lum\u00e1t jelk\u00e9pez\u0151 \u00f6k\u00f6lb\u0151l kin\u00f6v\u0151 f\u00e1t &#8211; a b\u00e1tors\u00e1g \u00e9s a k\u00f6rnyezetv\u00e9delem jelk\u00e9p\u00e9t.<\/p>\n\n<div class=\"wp-block-group is-style-space-evenly has-action-yellow-background-color has-background is-layout-flow wp-block-group-is-layout-flow\" style=\"padding-right:15px;padding-left:15px\">\n<div class=\"wp-block-columns gp-ado-1-contact-column is-layout-flex wp-container-core-columns-is-layout-9d6595d7 wp-block-columns-is-layout-flex\">\n<div class=\"wp-block-column is-vertically-aligned-center is-layout-flow wp-block-column-is-layout-flow\" style=\"flex-basis:50%\">\n<figure class=\"wp-block-image size-large\"><img loading=\"lazy\" decoding=\"async\" width=\"1024\" height=\"683\" src=\"https:\/\/www.greenpeace.org\/static\/planet4-hungary-stateless\/2024\/12\/c0d3066e-a_termeszet_ved_teged_vetites-1024x683.jpg\" alt=\"\" class=\"wp-image-11405\" srcset=\"https:\/\/www.greenpeace.org\/static\/planet4-hungary-stateless\/2024\/12\/c0d3066e-a_termeszet_ved_teged_vetites-1024x683.jpg 1024w, https:\/\/www.greenpeace.org\/static\/planet4-hungary-stateless\/2024\/12\/c0d3066e-a_termeszet_ved_teged_vetites-300x200.jpg 300w, https:\/\/www.greenpeace.org\/static\/planet4-hungary-stateless\/2024\/12\/c0d3066e-a_termeszet_ved_teged_vetites-768x512.jpg 768w, https:\/\/www.greenpeace.org\/static\/planet4-hungary-stateless\/2024\/12\/c0d3066e-a_termeszet_ved_teged_vetites-1536x1024.jpg 1536w, https:\/\/www.greenpeace.org\/static\/planet4-hungary-stateless\/2024\/12\/c0d3066e-a_termeszet_ved_teged_vetites-510x340.jpg 510w, https:\/\/www.greenpeace.org\/static\/planet4-hungary-stateless\/2024\/12\/c0d3066e-a_termeszet_ved_teged_vetites.jpg 1999w\" sizes=\"auto, (max-width: 1024px) 100vw, 1024px\" \/><\/figure>\n<\/div>\n\n\n\n<div class=\"wp-block-column is-vertically-aligned-center is-layout-flow wp-block-column-is-layout-flow\" style=\"flex-basis:50%\">\n<p>Ha t\u00e1mogatni szeretn\u00e9d a munk\u00e1nkat, legy\u00e9l Te is r\u00e9szese k\u00fczdelm\u00fcnknek az 1%-oddal!<\/p>\n\n\n\n<hr class=\"wp-block-separator has-text-color has-grey-900-color has-alpha-channel-opacity has-grey-900-background-color has-background is-style-wide\"\/>\n\n\n\n<p>Ad\u00f3sz\u00e1munk: 18178883-1-42<\/p>\n<\/div>\n<\/div>\n<\/div>\n\n<p>M\u00e1r az kih\u00edv\u00e1st jelentett, hogyan rajzoljuk fel a szimb\u00f3lumot, majd m\u00e9retezz\u00fck be k\u00fcl\u00f6nb\u00f6z\u0151 sz\u00e1m\u00fa r\u00e9sztvev\u0151re, hiszen egy ilyen land-art esem\u00e9nyen nem lehet tudni v\u00e9g\u00fcl h\u00e1nyan j\u00f6nnek el. Nek\u00fcnk viszont minden lehet\u0151s\u00e9gre fel kellett k\u00e9sz\u00fcln\u00fcnk. A rajzon \u00edgy n\u00e9zett ki a szimb\u00f3lum az \u00f6k\u00f6lben tartott k\u00e9z \u00e9s a bel\u0151l\u00fck ny\u00edl\u00f3 szirmok, illetve a l\u00e1tv\u00e1nyterv a v\u00e1rosligeti r\u00e9ten.<\/p>\n<div data-hydrate=\"planet4-blocks\/gallery\" data-attributes=\"{&quot;attributes&quot;:{&quot;gallery_block_description&quot;:&quot;&lt;em&gt;\\u00cdgy n\\u00e9zett ki az \\u00f6k\\u00f6lfa a rajzokon&lt;\\\/em&gt;&quot;,&quot;multiple_image&quot;:&quot;11867,11866,11868&quot;,&quot;image_data&quot;:[{&quot;url&quot;:&quot;https:\\\/\\\/www.greenpeace.org\\\/static\\\/planet4-hungary-stateless\\\/2025\\\/04\\\/d290a69b-img_5195.jpg&quot;,&quot;focalPoint&quot;:{&quot;x&quot;:0.5,&quot;y&quot;:0.5},&quot;id&quot;:11867},{&quot;url&quot;:&quot;https:\\\/\\\/www.greenpeace.org\\\/static\\\/planet4-hungary-stateless\\\/2025\\\/04\\\/1ee980bc-img_5198.jpg&quot;,&quot;focalPoint&quot;:{&quot;x&quot;:0.5,&quot;y&quot;:0.5},&quot;id&quot;:11866},{&quot;url&quot;:&quot;https:\\\/\\\/www.greenpeace.org\\\/static\\\/planet4-hungary-stateless\\\/2025\\\/04\\\/927f6eef-img_5196.jpg&quot;,&quot;focalPoint&quot;:{&quot;x&quot;:0.5,&quot;y&quot;:0.5},&quot;id&quot;:11868}],&quot;className&quot;:&quot;is-style-three-columns&quot;,&quot;gallery_block_style&quot;:0,&quot;gallery_block_title&quot;:&quot;&quot;,&quot;gallery_block_focus_points&quot;:&quot;&quot;,&quot;images&quot;:[{&quot;image_src&quot;:&quot;https:\\\/\\\/www.greenpeace.org\\\/static\\\/planet4-hungary-stateless\\\/2025\\\/04\\\/d290a69b-img_5195.jpg&quot;,&quot;image_srcset&quot;:&quot;https:\\\/\\\/www.greenpeace.org\\\/static\\\/planet4-hungary-stateless\\\/2025\\\/04\\\/d290a69b-img_5195.jpg 1200w, https:\\\/\\\/www.greenpeace.org\\\/static\\\/planet4-hungary-stateless\\\/2025\\\/04\\\/d290a69b-img_5195-225x300.jpg 225w, https:\\\/\\\/www.greenpeace.org\\\/static\\\/planet4-hungary-stateless\\\/2025\\\/04\\\/d290a69b-img_5195-768x1024.jpg 768w, https:\\\/\\\/www.greenpeace.org\\\/static\\\/planet4-hungary-stateless\\\/2025\\\/04\\\/d290a69b-img_5195-1152x1536.jpg 1152w, https:\\\/\\\/www.greenpeace.org\\\/static\\\/planet4-hungary-stateless\\\/2025\\\/04\\\/d290a69b-img_5195-1025x1366.jpg 1025w, https:\\\/\\\/www.greenpeace.org\\\/static\\\/planet4-hungary-stateless\\\/2025\\\/04\\\/d290a69b-img_5195-255x340.jpg 255w&quot;,&quot;image_sizes&quot;:false,&quot;alt_text&quot;:&quot;\\u00cdgy n\\u00e9zett ki az \\u00f6k\\u00f6lfa a rajzokon&quot;,&quot;caption&quot;:&quot;\\u00cdgy n\\u00e9zett ki az \\u00f6k\\u00f6lfa a rajzokon&quot;,&quot;focus_image&quot;:&quot;&quot;,&quot;credits&quot;:&quot;&quot;},{&quot;image_src&quot;:&quot;https:\\\/\\\/www.greenpeace.org\\\/static\\\/planet4-hungary-stateless\\\/2025\\\/04\\\/1ee980bc-img_5198.jpg&quot;,&quot;image_srcset&quot;:&quot;https:\\\/\\\/www.greenpeace.org\\\/static\\\/planet4-hungary-stateless\\\/2025\\\/04\\\/1ee980bc-img_5198.jpg 1200w, https:\\\/\\\/www.greenpeace.org\\\/static\\\/planet4-hungary-stateless\\\/2025\\\/04\\\/1ee980bc-img_5198-225x300.jpg 225w, https:\\\/\\\/www.greenpeace.org\\\/static\\\/planet4-hungary-stateless\\\/2025\\\/04\\\/1ee980bc-img_5198-768x1024.jpg 768w, https:\\\/\\\/www.greenpeace.org\\\/static\\\/planet4-hungary-stateless\\\/2025\\\/04\\\/1ee980bc-img_5198-1152x1536.jpg 1152w, https:\\\/\\\/www.greenpeace.org\\\/static\\\/planet4-hungary-stateless\\\/2025\\\/04\\\/1ee980bc-img_5198-1025x1366.jpg 1025w, https:\\\/\\\/www.greenpeace.org\\\/static\\\/planet4-hungary-stateless\\\/2025\\\/04\\\/1ee980bc-img_5198-255x340.jpg 255w&quot;,&quot;image_sizes&quot;:false,&quot;alt_text&quot;:&quot;\\u00cdgy n\\u00e9zett ki az \\u00f6k\\u00f6lfa a rajzokon&quot;,&quot;caption&quot;:&quot;\\u00cdgy n\\u00e9zett ki az \\u00f6k\\u00f6lfa a rajzokon&quot;,&quot;focus_image&quot;:&quot;&quot;,&quot;credits&quot;:&quot;&quot;},{&quot;image_src&quot;:&quot;https:\\\/\\\/www.greenpeace.org\\\/static\\\/planet4-hungary-stateless\\\/2025\\\/04\\\/927f6eef-img_5196.jpg&quot;,&quot;image_srcset&quot;:&quot;https:\\\/\\\/www.greenpeace.org\\\/static\\\/planet4-hungary-stateless\\\/2025\\\/04\\\/927f6eef-img_5196.jpg 1200w, https:\\\/\\\/www.greenpeace.org\\\/static\\\/planet4-hungary-stateless\\\/2025\\\/04\\\/927f6eef-img_5196-225x300.jpg 225w, https:\\\/\\\/www.greenpeace.org\\\/static\\\/planet4-hungary-stateless\\\/2025\\\/04\\\/927f6eef-img_5196-768x1024.jpg 768w, https:\\\/\\\/www.greenpeace.org\\\/static\\\/planet4-hungary-stateless\\\/2025\\\/04\\\/927f6eef-img_5196-1152x1536.jpg 1152w, https:\\\/\\\/www.greenpeace.org\\\/static\\\/planet4-hungary-stateless\\\/2025\\\/04\\\/927f6eef-img_5196-1025x1366.jpg 1025w, https:\\\/\\\/www.greenpeace.org\\\/static\\\/planet4-hungary-stateless\\\/2025\\\/04\\\/927f6eef-img_5196-255x340.jpg 255w&quot;,&quot;image_sizes&quot;:false,&quot;alt_text&quot;:&quot;\\u00cdgy n\\u00e9zett ki az \\u00f6k\\u00f6lfa a rajzokon&quot;,&quot;caption&quot;:&quot;\\u00cdgy n\\u00e9zett ki az \\u00f6k\\u00f6lfa a rajzokon&quot;,&quot;focus_image&quot;:&quot;&quot;,&quot;credits&quot;:&quot;&quot;}]}}\"><section class=\"block split-three-column is-style-three-columns\"><p class=\"page-section-description\"><em>\u00cdgy n\u00e9zett ki az \u00f6k\u00f6lfa a rajzokon<\/em><\/p><\/section><\/div>\n<p>Van, amikor szerencs\u00e9nk van, minden klappol, kegyes vel\u00fcnk az id\u0151j\u00e1r\u00e1s\u2026 \u00e9s van, amikor hi\u00e1ba k\u00e9sz\u00fcl\u00fcnk fel mindenre, m\u00e9gsem siker\u00fcl minden \u00fagy, ahogy tervezt\u00fck. Ez ut\u00f3bbi t\u00f6rt\u00e9nt az \u00f6k\u00f6lfa eset\u00e9ben is.<\/p>\n\n<p>Az akci\u00f3 napj\u00e1n az id\u0151j\u00e1r\u00e1s nem volt kegyes hozz\u00e1nk: szakad\u00f3 es\u0151ben kezdt\u00fck a helysz\u00edn el\u0151k\u00e9sz\u00edt\u00e9s\u00e9t. Hajnali h\u00e9t \u00f3r\u00e1t\u00f3l, \u00f3r\u00e1kig tart\u00f3 munk\u00e1val jel\u00f6lt\u00fck ki a h\u00e1romsz\u00e1z emberre tervezett land-art pontjait a szakad\u00f3 es\u0151ben, hogy ha esetleg el\u00e1ll az es\u0151 d\u00e9lut\u00e1nra &#8211; a demonstr\u00e1ci\u00f3 meghirdetett id\u0151pontj\u00e1ra &#8211; vagy az es\u0151 ellen\u00e9re is elj\u00f6nnek a demonstr\u00e1ci\u00f3ra jelentkez\u0151k, akkor mi k\u00e9szen \u00e1lljunk.&nbsp;&nbsp;<\/p>\n\n<p>D\u00e9lut\u00e1n egy \u00f3r\u00e1ra val\u00f3ban el\u00e1llt az es\u0151, viszont helyette j\u00f6tt a viharos sz\u00e9p. Mindezek ellen\u00e9re k\u00f6zel n\u00e9gysz\u00e1z ember jelent meg a V\u00e1rosligetben, hogy vel\u00fcnk egy\u00fctt fejezze ki v\u00e9lem\u00e9ny\u00e9t. El sem akartuk hinni! A r\u00e9sztvev\u0151k lelkesed\u00e9se minden v\u00e1rakoz\u00e1sunkat fel\u00fclm\u00falta, sz\u00ednes, \u00e9letteli l\u00e1tv\u00e1nyt ny\u00fajtott a t\u00f6meg, ahogy elfoglalta a kijel\u00f6lt helyeket az \u00f6k\u00f6lfa form\u00e1j\u00e1ban.<\/p>\n\n<p>\u00c1m ekkor \u00fajabb akad\u00e1llyal szembes\u00fclt\u00fcnk: a 70 km\/\u00f3r\u00e1s er\u0151ss\u00e9g\u0171 viharos sz\u00e9llel. Hi\u00e1ba volt n\u00e1lunk dr\u00f3n \u00e9s k\u00e9t daruskocsi \u2013 amelyek ide\u00e1lis k\u00f6r\u00fclm\u00e9nyek k\u00f6z\u00f6tt 24, illetve 26 m\u00e9teres magass\u00e1gb\u00f3l k\u00e9sz\u00edthettek volna felv\u00e9teleket \u2013, a heves sz\u00e9lben egyik eszk\u00f6zt sem tudtuk biztons\u00e1gosan haszn\u00e1lni. A dr\u00f3n fel sem sz\u00e1llhatott, a daruskocsik pedig mind\u00f6ssze 12 m\u00e9ter magass\u00e1gig mer\u00e9szkedtek a viharos id\u0151ben.<\/p>\n\n<p>\u00cdgy t\u00f6rt\u00e9nhetett meg, hogy b\u00e1r megszervezt\u00fcnk egy k\u00fcl\u00f6nleges t\u00f6megdemonstr\u00e1ci\u00f3t, sikeresen megval\u00f3s\u00edtottuk szervezet\u00fcnk t\u00f6rt\u00e9net\u00e9nek legkomplexebb \u00e9s legsz\u00ednesebb land-art akci\u00f3j\u00e1t, m\u00e9gsem tudtuk azt meg\u00f6r\u00f6k\u00edteni \u00e9s bemutatni a nagyvil\u00e1gnak \u2013 legal\u00e1bbis \u00fagy nem, ahogy szerett\u00fck volna. Ett\u0151l f\u00fcggetlen\u00fcl az esem\u00e9ny ikonikuss\u00e1 \u00e9s fontos m\u00e9rf\u00f6ldk\u0151v\u00e9 v\u00e1lt a V\u00e1rosliget kamp\u00e1nyban, \u00e9s szerint\u00fcnk ez a l\u00e9nyeg.<\/p>\n\n<p>Az \u00f6k\u00f6lfa akci\u00f3 \u00edgy ut\u00f3lag n\u00e9zve sem csup\u00e1n egy l\u00e1tv\u00e1nyos tiltakoz\u00e1s volt \u2013 hanem egy k\u00f6z\u00f6ss\u00e9g \u00f6sszefog\u00e1s\u00e1nak szimb\u00f3luma is, amely megmutatta, hogy a kedvez\u0151tlen k\u00f6r\u00fclm\u00e9nyek ellen\u00e9re is k\u00e9pesek vagyunk egy\u00fctt ki\u00e1llni \u00e9rt\u00e9keink mellett. \u00c9s tal\u00e1n \u00e9pp ebben rejlik az igazi sikere: nem felt\u00e9tlen\u00fcl a t\u00f6k\u00e9letes f\u00e9nyk\u00e9pekben, hanem abban a k\u00f6z\u00f6s \u00e9lm\u00e9nyben \u00e9s elsz\u00e1nts\u00e1gban, amit t\u00f6bb sz\u00e1z emberrel egy\u00fctt \u00e1t\u00e9lhett\u00fcnk azon az es\u0151s \u00e1prilisi napon.<\/p>\n\n<p>Az\u00f3ta a tervezett \u00e9p\u00fcletek egy r\u00e9sze m\u00e1r meg\u00e9p\u00fclt, annak ellen\u00e9re, hogy 2019-ben az UNESCO is felsz\u00f3l\u00edtotta a magyar korm\u00e1nyt a Liget-projekt le\u00e1ll\u00edt\u00e1s\u00e1ra. Az \u00daj Nemzeti Gal\u00e9ria sorsa az\u00f3ta bizonytalann\u00e1 v\u00e1lt, miut\u00e1n L\u00e1z\u00e1r J\u00e1nos \u00e9p\u00edt\u00e9si \u00e9s k\u00f6zleked\u00e9si miniszter janu\u00e1r v\u00e9g\u00e9n bejelentette, hogy az idei k\u00f6lts\u00e9gvet\u00e9sben nincs forr\u00e1s az \u00e9p\u00fclet meg\u00e9p\u00edt\u00e9s\u00e9re, a K\u00f6zleked\u00e9si M\u00fazeum hely\u00e9re tervezett Magyar Innov\u00e1ci\u00f3 H\u00e1za munk\u00e1latai pedig el sem kezd\u0151dtek.<\/p>\n","protected":false},"excerpt":{"rendered":"<p>Eml\u00e9kszel a 2016-os \u00f6k\u00f6lfa akci\u00f3nkra a V\u00e1rosligetben? Ez az akci\u00f3 a Greenpeace Magyarorsz\u00e1g t\u00f6rt\u00e9net\u00e9nek tal\u00e1n leg\u00f6sszetettebb land-art esem\u00e9nye volt.  Olvasd el mit jelentett sz\u00e1munkra ez az akci\u00f3, \u00e9s hogyan \u00e9lt\u00fck meg a Greenpeace-n bel\u00fcl.<\/p>\n","protected":false},"author":25,"featured_media":11864,"comment_status":"closed","ping_status":"closed","sticky":false,"template":"","format":"standard","meta":{"ep_exclude_from_search":false,"p4_og_title":"","p4_og_description":"","p4_og_image":"","p4_og_image_id":"","p4_seo_canonical_url":"","p4_campaign_name":"","p4_local_project":"","p4_basket_name":"","p4_department":"","footnotes":""},"categories":[3],"tags":[43],"p4-page-type":[40],"class_list":["post-11863","post","type-post","status-publish","format-standard","has-post-thumbnail","hentry","category-termeszet-kornyezet","tag-greenpeace-magyarorszag","p4-page-type-blog"],"_links":{"self":[{"href":"https:\/\/www.greenpeace.org\/hungary\/wp-json\/wp\/v2\/posts\/11863","targetHints":{"allow":["GET"]}}],"collection":[{"href":"https:\/\/www.greenpeace.org\/hungary\/wp-json\/wp\/v2\/posts"}],"about":[{"href":"https:\/\/www.greenpeace.org\/hungary\/wp-json\/wp\/v2\/types\/post"}],"author":[{"embeddable":true,"href":"https:\/\/www.greenpeace.org\/hungary\/wp-json\/wp\/v2\/users\/25"}],"replies":[{"embeddable":true,"href":"https:\/\/www.greenpeace.org\/hungary\/wp-json\/wp\/v2\/comments?post=11863"}],"version-history":[{"count":7,"href":"https:\/\/www.greenpeace.org\/hungary\/wp-json\/wp\/v2\/posts\/11863\/revisions"}],"predecessor-version":[{"id":12246,"href":"https:\/\/www.greenpeace.org\/hungary\/wp-json\/wp\/v2\/posts\/11863\/revisions\/12246"}],"wp:featuredmedia":[{"embeddable":true,"href":"https:\/\/www.greenpeace.org\/hungary\/wp-json\/wp\/v2\/media\/11864"}],"wp:attachment":[{"href":"https:\/\/www.greenpeace.org\/hungary\/wp-json\/wp\/v2\/media?parent=11863"}],"wp:term":[{"taxonomy":"category","embeddable":true,"href":"https:\/\/www.greenpeace.org\/hungary\/wp-json\/wp\/v2\/categories?post=11863"},{"taxonomy":"post_tag","embeddable":true,"href":"https:\/\/www.greenpeace.org\/hungary\/wp-json\/wp\/v2\/tags?post=11863"},{"taxonomy":"p4-page-type","embeddable":true,"href":"https:\/\/www.greenpeace.org\/hungary\/wp-json\/wp\/v2\/p4-page-type?post=11863"}],"curies":[{"name":"wp","href":"https:\/\/api.w.org\/{rel}","templated":true}]}}