{"id":11889,"date":"2025-04-22T19:56:42","date_gmt":"2025-04-22T17:56:42","guid":{"rendered":"https:\/\/www.greenpeace.org\/hungary\/?p=11889"},"modified":"2025-04-23T09:13:56","modified_gmt":"2025-04-23T07:13:56","slug":"a-fold-napjan-emlekeztek-meg-rola-a-civilek-hogy-15-eve-nincs-megfelelo-vedelme-kornyezetunknek-es-az-egeszsegunknek","status":"publish","type":"post","link":"https:\/\/www.greenpeace.org\/hungary\/sajtokozlemeny\/11889\/a-fold-napjan-emlekeztek-meg-rola-a-civilek-hogy-15-eve-nincs-megfelelo-vedelme-kornyezetunknek-es-az-egeszsegunknek\/","title":{"rendered":"A F\u00f6ld napj\u00e1n eml\u00e9keztek meg r\u00f3la a civilek, hogy 15 \u00e9ve nincs megfelel\u0151 v\u00e9delme k\u00f6rnyezet\u00fcnknek \u00e9s az eg\u00e9szs\u00e9g\u00fcnknek"},"content":{"rendered":"\n<p><strong>Budapest, 2025.04.22. A F\u00f6ld napja alkalm\u00e1b\u00f3l s\u00e1rga szalaggal vett\u00e9k k\u00f6rbe \u00e9s vesz\u00e9lyes ter\u00fcletk\u00e9nt \u00e1br\u00e1zolt\u00e1k Magyarorsz\u00e1got z\u00f6ld aktivist\u00e1k a V\u00e1rosligeti Nagyr\u00e9ten, Budapesten. Az AK\u00c1RTEIS (Akkumul\u00e1tor-k\u00e1rosult Telep\u00fcl\u00e9sek Igaz\u00e1\u00e9rt Sz\u00f6vets\u00e9g), a FFF (Fridays for Future) \u00e9s a Greenpeace Magyarorsz\u00e1g a jeles k\u00f6rnyezetv\u00e9delmi napon \u2018eml\u00e9kezett meg\u2019 arr\u00f3l, hogy 15 \u00e9ve nincs Magyarorsz\u00e1gon K\u00f6rnyezetv\u00e9delmi Miniszt\u00e9rium. Ezzel a szervezetek szerint a gyakorlatban 15 \u00e9ve alig val\u00f3sul meg Magyarorsz\u00e1gon a k\u00f6rnyezet v\u00e9delme.&nbsp;<\/strong><\/p>\n\n<figure class=\"wp-block-image size-large  caption-alignment-right\"><img loading=\"lazy\" decoding=\"async\" width=\"1024\" height=\"575\" src=\"https:\/\/www.greenpeace.org\/static\/planet4-hungary-stateless\/2025\/04\/6f5d604b-a-fold-napja-2024-04-22-1024x575.png\" title=\"A F\u00f6ld napj\u00e1n eml\u00e9keztek meg r\u00f3la a civilek, hogy 15 \u00e9ve nincs megfelel\u0151 v\u00e9delme k\u00f6rnyezet\u00fcnknek \u00e9s az eg\u00e9szs\u00e9g\u00fcnknek\" alt=\"A F\u00f6ld napj\u00e1n eml\u00e9keztek meg r\u00f3la a civilek, hogy 15 \u00e9ve nincs megfelel\u0151 v\u00e9delme k\u00f6rnyezet\u00fcnknek \u00e9s az eg\u00e9szs\u00e9g\u00fcnknek\" class=\"wp-image-11890\" srcset=\"https:\/\/www.greenpeace.org\/static\/planet4-hungary-stateless\/2025\/04\/6f5d604b-a-fold-napja-2024-04-22-1024x575.png 1024w, https:\/\/www.greenpeace.org\/static\/planet4-hungary-stateless\/2025\/04\/6f5d604b-a-fold-napja-2024-04-22-300x169.png 300w, https:\/\/www.greenpeace.org\/static\/planet4-hungary-stateless\/2025\/04\/6f5d604b-a-fold-napja-2024-04-22-768x432.png 768w, https:\/\/www.greenpeace.org\/static\/planet4-hungary-stateless\/2025\/04\/6f5d604b-a-fold-napja-2024-04-22-1536x863.png 1536w, https:\/\/www.greenpeace.org\/static\/planet4-hungary-stateless\/2025\/04\/6f5d604b-a-fold-napja-2024-04-22-510x287.png 510w, https:\/\/www.greenpeace.org\/static\/planet4-hungary-stateless\/2025\/04\/6f5d604b-a-fold-napja-2024-04-22.png 1600w\" sizes=\"auto, (max-width: 1024px) 100vw, 1024px\" \/><figcaption><div class=\"credit icon-left\"> \u00a9 Domonkos Rico<\/div><\/figcaption><\/figure>\n\n<p>A szervezetek szerint az el\u00e9gs\u00e9gesen m\u0171k\u00f6d\u0151 hat\u00f3s\u00e1gok hi\u00e1ny\u00e1nak k\u00f6vetkezm\u00e9nyeit naponta \u00e9rz\u00e9kelhetj\u00fck. Egym\u00e1st \u00e9rik azok az esetek, amikor megfelel\u0151 k\u00f6rnyezetv\u00e9delmi ir\u00e1ny\u00edt\u00e1s h\u00edj\u00e1n nem tudnak minket \u00e9s a magyar k\u00f6rnyezetet megv\u00e9deni a hat\u00f3s\u00e1gok az ipari \u00fczemekt\u0151l, hullad\u00e9klerak\u00f3kt\u00f3l. Nem k\u00e9pesek sem megel\u0151zni \u00e9s kivizsg\u00e1lni a szennyez\u00e9seket, sem kontroll\u00e1lni a kibocs\u00e1t\u00e1sokat. A szervezetek r\u00e1ad\u00e1sul \u00fagy \u00e9rz\u00e9kelik, mintha a hat\u00f3s\u00e1gok \u00e9s az \u00e1llam t\u0151l\u00fck akarn\u00e1 megv\u00e9deni a szennyez\u0151 c\u00e9geket, \u00e9s nem &#8211; t\u00f6rv\u00e9nyi k\u00f6telezetts\u00e9g\u00fck szerint &#8211; a lakoss\u00e1got \u00e9s a k\u00f6rnyezetet v\u00e9dik a szennyez\u0151 c\u00e9gekt\u0151l.&nbsp;<\/p>\n\n<figure class=\"wp-block-image size-large  caption-alignment-right\"><img loading=\"lazy\" decoding=\"async\" width=\"1024\" height=\"483\" src=\"https:\/\/www.greenpeace.org\/static\/planet4-hungary-stateless\/2025\/04\/689b9a36-a-fold-napja-kozeli-2024-04-22-sm-1024x483.png\" title=\"A F\u00f6ld napj\u00e1n eml\u00e9keztek meg r\u00f3la a civilek, hogy 15 \u00e9ve nincs megfelel\u0151 v\u00e9delme k\u00f6rnyezet\u00fcnknek \u00e9s az eg\u00e9szs\u00e9g\u00fcnknek\" alt=\"A F\u00f6ld napj\u00e1n eml\u00e9keztek meg r\u00f3la a civilek, hogy 15 \u00e9ve nincs megfelel\u0151 v\u00e9delme k\u00f6rnyezet\u00fcnknek \u00e9s az eg\u00e9szs\u00e9g\u00fcnknek\" class=\"wp-image-11894\" srcset=\"https:\/\/www.greenpeace.org\/static\/planet4-hungary-stateless\/2025\/04\/689b9a36-a-fold-napja-kozeli-2024-04-22-sm-1024x483.png 1024w, https:\/\/www.greenpeace.org\/static\/planet4-hungary-stateless\/2025\/04\/689b9a36-a-fold-napja-kozeli-2024-04-22-sm-300x141.png 300w, https:\/\/www.greenpeace.org\/static\/planet4-hungary-stateless\/2025\/04\/689b9a36-a-fold-napja-kozeli-2024-04-22-sm-768x362.png 768w, https:\/\/www.greenpeace.org\/static\/planet4-hungary-stateless\/2025\/04\/689b9a36-a-fold-napja-kozeli-2024-04-22-sm-1536x724.png 1536w, https:\/\/www.greenpeace.org\/static\/planet4-hungary-stateless\/2025\/04\/689b9a36-a-fold-napja-kozeli-2024-04-22-sm-510x240.png 510w, https:\/\/www.greenpeace.org\/static\/planet4-hungary-stateless\/2025\/04\/689b9a36-a-fold-napja-kozeli-2024-04-22-sm.png 1600w\" sizes=\"auto, (max-width: 1024px) 100vw, 1024px\" \/><figcaption><div class=\"credit icon-left\"> \u00a9 Domonkos Rico<\/div><\/figcaption><\/figure>\n\n<p>Az esem\u00e9nyen k\u00f6r\u00fclbel\u00fcl 50 \u00fcgyet mutattak be, amikor az \u00e1llam k\u00e9ptelen volt \u00e9rdemben fell\u00e9pni a szennyez\u0151kkel szemben. Ilyen \u00fcgyek voltak t\u00f6bbek k\u00f6z\u00f6tt a g\u00f6di, a kom\u00e1romi, az iv\u00e1ncsai akkumul\u00e1tor gy\u00e1rak m\u00e9rgez\u00e9ses esetei, a g\u00f6di Samsung SDI leveg\u0151 \u00e9s talajv\u00edz szennyez\u00e9se, vagy G\u00e1rdonyn\u00e1l a MOL-vezet\u00e9ken heteken \u00e1t ki\u00f6ml\u0151 \u00fczemanyag esete.&nbsp;<\/p>\n\n<p><em>\u201cAz akci\u00f3 c\u00e9lja, hogy felh\u00edvjuk a t\u00e1rsadalom figyelm\u00e9t arra, hogy azonnali cselekv\u00e9sre van sz\u00fcks\u00e9g a helyzet kezel\u00e9s\u00e9re. A magyar korm\u00e1ny valamennyi gazdas\u00e1gi d\u00f6nt\u00e9s\u00e9ben figyelmen k\u00edv\u00fcl hagyja a k\u00f6rnyezetv\u00e9delmi szempontokat, aminek m\u00e1r most is s\u00falyos k\u00f6vetkezm\u00e9nyei vannak mind az emberi, mind pedig a term\u00e9szeti k\u00f6rnyezetre n\u00e9zve.\u201d<\/em>&#8211; nyilatkozta Kov\u00e1cs Val\u00e9ria, a Fridays for Future k\u00e9pvisel\u0151je.<\/p>\n\n<p><em>\u201cAz AK\u00c1RTEIS k\u00f6veteli, hogy magyar hat\u00f3s\u00e1gos gondoskodjanak arr\u00f3l, hogy a jogszab\u00e1lyoknak megfelel\u0151en legyen nyilv\u00e1nos a Magyarorsz\u00e1gon l\u00e9tes\u00fclt szennyez\u0151 ipari \u00e9s mez\u0151gazdas\u00e1gi l\u00e9tes\u00edtm\u00e9nyek kibocs\u00e1t\u00e1si adatait! Tegy\u00e9k a k\u00f6rnyezetv\u00e9delmi hat\u00f3s\u00e1got alkalmass\u00e1 feladata ell\u00e1t\u00e1s\u00e1ra a megfelel\u0151 anyagi, jogi, t\u00e1rgyi \u00e9s szem\u00e9lyi felt\u00e9telek biztos\u00edt\u00e1s\u00e1val! Biztos\u00edts\u00e1k a hat\u00f3s\u00e1gok korm\u00e1nyt\u00f3l \u00e9s beruh\u00e1z\u00f3kt\u00f3l val\u00f3 f\u00fcggetlens\u00e9g\u00e9t!<\/em><br><em>Sehol ne val\u00f3sulhasson meg Magyarorsz\u00e1gon semmilyen szennyez\u0151 beruh\u00e1z\u00e1s a helyi lakoss\u00e1ggal val\u00f3 nyilv\u00e1nos t\u00e1rsadalmi egyeztet\u00e9sek n\u00e9lk\u00fcl!&#8221;<\/em> &#8211; k\u00f6vetelte a rendezv\u00e9nyen Szaszk\u00f3 Andrea, az AK\u00c1RTEIS k\u00e9pvisel\u0151je.<\/p>\n\n<p><em>\u201cAz el\u00e9gs\u00e9ges k\u00f6rnyezetv\u00e9delmi hat\u00f3s\u00e1gi munka hi\u00e1ny\u00e1val sz\u00e1mos esetben kell szembes\u00fcln\u00fcnk. M\u00e1ig nem tudjuk, hogy honnan sz\u00e1rmazott a Salg\u00f3-patakba \u00f6ml\u0151 jelent\u0151s r\u00e1kkelt\u0151 szennyez\u00e9s az \u00c9LTEX Kft. telephelye mellett. A hat\u00f3s\u00e1gok nem vizsg\u00e1lt\u00e1k ki a g\u00f6di Samsung-gy\u00e1rn\u00e1l felt\u00e1rt, a term\u0151f\u00f6ldre ki\u00f6ml\u0151 NMP-old\u00f3szer szennyez\u00e9sek k\u00f6r\u00fclm\u00e9nyeit sem. \u00c9vtizedek \u00f3ta nem tudnak \u00e9rv\u00e9nyt szerezni annak a d\u00f6nt\u00e9snek, hogy v\u00e9gezz\u00e9k el a teljes k\u00e1rmentes\u00edt\u00e9st az \u00d3budai G\u00e1zgy\u00e1rn\u00e1l, \u00e9s ne juthassanak s\u00falyos m\u00e9rgek a Dun\u00e1ba. Ahogy azt sem tudjuk, hogy mikor tisztulhat meg teljesen a m\u00e9rgekt\u0151l az Illatos \u00fat s\u00falyosan elszennyezett talaja, talajvize. Halaszthatatlan egy f\u00fcggetlen, er\u0151skez\u0171 k\u00f6rnyezetv\u00e9delmi hat\u00f3s\u00e1g vissza\u00e1ll\u00edt\u00e1sa haz\u00e1nkban, mely tiszt\u00e1zza, szankcion\u00e1lja \u00e9s a j\u00f6v\u0151ben k\u00e9pes is lehet megel\u0151zni a k\u00f6rnyezetszennyez\u00e9seket.\u201d<\/em> &#8211; nyilatkozta Simon Gergely, a Greenpeace vegyianyag-szak\u00e9rt\u0151je.&nbsp;<\/p>\n\n<p>Az esem\u00e9nyr\u0151l tov\u00e1bbi k\u00e9pek <a href=\"https:\/\/www.flickr.com\/photos\/greenpeacehu\/albums\/72177720325313857\/\" data-type=\"link\" data-id=\"https:\/\/www.flickr.com\/photos\/greenpeacehu\/albums\/72177720325313857\/\" target=\"_blank\" rel=\"noreferrer noopener nofollow\">ebben az albumban<\/a> \u00e9rhet\u0151ek el.<\/p>\n","protected":false},"excerpt":{"rendered":"<p>Budapest, 2025.04.22. A F\u00f6ld napja alkalm\u00e1b\u00f3l s\u00e1rga szalaggal vett\u00e9k k\u00f6rbe \u00e9s vesz\u00e9lyes ter\u00fcletk\u00e9nt \u00e1br\u00e1zolt\u00e1k Magyarorsz\u00e1got z\u00f6ld aktivist\u00e1k a V\u00e1rosligeti Nagyr\u00e9ten, Budapesten. Az AK\u00c1RTEIS (Akkumul\u00e1tor-k\u00e1rosult Telep\u00fcl\u00e9sek Igaz\u00e1\u00e9rt Sz\u00f6vets\u00e9g), a FFF (Fridays&hellip;<\/p>\n","protected":false},"author":25,"featured_media":11890,"comment_status":"closed","ping_status":"closed","sticky":false,"template":"","format":"standard","meta":{"ep_exclude_from_search":false,"p4_og_title":"","p4_og_description":"","p4_og_image":"","p4_og_image_id":"","p4_seo_canonical_url":"","p4_campaign_name":"","p4_local_project":"","p4_basket_name":"","p4_department":"","footnotes":""},"categories":[4,3],"tags":[],"p4-page-type":[37],"class_list":["post-11889","post","type-post","status-publish","format-standard","has-post-thumbnail","hentry","category-ember-tarsadalom","category-termeszet-kornyezet","p4-page-type-sajtokozlemeny"],"_links":{"self":[{"href":"https:\/\/www.greenpeace.org\/hungary\/wp-json\/wp\/v2\/posts\/11889","targetHints":{"allow":["GET"]}}],"collection":[{"href":"https:\/\/www.greenpeace.org\/hungary\/wp-json\/wp\/v2\/posts"}],"about":[{"href":"https:\/\/www.greenpeace.org\/hungary\/wp-json\/wp\/v2\/types\/post"}],"author":[{"embeddable":true,"href":"https:\/\/www.greenpeace.org\/hungary\/wp-json\/wp\/v2\/users\/25"}],"replies":[{"embeddable":true,"href":"https:\/\/www.greenpeace.org\/hungary\/wp-json\/wp\/v2\/comments?post=11889"}],"version-history":[{"count":4,"href":"https:\/\/www.greenpeace.org\/hungary\/wp-json\/wp\/v2\/posts\/11889\/revisions"}],"predecessor-version":[{"id":11899,"href":"https:\/\/www.greenpeace.org\/hungary\/wp-json\/wp\/v2\/posts\/11889\/revisions\/11899"}],"wp:featuredmedia":[{"embeddable":true,"href":"https:\/\/www.greenpeace.org\/hungary\/wp-json\/wp\/v2\/media\/11890"}],"wp:attachment":[{"href":"https:\/\/www.greenpeace.org\/hungary\/wp-json\/wp\/v2\/media?parent=11889"}],"wp:term":[{"taxonomy":"category","embeddable":true,"href":"https:\/\/www.greenpeace.org\/hungary\/wp-json\/wp\/v2\/categories?post=11889"},{"taxonomy":"post_tag","embeddable":true,"href":"https:\/\/www.greenpeace.org\/hungary\/wp-json\/wp\/v2\/tags?post=11889"},{"taxonomy":"p4-page-type","embeddable":true,"href":"https:\/\/www.greenpeace.org\/hungary\/wp-json\/wp\/v2\/p4-page-type?post=11889"}],"curies":[{"name":"wp","href":"https:\/\/api.w.org\/{rel}","templated":true}]}}