{"id":1220,"date":"2012-06-21T00:00:00","date_gmt":"2012-06-20T22:00:00","guid":{"rendered":"https:\/\/www.greenpeace.org\/hungary\/uncategorized\/1220\/sztarokkal-indit-kampanyt-a-greenpeace-az-eszaki-sark-megmenteseert\/"},"modified":"2019-11-06T09:41:59","modified_gmt":"2019-11-06T08:41:59","slug":"sztarokkal-indit-kampanyt-a-greenpeace-az-eszaki-sark-megmenteseert","status":"publish","type":"post","link":"https:\/\/www.greenpeace.org\/hungary\/sajtokozlemeny\/1220\/sztarokkal-indit-kampanyt-a-greenpeace-az-eszaki-sark-megmenteseert\/","title":{"rendered":"Szt\u00e1rokkal ind\u00edt kamp\u00e1nyt a Greenpeace az \u00c9szaki-sark megment\u00e9s\u00e9\u00e9rt"},"content":{"rendered":"<div class=\"leader\">\n\tHollywoodi sz\u00edn\u00e9szek, rockszt\u00e1rok, k\u00f6rnyezetv\u00e9d\u0151k, sarkkutat\u00f3k \u00e9s \u00fczleti vezet\u0151k fogtak \u00f6ssze, hogy egy\u00fctt \u00e9rj\u00e9k el, hogy glob\u00e1lis v\u00e9delmet kapjon az \u00c9szaki-sarkvid\u00e9k. A kamp\u00e1ny r\u00e9sztvev\u0151i k\u00f6vetelik, hogy tilts\u00e1k be az \u00c9szaki-sarkvid\u00e9ken az olajf\u00far\u00e1st \u00e9s a nem fenntarthat\u00f3 ipari hal\u00e1szatot.\n<\/div>\n<div>\n<p>B\u00f3di Sylvi, Paul McCartney, Pen\u00e9lope Cruz, Robert Redford, Pedro Almod\u00f3var, Thom Yorke, Emily Blunt, Baaba Maal \u00e9s Lucy Lawless csak n\u00e9h\u00e1ny a sz\u00e1z h\u00edress\u00e9g k\u00f6z\u00fcl, akik egy\u00fctt k\u00f6vetelik, hogy az ENSZ nyilv\u00e1n\u00edtsa v\u00e9dett\u00e9 az \u00c9szaki-sark k\u00f6r\u00fcli lakatlan ter\u00fcletet. A teljes list\u00e1n (1) kilenc Oscar-d\u00edjas, t\u00edz Golden Globe-d\u00edjas \u00e9s \u00f6t Grammy-d\u00edjas m\u0171v\u00e9sz is szerepel.\u00a0<\/p>\n<p>\u00d6v\u00e9k az els\u0151 sz\u00e1z n\u00e9v, amely szerepelni fog azon a tekercsen, amelyet a Greenpeace ma mutatott be a Rio de Janeir\u00f3ban. Miut\u00e1n tov\u00e1bbi milli\u00f3nyian csatlakoztak a kamp\u00e1nyhoz, a Greenpeace exped\u00edci\u00f3t ind\u00edt az \u00c9szaki-sarkra, hogy a tekercset elhelyezze a sarkpont alatti tengerfen\u00e9ken, n\u00e9gy kilom\u00e9ter m\u00e9lyen a j\u00e9g alatt.\u00a0<\/p>\n<p>Az \u00c9szaki-sark k\u00f6r\u00fcli hatalmas ter\u00fclet jelen pillanatban mindannyiunk k\u00f6z\u00f6s tulajdona. A nemzetk\u00f6zi t\u00f6rv\u00e9nyek alapj\u00e1n ny\u00edlt tengernek min\u0151s\u00fcl, az alatta elter\u00fcl\u0151 tengerfen\u00e9k pedig az eg\u00e9sz emberis\u00e9g k\u00f6z\u00f6s \u00f6r\u00f6ks\u00e9ge. De a h\u0151m\u00e9rs\u00e9klet emelked\u00e9s\u00e9vel \u00e9s a j\u00e9g olvad\u00e1s\u00e1val (2) \u00e1llamok eg\u00e9sz sora jelenti be ter\u00fcletig\u00e9ny\u00e9t a tengerfen\u00e9kre, hogy megnyithassa az utat a t\u00e9rs\u00e9get t\u00f6nkretev\u0151 olajf\u00far\u00e1sok el\u0151tt.<\/p>\n<p>Sir Paul McCartney a kamp\u00e1nyind\u00edt\u00f3n elmondta: \u201eAz \u00c9szaki-sarkvid\u00e9k F\u00f6ld\u00fcnk egyik legszebb \u00e9s az egyik utols\u00f3 \u00e9rintetlen\u00fcl hagyott ter\u00fclete, \u00e1m a sarkvid\u00e9ket most vesz\u00e9ly fenyegeti. N\u00e9h\u00e1ny orsz\u00e1g \u00e9s nagyv\u00e1llalat lehet\u0151v\u00e9 akarja tenni az olajf\u00far\u00e1st \u00e9s az ipari hal\u00e1szatot a t\u00e9rs\u00e9gben, \u00e9s ugyanazt akarj\u00e1k tenni a sarkvid\u00e9kkel, mint t\u00f6r\u00e9keny F\u00f6ld\u00fcnk t\u00f6bbi r\u00e9sz\u00e9vel. \u0150r\u00fclts\u00e9gnek hangzik, hogy k\u00e9pesek vagyunk a vil\u00e1g legt\u00e1volabbi szeglet\u00e9be is elmenni az utols\u00f3 csepp olaj\u00e9rt, mik\u00f6zben a legkiv\u00e1l\u00f3bb tud\u00f3saink azt mondj\u00e1k, hogy le kell \u00e1llnunk a fosszilis t\u00fczel\u0151anyagok haszn\u00e1lat\u00e1val, hogy a gyermekeinknek is lehessen j\u00f6v\u0151j\u00fck. Valamikor, valahol g\u00e1tat kell szabnunk. \u00dagy hiszem, ez az id\u0151 a most, a hely pedig az \u00c9szaki-sarkvid\u00e9k.\u201d<\/p>\n<p>A Shell az k\u00f6vetkez\u0151 hetekben kutat\u00f3f\u00far\u00e1sokat fog v\u00e9grehajtani k\u00e9t tengeri helysz\u00ednen az \u00c9szaki-sarkvid\u00e9k alaszkai t\u00e9rs\u00e9g\u00e9ben. Ha a c\u00e9g id\u00e9n ny\u00e1ron sikerrel j\u00e1r, az beind\u00edtja az \u00e9szaki-sarkvid\u00e9ki \u201eolajl\u00e1zat\u201d, \u00e9s a r\u00e9gi\u00f3 felt\u00far\u00e1s\u00e1ra ir\u00e1nyul\u00f3 t\u00f6rekv\u00e9sek felgyorsulnak. Az orosz olaj\u00f3ri\u00e1s, a Gazprom szint\u00e9n tervez olajf\u00far\u00e1sokat a Jeges-tenger ter\u00fclet\u00e9n ebben az \u00e9vben.<\/p>\n<p>A Greenpeace kamp\u00e1nyfelel\u0151se, Stoll Barbara elmondta: \u201eAz \u00c9szaki-sarkvid\u00e9k ostrom al\u00e1 ker\u00fclt. C\u00e9lunk, hogy az ENSZ helyezze glob\u00e1lis v\u00e9detts\u00e9g al\u00e1 az \u00c9szaki-sarkvid\u00e9ket. A sarkpont k\u00f6r\u00fcli ter\u00fclet v\u00e9dett\u00e9 nyilv\u00e1n\u00edt\u00e1sa egy csap\u00e1sra meg\u00e1ll\u00edtan\u00e1 a szennyez\u0151 ipar\u00e1gakat abban, hogy gyarmatos\u00edts\u00e1k a vil\u00e1g tetej\u00e9t.\u201d<\/p>\n<p>A kamp\u00e1ny az\u00e9rt ma indult, mert az \u00c9szaki-sarkvid\u00e9k a defin\u00edci\u00f3 szerint az a ter\u00fclet, ahol a leghosszabb nappalon \u2013 j\u00fanius 21-\u00e9n \u2013 a nap 24 \u00f3r\u00e1n \u00e1t nem nyugszik le. B\u00e1rki hozz\u00e1adhatja a nev\u00e9t az \u00e9szaki-sarki tekercshez \u00e9s eljuttathatja azt az \u00c9szaki-sarkra a <a href=\"http:\/\/www.greenpeace.hu\/sarkvidek\">www.greenpeace.hu\/sarkvidek<\/a> oldalon.<\/p>\n<p>(1) A tekercsen szerepl\u0151 nevek:<\/p>\n<p>Aaron Johnson, sz\u00edn\u00e9sz; Adriana, zen\u00e9sz; Alejandro Sanz, zen\u00e9sz; Alexandra Burke, zen\u00e9sz; Andrea Elisabeth Rudolph, m\u0171sorvezet\u0151\/sz\u00e9ps\u00e9gipari v\u00e1llalkoz\u00f3; Annie Lennox, zen\u00e9sz; Anthony Kiedis, a Red Hot Chili Peppers \u00e9nekese; Baaba Maal, zen\u00e9sz; Barnaby Thompson, producer\/rendez\u0151; Bella Freud, divattervez\u0151; Ben Barnes, sz\u00edn\u00e9sz; Bianca Jagger, aktivista; Brooke O\u2019Campo, m\u0171v\u00e9sz; Bruce Parry, felfedez\u0151; Bryan Adams, zen\u00e9sz; Bubber, t\u00e9v\u00e9s szem\u00e9lyis\u00e9g; Carsten Jensen, \u00edr\u00f3; Chet Lamb, zen\u00e9sz; Chocolate Rain, illusztr\u00e1tor; Christina Cole, sz\u00edn\u00e9sz; Cilla Black, el\u0151ad\u00f3\/t\u00e9v\u00e9s szem\u00e9lyis\u00e9g; David de Rothschild, felfedez\u0151; David Heyman, producer; Dawn Olivieri, sz\u00edn\u00e9sz; Dev Patel, sz\u00edn\u00e9sz; Edward Norton, sz\u00edn\u00e9sz; Elena Roger, sz\u00edn\u00e9sz; Eman Lam, zen\u00e9sz; Emily Blunt, sz\u00edn\u00e9sz; Eric Schlosser, \u00edr\u00f3; Fabiana Cantilo, zen\u00e9sz; Fernando Trueba, rendez\u0151; Fred Lam, aktivista; Gabby \u00e9s Kenny Logan, sportol\u00f3; Goldie, zen\u00e9sz; Gustav Skarsgard, sz\u00edn\u00e9sz; Hannah Rothschild, \u00edr\u00f3\/rendez\u0151; Hoffmaestro, zenekar; Hu Hajcs\u00fcan, zen\u00e9sz; Hugh Grant, sz\u00edn\u00e9sz; Ib Michael, \u00edr\u00f3; Imelda Staunton, sz\u00edn\u00e9sz; Jack White, zen\u00e9sz; Jan Meek, felfedez\u0151; Jarvis Cocker, zen\u00e9sz; Javier Bardem, sz\u00edn\u00e9sz; Jeremy Irons, sz\u00edn\u00e9sz; Jesper Christensen, sz\u00edn\u00e9sz; Jesus Calleja, t\u00e9v\u00e9s szem\u00e9lyis\u00e9g; Jim Broadbent, sz\u00edn\u00e9sz; Ji\u0159\u00ed D\u011bde\u010dek, k\u00f6lt\u0151; Jochen Zeitz, \u00fczletember; Joey Leung Cho-yiu, sz\u00edn\u00e9sz; John Carlos, sportol\u00f3; John Hurt, sz\u00edn\u00e9sz; Jude Law, sz\u00edn\u00e9sz; Kl\u00e1ra Issov\u00e1, sz\u00edn\u00e9sz; Kongkee, illusztr\u00e1tor; KT Tunstall, zen\u00e9sz; Laura Bailey, m\u0171v\u00e9sz; Lawrence Chou, sz\u00edn\u00e9sz; Lawrence Dallaglio, az angol r\u00f6gbiv\u00e1logatott egykori csapatkapit\u00e1nya; Lawrence Chou, sz\u00edn\u00e9sz; Leila Tong, sz\u00edn\u00e9sz; Lena Endre, sz\u00edn\u00e9sz; Lene Gammelgaard, felfedez\u0151; Lily Cole, sz\u00edn\u00e9sz\/modell; Livia Firth, kamp\u00e1nyos; Lucy Lawless, sz\u00edn\u00e9sz; Marta Kubi\u0161ov\u00e1, \u00e9nekes\/sz\u00edn\u00e9sz; Master Fatman, zen\u00e9sz\/humorista; Miquel Barcelo, m\u0171v\u00e9sz\/szobr\u00e1sz; Miroslav Jakes, felfedez\u0151; Natalia Oreiro, sz\u00edn\u00e9sz; Nick Laird-Clowes, zen\u00e9sz; Nick Simmons, t\u00e9v\u00e9s szem\u00e9lyis\u00e9g; Oh Land, \u00e9nekes; Oliver Parker, rendez\u0151; Olivia Williams, sz\u00edn\u00e9sz; Pamela Anderson, sz\u00edn\u00e9sz; Paul McCartney, zen\u00e9sz; Paul Simonon, zen\u00e9sz; Pedro Almod\u00f3var, rendez\u0151; Pen\u00e9lope Cruz, sz\u00edn\u00e9sz; Petr Vacek, sz\u00edn\u00e9sz; Polly Matson, t\u00e9v\u00e9s szem\u00e9lyis\u00e9g; Rebecca Frayn, \u00edr\u00f3; Richard Branson, \u00fczletember; Rita Ora, zen\u00e9sz; Robert Redford, sz\u00edn\u00e9sz; Sabrina Guinness; Saffron Burrows, sz\u00edn\u00e9sz; Sam Taylor Wood, m\u0171v\u00e9sz; Sarah Burton, m\u0171v\u00e9sz; Shane Watson; Sharon Lawrence, sz\u00edn\u00e9sz; Shauna Redford; Sherry Tsai, sportol\u00f3; Simona Bab\u010dakov\u00e1, sz\u00edn\u00e9sz; Stella McCartney, divattervez\u0151; Stephen Frears, m\u0171v\u00e9sz; Stephen Hopkins, rendez\u0151; Steve Jones, t\u00e9v\u00e9s szem\u00e9lyis\u00e9g; Thandie Newton, sz\u00edn\u00e9sz; Thom Yorke, zen\u00e9sz; Thomas Jane, sz\u00edn\u00e9sz; Tim Roth, sz\u00edn\u00e9sz; Tom Stoppard, m\u0171v\u00e9sz; Tsang Tsui-shan Jessey, rendez\u0151; Uri Fruchtmann, producer; Vivienne Westwood, divattervez\u0151; William Tang, divattervez\u0151<\/p>\n<\/div>\n","protected":false},"excerpt":{"rendered":"<div>\n\tHollywoodi sz\u00edn\u00e9szek, rockszt\u00e1rok, k\u00f6rnyezetv\u00e9d\u0151k, sarkkutat\u00f3k \u00e9s \u00fczleti vezet\u0151k fogtak \u00f6ssze, hogy egy\u00fctt \u00e9rj\u00e9k el, hogy glob\u00e1lis v\u00e9delmet kapjon az \u00c9szaki-sarkvid\u00e9k. A kamp\u00e1ny r\u00e9sztvev\u0151i k\u00f6vetelik, hogy tilts\u00e1k be az \u00c9szaki-sarkvid\u00e9ken az olajf\u00far\u00e1st \u00e9s a nem fenntarthat\u00f3 ipari hal\u00e1szatot.\n<\/div>\n","protected":false},"author":25,"featured_media":0,"comment_status":"closed","ping_status":"open","sticky":false,"template":"","format":"standard","meta":{"ep_exclude_from_search":false,"p4_og_title":"","p4_og_description":"","p4_og_image":"","p4_og_image_id":"","p4_seo_canonical_url":"","p4_campaign_name":"","p4_local_project":"","p4_basket_name":"","p4_department":"","footnotes":""},"categories":[2],"tags":[28,6,26],"p4-page-type":[37],"class_list":["post-1220","post","type-post","status-publish","format-standard","hentry","category-klima-energia","tag-sarkvidek","tag-klimavedelem","tag-fosszilis","p4-page-type-sajtokozlemeny"],"_links":{"self":[{"href":"https:\/\/www.greenpeace.org\/hungary\/wp-json\/wp\/v2\/posts\/1220","targetHints":{"allow":["GET"]}}],"collection":[{"href":"https:\/\/www.greenpeace.org\/hungary\/wp-json\/wp\/v2\/posts"}],"about":[{"href":"https:\/\/www.greenpeace.org\/hungary\/wp-json\/wp\/v2\/types\/post"}],"author":[{"embeddable":true,"href":"https:\/\/www.greenpeace.org\/hungary\/wp-json\/wp\/v2\/users\/25"}],"replies":[{"embeddable":true,"href":"https:\/\/www.greenpeace.org\/hungary\/wp-json\/wp\/v2\/comments?post=1220"}],"version-history":[{"count":3,"href":"https:\/\/www.greenpeace.org\/hungary\/wp-json\/wp\/v2\/posts\/1220\/revisions"}],"predecessor-version":[{"id":1429,"href":"https:\/\/www.greenpeace.org\/hungary\/wp-json\/wp\/v2\/posts\/1220\/revisions\/1429"}],"wp:attachment":[{"href":"https:\/\/www.greenpeace.org\/hungary\/wp-json\/wp\/v2\/media?parent=1220"}],"wp:term":[{"taxonomy":"category","embeddable":true,"href":"https:\/\/www.greenpeace.org\/hungary\/wp-json\/wp\/v2\/categories?post=1220"},{"taxonomy":"post_tag","embeddable":true,"href":"https:\/\/www.greenpeace.org\/hungary\/wp-json\/wp\/v2\/tags?post=1220"},{"taxonomy":"p4-page-type","embeddable":true,"href":"https:\/\/www.greenpeace.org\/hungary\/wp-json\/wp\/v2\/p4-page-type?post=1220"}],"curies":[{"name":"wp","href":"https:\/\/api.w.org\/{rel}","templated":true}]}}