{"id":1226,"date":"2016-06-21T00:00:00","date_gmt":"2016-06-20T22:00:00","guid":{"rendered":"https:\/\/www.greenpeace.org\/hungary\/uncategorized\/1226\/okomodszerek-szantofoldon\/"},"modified":"2019-11-06T09:41:05","modified_gmt":"2019-11-06T08:41:05","slug":"okomodszerek-szantofoldon","status":"publish","type":"post","link":"https:\/\/www.greenpeace.org\/hungary\/kiadvany\/1226\/okomodszerek-szantofoldon\/","title":{"rendered":"\u00d6kom\u00f3dszerek sz\u00e1nt\u00f3f\u00f6ld\u00f6n"},"content":{"rendered":"<div class=\"leader\">A legfrissebb adatok szerint a vil\u00e1gon ma m\u00e1r 43,7 milli\u00f3 hekt\u00e1ron gazd\u00e1lkodnak \u00f6kol\u00f3giai m\u00f3dszerekkel. Eur\u00f3p\u00e1ban 11,6 milli\u00f3 hekt\u00e1ron folyik ilyen gazd\u00e1lkod\u00e1s. Az \u00f6koterm\u00e9kek fogyaszt\u00e1sa vil\u00e1gszerte folyamatosan n\u00f6vekszik \u2013 a tendenci\u00e1t m\u00e9g a 2008-as gazdas\u00e1gi v\u00e1ls\u00e1g sem tudta megt\u00f6rni. Ennek h\u00e1tter\u00e9ben az \u00e1ll, hogy egyre t\u00f6bben ismerik fel: aki \u00f6koterm\u00e9ket v\u00e1s\u00e1rol, az eg\u00e9szs\u00e9get v\u00e1s\u00e1rol a csal\u00e1dj\u00e1nak. Bebizonyosodott, hogy a h\u00e1ziasszonyok igenis hajland\u00f3ak valamivel t\u00f6bbet fizetni a garant\u00e1ltan vegyszermentes \u00e9lelmiszer\u00e9rt, melynek megtermel\u00e9se sor\u00e1n a gazd\u00e1k nem szennyezik a k\u00f6rnyezetet \u00e9s nem puszt\u00edtj\u00e1k a term\u00e9szetet.<\/div>\n<div>\n<p>Az el\u0151rel\u00e1t\u00f3 gazda igyekszik alkalmazkodni a vev\u0151k ig\u00e9nyeihez, \u00e9s idej\u00e9ben v\u00e1lt. Az \u00f6kol\u00f3giai gazd\u00e1lkod\u00e1sra val\u00f3 \u00e1t\u00e1ll\u00e1s egy \u00faj szeml\u00e9letm\u00f3dra val\u00f3 \u00e1t\u00e1ll\u00e1st is jelent. Az \u00f6kogazda nem a vegyszerekre, m\u0171tr\u00e1gy\u00e1kra alapoz, hanem a term\u00e9szet \u00f6sszef\u00fcgg\u00e9seire \u2013 azokat meg\u00e9rtve \u2013 \u00e9p\u00edti fel gazdas\u00e1g\u00e1t.<\/p>\n<p>Egy \u00faj vil\u00e1g ny\u00edlik ki sz\u00e1m\u00e1ra, mely nem \u00e9r v\u00e9get a t\u00e1bla sz\u00e9l\u00e9n\u00e9l \u2013 k\u00e9pes megl\u00e1tni \u00e9s meg\u00e9rteni a gazdas\u00e1g \u00e9s a term\u00e9szeti k\u00f6rnyezet k\u00f6lcs\u00f6nhat\u00e1sait, k\u00e9pes vissza\u00e1ll\u00edtani a biol\u00f3giai sokf\u00e9les\u00e9get, melyben ott vannak a sz\u00f6vets\u00e9gesek: a hasznos \u00e9l\u0151 szervezetek. Az \u00f6kogazda nem haszn\u00e1l m\u00e9rgeket, \u00edgy az \u00f6kogazdas\u00e1g biztons\u00e1gos, eg\u00e9szs\u00e9ges k\u00f6rnyezetet jelent a gazd\u00e1nak \u00e9s csal\u00e1dj\u00e1nak. A term\u00e9nyei\u00e9rt kapott magasabb \u00e1r pedig gazdas\u00e1gi el\u0151nyt is jelent.<\/p>\n<p>Az \u00f6kol\u00f3giai gazd\u00e1lkod\u00e1sra val\u00f3 \u00e1t\u00e1ll\u00e1s \u00faj tud\u00e1st, \u00faj m\u00f3dszereket, \u00faj szeml\u00e9letet ig\u00e9nyel. A d\u00f6nt\u00e9s meghozatal\u00e1hoz, az els\u0151 l\u00e9p\u00e9sek megt\u00e9tel\u00e9hez igyeksz\u00fcnk seg\u00edts\u00e9get ny\u00fajtani k\u00f6nyv\u00fcnkkel.<\/p>\n<\/div>\n<p><a href=\"https:\/\/www.greenpeace.org\/static\/planet4-hungary-stateless\/2018\/10\/a8f7da30-a8f7da30-okomodszerek_szantofoldon_web.pdf\" target=\"_blank\" rel=\"noopener noreferrer\">\u00d6kom\u00f3dszerek sz\u00e1nt\u00f3f\u00f6ld\u00f6n<\/a><\/p>\n","protected":false},"excerpt":{"rendered":"<div>\n\tA legfrissebb adatok szerint a vil\u00e1gon ma m\u00e1r 43,7 milli\u00f3 hekt\u00e1ron gazd\u00e1lkodnak \u00f6kol\u00f3giai m\u00f3dszerekkel. Eur\u00f3p\u00e1ban 11,6 milli\u00f3 hekt\u00e1ron folyik ilyen gazd\u00e1lkod\u00e1s. Az \u00f6koterm\u00e9kek fogyaszt\u00e1sa vil\u00e1gszerte folyamatosan n\u00f6vekszik \u2013 a tendenci\u00e1t m\u00e9g a 2008-as gazdas\u00e1gi v\u00e1ls\u00e1g sem tudta megt\u00f6rni. Ennek h\u00e1tter\u00e9ben az \u00e1ll, hogy egyre t\u00f6bben ismerik fel: aki \u00f6koterm\u00e9ket v\u00e1s\u00e1rol, az eg\u00e9szs\u00e9get v\u00e1s\u00e1rol a csal\u00e1dj\u00e1nak. Bebizonyosodott, hogy a h\u00e1ziasszonyok igenis hajland\u00f3ak valamivel t\u00f6bbet fizetni a garant\u00e1ltan vegyszermentes \u00e9lelmiszer\u00e9rt, melynek megtermel\u00e9se sor\u00e1n a gazd\u00e1k nem szennyezik a k\u00f6rnyezetet \u00e9s nem puszt\u00edtj\u00e1k a term\u00e9szetet.\n<\/div>\n","protected":false},"author":25,"featured_media":2897,"comment_status":"closed","ping_status":"open","sticky":false,"template":"","format":"standard","meta":{"ep_exclude_from_search":false,"p4_og_title":"","p4_og_description":"","p4_og_image":"","p4_og_image_id":"","p4_seo_canonical_url":"","p4_campaign_name":"","p4_local_project":"","p4_basket_name":"","p4_department":"","footnotes":""},"categories":[3],"tags":[35],"p4-page-type":[36],"class_list":["post-1226","post","type-post","status-publish","format-standard","has-post-thumbnail","hentry","category-termeszet-kornyezet","tag-okogazdalkodas","p4-page-type-kiadvany"],"_links":{"self":[{"href":"https:\/\/www.greenpeace.org\/hungary\/wp-json\/wp\/v2\/posts\/1226","targetHints":{"allow":["GET"]}}],"collection":[{"href":"https:\/\/www.greenpeace.org\/hungary\/wp-json\/wp\/v2\/posts"}],"about":[{"href":"https:\/\/www.greenpeace.org\/hungary\/wp-json\/wp\/v2\/types\/post"}],"author":[{"embeddable":true,"href":"https:\/\/www.greenpeace.org\/hungary\/wp-json\/wp\/v2\/users\/25"}],"replies":[{"embeddable":true,"href":"https:\/\/www.greenpeace.org\/hungary\/wp-json\/wp\/v2\/comments?post=1226"}],"version-history":[{"count":5,"href":"https:\/\/www.greenpeace.org\/hungary\/wp-json\/wp\/v2\/posts\/1226\/revisions"}],"predecessor-version":[{"id":5766,"href":"https:\/\/www.greenpeace.org\/hungary\/wp-json\/wp\/v2\/posts\/1226\/revisions\/5766"}],"wp:featuredmedia":[{"embeddable":true,"href":"https:\/\/www.greenpeace.org\/hungary\/wp-json\/wp\/v2\/media\/2897"}],"wp:attachment":[{"href":"https:\/\/www.greenpeace.org\/hungary\/wp-json\/wp\/v2\/media?parent=1226"}],"wp:term":[{"taxonomy":"category","embeddable":true,"href":"https:\/\/www.greenpeace.org\/hungary\/wp-json\/wp\/v2\/categories?post=1226"},{"taxonomy":"post_tag","embeddable":true,"href":"https:\/\/www.greenpeace.org\/hungary\/wp-json\/wp\/v2\/tags?post=1226"},{"taxonomy":"p4-page-type","embeddable":true,"href":"https:\/\/www.greenpeace.org\/hungary\/wp-json\/wp\/v2\/p4-page-type?post=1226"}],"curies":[{"name":"wp","href":"https:\/\/api.w.org\/{rel}","templated":true}]}}