{"id":12456,"date":"2025-08-12T09:00:00","date_gmt":"2025-08-12T07:00:00","guid":{"rendered":"https:\/\/www.greenpeace.org\/hungary\/?p=12456"},"modified":"2025-09-03T14:02:24","modified_gmt":"2025-09-03T12:02:24","slug":"sulyos-klima-es-egeszsegkarosito-metankibocsatas-folyik-a-bekes-varmegyei-palagazmezon","status":"publish","type":"post","link":"https:\/\/www.greenpeace.org\/hungary\/sajtokozlemeny\/12456\/sulyos-klima-es-egeszsegkarosito-metankibocsatas-folyik-a-bekes-varmegyei-palagazmezon\/","title":{"rendered":"S\u00falyos kl\u00edma- \u00e9s eg\u00e9szs\u00e9gk\u00e1ros\u00edt\u00f3 met\u00e1nkibocs\u00e1t\u00e1s folyik a B\u00e9k\u00e9s v\u00e1rmegyei palag\u00e1zmez\u0151n"},"content":{"rendered":"\n<p><strong>A Greenpeace \u00e9s a Magyar Term\u00e9szetv\u00e9d\u0151k Sz\u00f6vets\u00e9ge (MTVSZ) legut\u00f3bbi vizsg\u00e1latai \u2013 amelyeket a Clean Air Task Force (CATF) egyik szak\u00e9rt\u0151j\u00e9nek k\u00f6zrem\u0171k\u00f6d\u00e9s\u00e9vel v\u00e9geztek \u2013 s\u00falyos \u00e9s rendszerszint\u0171 met\u00e1nkibocs\u00e1t\u00e1sra, valamint l\u00e1tsz\u00f3lag rendszeres f\u00e1kly\u00e1z\u00e1sra der\u00edtettek f\u00e9nyt a B\u00e9k\u00e9s v\u00e1rmegyei Ny\u00e9kpusztai g\u00e1zmez\u0151n. Ezek a gyakorlatok nemcsak a k\u00f6rnyezetre \u00e9s az emberi eg\u00e9szs\u00e9gre n\u00e9zve k\u00e1rosak, hanem ellent\u00e9tesek lehetnek az \u00faj uni\u00f3s met\u00e1nrendelet k\u00f6vetelm\u00e9nyeivel is. Az (EU) 2024\/1787 rendelet 15. cikk\u00e9nek (8) bekezd\u00e9se szerint az \u00fczemeltet\u0151knek halad\u00e9ktalanul, de legk\u00e9s\u0151bb 2026. febru\u00e1r 5-ig (a megl\u00e9v\u0151 l\u00e9tes\u00edtm\u00e9nyek eset\u00e9n), illetve az \u00faj l\u00e9tes\u00edtm\u00e9nyekn\u00e9l a m\u0171k\u00f6d\u00e9s megkezd\u00e9s\u00e9t\u0151l sz\u00e1m\u00edtott 12 h\u00f3napon bel\u00fcl meg kell felelni\u00fck a kibocs\u00e1t\u00e1s \u00e9s f\u00e1kly\u00e1z\u00e1s korl\u00e1toz\u00e1saira vonatkoz\u00f3 el\u0151\u00edr\u00e1soknak. Amennyiben a rendszeres f\u00e1kly\u00e1z\u00e1s ezen hat\u00e1rid\u0151k ut\u00e1n is folytat\u00f3dik, az a rendelet megs\u00e9rt\u00e9s\u00e9nek min\u0151s\u00fcl.<\/strong><\/p>\n\n<p>A Clean Air Task Force munkat\u00e1rsai <a href=\"https:\/\/www.greenpeace.org\/hungary\/sajtokozlemeny\/11339\/rakkelto-anyagot-talalt-a-levegoben-a-greenpeace-a-nyekpusztai-fracking-gazmezon\/\">a tavalyi \u00e9vhez hasonl\u00f3an<\/a> ism\u00e9t megvizsg\u00e1lt\u00e1k a ny\u00e9kpusztai g\u00e1zmez\u0151t. A nemzetk\u00f6zi szervezet speci\u00e1lis, optikai g\u00e1zkamer\u00e1val v\u00e9gzett terepi vizsg\u00e1lata sor\u00e1n a kl\u00edmav\u00e1ls\u00e1got s\u00falyosan fokoz\u00f3 met\u00e1n jelent\u0151s kibocs\u00e1t\u00e1s\u00e1t dokument\u00e1lt\u00e1k t\u00f6bb ponton is.<\/p>\n\n<figure class=\"wp-block-image aligncenter size-full\"><img loading=\"lazy\" decoding=\"async\" width=\"640\" height=\"480\" src=\"https:\/\/www.greenpeace.org\/static\/planet4-hungary-stateless\/2025\/08\/d2791b63-gphu-metan-sajto-20250812-1.jpg\" alt=\"\" class=\"wp-image-12457\" srcset=\"https:\/\/www.greenpeace.org\/static\/planet4-hungary-stateless\/2025\/08\/d2791b63-gphu-metan-sajto-20250812-1.jpg 640w, https:\/\/www.greenpeace.org\/static\/planet4-hungary-stateless\/2025\/08\/d2791b63-gphu-metan-sajto-20250812-1-300x225.jpg 300w, https:\/\/www.greenpeace.org\/static\/planet4-hungary-stateless\/2025\/08\/d2791b63-gphu-metan-sajto-20250812-1-453x340.jpg 453w\" sizes=\"auto, (max-width: 640px) 100vw, 640px\" \/><figcaption class=\"wp-element-caption\">Folyamatos, rendszerszint\u0171 met\u00e1nkibocs\u00e1t\u00e1s az \u00fczem egyik k\u00f6zponti lefuvat\u00f3 k\u00e9m\u00e9ny\u00e9n kereszt\u00fcl. Fot\u00f3: Th\u00e9ophile Humann-Guilleminot, CATF<\/figcaption><\/figure>\n\n<figure class=\"wp-block-image aligncenter size-full\"><img loading=\"lazy\" decoding=\"async\" width=\"640\" height=\"480\" src=\"https:\/\/www.greenpeace.org\/static\/planet4-hungary-stateless\/2025\/08\/0f2c9050-gphu-metan-sajto-20250812-3.jpg\" alt=\"\" class=\"wp-image-12459\" srcset=\"https:\/\/www.greenpeace.org\/static\/planet4-hungary-stateless\/2025\/08\/0f2c9050-gphu-metan-sajto-20250812-3.jpg 640w, https:\/\/www.greenpeace.org\/static\/planet4-hungary-stateless\/2025\/08\/0f2c9050-gphu-metan-sajto-20250812-3-300x225.jpg 300w, https:\/\/www.greenpeace.org\/static\/planet4-hungary-stateless\/2025\/08\/0f2c9050-gphu-metan-sajto-20250812-3-453x340.jpg 453w\" sizes=\"auto, (max-width: 640px) 100vw, 640px\" \/><figcaption class=\"wp-element-caption\">Nyersolaj-t\u00e1rol\u00f3 tart\u00e1ly szint\u00e9n jelent\u0151s \u00e9s \u00e1lland\u00f3 kibocs\u00e1t\u00e1ssal. Fot\u00f3: Th\u00e9ophile Humann-Guilleminot, CATF<\/figcaption><\/figure>\n\n<figure class=\"wp-block-image aligncenter size-full\"><img loading=\"lazy\" decoding=\"async\" width=\"640\" height=\"480\" src=\"https:\/\/www.greenpeace.org\/static\/planet4-hungary-stateless\/2025\/08\/1332652b-gphu-metan-sajto-20250812-2.jpg\" alt=\"\" class=\"wp-image-12458\" srcset=\"https:\/\/www.greenpeace.org\/static\/planet4-hungary-stateless\/2025\/08\/1332652b-gphu-metan-sajto-20250812-2.jpg 640w, https:\/\/www.greenpeace.org\/static\/planet4-hungary-stateless\/2025\/08\/1332652b-gphu-metan-sajto-20250812-2-300x225.jpg 300w, https:\/\/www.greenpeace.org\/static\/planet4-hungary-stateless\/2025\/08\/1332652b-gphu-metan-sajto-20250812-2-453x340.jpg 453w\" sizes=\"auto, (max-width: 640px) 100vw, 640px\" \/><figcaption class=\"wp-element-caption\">H\u00e9t szepar\u00e1tortart\u00e1lyb\u00f3l is folyamatosan rendszerszint\u0171 met\u00e1nkibocs\u00e1t\u00e1st m\u00e9rt\u00fcnk. Fot\u00f3: Th\u00e9ophile Humann-Guilleminot, CATF<\/figcaption><\/figure>\n\n<p>A helysz\u00ednen k\u00e9t f\u00e1klya is m\u0171k\u00f6d\u00f6tt folyamatosan, az egyikn\u00e9l hi\u00e1nyos \u00e9g\u00e9st is \u00e9szleltek (vide\u00f3k <a href=\"https:\/\/drive.google.com\/drive\/folders\/1mYpGcsk_JEeN6eTkreBYDWS2QxUx8Hba?usp=drive_link\">itt el\u00e9rhet\u0151ek<\/a>).<\/p>\n\n<p><em>\u201eA felv\u00e9telek azt mutatj\u00e1k, hogy ezek nem v\u00e9letlenszer\u0171 vagy \u00e1tmeneti kibocs\u00e1t\u00e1sok, hanem tart\u00f3s \u00e9s rendszerszint\u0171 k\u00f6rnyezetszennyez\u00e9s, amely \u2013 ha 2026. febru\u00e1r 5. ut\u00e1n is folytat\u00f3dik \u2013 megs\u00e9rtheti az uni\u00f3s met\u00e1nrendeletet\u201d<\/em> \u2013 mondta M\u00e1ty\u00e1s Eszter, a Greenpeace region\u00e1lis energiakamp\u00e1nyosa. <em>\u201eAmint azt az EU met\u00e1nrendelete is hangs\u00falyozza, a met\u00e1n a felsz\u00ednk\u00f6zeli \u00f3zon egyik f\u0151 el\u0151anyaga, \u00edgy nemcsak a kl\u00edmav\u00e1ltoz\u00e1shoz j\u00e1rul hozz\u00e1, hanem az emberi eg\u00e9szs\u00e9get k\u00e1ros\u00edt\u00f3 l\u00e9gszennyez\u00e9st is fokozza. Az \u00fczemeltet\u0151knek halad\u00e9ktalanul meg kell felelni\u00fck az el\u0151\u00edr\u00e1soknak, mivel a rendelet teljes k\u00f6r\u0171 betart\u00e1s\u00e1t 2026. febru\u00e1r 5-ig k\u00f6veteli meg \u2013 ugyanakkor a kell\u0151 gondoss\u00e1g enn\u00e9l kor\u00e1bbi int\u00e9zked\u00e9seket is sz\u00fcks\u00e9gess\u00e9 tesz.\u201d<\/em><\/p>\n\n<p><em>\u201eAz EU-s szab\u00e1lyoz\u00e1s m\u00e1r hat\u00e1lyban van, de az igazi munka csak most kezd\u0151dik. A magyar illet\u00e9kes hat\u00f3s\u00e1gnak el kell kezdenie a t\u00f6rv\u00e9ny v\u00e9grehajt\u00e1s\u00e1t, hogy val\u00f3di kibocs\u00e1t\u00e1scs\u00f6kkent\u00e9st \u00e9rjen el, mind az emberek, mind az \u00e9ghajlat \u00e9rdek\u00e9ben. A Clean Air Task Force vil\u00e1gszerte t\u00f6bb mint 1550 met\u00e1nforr\u00e1st azonos\u00edtott t\u00f6bb mint 550 helysz\u00ednen, t\u00f6bb mint 750 terepl\u00e1togat\u00e1s sor\u00e1n. Pontosan ezek azok a helysz\u00ednek, ahol a v\u00e9grehajt\u00e1snak biztos\u00edtania kell, hogy csak minim\u00e1lis kibocs\u00e1t\u00e1s maradjon. Puszt\u00e1n pap\u00edron l\u00e9tez\u0151 tervekkel nem fogunk met\u00e1n-kibocs\u00e1t\u00e1st cs\u00f6kkenteni\u201d<\/em> \u2013 hangs\u00falyozta Th\u00e9ophile Humann-Guilleminot, a Clean Air Task Force vezet\u0151 kamp\u00e1nymenedzsere.<\/p>\n\n<h3 class=\"wp-block-heading\">Az EU met\u00e1nrendelete vil\u00e1gos: tilos a rutin f\u00e1kly\u00e1z\u00e1s \u00e9s ventill\u00e1ci\u00f3<\/h3>\n\n<p>Az \u00faj uni\u00f3s met\u00e1nrendelet (EU Met\u00e1nrendelet, 15. cikk), 2026 febru\u00e1rj\u00e1t\u00f3l egy\u00e9rtelm\u0171en megtiltja a met\u00e1n rutinszer\u0171 f\u00e1kly\u00e1z\u00e1s\u00e1t \u00e9s kibocs\u00e1t\u00e1s\u00e1t a f\u00f6ldg\u00e1zkitermel\u00e9s sor\u00e1n, \u00e9s csak kiv\u00e9teles \u2013 v\u00e9szhelyzet vagy meghib\u00e1sod\u00e1s miatti \u2013 esetekben enged\u00e9lyezi azt. Az EU Met\u00e1nrendelet szerint az \u00fczemeltet\u0151knek halad\u00e9ktalanul meg kell felelni\u00fck az el\u0151\u00edr\u00e1soknak (vagyis 2026. febru\u00e1r 5. a legk\u00e9s\u0151bbi hat\u00e1rid\u0151 a megfelel\u00e9sre, de a kell\u0151 gondoss\u00e1g elve kor\u00e1bbi int\u00e9zked\u00e9seket indokol). A CATF m\u00e9r\u00e9sei ez\u00e9rt nemcsak k\u00f6rnyezetv\u00e9delmi, hanem jogi szempontb\u00f3l is aggodalomra adnak okot: a f\u00f6ldg\u00e1zmez\u0151 m\u0171k\u00f6d\u00e9se \u2013 amelyben egy magyar \u00e1llami tulajdon\u00fa v\u00e1llalat is r\u00e9szesed\u00e9ssel b\u00edr \u2013 jelenleg ak\u00e1r az uni\u00f3s jog megs\u00e9rt\u00e9s\u00e9t is jelentheti. Ennek ellen\u00e9re a f\u00e1kly\u00e1z\u00e1s tov\u00e1bbra is folytat\u00f3dik: a jelens\u00e9gr\u0151l helyi lakosokt\u00f3l is \u00e9rkeztek bejelent\u00e9sek, \u00e9s az \u00e9rintett szervezetek szak\u00e9rt\u0151i is t\u00f6bb alkalommal megfigyelt\u00e9k azt a helysz\u00edni l\u00e1togat\u00e1saik sor\u00e1n.<\/p>\n\n<p><em>\u201eA Greenpeace r\u00e9g\u00f3ta hangs\u00falyozza, hogy a met\u00e1nkibocs\u00e1t\u00e1s cs\u00f6kkent\u00e9se kulcsfontoss\u00e1g\u00fa a kl\u00edmav\u00e1ls\u00e1g megf\u00e9kez\u00e9s\u00e9ben. A ny\u00e9kpusztai g\u00e1zmez\u0151n v\u00e9gzett m\u00e9r\u00e9sek eredm\u00e9nyei vil\u00e1gosan jelzik, hogy a tart\u00f3s \u00e9s jelent\u0151s met\u00e1nkibocs\u00e1t\u00e1s nemcsak s\u00falyosan \u00e1rt az \u00e9ghajlatnak \u00e9s az emberi eg\u00e9szs\u00e9gnek, hanem s\u00e9rti az EU met\u00e1nrendelet\u00e9t. A rutin f\u00e1kly\u00e1z\u00e1s tilalm\u00e1nak szigor\u00fa betart\u00e1sa elengedhetetlen a k\u00f6rnyezeti k\u00e1rok minimaliz\u00e1l\u00e1s\u00e1hoz, ez\u00e9rt k\u00f6vetelj\u00fck a hat\u00f3s\u00e1gok azonnali \u00e9s hat\u00e9kony int\u00e9zked\u00e9seit\u201d<\/em> \u2013 tette hozz\u00e1 M\u00e1ty\u00e1s Eszter.<\/p>\n\n<p>A Greenpeace ez\u00e9rt bejelent\u00e9st tett a Szab\u00e1lyozott Tev\u00e9kenys\u00e9gek Fel\u00fcgyeleti Hat\u00f3s\u00e1g\u00e1hoz &nbsp;(SZTFH), k\u00e9rve a folyamatos f\u00e1kly\u00e1z\u00e1s kivizsg\u00e1l\u00e1s\u00e1t a helysz\u00edni m\u00e9r\u00e9sek alapj\u00e1n. Az Eur\u00f3pai Parlament \u00e9s a Tan\u00e1cs (EU) 2024\/1787 rendelete egy\u00e9rtelm\u0171v\u00e9 teszi: \u201etilos a rutinszer\u0171 f\u00e1kly\u00e1z\u00e1s\u201d, arra kiz\u00e1r\u00f3lag v\u00e9szhelyzet vagy \u00fczemzavar eset\u00e9n ker\u00fclhet sor. A rendszeres f\u00e1kly\u00e1z\u00e1s teh\u00e1t nemcsak jogs\u00e9rt\u0151 lehet, hanem s\u00falyos biztons\u00e1gi kock\u00e1zatot is felvet.<\/p>\n\n<p>A <a href=\"https:\/\/www.worldbank.org\/en\/programs\/gasflaringreduction\/global-flaring-data\">Vil\u00e1gbank friss adatai<\/a> alapj\u00e1n 2024-ben a Corvinus g\u00e1zprojekt lett a legpazarl\u00f3bb f\u00e1kly\u00e1z\u00e1si tev\u00e9kenys\u00e9g Magyarorsz\u00e1gon: a Ny\u00e9kpuszt\u00e1n elf\u00e1kly\u00e1zott 36,5 milli\u00f3 k\u00f6bm\u00e9ter az \u00f6sszes hazai f\u00e1kly\u00e1z\u00e1s 62%-a volt az energiaszektorban.<\/p>\n\n<p><em>\u201eA Vil\u00e1gbanknak jelentett adatok alapj\u00e1n tavaly a b\u00e9k\u00e9si Ny\u00e9kpuszt\u00e1n kitermelt g\u00e1z k\u00f6zel fel\u00e9t (!) k\u00f6rnyezetszennyez\u0151 m\u00f3don elpazarolt\u00e1k. Egy \u00e9ve hat\u00e1lyos az uni\u00f3s met\u00e1nrendelet, m\u00e9gis megdupl\u00e1z\u00f3dott az elf\u00e1kly\u00e1zott g\u00e1zmennyis\u00e9g. Az MTVSZ a fosszilis Corvinus-projektet annak kezdete \u00f3ta nyomon k\u00f6veti, legut\u00f3bb k\u00f6z\u00e9rdek\u0171 adatig\u00e9nyl\u00e9st, k\u00e9rd\u00e9seket ny\u00fajtottunk be a met\u00e1nrendelet betartat\u00e1s\u00e1\u00e9rt felel\u0151s nemzeti b\u00e1nyahat\u00f3s\u00e1ghoz\u201d<\/em> \u2013 mondta Bot\u00e1r Alexa, az MTVSZ programigazgat\u00f3ja.<\/p>\n\n<h3 class=\"wp-block-heading\">Fracking: nemcsak k\u00f6rnyezetszennyez\u0151, de \u00e9rtelmetlen is<\/h3>\n\n<p>A ny\u00e9kpusztai g\u00e1zmez\u0151n alkalmazott r\u00e9tegrepeszt\u00e9ses technol\u00f3gia (fracking) az egyik legvitatottabb fossziliskitermel\u00e9si m\u00f3dszer vil\u00e1gszerte. Az elj\u00e1r\u00e1s:<\/p>\n\n<ul class=\"wp-block-list\">\n<li>szennyezheti a talajvizet \u00e9s vesz\u00e9lyeztetheti az iv\u00f3v\u00edzb\u00e1zisokat,<\/li>\n\n\n\n<li>nem cs\u00f6kkenti \u00e9rdemben Magyarorsz\u00e1g energiaf\u00fcgg\u0151s\u00e9g\u00e9t vagy energiak\u00f6lts\u00e9geit,<\/li>\n\n\n\n<li>viszont jelent\u0151s k\u00f6zp\u00e9nzeket em\u00e9szt fel ahelyett, hogy val\u00f3di kl\u00edmav\u00e9delmi c\u00e9lokat szolg\u00e1lna.<\/li>\n<\/ul>\n\n<p>A szervezetek \u00e1ll\u00e1spontja egy\u00e9rtelm\u0171: a fracking agressz\u00edv, dr\u00e1ga, kock\u00e1zatos \u00e9s t\u00e1rsadalmi, k\u00f6rnyezetv\u00e9delmi szempontb\u00f3l k\u00e1ros technol\u00f3gia, amelynek haszn\u00e1lat\u00e1t azonnal be kell tiltani Magyarorsz\u00e1gon. A Greenpeace \u00e9s az MTVSZ szorgalmazza az EU met\u00e1nrendelet\u00e9nek teljes k\u00f6r\u0171 betartat\u00e1s\u00e1t, k\u00fcl\u00f6n\u00f6s tekintettel az olaj- \u00e9s g\u00e1zipari met\u00e1nkibocs\u00e1t\u00e1sok m\u00e9r\u00e9s\u00e9re, jelent\u00e9s\u00e9re \u00e9s cs\u00f6kkent\u00e9s\u00e9re vonatkoz\u00f3 el\u0151\u00edr\u00e1sokra. A Greenpeace \u00e9s az MTVSZ elv\u00e1rja, hogy a magyar hat\u00f3s\u00e1gok szigor\u00fa ellen\u0151rz\u00e9si \u00e9s szankcion\u00e1l\u00e1si rendszert dolgozzanak ki \u00e9s m\u0171k\u00f6dtessenek a szab\u00e1lyszeg\u00e9sek megel\u0151z\u00e9s\u00e9re \u00e9s szankcion\u00e1l\u00e1s\u00e1ra.<\/p>\n\n<p>A szakmai szervezetek szerint a palag\u00e1zmez\u0151 m\u0171k\u00f6d\u00e9se nemcsak k\u00f6rnyezetpuszt\u00edt\u00f3, hanem egyel\u0151re jogilag is probl\u00e9m\u00e1s. Ahelyett, hogy \u00fajabb fosszilis beruh\u00e1z\u00e1sokat t\u00e1mogatna, a magyar \u00e1llamnak a meg\u00fajul\u00f3 energi\u00e1kra, az energiahat\u00e9konys\u00e1gra \u00e9s az \u00e9lhet\u0151bb, eg\u00e9szs\u00e9gesebb j\u00f6v\u0151re kellene koncentr\u00e1lnia.<\/p>\n\n<p><em>A sz\u00f6veget 2025.09.01-\u00e9n a Clean Air Task Force k\u00e9r\u00e9s\u00e9re m\u00f3dos\u00edtottuk.\u00a0<\/em><\/p>\n\t\t\t<section\n\t\t\tclass=\"boxout post-11386 \"\n\t\t\t\n\t\t>\n\t\t\t<a\n\t\t\t\tdata-ga-category=\"Take Action Boxout\"\n\t\t\t\tdata-ga-action=\"Image\"\n\t\t\t\tdata-ga-label=\"n\/a\"\n\t\t\t\tclass=\"cover-card-overlay\"\n\t\t\t\thref=\"https:\/\/www.greenpeace.org\/hungary\/cselekedj\/tiltsak-be-a-frackinget-magyarorszagon-is\/\" \n\t\t\t><\/a>\n\t\t\t\t\t\t\t<img\n\t\t\t\t\t\tsrc=\"https:\/\/www.greenpeace.org\/static\/planet4-hungary-stateless\/2024\/12\/ec68840a-dji_0023_1920-1024x575.jpg\"\n\t\t\t\t\t\tsrcset=\"https:\/\/www.greenpeace.org\/static\/planet4-hungary-stateless\/2024\/12\/ec68840a-dji_0023_1920-300x169.jpg 300w, https:\/\/www.greenpeace.org\/static\/planet4-hungary-stateless\/2024\/12\/ec68840a-dji_0023_1920-1024x575.jpg 1024w, https:\/\/www.greenpeace.org\/static\/planet4-hungary-stateless\/2024\/12\/ec68840a-dji_0023_1920-768x432.jpg 768w, https:\/\/www.greenpeace.org\/static\/planet4-hungary-stateless\/2024\/12\/ec68840a-dji_0023_1920-1536x863.jpg 1536w, https:\/\/www.greenpeace.org\/static\/planet4-hungary-stateless\/2024\/12\/ec68840a-dji_0023_1920-510x287.jpg 510w, https:\/\/www.greenpeace.org\/static\/planet4-hungary-stateless\/2024\/12\/ec68840a-dji_0023_1920.jpg 1920w\"\n\t\t\t\t\t\tsizes=\"(min-width: 1000px) 358px, (min-width: 780px) 313px, 88px\"\n\t\t\t\t\t\talt=\"Tilts\u00e1k be a frackinget Magyarorsz\u00e1gon is!\" title=\"Tilts\u00e1k be a frackinget Magyarorsz\u00e1gon is!\"\n\t\t\t\t\/>\n            \t\t\t<div class=\"boxout-content\">\n\t\t\t\t\t\t\t\t\t<a\n\t\t\t\t\t\tclass=\"boxout-heading medium\"\n\t\t\t\t\t\tdata-ga-category=\"Take Action Boxout\"\n\t\t\t\t\t\tdata-ga-action=\"Title\"\n\t\t\t\t\t\tdata-ga-label=\"n\/a\"\n\t\t\t\t\t\thref=\"https:\/\/www.greenpeace.org\/hungary\/cselekedj\/tiltsak-be-a-frackinget-magyarorszagon-is\/\"\n\t\t\t\t\t\t\n\t\t\t\t\t>\n\t\t\t\t\t\tTilts\u00e1k be a frackinget Magyarorsz\u00e1gon is!\n\t\t\t\t\t<\/a>\n\t\t\t\t\t\t\t\t\t\t\t\t\t<p class=\"boxout-excerpt\">Cselekedj most, ne hagyd, hogy elf\u00farj\u00e1k a j\u00f6v\u0151nket. \u00cdrd al\u00e1 a pet\u00edci\u00f3t!<\/p>\n\t\t\t\t                                    <a\n                        class=\"btn btn-primary\"\n                        data-ga-category=\"Take Action Boxout\"\n                        data-ga-action=\"Call to Action\"\n                        data-ga-label=\"n\/a\"\n                        href=\"https:\/\/www.greenpeace.org\/hungary\/cselekedj\/tiltsak-be-a-frackinget-magyarorszagon-is\/\"\n                        \n                    >\n                        Cselekszem\n                    <\/a>\n                \t\t\t<\/div>\n\t\t\t\t\t<\/section>\n\t\n<hr class=\"wp-block-separator has-alpha-channel-opacity\"\/>\n\n<h3 class=\"wp-block-heading\">H\u00e1tt\u00e9rinform\u00e1ci\u00f3k<\/h3>\n\n<p>Az optikai g\u00e1zkamer\u00e1val v\u00e9gzett vizsg\u00e1latokat <a href=\"https:\/\/www.catf.us\/experts\/theophile-humann-guilleminot\/\">Th\u00e9ophile Humann-Guilleminot<\/a>, a CATF kamp\u00e1nymenedzsere <a href=\"https:\/\/www.flir.eu\/support\/products\/gf320\/#Overview\">FLIR GF320<\/a> kamer\u00e1val v\u00e9gezte 2025. j\u00falius 1-j\u00e9n \u00e9s 2-\u00e1n.<\/p>\n\n<p><strong>Greenpeace Magyarorsz\u00e1g:<\/strong> Az Alf\u00f6ld\u00f6n egyre s\u00falyosabb a kl\u00edmav\u00e1ls\u00e1g okozta kisz\u00e1rad\u00e1s, mik\u00f6zben a magyar \u00e1llam k\u00f6zp\u00e9nzmilli\u00e1rdokat ford\u00edt a k\u00f6rnyezet- \u00e9s eg\u00e9szs\u00e9gk\u00e1ros\u00edt\u00f3 r\u00e9tegrepeszt\u00e9ses (fracking) f\u00f6ldg\u00e1zkitermel\u00e9sre ahelyett, hogy az \u00e9rintett t\u00e9rs\u00e9gek alkalmazkod\u00e1s\u00e1t t\u00e1mogatn\u00e1. A Greenpeace <a href=\"https:\/\/sites.greenpeace.hu\/peticio\/fracking\/\">pet\u00edci\u00f3ban k\u00f6veteli a fracking betilt\u00e1s\u00e1t<\/a>, hiszen a technol\u00f3gia t\u00f6bb sz\u00e1z vegyi anyag (k\u00f6zt\u00fck r\u00e1kkelt\u0151 benzol \u00e9s formaldehid) haszn\u00e1lat\u00e1val j\u00e1r, mik\u00f6zben s\u00falyosan vesz\u00e9lyezteti a v\u00edzk\u00e9szleteket \u00e9s fokozza a met\u00e1nkibocs\u00e1t\u00e1st. A Greenpeace r\u00e9szletes \u00e1ll\u00e1sfoglal\u00e1sa <a href=\"https:\/\/www.greenpeace.org\/hungary\/cikkek\/11330\/miert-kell-a-frackinget-magyarorszagon-is-betiltani-a-greenpeace-reszletes-allasfoglalasa\/\">itt \u00e9rhet\u0151 el<\/a>.<\/p>\n\n<p><strong>MTVSZ:<\/strong> Tov\u00e1bbra is a m\u00e1sodfok\u00fa k\u00f6rnyezetv\u00e9delmi hat\u00f3s\u00e1g el\u0151tt van a Sarkad t\u00e9rs\u00e9g\u00e9ben n\u00e9h\u00e1ny \u00e9ve m\u0171k\u00f6d\u0151 palag\u00e1zkitermel\u00e9s \u00e9s g\u00e1z\u00fczem nagyl\u00e9pt\u00e9k\u0171 b\u0151v\u00edt\u00e9s\u00e9nek enged\u00e9lyez\u00e9se. Az MTVSZ 2025 janu\u00e1rj\u00e1ban beny\u00fajtott fellebbez\u00e9se kapcs\u00e1n m\u00e9g nem d\u00f6nt\u00f6tt a k\u00f6rnyezeti hat\u00f3s\u00e1gi \u00fcgyek\u00e9rt felel\u0151s helyettes \u00e1llamtitk\u00e1r. A Sz\u00f6vets\u00e9g szerint a B\u00e9k\u00e9s V\u00e1rmegyei Korm\u00e1nyhivatal \u00e1ltal kiadott enged\u00e9ly megalapozatlan \u00e9s alkalmatlan arra, hogy a helyi lakoss\u00e1got, gazd\u00e1kat \u00e9rint\u0151 vesz\u00e9lyeket, k\u00e1ros hat\u00e1sokat elh\u00e1r\u00edtsa; a szervezet a d\u00f6nt\u00e9s megsemmis\u00edt\u00e9s\u00e9t k\u00e9rte a janu\u00e1ri fellebbez\u00e9s\u00e9ben. A civil szervezet szerint az \u00e9ghajlatrombol\u00f3, v\u00edzig\u00e9nyes palag\u00e1z-beruh\u00e1z\u00e1s \u00e1rtalmass\u00e1ga magas kock\u00e1zat\u00fa a helyi gazd\u00e1lkod\u00e1sra \u00e9s k\u00f6rnyezetre, a helyiek eg\u00e9szs\u00e9g\u00e9re, az egyre asz\u00e1lyosabb \u00e9s s\u00e9r\u00fcl\u00e9keny alf\u00f6ldi ter\u00fcleten. B\u0151vebben: <a href=\"http:\/\/www.mtvsz.hu\/palagaz\">www.mtvsz.hu\/palagaz<\/a><\/p>\n","protected":false},"excerpt":{"rendered":"<p>A Greenpeace \u00e9s a Magyar Term\u00e9szetv\u00e9d\u0151k Sz\u00f6vets\u00e9ge legfrissebb vizsg\u00e1latai s\u00falyos \u00e9s rendszerszint\u0171 met\u00e1nkibocs\u00e1t\u00e1st, valamint rutinszer\u0171 f\u00e1kly\u00e1z\u00e1st t\u00e1rtak fel a B\u00e9k\u00e9s v\u00e1rmegy\u00e9ben m\u0171k\u00f6d\u0151 ny\u00e9kpusztai g\u00e1zmez\u0151n.<\/p>\n","protected":false},"author":25,"featured_media":12457,"comment_status":"closed","ping_status":"closed","sticky":false,"template":"","format":"standard","meta":{"ep_exclude_from_search":false,"p4_og_title":"","p4_og_description":"","p4_og_image":"","p4_og_image_id":"","p4_seo_canonical_url":"","p4_campaign_name":"","p4_local_project":"","p4_basket_name":"","p4_department":"","footnotes":""},"categories":[2],"tags":[24,26],"p4-page-type":[37],"class_list":["post-12456","post","type-post","status-publish","format-standard","has-post-thumbnail","hentry","category-klima-energia","tag-szennyezes","tag-fosszilis","p4-page-type-sajtokozlemeny"],"_links":{"self":[{"href":"https:\/\/www.greenpeace.org\/hungary\/wp-json\/wp\/v2\/posts\/12456","targetHints":{"allow":["GET"]}}],"collection":[{"href":"https:\/\/www.greenpeace.org\/hungary\/wp-json\/wp\/v2\/posts"}],"about":[{"href":"https:\/\/www.greenpeace.org\/hungary\/wp-json\/wp\/v2\/types\/post"}],"author":[{"embeddable":true,"href":"https:\/\/www.greenpeace.org\/hungary\/wp-json\/wp\/v2\/users\/25"}],"replies":[{"embeddable":true,"href":"https:\/\/www.greenpeace.org\/hungary\/wp-json\/wp\/v2\/comments?post=12456"}],"version-history":[{"count":2,"href":"https:\/\/www.greenpeace.org\/hungary\/wp-json\/wp\/v2\/posts\/12456\/revisions"}],"predecessor-version":[{"id":12523,"href":"https:\/\/www.greenpeace.org\/hungary\/wp-json\/wp\/v2\/posts\/12456\/revisions\/12523"}],"wp:featuredmedia":[{"embeddable":true,"href":"https:\/\/www.greenpeace.org\/hungary\/wp-json\/wp\/v2\/media\/12457"}],"wp:attachment":[{"href":"https:\/\/www.greenpeace.org\/hungary\/wp-json\/wp\/v2\/media?parent=12456"}],"wp:term":[{"taxonomy":"category","embeddable":true,"href":"https:\/\/www.greenpeace.org\/hungary\/wp-json\/wp\/v2\/categories?post=12456"},{"taxonomy":"post_tag","embeddable":true,"href":"https:\/\/www.greenpeace.org\/hungary\/wp-json\/wp\/v2\/tags?post=12456"},{"taxonomy":"p4-page-type","embeddable":true,"href":"https:\/\/www.greenpeace.org\/hungary\/wp-json\/wp\/v2\/p4-page-type?post=12456"}],"curies":[{"name":"wp","href":"https:\/\/api.w.org\/{rel}","templated":true}]}}