{"id":12532,"date":"2025-09-10T11:19:43","date_gmt":"2025-09-10T09:19:43","guid":{"rendered":"https:\/\/www.greenpeace.org\/hungary\/?p=12532"},"modified":"2025-09-10T11:21:05","modified_gmt":"2025-09-10T09:21:05","slug":"harmadfokon-is-felmentette-a-birosag-udvaros-dorottyat-es-a-greenpeace-aktivistait","status":"publish","type":"post","link":"https:\/\/www.greenpeace.org\/hungary\/sajtokozlemeny\/12532\/harmadfokon-is-felmentette-a-birosag-udvaros-dorottyat-es-a-greenpeace-aktivistait\/","title":{"rendered":"Harmadfokon is felmentette a b\u00edr\u00f3s\u00e1g Udvaros Dorotty\u00e1t \u00e9s a Greenpeace aktivist\u00e1it"},"content":{"rendered":"\n<p><strong>Harmadfokon, joger\u0151sen is felmentette a Gy\u0151ri \u00cdt\u00e9l\u0151t\u00e1bla Udvaros Dorotty\u00e1t \u00e9s a Greenpeace aktivist\u00e1it a b\u0171ncselekm\u00e9ny v\u00e1dja al\u00f3l, \u00edgy lez\u00e1rult a n\u00e9gy \u00e9ve tart\u00f3 peresked\u00e9s a Fert\u0151 tavi fecskement\u0151 akci\u00f3 miatt. A Nemzet Sz\u00edn\u00e9sz\u00e9nek \u00e9s az aktivist\u00e1knak az\u00e9rt kellett \u00e9vek \u00f3ta b\u00edr\u00f3s\u00e1gra j\u00e1rniuk, mert a haz\u00e1nkb\u00f3l lassan m\u00e1r elt\u0171n\u0151 f\u00fcsti fecsk\u00e9k v\u00e9delm\u00e9ben l\u00e9ptek fel, leszedve a f\u00e9szkeikre val\u00f3 visszat\u00e9r\u00e9s\u00fcket megakad\u00e1lyoz\u00f3 \u201emad\u00e1rv\u00e9d\u0151 h\u00e1l\u00f3t\u201d. A Greenpeace Magyarorsz\u00e1g \u00fcdv\u00f6zli a B\u00edr\u00f3s\u00e1g d\u00f6nt\u00e9s\u00e9t.<\/strong><\/p>\n\n<figure class=\"wp-block-image size-large  caption-alignment-right\"><img loading=\"lazy\" decoding=\"async\" width=\"1024\" height=\"683\" src=\"https:\/\/www.greenpeace.org\/static\/planet4-hungary-stateless\/2025\/09\/08b57f3d-51239032029_c861d73e61_k-1024x683.jpg\" alt=\"\" class=\"wp-image-12533\" srcset=\"https:\/\/www.greenpeace.org\/static\/planet4-hungary-stateless\/2025\/09\/08b57f3d-51239032029_c861d73e61_k-1024x683.jpg 1024w, https:\/\/www.greenpeace.org\/static\/planet4-hungary-stateless\/2025\/09\/08b57f3d-51239032029_c861d73e61_k-300x200.jpg 300w, https:\/\/www.greenpeace.org\/static\/planet4-hungary-stateless\/2025\/09\/08b57f3d-51239032029_c861d73e61_k-768x512.jpg 768w, https:\/\/www.greenpeace.org\/static\/planet4-hungary-stateless\/2025\/09\/08b57f3d-51239032029_c861d73e61_k-1536x1024.jpg 1536w, https:\/\/www.greenpeace.org\/static\/planet4-hungary-stateless\/2025\/09\/08b57f3d-51239032029_c861d73e61_k-510x340.jpg 510w, https:\/\/www.greenpeace.org\/static\/planet4-hungary-stateless\/2025\/09\/08b57f3d-51239032029_c861d73e61_k.jpg 2048w\" sizes=\"auto, (max-width: 1024px) 100vw, 1024px\" \/><figcaption class=\"wp-element-caption\">Fot\u00f3: J\u00e1rd\u00e1ny Bence \/ Greenpeace<\/figcaption><\/figure>\n\n<p>A Fert\u0151 t\u00f3 term\u00e9szeti \u00e9rt\u00e9keit v\u00e9d\u0151 aktivist\u00e1k 2021-ben <a href=\"https:\/\/www.greenpeace.org\/hungary\/sajtokozlemeny\/8417\/a-greenpeace-bekes-akcioban-mentett-vedett-fecskeket-a-ferto-tavi-luxusberuhazastol\/\">figyelemfelkelt\u0151 \u00e9s fecskement\u0151 akci\u00f3juk<\/a> sor\u00e1n egy lebont\u00e1sra \u00edt\u00e9lt Fert\u0151 tavi c\u00f6l\u00f6ph\u00e1zr\u00f3l lev\u00e1gt\u00e1k a mad\u00e1rh\u00e1l\u00f3t, hogy az Afrik\u00e1b\u00f3l haza\u00e9rkez\u0151 f\u00fcsti fecsk\u00e9k visszat\u00e9rhessenek kor\u00e1bbi f\u00e9szkeikre \u00e9s toj\u00e1st rakhassanak. Ebben az esetben a h\u00e1zat m\u00e1r nem lehetett volna elbontani, mert a toj\u00e1sos f\u00e9szkek t\u00f6nkret\u00e9tele b\u0171ncselekm\u00e9nynek min\u0151s\u00fclt volna.<\/p>\n\n<p>Az \u00cdt\u00e9l\u0151t\u00e1bla helybenhagyta a m\u00e1sodfok\u00fa felment\u0151 \u00edt\u00e9letet, mely szerint a Greenpeace aktivist\u00e1k magatart\u00e1sa nem volt vesz\u00e9lyes a t\u00e1rsadalomra. A b\u00edr\u00f3s\u00e1g \u00e9rvel\u00e9se szerint a term\u00e9szeti \u00e9rt\u00e9keink k\u00f6z\u00f6s tulajdonunk, melyeknek a v\u00e9delme fontosabb volt a fecskeh\u00e1l\u00f3 v\u00e9delm\u00e9n\u00e9l. Az \u00e9rvel\u00e9sben a b\u00edr\u00f3 azt is hozz\u00e1tette term\u00e9szeti \u00e9rt\u00e9keink v\u00e9delme mindannyiunk feladata.<\/p>\n\n<p>Udvaros Dorottya a Greenpeace-hez hasonl\u00f3an boldogan \u00fcdv\u00f6z\u00f6lte az \u00cdt\u00e9l\u0151t\u00e1bla d\u00f6nt\u00e9s\u00e9t. Kor\u00e1bban, a m\u00e1sodfok\u00fa \u00edt\u00e9let ut\u00e1n \u00edgy <a href=\"https:\/\/www.greenpeace.org\/hungary\/sajtokozlemeny\/11732\/a-birosag-futni-hagyta-fecskemento-akciojaert-udvaros-dorottyat-es-a-greenpeace-aktivistait\/\">nyilatkozott<\/a> a Nemzet Sz\u00edn\u00e9sze a perr\u0151l: \u201e<em>Egy percig sem \u00e9reztem b\u0171n\u00f6snek magam, s\u0151t! B\u00fcszke vagyok arra, amit cselekedtem. Az egyre nagyobb v\u00e1ls\u00e1gban l\u00e9v\u0151 term\u00e9szetet v\u00e9dtem, nagyon boldog vagyok, hogy v\u00e9gre a b\u00edr\u00f3s\u00e1g is kimondta ezt. Hi\u00e1ba min\u0151s\u00edtett\u00e9k kor\u00e1bban tett\u00fcnket b\u0171ncselekm\u00e9nynek, semmilyen b\u00edr\u00f3s\u00e1gi \u00edt\u00e9let nem v\u00e1ltoztatna azon a meggy\u0151z\u0151d\u00e9semen, hogy amit tett\u00fcnk, az a t\u00e1rsadalom sz\u00e1m\u00e1ra hasznos volt, \u00e9s nem vesz\u00e9lyes.\u201d<\/em><\/p>\n\n<p>\u201e<em>Sok fontos csat\u00e1t nyert\u00fcnk m\u00e1r a Fert\u0151 \u00e9l\u0151vil\u00e1g\u00e1nak megment\u00e9s\u00e9\u00e9rt, az \u00e9rtelmetlen \u00f3ri\u00e1sberuh\u00e1z\u00e1s meg\u00e1ll\u00edt\u00e1s\u00e1\u00e9rt folytatott harcunkban, de nagyon \u00f6r\u00fcl\u00f6k, hogy v\u00e9gre a hazai term\u00e9szetv\u00e9delem egyik legabszurdabb per\u00e9ben is az aktivist\u00e1inkat felment\u0151 joger\u0151s \u00edt\u00e9let sz\u00fcletett. \u00d6r\u00fcl\u00f6k, hogy nem kell tov\u00e1bb emiatt az \u00fcgy miatt b\u00edr\u00f3s\u00e1gra j\u00e1rnunk, mert hi\u00e1ba h\u00edvt\u00e1k volna b\u0171ncselekm\u00e9nynek fecskement\u0151 akci\u00f3nkat, a Greenpeace aktivist\u00e1it semmilyen elj\u00e1r\u00e1ssal nem lehetett volna elt\u00e1ntor\u00edtani att\u00f3l, hogy tov\u00e1bbra is minden t\u0151l\u00fck telhet\u0151t megtegyenek a term\u00e9szet, haz\u00e1nk \u00e9l\u0151vil\u00e1g\u00e1nak v\u00e9delme \u00e9rdek\u00e9ben<\/em>\u201d \u2013 nyilatkozta dr. Rodics Katalin, a Greenpeace biodiverzit\u00e1s-szak\u00e9rt\u0151je.<\/p>\n\n<p>Id\u00e9n j\u00faliusban Barcza Attila, a t\u00e9rs\u00e9g orsz\u00e1ggy\u0171l\u00e9si k\u00e9pvisel\u0151je, a t\u00f3 \u00e9s k\u00f6rnyezete fejleszt\u00e9s\u00e9nek miniszteri biztosa azt <a href=\"https:\/\/444.hu\/2025\/07\/15\/13-milliard-forint-elszorasa-utan-a-homlokukra-csaptak-a-ferto-tavi-beruhazas-totumfaktumai\">nyilatkozta<\/a>, hogy \u201ea Fert\u0151 tavi fejleszt\u00e9s folytat\u00e1s\u00e1t illet\u0151en t\u00e1rsadalmi konszenzuson alapul\u00f3 \u00fajratervez\u00e9sre van sz\u00fcks\u00e9g. A kor\u00e1bbi tervekhez k\u00e9pest egy kisebb volumen\u0171 beruh\u00e1z\u00e1s megval\u00f3sul\u00e1sa v\u00e1rhat\u00f3 \u00fctemezett form\u00e1ban\u201d. A helyiek \u00e9s a Greenpeace \u00e1ltal a kezdetekt\u0151l kritiz\u00e1lt, term\u00e9szetpuszt\u00edt\u00f3 beruh\u00e1z\u00e1s kor\u00e1bbi terveire m\u00e1r 13 milli\u00e1rd forintot k\u00f6lt\u00f6tt el a magyar \u00e1llam.<\/p>\n\n<p>Nem ez az egyetlen jogi siker, amit a Greenpeace el\u00e9rt a Fert\u0151 \u00fcgy\u00e9ben. Kor\u00e1bban a K\u00faria is a z\u00f6ldszervezetnek adott igazat, amikor jogszab\u00e1lyokra hivatkozva t\u00e1madt\u00e1k meg a Fert\u0151 t\u00f3ra tervezett term\u00e9szetpuszt\u00edt\u00f3 beruh\u00e1z\u00e1s k\u00f6rnyezetv\u00e9delmi m\u0171k\u00f6d\u00e9si enged\u00e9ly\u00e9t. Ezt az <a href=\"https:\/\/www.greenpeace.org\/hungary\/sajtokozlemeny\/11181\/oriasi-gyozelem-a-kuria-a-greenpeace-nek-adott-igazat-a-ferto-to-ugyeben\/\">\u00edt\u00e9letet<\/a> nagy gy\u0151zelemk\u00e9nt \u00fcnnepelt\u00e9k a z\u00f6ldek, mert ez szerint\u00fck nemcsak ebben az esetben, hanem m\u00e1s term\u00e9szetv\u00e9delmi \u00fcgyben is m\u00e9rvad\u00f3 lehet.<\/p>\n\n<p>Az \u00fcgyben a Greenpeace aktivist\u00e1inak v\u00e9delm\u00e9t Dr. L\u0151rik J\u00f3zsef <a href=\"https:\/\/lorik.hu\/\">b\u00fcntet\u0151\u00fcgyv\u00e9d<\/a> l\u00e1tta el.\u00a0<\/p>\n","protected":false},"excerpt":{"rendered":"<p>Harmadfokon, joger\u0151sen is felmentette a Gy\u0151ri \u00cdt\u00e9l\u0151t\u00e1bla Udvaros Dorotty\u00e1t \u00e9s a Greenpeace aktivist\u00e1it a b\u0171ncselekm\u00e9ny v\u00e1dja al\u00f3l, \u00edgy lez\u00e1rult a n\u00e9gy \u00e9ve tart\u00f3 peresked\u00e9s a Fert\u0151 tavi fecskement\u0151 akci\u00f3 miatt.<\/p>\n","protected":false},"author":25,"featured_media":12533,"comment_status":"closed","ping_status":"closed","sticky":false,"template":"","format":"standard","meta":{"ep_exclude_from_search":false,"p4_og_title":"","p4_og_description":"","p4_og_image":"","p4_og_image_id":"","p4_seo_canonical_url":"","p4_campaign_name":"","p4_local_project":"","p4_basket_name":"","p4_department":"","footnotes":""},"categories":[3],"tags":[31,20],"p4-page-type":[37],"class_list":["post-12532","post","type-post","status-publish","format-standard","has-post-thumbnail","hentry","category-termeszet-kornyezet","tag-viz","tag-elovilag","p4-page-type-sajtokozlemeny"],"_links":{"self":[{"href":"https:\/\/www.greenpeace.org\/hungary\/wp-json\/wp\/v2\/posts\/12532","targetHints":{"allow":["GET"]}}],"collection":[{"href":"https:\/\/www.greenpeace.org\/hungary\/wp-json\/wp\/v2\/posts"}],"about":[{"href":"https:\/\/www.greenpeace.org\/hungary\/wp-json\/wp\/v2\/types\/post"}],"author":[{"embeddable":true,"href":"https:\/\/www.greenpeace.org\/hungary\/wp-json\/wp\/v2\/users\/25"}],"replies":[{"embeddable":true,"href":"https:\/\/www.greenpeace.org\/hungary\/wp-json\/wp\/v2\/comments?post=12532"}],"version-history":[{"count":2,"href":"https:\/\/www.greenpeace.org\/hungary\/wp-json\/wp\/v2\/posts\/12532\/revisions"}],"predecessor-version":[{"id":12535,"href":"https:\/\/www.greenpeace.org\/hungary\/wp-json\/wp\/v2\/posts\/12532\/revisions\/12535"}],"wp:featuredmedia":[{"embeddable":true,"href":"https:\/\/www.greenpeace.org\/hungary\/wp-json\/wp\/v2\/media\/12533"}],"wp:attachment":[{"href":"https:\/\/www.greenpeace.org\/hungary\/wp-json\/wp\/v2\/media?parent=12532"}],"wp:term":[{"taxonomy":"category","embeddable":true,"href":"https:\/\/www.greenpeace.org\/hungary\/wp-json\/wp\/v2\/categories?post=12532"},{"taxonomy":"post_tag","embeddable":true,"href":"https:\/\/www.greenpeace.org\/hungary\/wp-json\/wp\/v2\/tags?post=12532"},{"taxonomy":"p4-page-type","embeddable":true,"href":"https:\/\/www.greenpeace.org\/hungary\/wp-json\/wp\/v2\/p4-page-type?post=12532"}],"curies":[{"name":"wp","href":"https:\/\/api.w.org\/{rel}","templated":true}]}}