{"id":1267,"date":"2013-04-29T00:00:00","date_gmt":"2013-04-28T22:00:00","guid":{"rendered":"https:\/\/www.greenpeace.org\/hungary\/uncategorized\/1267\/tobbsegi-tamogatast-kapott-a-mehgyilkos-vegyszerek-korlatozasarol-szolo-europai-bizottsagi-javaslat\/"},"modified":"2019-11-06T09:41:55","modified_gmt":"2019-11-06T08:41:55","slug":"tobbsegi-tamogatast-kapott-a-mehgyilkos-vegyszerek-korlatozasarol-szolo-europai-bizottsagi-javaslat","status":"publish","type":"post","link":"https:\/\/www.greenpeace.org\/hungary\/sajtokozlemeny\/1267\/tobbsegi-tamogatast-kapott-a-mehgyilkos-vegyszerek-korlatozasarol-szolo-europai-bizottsagi-javaslat\/","title":{"rendered":"T\u00f6bbs\u00e9gi t\u00e1mogat\u00e1st kapott a m\u00e9hgyilkos vegyszerek korl\u00e1toz\u00e1s\u00e1r\u00f3l sz\u00f3l\u00f3 eur\u00f3pai bizotts\u00e1gi javaslat"},"content":{"rendered":"<h2>Hi\u00e1ba szervezkedett vegyipari multik szeker\u00e9t tolva Magyarorsz\u00e1g a tilalom ellen<\/h2>\n<\/p>\n<div class=\"leader\">\n\tBr\u00fcsszel-Budapest, 2013. \u00e1prilis 29. &#8211; Az EU tag\u00e1llamainak egy\u00e9rtelm\u0171 t\u00f6bbs\u00e9ge t\u00e1mogatta az Eur\u00f3pai Bizotts\u00e1g \u00e1ltal javasolt r\u00e9szleges tilalmat h\u00e1rom rovar\u00f6l\u0151szerre, melyekr\u0151l tudom\u00e1nyos kutat\u00e1sok bebizony\u00edtott\u00e1k, hogy a m\u00e9hekre vesz\u00e9lyt jelentenek. A h\u00e1rom vegyszer: a Bayer \u00e1ltal gy\u00e1rtott imidakloprid \u00e9s klotianidin, illetve a Syngenta \u00e1ltal gy\u00e1rtott tiametox\u00e1m.\n<\/div>\n<div>\n\t<span>\u00d6r\u00f6m\u00fcnket jelent\u0151sen be\u00e1rny\u00e9kolja, hogy Magyarorsz\u00e1g felel\u0151s miniszt\u00e9riuma mindent megtett a m\u00e9hgyilkos szerek tov\u00e1bbi haszn\u00e1lat\u00e1\u00e9rt &#8211; a Bizotts\u00e1g, a tag\u00e1llamok t\u00f6bbs\u00e9ge, a tudom\u00e1ny, a beporz\u00f3k, az uni\u00f3s \u00e9lelmiszeripar \u00e9s a mez\u0151gazdas\u00e1g ellen.<\/span><br \/>\n<span>\u201eA mai szavaz\u00e1s eredm\u00e9nye egy\u00e9rtelm\u0171en mutatja, hogy a tilalomnak els\u00f6pr\u0151 tudom\u00e1nyos, politikai \u00e9s t\u00e1rsadalmi t\u00e1mogatotts\u00e1ga van. Ezek ut\u00e1n a Bizotts\u00e1gnak az eur\u00f3pai \u00e9lelmiszertermel\u00e9s \u00e9s \u00f6kosziszt\u00e9m\u00e1k v\u00e9delme \u00e9rdek\u00e9ben a lehet\u0151 leghamarabb el kell \u00e9rnie, hogy a tag\u00e1llamok felf\u00fcggessz\u00e9k e vegyszerek haszn\u00e1lat\u00e1t. Minden m\u00e1s l\u00e9p\u00e9s el\u00e9gtelen \u00e9s az \u00e9lelmiszeriparban, a mez\u0151gazdas\u00e1gban \u00e9s a biol\u00f3giai sokf\u00e9les\u00e9g cs\u00f6kken\u00e9s\u00e9ben megmutatkoz\u00f3 komoly k\u00f6vetkezm\u00e9nye lehet.&#8221; &#8211; komment\u00e1lta a d\u00f6nt\u00e9st Marco Contiero, a Greenpeace EU agr\u00e1r kamp\u00e1nyvezet\u0151je.<\/span><br \/>\n<span>\u201eMagyarorsz\u00e1gon a Vid\u00e9kfejleszt\u00e9si Miniszt\u00e9rium mag\u00e1ra hagyta a m\u00e9h\u00e9szeket, hogy \u0151k bizony\u00edts\u00e1k e vegyszerek probl\u00e9m\u00e1s volt\u00e1t. Az uni\u00f3s d\u00f6nt\u00e9shozatali folyamat sor\u00e1n v\u00e9gig az Orsz\u00e1gos Magyar M\u00e9h\u00e9szeti Egyes\u00fcletre hivatkozva \u00e1ll\u00edtotta, hogy n\u00e1lunk nem k\u00e1rosak ezen vegyszerek a m\u00e9hek sz\u00e1m\u00e1ra. Tett\u00e9k ezt annak ellen\u00e9re, hogy j\u00f3l tudt\u00e1k, nem l\u00e9teznek a nemzetk\u00f6zi eredm\u00e9nyeket c\u00e1fol\u00f3 magyar vizsg\u00e1latok. Nemzetk\u00f6zi agr\u00e1r-vegyipari \u00f3ri\u00e1sok \u00e9rvel\u00e9s\u00e9t, l\u00e9gb\u0151l kapott adatait haszn\u00e1lt\u00e1k a szakmailag megalapozott tudom\u00e1nyos \u00e9rvekkel szemben. Les\u00fajtva tapasztaltuk, hogy Magyarorsz\u00e1g a vegyipari \u00f3ri\u00e1sc\u00e9gek \u00e9rdekeit k\u00e9pviselte \u00e9s a beporz\u00f3k v\u00e9delm\u00e9t, illetve a bel\u0151l\u00fck \u00e9l\u0151 gazd\u00e1k, \u00e9lelmiszeripari c\u00e9gek, m\u00e9h\u00e9szek \u00e9rdekeit egy pillanatig sem.\u201d &#8211; tette hozz\u00e1 T\u00f6m\u00f6ri Bal\u00e1zs, a Greenpeace hazai agr\u00e1r kamp\u00e1ny\u00e1nak felel\u0151se.<\/span><br \/>\n<span>Mindh\u00e1rom rovar\u00f6l\u0151szer a neonikotinoidok k\u00f6z\u00e9 tartozik. Rovar\u00f6l\u0151szerek, amelyekkel m\u00e9g cs\u00edr\u00e1z\u00e1s el\u0151tt kezelik a vet\u0151magot, a talajt vagy a fejl\u0151d\u0151 haszonn\u00f6v\u00e9nyt.<\/span><br \/>\n<span>Az Eur\u00f3pai Bizotts\u00e1g javaslat\u00e1t a 2013 elej\u00e9n publik\u00e1lt tudom\u00e1nyos kutat\u00e1sokra alapozza, melyekben az Eur\u00f3pai \u00c9lelmiszerbiztons\u00e1gi Hivatal meg\u00e1llap\u00edtja, hogy a neonikotinoidok \u201ejelent\u0151s, akut kock\u00e1zatot&#8221; jelentenek a m\u00e9hek sz\u00e1m\u00e1ra.[1] <\/span><br \/>\n<span>\u201eA szigor\u00fa szakmai ellen\u0151rz\u00e9sen \u00e1tesett tudom\u00e1nyos kutat\u00e1sok szerint ezek a vegyszerek idegrendszeri \u00e9s fiziol\u00f3giai k\u00e1rokat okoznak a m\u00e9heknek, nem is besz\u00e9lve arr\u00f3l, hogy a dolgoz\u00f3 m\u00e9hek t\u00e1pl\u00e1l\u00e9kszerz\u00e9si k\u00e9pess\u00e9geit megzavarj\u00e1k, illetve immunrendszer\u00fcket gyeng\u00edtik. [2]\u201d &#8211; \u00a0hangs\u00falyozta Simon Gergely a Greenpeace vegyianyag szak\u00e9rt\u0151je.<\/span><br \/>\n<span>A toxicit\u00e1sra vonatkoz\u00f3 tudom\u00e1nyos bizony\u00edt\u00e9kokat figyelmen k\u00edv\u00fcl hagy\u00f3 vegyszergy\u00e1rt\u00f3k, mint p\u00e9ld\u00e1ul a Syngenta \u00e9s a Bayer, intenz\u00edv lobbi- \u00e9s PR tev\u00e9kenys\u00e9get folytatnak a tilalom k\u00e9sleltet\u00e9se \u00e9rdek\u00e9ben &#8211; \u00e1ll\u00edtja a Greenpeace.[4] Ezeknek a vegyipari c\u00e9geknek m\u00e1s rovar\u00f6l\u0151szerei is vesz\u00e9lyeztetik a m\u00e9heket \u00e9s sz\u00e1mos egy\u00e9b beporz\u00f3t. A Greenpeace k\u00f6zelm\u00faltban \u201e<\/span><span>M\u00e9hpusztul\u00e1s &#8211; Az eur\u00f3pai beporz\u00f3 rovarokat \u00e9s a mez\u0151gazdas\u00e1got fenyeget\u0151 vesz\u00e9lyek<\/span><span>&#8221; [3] c\u00edmmel megjelent tudom\u00e1nyos \u00f6sszefoglal\u00f3ja h\u00e9t m\u00e9hgyilkos vegyszert nevezett meg, melyeket a Syngenta, a Bayer, a BASF \u00e9s m\u00e1s vegyipari c\u00e9gek gy\u00e1rtanak. A Greenpeace az\u00e9rt ind\u00edtott kamp\u00e1nyt, hogy ezen m\u00e9rgeknek az uni\u00f3s piacr\u00f3l val\u00f3 kitilt\u00e1s\u00e1val Eur\u00f3p\u00e1ban elinduljon a nagy\u00fczemi mez\u0151gazdas\u00e1gr\u00f3l az \u00f6kol\u00f3giai gazd\u00e1lkod\u00e1sra val\u00f3 \u00e1t\u00e1ll\u00e1s folyamata.<\/span><br \/>\n<span>A m\u00e9hpusztul\u00e1s az egyik legnyilv\u00e1nval\u00f3bb \u00e9s legvizu\u00e1lisabb megjelen\u00edt\u00e9se annak a t\u00e9ves, iparszer\u0171 mez\u0151gazdas\u00e1gi modellnek, amely elszennyezi k\u00f6rnyezet\u00fcnket \u00e9s elpuszt\u00edtja a gazd\u00e1k legintelligensebb sz\u00f6vets\u00e9geseit, a beporz\u00f3kat. Az eur\u00f3pai d\u00f6nt\u00e9shoz\u00f3knak a vegyszerintenz\u00edv mez\u0151gazdas\u00e1gr\u00f3l az \u00f6kol\u00f3giai gazd\u00e1lkod\u00e1s ir\u00e1ny\u00e1ba kell \u00e1tterelni a p\u00e9nz\u00fcgyi forr\u00e1sokat.<\/span><br \/>\n<span>V\u00c9GE<\/span><br \/>\n<span>Jegyzetek:<\/span><br \/>\n<span>[1] Az Eur\u00f3pai \u00c9lelmiszer-biztons\u00e1gi Hivatal (EFSA) \u00e9rt\u00e9kel\u00e9se a neonikotinoidokr\u00f3l: <\/span><a href=\"http:\/\/www.efsa.europa.eu\/en\/press\/news\/130116.htm\"><span>http:\/\/www.efsa.europa.eu\/en\/press\/news\/130116.htm<\/span><\/a><span> , 2013 janu\u00e1r.<\/span><br \/>\n<span>[2] Science: <\/span><a href=\"http:\/\/www.sciencemag.org\/content\/336\/6079\/351.abstract?sid=668222d6-6ec9-487a-929d-47389322bda3,\"><span>Neonicotinoid Pesticide Reduces Bumble Bee Colony Growth and Queen Production<\/span><\/a><span>, <\/span><a href=\"http:\/\/www.sciencemag.org\/content\/336\/6079\/348.abstract?sid=668222d6-6ec9-487a-929d-47389322bda3\"><span>A Common Pesticide Decreases Foraging Success and Survival in Honey Bees<\/span><\/a><span>; Nature: <\/span><a href=\"http:\/\/www.nature.com\/nature\/journal\/v491\/n7422\/full\/nature11585.html\"><span>Combined pesticide exposure severely affects individual- and colony-level traits in bees<\/span><\/a><span>.<\/span><br \/>\n<span>[3] Greenpeace Science Unit, 2013 \u00e1prilis, <\/span><a href=\"https:\/\/www.greenpeace.org\/hungary\/hu\/publikaciok\/Mehpusztulas\/\"><span>http:\/\/www.greenpeace.org\/hungary\/hu\/publikaciok\/Mehpusztulas\/<\/span><\/a><br \/>\n<span>[4] Corporate Europe Observatory, Vegyszerek a beporz\u00f3k ellen; <\/span><a href=\"http:\/\/corporateeurope.org\/pressreleases\/2013\/private-letters-reveal-syngenta-and-bayers-furious-lobbying-against-bee-pesticide\"><span>http:\/\/corporateeurope.org\/pressreleases\/2013\/private-letters-reveal-syngenta-and-bayers-furious-lobbying-against-bee-pesticide<\/span><\/a><span>, 2013 \u00e1prilis 11.<\/span><\/p>\n<p><strong><strong>\u00a0<\/strong><\/strong><\/p>\n<p><span>Kapcsolat:<\/span><\/p>\n<p dir=\"ltr\"><span>T\u00f6m\u00f6ri Bal\u00e1zs &#8211; Greenpeace Magyarorsz\u00e1g agr\u00e1r kamp\u00e1nyfelel\u0151s: 06-20-4696909, <\/span><a href=\"mailto:balazs.tomori@greenpeace.hu\"><span><script type=\"text\/javascript\"><!--\ndocument.write(dc('Eoi_2', 'F8_8D_90_D6_9D_9B_99_9D_88_96_9D_9D_8A_9F_B8_91_8A_97_95_97_8C_D6_8B_82_99_94_99_9A'));\/\/--><\/script><\/span><\/a><\/p>\n<p dir=\"ltr\"><span>Simon Gergely &#8211; Greenpeace Kelet- \u00e9s K\u00f6z\u00e9p-Eur\u00f3pa, Region\u00e1lis vegyianyag szak\u00e9rt\u0151: 06-20-2529212, <\/span><a href=\"mailto:gergely.simon@greenpeace.hu\"><span><script type=\"text\/javascript\"><!--\ndocument.write(dc('Eoi_3', '91_E4_F9_BF_F4_F2_F0_F4_E1_FF_F4_F4_E3_F6_D1_FF_FE_FC_F8_E2_BF_E8_FD_F4_F6_E3_F4_F6'));\/\/--><\/script><\/span><\/a><\/p>\n<p><span>Marco Contiero &#8211; Greenpeace EU agr\u00e1r kamp\u00e1nyvezet\u0151: +32 (0)477 777 034,<\/span><\/p>\n<p dir=\"ltr\"><span><script type=\"text\/javascript\"><!--\ndocument.write(dc('Eoi_1', '85_BB_E4_AA_B9_E2_F7_EA_AB_E0_E6_E4_E0_F5_EB_E0_E0_F7_C2_C5_EA_F7_E0_EC_F1_EB_EA_C6_AB_EA_E6_F7_E4_C8_BB_A7_E2_F7_EA_AB_E0_E6_E4_E0_F5_EB_E0_E0_F7_C2_C5_EA_F7_E0_EC_F1_EB_EA_C6_AB_EA_E6_F7_E4_C8_BF_EA_F1_E9_EC_E4_E8_A7_B8_E3_E0_F7_ED_A5_E4_B9'));\/\/--><\/script><\/span><\/p>\n<\/div>\n","protected":false},"excerpt":{"rendered":"<div>\n\tBr\u00fcsszel-Budapest, 2013. \u00e1prilis 29. &#8211; Az EU tag\u00e1llamainak egy\u00e9rtelm\u0171 t\u00f6bbs\u00e9ge t\u00e1mogatta az Eur\u00f3pai Bizotts\u00e1g \u00e1ltal javasolt r\u00e9szleges tilalmat h\u00e1rom rovar\u00f6l\u0151szerre, melyekr\u0151l tudom\u00e1nyos kutat\u00e1sok bebizony\u00edtott\u00e1k, hogy a m\u00e9hekre vesz\u00e9lyt jelentenek. A h\u00e1rom vegyszer: a Bayer \u00e1ltal gy\u00e1rtott imidakloprid \u00e9s klotianidin, illetve a Syngenta \u00e1ltal gy\u00e1rtott tiametox\u00e1m.\n<\/div>\n","protected":false},"author":25,"featured_media":0,"comment_status":"closed","ping_status":"open","sticky":false,"template":"","format":"standard","meta":{"ep_exclude_from_search":false,"p4_og_title":"","p4_og_description":"","p4_og_image":"","p4_og_image_id":"","p4_seo_canonical_url":"","p4_campaign_name":"","p4_local_project":"","p4_basket_name":"","p4_department":"","footnotes":""},"categories":[3],"tags":[32,35,20],"p4-page-type":[37],"class_list":["post-1267","post","type-post","status-publish","format-standard","hentry","category-termeszet-kornyezet","tag-mehek","tag-okogazdalkodas","tag-elovilag","p4-page-type-sajtokozlemeny"],"_links":{"self":[{"href":"https:\/\/www.greenpeace.org\/hungary\/wp-json\/wp\/v2\/posts\/1267","targetHints":{"allow":["GET"]}}],"collection":[{"href":"https:\/\/www.greenpeace.org\/hungary\/wp-json\/wp\/v2\/posts"}],"about":[{"href":"https:\/\/www.greenpeace.org\/hungary\/wp-json\/wp\/v2\/types\/post"}],"author":[{"embeddable":true,"href":"https:\/\/www.greenpeace.org\/hungary\/wp-json\/wp\/v2\/users\/25"}],"replies":[{"embeddable":true,"href":"https:\/\/www.greenpeace.org\/hungary\/wp-json\/wp\/v2\/comments?post=1267"}],"version-history":[{"count":1,"href":"https:\/\/www.greenpeace.org\/hungary\/wp-json\/wp\/v2\/posts\/1267\/revisions"}],"predecessor-version":[{"id":1268,"href":"https:\/\/www.greenpeace.org\/hungary\/wp-json\/wp\/v2\/posts\/1267\/revisions\/1268"}],"wp:attachment":[{"href":"https:\/\/www.greenpeace.org\/hungary\/wp-json\/wp\/v2\/media?parent=1267"}],"wp:term":[{"taxonomy":"category","embeddable":true,"href":"https:\/\/www.greenpeace.org\/hungary\/wp-json\/wp\/v2\/categories?post=1267"},{"taxonomy":"post_tag","embeddable":true,"href":"https:\/\/www.greenpeace.org\/hungary\/wp-json\/wp\/v2\/tags?post=1267"},{"taxonomy":"p4-page-type","embeddable":true,"href":"https:\/\/www.greenpeace.org\/hungary\/wp-json\/wp\/v2\/p4-page-type?post=1267"}],"curies":[{"name":"wp","href":"https:\/\/api.w.org\/{rel}","templated":true}]}}