{"id":1278,"date":"2012-04-17T00:00:00","date_gmt":"2012-04-16T22:00:00","guid":{"rendered":"https:\/\/www.greenpeace.org\/hungary\/uncategorized\/1278\/maszatos-adatok-jelentes\/"},"modified":"2019-11-06T09:42:01","modified_gmt":"2019-11-06T08:42:01","slug":"maszatos-adatok-jelentes","status":"publish","type":"post","link":"https:\/\/www.greenpeace.org\/hungary\/kiadvany\/1278\/maszatos-adatok-jelentes\/","title":{"rendered":"Maszatos adatok &#8211; jelent\u00e9s"},"content":{"rendered":"<div class=\"leader\">Mennyi sz\u00e9nenergi\u00e1t haszn\u00e1l az Apple? Milyen jegyet kapna a Facebook az adatk\u00f6zpontok elhelyez\u00e9s\u00e9re? Melyik c\u00e9g tartja meg az informatika \u00faj\u00edt\u00f3 szellem\u00e9t az energiafogyaszt\u00e1s ter\u00fclet\u00e9n is? V\u00e1laszok itt.<\/div>\n<div>\n<div><object style=\"width: 420px; height: 297px;\" data=\"http:\/\/static.issuu.com\/webembed\/viewers\/style1\/v2\/IssuuReader.swf?mode=mini&amp;backgroundColor=%23222222&amp;documentId=120417145623-20f78022c71840cfb1916ca415b6ba31\" type=\"application\/x-shockwave-flash\" width=\"100\" height=\"100\"><param name=\"data\" value=\"http:\/\/static.issuu.com\/webembed\/viewers\/style1\/v2\/IssuuReader.swf?mode=mini&amp;backgroundColor=%23222222&amp;documentId=120417145623-20f78022c71840cfb1916ca415b6ba31\" \/><param name=\"allowfullscreen\" value=\"true\" \/><param name=\"menu\" value=\"false\" \/><param name=\"wmode\" value=\"transparent\" \/><param name=\"src\" value=\"http:\/\/static.issuu.com\/webembed\/viewers\/style1\/v2\/IssuuReader.swf?mode=mini&amp;backgroundColor=%23222222&amp;documentId=120417145623-20f78022c71840cfb1916ca415b6ba31\" \/><param name=\"flashvars\" value=\"mode=mini&amp;backgroundColor=%23222222&amp;documentId=120417145623-20f78022c71840cfb1916ca415b6ba31\" \/><\/object><\/div>\n<\/div>\n<p><a href=\"https:\/\/www.greenpeace.org\/static\/planet4-hungary-stateless\/2018\/10\/e9fc5f08-e9fc5f08-jelent\u00c9s_maszatos-adatok-web.pdf\" target=\"_blank\" rel=\"noopener noreferrer\">JELENT\u00c9S_maszatos adatok web<\/a><\/p>\n","protected":false},"excerpt":{"rendered":"<div>\n\tMennyi sz\u00e9nenergi\u00e1t haszn\u00e1l az Apple? Milyen jegyet kapna a Facebook az adatk\u00f6zpontok elhelyez\u00e9s\u00e9re? Melyik c\u00e9g tartja meg az informatika \u00faj\u00edt\u00f3 szellem\u00e9t az energiafogyaszt\u00e1s ter\u00fclet\u00e9n is? V\u00e1laszok itt.\n<\/div>\n","protected":false},"author":25,"featured_media":2904,"comment_status":"closed","ping_status":"open","sticky":false,"template":"","format":"standard","meta":{"ep_exclude_from_search":false,"p4_og_title":"","p4_og_description":"","p4_og_image":"","p4_og_image_id":"","p4_seo_canonical_url":"","p4_campaign_name":"","p4_local_project":"","p4_basket_name":"","p4_department":"","footnotes":""},"categories":[4],"tags":[8],"p4-page-type":[36],"class_list":["post-1278","post","type-post","status-publish","format-standard","has-post-thumbnail","hentry","category-ember-tarsadalom","tag-fogyasztas","p4-page-type-kiadvany"],"_links":{"self":[{"href":"https:\/\/www.greenpeace.org\/hungary\/wp-json\/wp\/v2\/posts\/1278","targetHints":{"allow":["GET"]}}],"collection":[{"href":"https:\/\/www.greenpeace.org\/hungary\/wp-json\/wp\/v2\/posts"}],"about":[{"href":"https:\/\/www.greenpeace.org\/hungary\/wp-json\/wp\/v2\/types\/post"}],"author":[{"embeddable":true,"href":"https:\/\/www.greenpeace.org\/hungary\/wp-json\/wp\/v2\/users\/25"}],"replies":[{"embeddable":true,"href":"https:\/\/www.greenpeace.org\/hungary\/wp-json\/wp\/v2\/comments?post=1278"}],"version-history":[{"count":4,"href":"https:\/\/www.greenpeace.org\/hungary\/wp-json\/wp\/v2\/posts\/1278\/revisions"}],"predecessor-version":[{"id":5794,"href":"https:\/\/www.greenpeace.org\/hungary\/wp-json\/wp\/v2\/posts\/1278\/revisions\/5794"}],"wp:featuredmedia":[{"embeddable":true,"href":"https:\/\/www.greenpeace.org\/hungary\/wp-json\/wp\/v2\/media\/2904"}],"wp:attachment":[{"href":"https:\/\/www.greenpeace.org\/hungary\/wp-json\/wp\/v2\/media?parent=1278"}],"wp:term":[{"taxonomy":"category","embeddable":true,"href":"https:\/\/www.greenpeace.org\/hungary\/wp-json\/wp\/v2\/categories?post=1278"},{"taxonomy":"post_tag","embeddable":true,"href":"https:\/\/www.greenpeace.org\/hungary\/wp-json\/wp\/v2\/tags?post=1278"},{"taxonomy":"p4-page-type","embeddable":true,"href":"https:\/\/www.greenpeace.org\/hungary\/wp-json\/wp\/v2\/p4-page-type?post=1278"}],"curies":[{"name":"wp","href":"https:\/\/api.w.org\/{rel}","templated":true}]}}