{"id":1281,"date":"2013-06-14T00:00:00","date_gmt":"2013-06-13T22:00:00","guid":{"rendered":"https:\/\/www.greenpeace.org\/hungary\/uncategorized\/1281\/szuksegtelenul-roviditik-eletunket-a-szenes-eromuvek\/"},"modified":"2019-11-06T09:41:54","modified_gmt":"2019-11-06T08:41:54","slug":"szuksegtelenul-roviditik-eletunket-a-szenes-eromuvek","status":"publish","type":"post","link":"https:\/\/www.greenpeace.org\/hungary\/sajtokozlemeny\/1281\/szuksegtelenul-roviditik-eletunket-a-szenes-eromuvek\/","title":{"rendered":"Sz\u00fcks\u00e9gtelen\u00fcl r\u00f6vid\u00edtik \u00e9let\u00fcnket a szenes er\u0151m\u0171vek"},"content":{"rendered":"<div class=\"leader\">\n\tBudapest, 2013. j\u00fanius 13. &#8211; Megd\u00f6bbent\u0151 kutat\u00e1si adatokat k\u00f6z\u00f6l a ma megjelent \u201eCsendes gyilkosok\u201d[1] c\u00edm\u0171 Greenpeace jelent\u00e9s: Eur\u00f3p\u00e1ban \u00e9vente t\u00f6bb mint 240.000 \u00e9let\u00e9v elveszt\u00e9s\u00e9t, nagyj\u00e1b\u00f3l 22.000 ember, \u00e1tlagosan a v\u00e1rhat\u00f3 \u00e9lettartam el\u0151tt 11 \u00e9vvel  bek\u00f6vetkez\u0151 hal\u00e1l\u00e1t okozz\u00e1k a sz\u00e9nt\u00fczel\u00e9s\u0171 er\u0151m\u0171vek. A jelent\u00e9s megvizsg\u00e1lta a m\u00e1r m\u0171k\u00f6d\u0151 300, \u00e9s a tervez\u00e9si f\u00e1zisban l\u00e9v\u0151 50 \u00faj szenes er\u0151m\u0171 eg\u00e9szs\u00e9g\u00fcgyi hat\u00e1sait is. A Stuttgarti Egyetem kutat\u00e1si eredm\u00e9nyei szerint, ha a tervezett \u00faj sz\u00e9ner\u0151m\u0171vek m\u0171k\u00f6d\u00e9sbe l\u00e9pnek, a megn\u00f6vekedett l\u00e9gszennyezetts\u00e9g miatt 2700-zal t\u00f6bb korai hal\u00e1lesettel, vagyis tov\u00e1bbi 31.000 \u00e9let\u00e9v elveszt\u00e9s\u00e9vel sz\u00e1molhatunk \u00e9vente. <\/p>\n<\/div>\n<div>\n\tA kutat\u00e1s szerint a m\u00e1r m\u0171k\u00f6d\u0151, elavult er\u0151m\u0171vek hat\u00e1sa is dr\u00e1mai: a korai hal\u00e1loz\u00e1sok sz\u00e1ma \u00f6sszevethet\u0151 a k\u00f6z\u00fati balesetek \u00e1ldozatainak sz\u00e1m\u00e1val, s\u0151t r\u00e9gi\u00f3nkban a legt\u00f6bb orsz\u00e1gban (Lengyelorsz\u00e1g, Rom\u00e1nia, Csehorsz\u00e1g, Szlov\u00e1kia, Bulg\u00e1ria) meg is haladja azt.<\/p>\n<p>Bozs\u00f3 Brigitta a Greenpeace Magyarorsz\u00e1g kamp\u00e1nyosa elmondta: \u201eA kutat\u00f3k a hazai er\u0151m\u0171vek k\u00f6z\u00fcl a M\u00e1trai Er\u0151m\u0171 k\u00f6rnyezetszennyez\u0151 \u00e9s eg\u00e9szs\u00e9grombol\u00f3 hat\u00e1s\u00e1t elemezt\u00e9k, mely beker\u00fclt a 100 legpiszkosabb er\u0151m\u0171 k\u00f6z\u00e9.  A kutat\u00e1sok alapj\u00e1n a magyarorsz\u00e1gi sz\u00e9nipar \u00e1ltal kibocs\u00e1jtott szennyez\u00e9sek k\u00e1ros eg\u00e9szs\u00e9g\u00fcgyi hat\u00e1sai is sz\u00e1mszer\u0171s\u00edthet\u0151ek, e szerint \u00e9vente nagyj\u00e1b\u00f3l 138 f\u0151 hal\u00e1la vezethet\u0151 vissza a sz\u00e9ner\u0151m\u0171vekre.\u201d  <\/p>\n<p>Lauri Myllyvirta a Greenpeace sz\u00e9nnel foglalkoz\u00f3 szakembere szerint: \u201eNincsen olyan, hogy tiszta sz\u00e9n technol\u00f3gia \u2013 a sz\u00e9ner\u0151m\u0171vek csendes gyilkosok, melyek \u00e9vente t\u00f6bb milli\u00f3 tonna toxikus g\u00e1zt \u00e9s r\u00e9szecsk\u00e9t bocs\u00e1tanak ki. Ezek az anyagok bel\u00e9legezve roncsolj\u00e1k a t\u00fcd\u0151t, beker\u00fclnek a v\u00e9r\u00e1ramba \u00e9s k\u00fcl\u00f6nf\u00e9le l\u00e9gz\u0151szervi \u00e9s m\u00e1s megbeteged\u00e9seket, ak\u00e1r t\u00fcd\u0151r\u00e1kot, sz\u00edvrohamot, asztm\u00e1t okoznak.\u201d<\/p>\n<p>\u201eAz alacsony hat\u00e9konys\u00e1g\u00fa \u00e9s elavult er\u0151m\u0171vek \u00e9letbentart\u00e1s\u00e1val teljesen feleslegesen romboljuk a saj\u00e1t \u00e9s gyermekeink eg\u00e9szs\u00e9g\u00e9t, mik\u00f6zben ma m\u00e1r rendelkez\u00e9sre \u00e1llnak azok a meg\u00fajul\u00f3 technol\u00f3gi\u00e1k, amikkel val\u00f3ban tiszt\u00e1n \u00e9s hat\u00e9konyan meg lehet termelni a sz\u00fcks\u00e9ges villamos energi\u00e1t. A 2030-ig sz\u00f3l\u00f3 Nemzeti Energiastrat\u00e9gia fel\u00fclvizsg\u00e1lata remek alkalom a sz\u00e9n- \u00e9s ligniter\u0151m\u0171vek fokozatos kiv\u00e1lt\u00e1s\u00e1nak elkezd\u00e9s\u00e9re\u201d \u2013 tette hozz\u00e1 Bozs\u00f3 Brigitta, a Greenpeace Magyarorsz\u00e1g munkat\u00e1rsa.<\/p>\n<\/div>\n","protected":false},"excerpt":{"rendered":"<div>\n\tBudapest, 2013. j\u00fanius 13. &#8211; Megd\u00f6bbent\u0151 kutat\u00e1si adatokat k\u00f6z\u00f6l a ma megjelent \u201eCsendes gyilkosok\u201d[1] c\u00edm\u0171 Greenpeace jelent\u00e9s: Eur\u00f3p\u00e1ban \u00e9vente t\u00f6bb mint 240.000 \u00e9let\u00e9v elveszt\u00e9s\u00e9t, nagyj\u00e1b\u00f3l 22.000 ember, \u00e1tlagosan a v\u00e1rhat\u00f3 \u00e9lettartam el\u0151tt 11 \u00e9vvel  bek\u00f6vetkez\u0151 hal\u00e1l\u00e1t okozz\u00e1k a sz\u00e9nt\u00fczel\u00e9s\u0171 er\u0151m\u0171vek. A jelent\u00e9s megvizsg\u00e1lta a m\u00e1r m\u0171k\u00f6d\u0151 300, \u00e9s a tervez\u00e9si f\u00e1zisban l\u00e9v\u0151 50 \u00faj szenes er\u0151m\u0171 eg\u00e9szs\u00e9g\u00fcgyi hat\u00e1sait is. A Stuttgarti Egyetem kutat\u00e1si eredm\u00e9nyei szerint, ha a tervezett \u00faj sz\u00e9ner\u0151m\u0171vek m\u0171k\u00f6d\u00e9sbe l\u00e9pnek, a megn\u00f6vekedett l\u00e9gszennyezetts\u00e9g miatt 2700-zal t\u00f6bb korai hal\u00e1lesettel, vagyis tov\u00e1bbi 31.000 \u00e9let\u00e9v elveszt\u00e9s\u00e9vel sz\u00e1molhatunk \u00e9vente. <\/p>\n<\/div>\n","protected":false},"author":25,"featured_media":0,"comment_status":"closed","ping_status":"open","sticky":false,"template":"","format":"standard","meta":{"ep_exclude_from_search":false,"p4_og_title":"","p4_og_description":"","p4_og_image":"","p4_og_image_id":"","p4_seo_canonical_url":"","p4_campaign_name":"","p4_local_project":"","p4_basket_name":"","p4_department":"","footnotes":""},"categories":[2],"tags":[26,19],"p4-page-type":[37],"class_list":["post-1281","post","type-post","status-publish","format-standard","hentry","category-klima-energia","tag-fosszilis","tag-egeszseg","p4-page-type-sajtokozlemeny"],"_links":{"self":[{"href":"https:\/\/www.greenpeace.org\/hungary\/wp-json\/wp\/v2\/posts\/1281","targetHints":{"allow":["GET"]}}],"collection":[{"href":"https:\/\/www.greenpeace.org\/hungary\/wp-json\/wp\/v2\/posts"}],"about":[{"href":"https:\/\/www.greenpeace.org\/hungary\/wp-json\/wp\/v2\/types\/post"}],"author":[{"embeddable":true,"href":"https:\/\/www.greenpeace.org\/hungary\/wp-json\/wp\/v2\/users\/25"}],"replies":[{"embeddable":true,"href":"https:\/\/www.greenpeace.org\/hungary\/wp-json\/wp\/v2\/comments?post=1281"}],"version-history":[{"count":1,"href":"https:\/\/www.greenpeace.org\/hungary\/wp-json\/wp\/v2\/posts\/1281\/revisions"}],"predecessor-version":[{"id":1282,"href":"https:\/\/www.greenpeace.org\/hungary\/wp-json\/wp\/v2\/posts\/1281\/revisions\/1282"}],"wp:attachment":[{"href":"https:\/\/www.greenpeace.org\/hungary\/wp-json\/wp\/v2\/media?parent=1281"}],"wp:term":[{"taxonomy":"category","embeddable":true,"href":"https:\/\/www.greenpeace.org\/hungary\/wp-json\/wp\/v2\/categories?post=1281"},{"taxonomy":"post_tag","embeddable":true,"href":"https:\/\/www.greenpeace.org\/hungary\/wp-json\/wp\/v2\/tags?post=1281"},{"taxonomy":"p4-page-type","embeddable":true,"href":"https:\/\/www.greenpeace.org\/hungary\/wp-json\/wp\/v2\/p4-page-type?post=1281"}],"curies":[{"name":"wp","href":"https:\/\/api.w.org\/{rel}","templated":true}]}}