{"id":12963,"date":"2025-11-11T10:10:53","date_gmt":"2025-11-11T09:10:53","guid":{"rendered":"https:\/\/www.greenpeace.org\/hungary\/?p=12963"},"modified":"2026-01-29T12:16:30","modified_gmt":"2026-01-29T11:16:30","slug":"romlik-az-erdok-helyzete-de-a-magyarok-elsopro-tobbsege-megallitana-a-fakitermelest-a-termeszetvedelmi-teruleteken","status":"publish","type":"post","link":"https:\/\/www.greenpeace.org\/hungary\/sajtokozlemeny\/12963\/romlik-az-erdok-helyzete-de-a-magyarok-elsopro-tobbsege-megallitana-a-fakitermelest-a-termeszetvedelmi-teruleteken\/","title":{"rendered":"A magyarok els\u00f6pr\u0151 t\u00f6bbs\u00e9ge meg\u00e1ll\u00edtan\u00e1 a fakitermel\u00e9st a term\u00e9szetv\u00e9delmi ter\u00fcleteken"},"content":{"rendered":"\n<p><strong>Budapest, 2025.11.11. A Greenpeace Magyarorsz\u00e1g \u00e1ltal rendelt \u00e9s a Policy Solutions \u00e1ltal elv\u00e9gzett friss k\u00f6zv\u00e9lem\u00e9ny-kutat\u00e1sb\u00f3l kider\u00fclt, hogy a magyarok 75 sz\u00e1zal\u00e9ka nem tartja elfogadhat\u00f3nak a term\u00e9szetv\u00e9delmi ter\u00fcleteken v\u00e9gzett gazdas\u00e1gi c\u00e9l\u00fa fakitermel\u00e9st, 63 sz\u00e1zal\u00e9ka szerint a magyar korm\u00e1ny nem tesz eleget erdeink v\u00e9delm\u00e9ben, valamint 71 sz\u00e1zal\u00e9ka nem \u00e9rt egyet a kiv\u00e1gott f\u00e1k felhaszn\u00e1l\u00e1s\u00e1val a villamosenergi\u00e1t el\u0151\u00e1ll\u00edt\u00f3 er\u0151m\u0171vekben. A sz\u00e9les k\u00f6r\u0171 t\u00e1rsadalmi konszenzus ellen\u00e9re a magyar erd\u0151k \u00e1llapota aggaszt\u00f3, amin az \u00e9ppen zajl\u00f3 v\u00e1g\u00e1si szezon m\u00e9g tov\u00e1bb ront. A Greenpeace mindezek miatt kamp\u00e1nyt ind\u00edt a v\u00e9dett erd\u0151k v\u00e9delm\u00e9\u00e9rt.<\/strong><\/p>\n\n<figure class=\"wp-block-image size-large  caption-alignment-right\"><img loading=\"lazy\" decoding=\"async\" width=\"1024\" height=\"683\" src=\"https:\/\/www.greenpeace.org\/static\/planet4-hungary-stateless\/2025\/11\/0bfb911c-mg_6899_web-1024x683.jpg\" title=\"Romlik az erd\u0151k helyzete, de a magyarok els\u00f6pr\u0151 t\u00f6bbs\u00e9ge meg\u00e1ll\u00edtan\u00e1 a fakitermel\u00e9st a term\u00e9szetv\u00e9delmi ter\u00fcleteken\" alt=\"Romlik az erd\u0151k helyzete, de a magyarok els\u00f6pr\u0151 t\u00f6bbs\u00e9ge meg\u00e1ll\u00edtan\u00e1 a fakitermel\u00e9st a term\u00e9szetv\u00e9delmi ter\u00fcleteken\" class=\"wp-image-12965\" srcset=\"https:\/\/www.greenpeace.org\/static\/planet4-hungary-stateless\/2025\/11\/0bfb911c-mg_6899_web-1024x683.jpg 1024w, https:\/\/www.greenpeace.org\/static\/planet4-hungary-stateless\/2025\/11\/0bfb911c-mg_6899_web-300x200.jpg 300w, https:\/\/www.greenpeace.org\/static\/planet4-hungary-stateless\/2025\/11\/0bfb911c-mg_6899_web-768x512.jpg 768w, https:\/\/www.greenpeace.org\/static\/planet4-hungary-stateless\/2025\/11\/0bfb911c-mg_6899_web-1536x1024.jpg 1536w, https:\/\/www.greenpeace.org\/static\/planet4-hungary-stateless\/2025\/11\/0bfb911c-mg_6899_web-510x340.jpg 510w, https:\/\/www.greenpeace.org\/static\/planet4-hungary-stateless\/2025\/11\/0bfb911c-mg_6899_web.jpg 1920w\" sizes=\"auto, (max-width: 1024px) 100vw, 1024px\" \/><figcaption><div class=\"credit icon-left\"> \u00a9 Greenpeace \/ D\u00f6rg\u0151 Zsuzsi<\/div><\/figcaption><\/figure>\n\n<p><strong>Eleget tesz-e a korm\u00e1ny erdeink v\u00e9delm\u00e9ben?<\/strong><\/p>\n\n<p>A Greenpeace kutat\u00e1s\u00e1ban h\u00e1rom f\u0151 ter\u00fcletet vizsg\u00e1lt. El\u0151sz\u00f6r arra voltak k\u00edv\u00e1ncsiak, hogy mit gondolnak a magyarok arr\u00f3l, hogy a korm\u00e1ny eleget tesz-e a term\u00e9szetv\u00e9delmi ter\u00fclett\u00e9 nyilv\u00e1n\u00edtott erdeink v\u00e9delm\u00e9\u00e9rt. Ezek olyan ter\u00fcletek, amelyek els\u0151dleges c\u00e9lja term\u00e9szetv\u00e9delmi, ma azonban m\u00e9gis a gazdas\u00e1gi hasznos\u00edt\u00e1s uralkodik rajtuk. A kutat\u00e1s szerint a magyarok k\u00f6zel k\u00e9tharmada szerint a magyar korm\u00e1ny nem v\u00e9gzi megfelel\u0151en a dolg\u00e1t ezeknek a ter\u00fcleteknek a megv\u00e9d\u00e9s\u00e9\u00e9rt.&nbsp;<\/p>\n\n<figure class=\"wp-block-image size-large  caption-alignment-right\"><img loading=\"lazy\" decoding=\"async\" width=\"1024\" height=\"609\" src=\"https:\/\/www.greenpeace.org\/static\/planet4-hungary-stateless\/2025\/11\/5e57acf8-54908094310_9f5eb6e592_k-1024x609.jpg\" title=\"Greenpeace kutat\u00e1s 2025\" alt=\"Greenpeace kutat\u00e1s 2025\" class=\"wp-image-12964\" srcset=\"https:\/\/www.greenpeace.org\/static\/planet4-hungary-stateless\/2025\/11\/5e57acf8-54908094310_9f5eb6e592_k-1024x609.jpg 1024w, https:\/\/www.greenpeace.org\/static\/planet4-hungary-stateless\/2025\/11\/5e57acf8-54908094310_9f5eb6e592_k-300x178.jpg 300w, https:\/\/www.greenpeace.org\/static\/planet4-hungary-stateless\/2025\/11\/5e57acf8-54908094310_9f5eb6e592_k-768x456.jpg 768w, https:\/\/www.greenpeace.org\/static\/planet4-hungary-stateless\/2025\/11\/5e57acf8-54908094310_9f5eb6e592_k-1536x913.jpg 1536w, https:\/\/www.greenpeace.org\/static\/planet4-hungary-stateless\/2025\/11\/5e57acf8-54908094310_9f5eb6e592_k-510x303.jpg 510w, https:\/\/www.greenpeace.org\/static\/planet4-hungary-stateless\/2025\/11\/5e57acf8-54908094310_9f5eb6e592_k.jpg 2048w\" sizes=\"auto, (max-width: 1024px) 100vw, 1024px\" \/><figcaption><div class=\"credit icon-left\"> \u00a9 Greenpeace<\/div><\/figcaption><\/figure>\n\n<p><strong>Nem elfogadhat\u00f3 a gazdas\u00e1gi c\u00e9l\u00fa fakitermel\u00e9s<\/strong><\/p>\n\n<p>A magyar lakoss\u00e1g h\u00e1romnegyede ellenzi, ha term\u00e9szetv\u00e9delmi ter\u00fcleten gazdas\u00e1gi c\u00e9l\u00fa fakitermel\u00e9s zajlik. A hazai erd\u0151gazd\u00e1lkod\u00e1si gyakorlat \u00e9lesen szemben \u00e1ll ezzel, Magyarorsz\u00e1g erd\u0151ter\u00fclet\u00e9nek t\u00f6bb mint 90%-\u00e1n zajlik gazdas\u00e1gi c\u00e9l\u00fa fakitermel\u00e9s \u2013 v\u00e9dett, s\u0151t fokozottan v\u00e9dett erd\u0151kben is. Pedig ahogy m\u00e9ly\u00fcl a kl\u00edmav\u00e1ls\u00e1g, az eddigin\u00e9l is nagyobb sz\u00fcks\u00e9g lenne soksz\u00edn\u0171, term\u00e9szetk\u00f6zeli \u00e1llapot\u00fa erd\u0151kre, melyek k\u00e9pesek f\u00e9kezni a vill\u00e1m\u00e1rvizeket, sz\u00e9n-dioxidot megk\u00f6tni amellett, hogy \u00e9l\u0151helyet ny\u00fajtanak sz\u00e1mtalan \u00e9l\u0151l\u00e9nynek. Erdeink \u00f6kol\u00f3giai \u00e1llapota egy\u00e1ltal\u00e1n nem kiel\u00e9g\u00edt\u0151, a v\u00e1g\u00e1sos \u00fczemm\u00f3d (tar- \u00e9s v\u00e9gv\u00e1g\u00e1sokkal) pedig tov\u00e1bb rontja. Sok helyen megritkulnak, elt\u0171nnek a soksz\u00edn\u0171 erd\u0151kh\u00f6z, p\u00e9ld\u00e1ul holtf\u00e1hoz k\u00f6t\u0151d\u0151 fajok, mint a feh\u00e9rh\u00e1t\u00fa fakop\u00e1ncs. A lev\u00e1gott erd\u0151k hely\u00e9n \u00fajratelep\u00edtett \u00e1llom\u00e1ny pedig l\u00e9nyegileg egykor\u00fa lesz.<\/p>\n\n<figure class=\"wp-block-image size-large  caption-alignment-right\"><img loading=\"lazy\" decoding=\"async\" width=\"1024\" height=\"607\" src=\"https:\/\/www.greenpeace.org\/static\/planet4-hungary-stateless\/2025\/11\/bd97ba72-54907779116_573761cd44_k-1024x607.jpg\" title=\"Greenpeace kutat\u00e1s 2025\" alt=\"Greenpeace kutat\u00e1s 2025\" class=\"wp-image-12966\" srcset=\"https:\/\/www.greenpeace.org\/static\/planet4-hungary-stateless\/2025\/11\/bd97ba72-54907779116_573761cd44_k-1024x607.jpg 1024w, https:\/\/www.greenpeace.org\/static\/planet4-hungary-stateless\/2025\/11\/bd97ba72-54907779116_573761cd44_k-300x178.jpg 300w, https:\/\/www.greenpeace.org\/static\/planet4-hungary-stateless\/2025\/11\/bd97ba72-54907779116_573761cd44_k-768x455.jpg 768w, https:\/\/www.greenpeace.org\/static\/planet4-hungary-stateless\/2025\/11\/bd97ba72-54907779116_573761cd44_k-1536x911.jpg 1536w, https:\/\/www.greenpeace.org\/static\/planet4-hungary-stateless\/2025\/11\/bd97ba72-54907779116_573761cd44_k-510x302.jpg 510w, https:\/\/www.greenpeace.org\/static\/planet4-hungary-stateless\/2025\/11\/bd97ba72-54907779116_573761cd44_k.jpg 2048w\" sizes=\"auto, (max-width: 1024px) 100vw, 1024px\" \/><figcaption><div class=\"credit icon-left\"> \u00a9 Greenpeace<\/div><\/figcaption><\/figure>\n\n<p><strong>Az emberek nemet mondanak a kiv\u00e1gott f\u00e1k felhaszn\u00e1l\u00e1s\u00e1ra a villamosenergi\u00e1t el\u0151\u00e1ll\u00edt\u00f3 er\u0151m\u0171vekben<\/strong><\/p>\n\n<p>A Greenpeace r\u00e1k\u00e9rdezett arra is, hogy mit gondolnak az emberek a kiv\u00e1gott f\u00e1k er\u0151m\u0171vekben, energiatermel\u00e9s c\u00e9lj\u00e1b\u00f3l t\u00f6rt\u00e9n\u0151 el\u00e9get\u00e9s\u00e9r\u0151l. Egy\u00e9rtelm\u0171 a magyar t\u00e1rsadalom \u00e1ll\u00e1spontja: a megk\u00e9rdezettek 71 sz\u00e1zal\u00e9ka szerint nem elfogadhat\u00f3 a kiv\u00e1gott f\u00e1k felhaszn\u00e1l\u00e1sa a villamosenergi\u00e1t el\u0151\u00e1ll\u00edt\u00f3 er\u0151m\u0171vekben, m\u00edg csup\u00e1n minden \u00f6t\u00f6dik v\u00e1laszad\u00f3 (20%) tartja ezt elfogadhat\u00f3nak. A v\u00e9dett erd\u0151k el\u00e9get\u00e9se energianyer\u00e9s c\u00edm\u00e9n a Greenpeace szerint pazarl\u00f3 \u00e9s k\u00e1ros gyakorlat: az \u00edgy nyert energia nem z\u00f6ld \u2013 ez az \u00e1llamilag is t\u00e1mogatott m\u0171k\u00f6d\u00e9s puszta z\u00f6ldre fest\u00e9s.<\/p>\n\n<figure class=\"wp-block-image size-large  caption-alignment-right\"><img loading=\"lazy\" decoding=\"async\" width=\"1024\" height=\"609\" src=\"https:\/\/www.greenpeace.org\/static\/planet4-hungary-stateless\/2025\/11\/722bf340-54908094390_1a3d0d4095_k-1-1024x609.jpg\" title=\"Greenpeace kutat\u00e1s 2025\" alt=\"Greenpeace kutat\u00e1s 2025\" class=\"wp-image-12967\" srcset=\"https:\/\/www.greenpeace.org\/static\/planet4-hungary-stateless\/2025\/11\/722bf340-54908094390_1a3d0d4095_k-1-1024x609.jpg 1024w, https:\/\/www.greenpeace.org\/static\/planet4-hungary-stateless\/2025\/11\/722bf340-54908094390_1a3d0d4095_k-1-300x178.jpg 300w, https:\/\/www.greenpeace.org\/static\/planet4-hungary-stateless\/2025\/11\/722bf340-54908094390_1a3d0d4095_k-1-768x457.jpg 768w, https:\/\/www.greenpeace.org\/static\/planet4-hungary-stateless\/2025\/11\/722bf340-54908094390_1a3d0d4095_k-1-1536x914.jpg 1536w, https:\/\/www.greenpeace.org\/static\/planet4-hungary-stateless\/2025\/11\/722bf340-54908094390_1a3d0d4095_k-1-510x303.jpg 510w, https:\/\/www.greenpeace.org\/static\/planet4-hungary-stateless\/2025\/11\/722bf340-54908094390_1a3d0d4095_k-1.jpg 2048w\" sizes=\"auto, (max-width: 1024px) 100vw, 1024px\" \/><figcaption><div class=\"credit icon-left\"> \u00a9 Greenpeace<\/div><\/figcaption><\/figure>\n\n<p><strong>Az erd\u0151 sokkal t\u00f6bb, mint puszt\u00e1n faanyag<\/strong><\/p>\n\n<p>\u201cAz erd\u0151k megnyugv\u00e1st, gy\u00f3gyul\u00e1st, kikapcsol\u00f3d\u00e1st adnak nek\u00fcnk, embereknek is. Mindez azonban z\u00e1r\u00f3jelbe ker\u00fcl a v\u00e1g\u00e1sos fakitermel\u00e9s sor\u00e1n: nagy ter\u00fcleteken, r\u00f6vid id\u0151 alatt egyszerre t\u0171nik el az erd\u0151, \u00e9s \u00e9vtizedekig hi\u00e1nyozni fog. Az erd\u0151 sokkal t\u00f6bb, mint puszt\u00e1n faanyag \u2013 a v\u00e9dett erdeinket ennek megfelel\u0151en kellene kezelni\u201d- nyilatkozta Prib\u00e9li Levente, a Greenpeace biodiverzit\u00e1s kamp\u00e1nyfelel\u0151se.<\/p>\n\n<p>A Greenpeace <a href=\"https:\/\/sites.greenpeace.hu\/peticio\/vedjuk-meg-a-vedett-erdeinket\/\" target=\"_blank\" rel=\"noreferrer noopener\">pet\u00edci\u00f3j\u00e1ban<\/a> ez\u00e9rt azt k\u00f6veteli, hogy:<\/p>\n\n<ul class=\"wp-block-list\">\n<li>Sz\u0171nj\u00f6n meg a gazdas\u00e1gi c\u00e9l\u00fa fakitermel\u00e9s v\u00e9dett \u00e9s fokozottan v\u00e9dett ter\u00fcletek magas term\u00e9szetess\u00e9g\u0171 erdeiben! Kapjanak \u00e9rdemi v\u00e9delmet \u00f6reg erdeink!<\/li>\n\n\n\n<li>Kezd\u0151dj\u00f6n meg a m\u00e1r k\u00e1ros\u00edtott, v\u00e9dett ter\u00fcletek \u00f6kol\u00f3giai helyre\u00e1ll\u00edt\u00e1sa! Seg\u00edts\u00fck erdeink gy\u00f3gyul\u00e1s\u00e1t, hogy \u00fajra v\u00e1ltozatos, soksz\u00edn\u0171 \u00e9l\u0151helyek lehessenek, \u00e9s a kl\u00edmav\u00e1ls\u00e1ggal szemben is ellen\u00e1ll\u00f3bb\u00e1 v\u00e1lhassanak.<\/li>\n\n\n\n<li>\u00d6kol\u00f3giailag leg\u00e9rt\u00e9kesebb erdeink ter\u00fcletei ker\u00fcljenek a nemzeti park igazgat\u00f3s\u00e1gok kezel\u00e9s\u00e9be! \u00cdgy v\u00e9dj\u00fck az ezeken tal\u00e1lhat\u00f3 egyed\u00fcl\u00e1ll\u00f3 \u00e9l\u0151vil\u00e1got a k\u00e1ros emberi beavatkoz\u00e1sokt\u00f3l.<\/li>\n\n\n\n<li>Alak\u00edtsuk \u00e1t \u00fagy a rendszereinket, hogy kevesebb f\u00e1t kelljen kiv\u00e1gni! Sz\u00e9les k\u00f6r\u0171 \u00e9p\u00fcletszigetel\u00e9si programmal, valamint a biomassza-er\u0151m\u0171vek \u00e1llami t\u00e1mogat\u00e1s\u00e1nak megsz\u00fcntet\u00e9s\u00e9vel \u00e9s szigor\u00fabb szab\u00e1lyoz\u00e1s\u00e1val sok erd\u0151t meg lehetne menteni.<\/li>\n\n\n\n<li>V\u00e9dj\u00fck az erd\u0151ket \u00f6nmaguk\u00e9rt \u00e9s mindaz\u00e9rt, amit kapunk t\u0151l\u00fck! Az erd\u0151 nemcsak faanyag, hanem \u00e9l\u0151hely is \u2013 emellett f\u00e9kezi a kl\u00edmav\u00e1ls\u00e1got, m\u00e9rs\u00e9kli az \u00e1rvizeket \u00e9s a talajer\u00f3zi\u00f3t. Mindezek mellett pedig kikapcsol\u00f3d\u00e1st, megnyugv\u00e1st, eg\u00e9szs\u00e9get is jelent.<\/li>\n<\/ul>\n\n<p>A Greenpeace k\u00f6zv\u00e9lem\u00e9nykutat\u00e1s\u00e1nak eredm\u00e9nyei <a href=\"https:\/\/www.flickr.com\/photos\/greenpeacehu\/albums\/72177720330166377\" target=\"_blank\" rel=\"noreferrer noopener nofollow\">az al\u00e1bbi linken<\/a> \u00e9rhet\u0151ek el.&nbsp;<\/p>\n\n<p><strong>M\u00f3dszertan<\/strong><\/p>\n\n<p><em>A Greenpeace Magyarorsz\u00e1g megb\u00edz\u00e1s\u00e1b\u00f3l k\u00e9sz\u00edtett felm\u00e9r\u00e9st a Policy Solutions elemz\u0151<\/em> <em>int\u00e9zet a ZRI Z\u00e1vecz Research k\u00f6zv\u00e9lem\u00e9ny-kutat\u00f3val k\u00f6z\u00f6sen, 2025. szeptember 26. \u2013<\/em> <em>okt\u00f3ber 10. k\u00f6z\u00f6tt, 1000 f\u0151 bevon\u00e1s\u00e1val. A nemre, \u00e9letkorra, telep\u00fcl\u00e9st\u00edpusra \u00e9s iskolai<\/em> <em>v\u00e9gzetts\u00e9gre reprezentat\u00edv felm\u00e9r\u00e9s lehet\u0151v\u00e9 teszi, hogy objekt\u00edv k\u00e9pet kaphassunk az egyes<\/em> <em>t\u00e1rsadalmi alcsoportok v\u00e9lem\u00e9ny\u00e9vel kapcsolatban.<\/em><\/p>\n","protected":false},"excerpt":{"rendered":"<p>Budapest, 2025.11.11. A Greenpeace Magyarorsz\u00e1g \u00e1ltal rendelt \u00e9s a Policy Solutions \u00e1ltal elv\u00e9gzett friss k\u00f6zv\u00e9lem\u00e9ny-kutat\u00e1sb\u00f3l kider\u00fclt, hogy a magyarok 75 sz\u00e1zal\u00e9ka nem tartja elfogadhat\u00f3nak a term\u00e9szetv\u00e9delmi ter\u00fcleteken v\u00e9gzett gazdas\u00e1gi c\u00e9l\u00fa&hellip;<\/p>\n","protected":false},"author":25,"featured_media":12965,"comment_status":"closed","ping_status":"closed","sticky":false,"template":"","format":"standard","meta":{"ep_exclude_from_search":false,"p4_og_title":"","p4_og_description":"","p4_og_image":"","p4_og_image_id":"","p4_seo_canonical_url":"","p4_campaign_name":"","p4_local_project":"","p4_basket_name":"","p4_department":"","footnotes":""},"categories":[3],"tags":[20],"p4-page-type":[37],"class_list":["post-12963","post","type-post","status-publish","format-standard","has-post-thumbnail","hentry","category-termeszet-kornyezet","tag-elovilag","p4-page-type-sajtokozlemeny"],"_links":{"self":[{"href":"https:\/\/www.greenpeace.org\/hungary\/wp-json\/wp\/v2\/posts\/12963","targetHints":{"allow":["GET"]}}],"collection":[{"href":"https:\/\/www.greenpeace.org\/hungary\/wp-json\/wp\/v2\/posts"}],"about":[{"href":"https:\/\/www.greenpeace.org\/hungary\/wp-json\/wp\/v2\/types\/post"}],"author":[{"embeddable":true,"href":"https:\/\/www.greenpeace.org\/hungary\/wp-json\/wp\/v2\/users\/25"}],"replies":[{"embeddable":true,"href":"https:\/\/www.greenpeace.org\/hungary\/wp-json\/wp\/v2\/comments?post=12963"}],"version-history":[{"count":3,"href":"https:\/\/www.greenpeace.org\/hungary\/wp-json\/wp\/v2\/posts\/12963\/revisions"}],"predecessor-version":[{"id":13297,"href":"https:\/\/www.greenpeace.org\/hungary\/wp-json\/wp\/v2\/posts\/12963\/revisions\/13297"}],"wp:featuredmedia":[{"embeddable":true,"href":"https:\/\/www.greenpeace.org\/hungary\/wp-json\/wp\/v2\/media\/12965"}],"wp:attachment":[{"href":"https:\/\/www.greenpeace.org\/hungary\/wp-json\/wp\/v2\/media?parent=12963"}],"wp:term":[{"taxonomy":"category","embeddable":true,"href":"https:\/\/www.greenpeace.org\/hungary\/wp-json\/wp\/v2\/categories?post=12963"},{"taxonomy":"post_tag","embeddable":true,"href":"https:\/\/www.greenpeace.org\/hungary\/wp-json\/wp\/v2\/tags?post=12963"},{"taxonomy":"p4-page-type","embeddable":true,"href":"https:\/\/www.greenpeace.org\/hungary\/wp-json\/wp\/v2\/p4-page-type?post=12963"}],"curies":[{"name":"wp","href":"https:\/\/api.w.org\/{rel}","templated":true}]}}