{"id":13126,"date":"2025-11-28T12:36:47","date_gmt":"2025-11-28T11:36:47","guid":{"rendered":"https:\/\/www.greenpeace.org\/hungary\/?p=13126"},"modified":"2025-11-28T12:37:47","modified_gmt":"2025-11-28T11:37:47","slug":"ha-magyarorszag-erdoterulete-no-akkor-mi-a-gond","status":"publish","type":"post","link":"https:\/\/www.greenpeace.org\/hungary\/blog\/13126\/ha-magyarorszag-erdoterulete-no-akkor-mi-a-gond\/","title":{"rendered":"Ha Magyarorsz\u00e1g erd\u0151ter\u00fclete n\u0151, akkor mi a gond?"},"content":{"rendered":"\n<p>Sokszor felmer\u00fcl, hogy ha a hivatalos statisztik\u00e1k szerint az elm\u00falt \u00e9vekben n\u0151tt az erd\u0151ter\u00fclet Magyarorsz\u00e1gon, akkor mi\u00e9rt \u00e1ll\u00edtjuk m\u00e9gis, hogy baj van az erd\u0151kkel. Pap\u00edron val\u00f3ban n\u0151tt az erd\u0151ter\u00fclet Magyarorsz\u00e1gon, ebb\u0151l azonban nem k\u00f6vetkezik egy\u00e9rtelm\u0171en, hogy t\u00f6bb a val\u00f3di erd\u0151nk, m\u00e9ghozz\u00e1 k\u00e9t okb\u00f3l.<\/p>\n\n<figure class=\"wp-block-image size-large  caption-alignment-right\"><img loading=\"lazy\" decoding=\"async\" width=\"1024\" height=\"683\" src=\"https:\/\/www.greenpeace.org\/static\/planet4-hungary-stateless\/2025\/11\/2b8037d6-mg_6945-sm-1024x683.jpg\" title=\"Erd\u0151 Magyarorsz\u00e1gon\" alt=\"Erd\u0151 Magyarorsz\u00e1gon\" class=\"wp-image-13128\" srcset=\"https:\/\/www.greenpeace.org\/static\/planet4-hungary-stateless\/2025\/11\/2b8037d6-mg_6945-sm-1024x683.jpg 1024w, https:\/\/www.greenpeace.org\/static\/planet4-hungary-stateless\/2025\/11\/2b8037d6-mg_6945-sm-300x200.jpg 300w, https:\/\/www.greenpeace.org\/static\/planet4-hungary-stateless\/2025\/11\/2b8037d6-mg_6945-sm-768x512.jpg 768w, https:\/\/www.greenpeace.org\/static\/planet4-hungary-stateless\/2025\/11\/2b8037d6-mg_6945-sm-1536x1024.jpg 1536w, https:\/\/www.greenpeace.org\/static\/planet4-hungary-stateless\/2025\/11\/2b8037d6-mg_6945-sm-510x340.jpg 510w, https:\/\/www.greenpeace.org\/static\/planet4-hungary-stateless\/2025\/11\/2b8037d6-mg_6945-sm.jpg 1920w\" sizes=\"auto, (max-width: 1024px) 100vw, 1024px\" \/><figcaption><div class=\"credit icon-left\"> \u00a9 Greenpeace \/ D\u00f6rg\u0151 Zsuzsi<\/div><\/figcaption><\/figure>\n\n<p><strong>Az erd\u0151ter\u00fcletbe belesz\u00e1m\u00edtanak a fa\u00fcltetv\u00e9nyek is<\/strong>, az ak\u00e1cosok ter\u00fcletfoglal\u00e1sa p\u00e9ld\u00e1ul kiemelked\u0151. Ezeket egykor\u00fa, egy fajba tartoz\u00f3, sorba rendezett f\u00e1k alkotj\u00e1k \u2013 ak\u00e1rcsak egy mez\u0151gazdas\u00e1gi ter\u00fcletet, p\u00e9ld\u00e1ul a kukoric\u00e1st. Egy igazi erd\u0151 azonban att\u00f3l erd\u0151, hogy sokf\u00e9le fa- \u00e9s cserjefaj alkotja, v\u00e1ltozatos szerkezet\u0171 (nem szab\u00e1lyos sorokb\u00f3l \u00e1ll!), \u00e9s sokf\u00e9le kor\u00fa fa van benne egyszerre jelen. Sz\u00e1mtalan m\u00e1s faj, cserj\u00e9k, vir\u00e1gok, madarak \u00e9s gomb\u00e1k sokas\u00e1ga teszi egy\u00fctt erd\u0151v\u00e9.&nbsp;<\/p>\n\n<p>Persze az \u00fcltet\u00e9nyeknek vannak el\u0151nyei is: megk\u00edm\u00e9lhetj\u00fck vel\u00fck az igazi erd\u0151ket. \u00cdgy kevesebb f\u00e1t v\u00e1gnak ki term\u00e9szetk\u00f6zeli erd\u0151kben.. Ez val\u00f3ban j\u00f3 dolog, de egy fa\u00fcltetv\u00e9ny tov\u00e1bbra sem lesz erd\u0151, \u00e9s nem is kellene annak nevezni. Ahogyan a kukoric\u00e1st sem tekintj\u00fck r\u00e9tnek. Noha &#8222;erd\u0151nek&#8221; nevezz\u00fck \u0151ket, az \u00e9l\u0151vil\u00e1g szempontj\u00e1b\u00f3l m\u00e9gsem lehet \u0151ket erd\u0151nek tekinteni, hi\u00e1ba vannak tele f\u00e1kkal.<\/p>\n\n<p>A m\u00e1sik fontos dolog, hogy <strong>az erd\u0151ter\u00fcletbe belesz\u00e1m\u00edtj\u00e1k azokat a ter\u00fcleteket is, ahol \u00e9pp nincs erd\u0151, mert kiv\u00e1gt\u00e1k<\/strong>: \u00e9vtizedekig nem lesz ott igazi erdei \u00e9l\u0151hely, ennek ellen\u00e9re a statisztik\u00e1ban \u00fagy sz\u00e1molnak vel\u00fck, mint erd\u0151ter\u00fcletekkel (\u00e9s ugyanez ez igaz a fiatal, n\u00e9h\u00e1ny vagy n\u00e9h\u00e1ny t\u00edz \u00e9ves \u201cerd\u0151kre\u201d).&nbsp;&nbsp;<\/p>\n\n<p>Mindemellett az erd\u0151k helyzet\u00e9nek vizsg\u00e1latakor, nem csak azt sz\u00fcks\u00e9ges vizsg\u00e1lni, hogy mennyi erd\u0151nk van, hanem azt is, milyen \u00e1llapotban vannak. Ez ut\u00f3bbi alapj\u00e1n pedig nem j\u00f3 a helyzet a magyarorsz\u00e1gi erd\u0151k eset\u00e9ben (erre egy k\u00e9s\u0151bbi bejegyz\u00e9sben m\u00e9g visszat\u00e9r\u00fcnk). Tov\u00e1bb rontja mindezt az \u00fagynevezett v\u00e1g\u00e1sos erd\u0151gazd\u00e1lkod\u00e1s, amikor teljes erd\u0151r\u00e9szeket kiv\u00e1gnak.&nbsp;<\/p>\n\n<p>Ezen a ter\u00fcleten minden fa elt\u0171nik, \u00edgy a gazdag \u00e9l\u0151vil\u00e1g is. P\u00e9ld\u00e1ul olyan fajok, amelyeknek v\u00e1ltozatos erd\u0151re van sz\u00fcks\u00e9g\u00fck, ahol sokf\u00e9le, k\u00fcl\u00f6nb\u00f6z\u0151 kor\u00fa fa is megtal\u00e1lhat\u00f3. Id\u0151s, holtf\u00e1ban (elpuszult, de az erd\u0151ben marad\u00f3, korhad\u00f3 f\u00e1kban) gazdag erd\u0151kh\u00f6z k\u00f6t\u0151dik p\u00e9ld\u00e1ul a ritka, fokozottan v\u00e9dett feh\u00e9rh\u00e1t\u00fa fakop\u00e1ncs is, ez a mad\u00e1r ugyanis csak itt tal\u00e1l megfelel\u0151 f\u00e9szkel\u0151- \u00e9s t\u00e1pl\u00e1lkoz\u00f3helyet.. B\u00e1r el\u0151bb-ut\u00f3bb \u00fajra erd\u0151 lesz ott, ahol kiv\u00e1gt\u00e1k, a f\u00e1k d\u00f6nt\u0151en egykor\u00faak lesznek.<\/p>\n\n<figure class=\"wp-block-image size-large  caption-alignment-right\"><img loading=\"lazy\" decoding=\"async\" width=\"1024\" height=\"683\" src=\"https:\/\/www.greenpeace.org\/static\/planet4-hungary-stateless\/2025\/11\/62084e42-mg_6913-sm-1024x683.jpg\" title=\"Erd\u0151 Magyarorsz\u00e1gon\" alt=\"Erd\u0151 Magyarorsz\u00e1gon\" class=\"wp-image-13127\" srcset=\"https:\/\/www.greenpeace.org\/static\/planet4-hungary-stateless\/2025\/11\/62084e42-mg_6913-sm-1024x683.jpg 1024w, https:\/\/www.greenpeace.org\/static\/planet4-hungary-stateless\/2025\/11\/62084e42-mg_6913-sm-300x200.jpg 300w, https:\/\/www.greenpeace.org\/static\/planet4-hungary-stateless\/2025\/11\/62084e42-mg_6913-sm-768x512.jpg 768w, https:\/\/www.greenpeace.org\/static\/planet4-hungary-stateless\/2025\/11\/62084e42-mg_6913-sm-1536x1024.jpg 1536w, https:\/\/www.greenpeace.org\/static\/planet4-hungary-stateless\/2025\/11\/62084e42-mg_6913-sm-510x340.jpg 510w, https:\/\/www.greenpeace.org\/static\/planet4-hungary-stateless\/2025\/11\/62084e42-mg_6913-sm.jpg 1920w\" sizes=\"auto, (max-width: 1024px) 100vw, 1024px\" \/><figcaption><div class=\"credit icon-left\"> \u00a9 Greenpeace \/ D\u00f6rg\u0151 Zsuzsi<\/div><\/figcaption><\/figure>\n\n<p>Egy\u00e9bk\u00e9nt sem megold\u00e1s az er\u0151ltetett erd\u0151s\u00edt\u00e9s minden esetben. Az orsz\u00e1g bizonyos ter\u00fcletein p\u00e9ld\u00e1ul \u00f6kol\u00f3giai szempontb\u00f3l <a href=\"https:\/\/www.greenpeace.org\/hungary\/blog\/11905\/dzsungel-kicsiben-avagy-lassuk-meg-az-erdotol-a-gyepet\/?__hstc=190492916.53dd16763841976b91a85f0fff3268c8.1763388590356.1763388590356.1763461459575.2&amp;__hssc=190492916.1.1763461459575&amp;__hsfp=2069527564\" target=\"_blank\" rel=\"noreferrer noopener\">a gyepi \u00e9l\u0151helyek v\u00e9delme, helyre\u00e1ll\u00edt\u00e1sa<\/a>\u00a0 javasolt.<\/p>\n\n<p><strong>\u00d6sszefoglalva: m\u00e1r l\u00e9tez\u0151 erdeink v\u00e9delme, \u00f6kol\u00f3giai \u00e1llapot\u00e1nak jav\u00edt\u00e1sa megker\u00fclhetetetlen feladat. <\/strong>A term\u00e9szetes erd\u0151ket nem lehet \u00faj erd\u0151k l\u00e9trehoz\u00e1s\u00e1val helyettes\u00edteni. A m\u00e9g megl\u00e9v\u0151, biodiverzit\u00e1sban, \u00e9l\u0151vil\u00e1gban gazdag erdeinket kell meg\u00f3vnunk. Ha te is egyet\u00e9rtesz vel\u00fcnk, \u00e9s fontosnak \u00e9rzed a v\u00e9dett erd\u0151k v\u00e9delm\u00e9t, csatlakozz hozz\u00e1nk , \u00e9s <a href=\"https:\/\/sites.greenpeace.hu\/peticio\/vedjuk-meg-a-vedett-erdeinket\/\">\u00edrd al\u00e1 a pet\u00edci\u00f3nkat!<\/a><\/p>\n","protected":false},"excerpt":{"rendered":"<p>Sokszor felmer\u00fcl, hogy ha a hivatalos statisztik\u00e1k szerint az elm\u00falt \u00e9vekben n\u0151tt az erd\u0151ter\u00fclet Magyarorsz\u00e1gon, akkor mi\u00e9rt \u00e1ll\u00edtjuk m\u00e9gis, hogy baj van az erd\u0151kkel. Pap\u00edron val\u00f3ban n\u0151tt az erd\u0151ter\u00fclet Magyarorsz\u00e1gon,&hellip;<\/p>\n","protected":false},"author":25,"featured_media":13128,"comment_status":"closed","ping_status":"closed","sticky":false,"template":"","format":"standard","meta":{"ep_exclude_from_search":false,"p4_og_title":"","p4_og_description":"","p4_og_image":"","p4_og_image_id":"","p4_seo_canonical_url":"","p4_campaign_name":"","p4_local_project":"","p4_basket_name":"","p4_department":"","footnotes":""},"categories":[3],"tags":[29],"p4-page-type":[40],"class_list":["post-13126","post","type-post","status-publish","format-standard","has-post-thumbnail","hentry","category-termeszet-kornyezet","tag-erdo","p4-page-type-blog"],"_links":{"self":[{"href":"https:\/\/www.greenpeace.org\/hungary\/wp-json\/wp\/v2\/posts\/13126","targetHints":{"allow":["GET"]}}],"collection":[{"href":"https:\/\/www.greenpeace.org\/hungary\/wp-json\/wp\/v2\/posts"}],"about":[{"href":"https:\/\/www.greenpeace.org\/hungary\/wp-json\/wp\/v2\/types\/post"}],"author":[{"embeddable":true,"href":"https:\/\/www.greenpeace.org\/hungary\/wp-json\/wp\/v2\/users\/25"}],"replies":[{"embeddable":true,"href":"https:\/\/www.greenpeace.org\/hungary\/wp-json\/wp\/v2\/comments?post=13126"}],"version-history":[{"count":1,"href":"https:\/\/www.greenpeace.org\/hungary\/wp-json\/wp\/v2\/posts\/13126\/revisions"}],"predecessor-version":[{"id":13129,"href":"https:\/\/www.greenpeace.org\/hungary\/wp-json\/wp\/v2\/posts\/13126\/revisions\/13129"}],"wp:featuredmedia":[{"embeddable":true,"href":"https:\/\/www.greenpeace.org\/hungary\/wp-json\/wp\/v2\/media\/13128"}],"wp:attachment":[{"href":"https:\/\/www.greenpeace.org\/hungary\/wp-json\/wp\/v2\/media?parent=13126"}],"wp:term":[{"taxonomy":"category","embeddable":true,"href":"https:\/\/www.greenpeace.org\/hungary\/wp-json\/wp\/v2\/categories?post=13126"},{"taxonomy":"post_tag","embeddable":true,"href":"https:\/\/www.greenpeace.org\/hungary\/wp-json\/wp\/v2\/tags?post=13126"},{"taxonomy":"p4-page-type","embeddable":true,"href":"https:\/\/www.greenpeace.org\/hungary\/wp-json\/wp\/v2\/p4-page-type?post=13126"}],"curies":[{"name":"wp","href":"https:\/\/api.w.org\/{rel}","templated":true}]}}